{"id":7635,"date":"2021-06-01T05:37:07","date_gmt":"2021-06-01T09:37:07","guid":{"rendered":"https:\/\/www.eldiario.net\/portal\/?p=7635"},"modified":"2021-06-01T05:37:07","modified_gmt":"2021-06-01T09:37:07","slug":"vacunacion-masiva-en-ciudad-de-brasil-reduce-95-muertes","status":"publish","type":"post","link":"https:\/\/www.eldiario.net\/portal\/2021\/06\/01\/vacunacion-masiva-en-ciudad-de-brasil-reduce-95-muertes\/","title":{"rendered":"Vacunaci\u00f3n masiva en ciudad  de Brasil reduce 95% muertes"},"content":{"rendered":"<p>Sao Paulo \/ R\u00edo de Janeiro.- Las muertes por Covid-19 en la ciudad de Serrana, en el interior del estado de Sao Paulo, bajaron un 95% luego de que se complet\u00f3 la vacunaci\u00f3n de casi todos los adultos con CoronaVac, la vacuna de la empresa china Sinovac Biotech, seg\u00fan un estudio publicado el lunes.<\/p>\n<p>Los resultados reforzaban los llamados a inmunizar a la mayor parte de la poblaci\u00f3n para controlar la pandemia.<\/p>\n<p>Con una poblaci\u00f3n de 45.000 habitantes, Serrana se ha convertido en un oasis en Brasil, un que tiene el segundo brote de Covid-19 m\u00e1s mort\u00edfero del mundo, con m\u00e1s de 462.000 fallecidos y un ritmo lento de inmunizaci\u00f3n debido a la escasez de vacunas.<\/p>\n<p>\u00abLas muertes se han reducido en un 95%, las hospitalizaciones en un 86% y los casos sintom\u00e1ticos en un 80%. Estos son los principales resultados del estudio cl\u00ednico de eficacia sin precedentes en el mundo\u00bb, dijo el gobernador de Sao Paulo, Jo\u00e3o Doria (PSDB), al anunciar los resultados del estudio del Instituto Butantan, vinculado al gobierno de Sao Paulo.<\/p>\n<p>Butantan, que produce la vacuna CoronaVac de Sinovac, inici\u00f3 en febrero la investigaci\u00f3n con el objetivo de vacunar a toda la poblaci\u00f3n adulta de la ciudad (unas 30.000 personas) para evaluar el impacto de la inmunizaci\u00f3n masiva en la lucha contra la pandemia del Covid-19.<\/p>\n<p>Al principio de la vacunaci\u00f3n, la ciudad se enfrentaba a un aumento de los casos de Covid-19, pero la propagaci\u00f3n del virus se contuvo despu\u00e9s de que el 75% de la poblaci\u00f3n fue inmunizada, seg\u00fan la investigaci\u00f3n.<\/p>\n<p>\u00abEl resultado m\u00e1s importante fue comprender que podemos controlar la pandemia incluso sin vacunar a toda la poblaci\u00f3n. Cuando se alcanz\u00f3 una cobertura de entre el 70% y el 75%, el descenso de la incidencia se percibi\u00f3 incluso en el grupo que a\u00fan no hab\u00eda completado el esquema de vacunaci\u00f3n \u00ab, dijo el director m\u00e9dico de investigaci\u00f3n cl\u00ednica, Ricardo Palacios.<\/p>\n<p>Los investigadores dividieron la ciudad en cuatro zonas para tratar de entender cu\u00e1l era el l\u00edmite para contener la propagaci\u00f3n del virus y descubrieron que la propagaci\u00f3n estaba controlada despu\u00e9s de que tres zonas recibieron la segunda dosis.<\/p>\n<p>El n\u00famero de casos sintom\u00e1ticos se redujo un 80% y las hospitalizaciones un 86%, adem\u00e1s de una reducci\u00f3n del 95% en las muertes, seg\u00fan datos de Butantan. Los resultados de la investigaci\u00f3n han sido anticipados el domingo por TV Globo.<\/p>\n<p>Seg\u00fan Butantan, la vacunaci\u00f3n en Serrana se realiz\u00f3 con la variante P.1 como la predominante, lo que reforz\u00f3 la eficacia contra la cepa de coronavirus originada en Manaos, que se convirti\u00f3 en la principal en el pa\u00eds desde el comienzo del a\u00f1o.<\/p>\n<p>Los investigadores de Butantan tambi\u00e9n afirmaron que la vacunaci\u00f3n no gener\u00f3 ninguna selecci\u00f3n gen\u00e9tica de nuevas variantes de coronavirus, lo cual era una preocupaci\u00f3n en el proceso de vacunaci\u00f3n masiva.<\/p>\n<p>Serrana est\u00e1 rodeada de ciudades que siguen enfrent\u00e1ndose al aumento de casos de Covid-19. Ribeir\u00e3o Preto, a 25 kil\u00f3metros de distancia, se encuentra actualmente bajo una estricta cuarentena para intentar contener la propagaci\u00f3n de la pandemia. (Reuters)<\/p>\n<p>&nbsp;<\/p>\n","protected":false},"excerpt":{"rendered":"<p>Sao Paulo \/ R\u00edo de Janeiro.- Las muertes por Covid-19 en la ciudad de Serrana, en el interior del estado de Sao Paulo, bajaron un 95% luego de que se complet\u00f3 la vacunaci\u00f3n de casi todos los adultos con CoronaVac, la vacuna de la empresa china Sinovac Biotech, seg\u00fan un estudio publicado el lunes. Los [&hellip;]<\/p>\n","protected":false},"author":1,"featured_media":7636,"comment_status":"closed","ping_status":"closed","sticky":false,"template":"","format":"standard","meta":{"_acf_changed":false,"footnotes":""},"categories":[3],"tags":[],"class_list":["post-7635","post","type-post","status-publish","format-standard","has-post-thumbnail","category-internacional"],"acf":{"antetitulo":""},"yoast_head":"<!-- This site is optimized with the Yoast SEO plugin v28.4 - https:\/\/yoast.com\/product\/yoast-seo-wordpress\/ -->\n<title>Vacunaci\u00f3n masiva en ciudad de Brasil reduce 95% muertes - El Diario - Bolivia<\/title>\n<meta name=\"robots\" content=\"index, follow, max-snippet:-1, max-image-preview:large, max-video-preview:-1\" \/>\n<link rel=\"canonical\" href=\"https:\/\/www.eldiario.net\/portal\/2021\/06\/01\/vacunacion-masiva-en-ciudad-de-brasil-reduce-95-muertes\/\" \/>\n<meta property=\"og:locale\" content=\"es_ES\" \/>\n<meta property=\"og:type\" content=\"article\" \/>\n<meta property=\"og:title\" content=\"Vacunaci\u00f3n masiva en ciudad de Brasil reduce 95% muertes - El Diario - Bolivia\" \/>\n<meta property=\"og:description\" content=\"Sao Paulo \/ R\u00edo de Janeiro.- Las muertes por Covid-19 en la ciudad de Serrana, en el interior del estado de Sao Paulo, bajaron un 95% luego de que se complet\u00f3 la vacunaci\u00f3n de casi todos los adultos con CoronaVac, la vacuna de la empresa china Sinovac Biotech, seg\u00fan un estudio publicado el lunes. Los [&hellip;]\" \/>\n<meta property=\"og:url\" content=\"https:\/\/www.eldiario.net\/portal\/2021\/06\/01\/vacunacion-masiva-en-ciudad-de-brasil-reduce-95-muertes\/\" \/>\n<meta property=\"og:site_name\" content=\"El Diario - Bolivia\" \/>\n<meta property=\"article:publisher\" content=\"https:\/\/www.facebook.com\/eldiario.bolivia\/\" \/>\n<meta property=\"article:published_time\" content=\"2021-06-01T09:37:07+00:00\" \/>\n<meta name=\"author\" content=\"Jeanette\" \/>\n<meta name=\"twitter:card\" content=\"summary_large_image\" \/>\n<meta name=\"twitter:creator\" content=\"@eldiario_net\" \/>\n<meta name=\"twitter:site\" content=\"@eldiario_net\" \/>\n<meta name=\"twitter:label1\" content=\"Escrito por\" \/>\n\t<meta name=\"twitter:data1\" content=\"Jeanette\" \/>\n\t<meta name=\"twitter:label2\" content=\"Tiempo de lectura\" \/>\n\t<meta name=\"twitter:data2\" content=\"3 minutos\" \/>\n<script type=\"application\/ld+json\" class=\"yoast-schema-graph\">{\"@context\":\"https:\\\/\\\/schema.org\",\"@graph\":[{\"@type\":\"Article\",\"@id\":\"https:\\\/\\\/www.eldiario.net\\\/portal\\\/2021\\\/06\\\/01\\\/vacunacion-masiva-en-ciudad-de-brasil-reduce-95-muertes\\\/#article\",\"isPartOf\":{\"@id\":\"https:\\\/\\\/www.eldiario.net\\\/portal\\\/2021\\\/06\\\/01\\\/vacunacion-masiva-en-ciudad-de-brasil-reduce-95-muertes\\\/\"},\"author\":{\"name\":\"Jeanette\",\"@id\":\"https:\\\/\\\/www.eldiario.net\\\/portal\\\/#\\\/schema\\\/person\\\/f46445640444750d7d753ccd04ae01b7\"},\"headline\":\"Vacunaci\u00f3n masiva en ciudad de Brasil reduce 95% muertes\",\"datePublished\":\"2021-06-01T09:37:07+00:00\",\"mainEntityOfPage\":{\"@id\":\"https:\\\/\\\/www.eldiario.net\\\/portal\\\/2021\\\/06\\\/01\\\/vacunacion-masiva-en-ciudad-de-brasil-reduce-95-muertes\\\/\"},\"wordCount\":553,\"publisher\":{\"@id\":\"https:\\\/\\\/www.eldiario.net\\\/portal\\\/#organization\"},\"image\":{\"@id\":\"https:\\\/\\\/www.eldiario.net\\\/portal\\\/2021\\\/06\\\/01\\\/vacunacion-masiva-en-ciudad-de-brasil-reduce-95-muertes\\\/#primaryimage\"},\"thumbnailUrl\":\"\",\"articleSection\":[\"Internacional\"],\"inLanguage\":\"es\"},{\"@type\":\"WebPage\",\"@id\":\"https:\\\/\\\/www.eldiario.net\\\/portal\\\/2021\\\/06\\\/01\\\/vacunacion-masiva-en-ciudad-de-brasil-reduce-95-muertes\\\/\",\"url\":\"https:\\\/\\\/www.eldiario.net\\\/portal\\\/2021\\\/06\\\/01\\\/vacunacion-masiva-en-ciudad-de-brasil-reduce-95-muertes\\\/\",\"name\":\"Vacunaci\u00f3n masiva en ciudad de Brasil reduce 95% muertes - El Diario - Bolivia\",\"isPartOf\":{\"@id\":\"https:\\\/\\\/www.eldiario.net\\\/portal\\\/#website\"},\"primaryImageOfPage\":{\"@id\":\"https:\\\/\\\/www.eldiario.net\\\/portal\\\/2021\\\/06\\\/01\\\/vacunacion-masiva-en-ciudad-de-brasil-reduce-95-muertes\\\/#primaryimage\"},\"image\":{\"@id\":\"https:\\\/\\\/www.eldiario.net\\\/portal\\\/2021\\\/06\\\/01\\\/vacunacion-masiva-en-ciudad-de-brasil-reduce-95-muertes\\\/#primaryimage\"},\"thumbnailUrl\":\"\",\"datePublished\":\"2021-06-01T09:37:07+00:00\",\"breadcrumb\":{\"@id\":\"https:\\\/\\\/www.eldiario.net\\\/portal\\\/2021\\\/06\\\/01\\\/vacunacion-masiva-en-ciudad-de-brasil-reduce-95-muertes\\\/#breadcrumb\"},\"inLanguage\":\"es\",\"potentialAction\":[{\"@type\":\"ReadAction\",\"target\":[\"https:\\\/\\\/www.eldiario.net\\\/portal\\\/2021\\\/06\\\/01\\\/vacunacion-masiva-en-ciudad-de-brasil-reduce-95-muertes\\\/\"]}]},{\"@type\":\"ImageObject\",\"inLanguage\":\"es\",\"@id\":\"https:\\\/\\\/www.eldiario.net\\\/portal\\\/2021\\\/06\\\/01\\\/vacunacion-masiva-en-ciudad-de-brasil-reduce-95-muertes\\\/#primaryimage\",\"url\":\"\",\"contentUrl\":\"\"},{\"@type\":\"BreadcrumbList\",\"@id\":\"https:\\\/\\\/www.eldiario.net\\\/portal\\\/2021\\\/06\\\/01\\\/vacunacion-masiva-en-ciudad-de-brasil-reduce-95-muertes\\\/#breadcrumb\",\"itemListElement\":[{\"@type\":\"ListItem\",\"position\":1,\"name\":\"Portada\",\"item\":\"https:\\\/\\\/www.eldiario.net\\\/portal\\\/\"},{\"@type\":\"ListItem\",\"position\":2,\"name\":\"Vacunaci\u00f3n masiva en ciudad de Brasil reduce 95% muertes\"}]},{\"@type\":\"WebSite\",\"@id\":\"https:\\\/\\\/www.eldiario.net\\\/portal\\\/#website\",\"url\":\"https:\\\/\\\/www.eldiario.net\\\/portal\\\/\",\"name\":\"El Diario - Decano de la prensa nacional\",\"description\":\"El Diario - Decano de la prensa nacional\",\"publisher\":{\"@id\":\"https:\\\/\\\/www.eldiario.net\\\/portal\\\/#organization\"},\"potentialAction\":[{\"@type\":\"SearchAction\",\"target\":{\"@type\":\"EntryPoint\",\"urlTemplate\":\"https:\\\/\\\/www.eldiario.net\\\/portal\\\/?s={search_term_string}\"},\"query-input\":{\"@type\":\"PropertyValueSpecification\",\"valueRequired\":true,\"valueName\":\"search_term_string\"}}],\"inLanguage\":\"es\"},{\"@type\":\"Organization\",\"@id\":\"https:\\\/\\\/www.eldiario.net\\\/portal\\\/#organization\",\"name\":\"El Diario - Decano de la prensa nacional\",\"url\":\"https:\\\/\\\/www.eldiario.net\\\/portal\\\/\",\"logo\":{\"@type\":\"ImageObject\",\"inLanguage\":\"es\",\"@id\":\"https:\\\/\\\/www.eldiario.net\\\/portal\\\/#\\\/schema\\\/logo\\\/image\\\/\",\"url\":\"https:\\\/\\\/www.eldiario.net\\\/portal\\\/wp-content\\\/uploads\\\/2023\\\/07\\\/logo_ED.jpg\",\"contentUrl\":\"https:\\\/\\\/www.eldiario.net\\\/portal\\\/wp-content\\\/uploads\\\/2023\\\/07\\\/logo_ED.jpg\",\"width\":272,\"height\":52,\"caption\":\"El Diario - Decano de la prensa nacional\"},\"image\":{\"@id\":\"https:\\\/\\\/www.eldiario.net\\\/portal\\\/#\\\/schema\\\/logo\\\/image\\\/\"},\"sameAs\":[\"https:\\\/\\\/www.facebook.com\\\/eldiario.bolivia\\\/\",\"https:\\\/\\\/x.com\\\/eldiario_net\"]},{\"@type\":\"Person\",\"@id\":\"https:\\\/\\\/www.eldiario.net\\\/portal\\\/#\\\/schema\\\/person\\\/f46445640444750d7d753ccd04ae01b7\",\"name\":\"Jeanette\",\"image\":{\"@type\":\"ImageObject\",\"inLanguage\":\"es\",\"@id\":\"https:\\\/\\\/secure.gravatar.com\\\/avatar\\\/3ea2118a5f7dad2b7138b1187a6b7ee55f160b9968b66013c3a3ef39dd7e5798?s=96&d=mm&r=g\",\"url\":\"https:\\\/\\\/secure.gravatar.com\\\/avatar\\\/3ea2118a5f7dad2b7138b1187a6b7ee55f160b9968b66013c3a3ef39dd7e5798?s=96&d=mm&r=g\",\"contentUrl\":\"https:\\\/\\\/secure.gravatar.com\\\/avatar\\\/3ea2118a5f7dad2b7138b1187a6b7ee55f160b9968b66013c3a3ef39dd7e5798?s=96&d=mm&r=g\",\"caption\":\"Jeanette\"},\"sameAs\":[\"https:\\\/\\\/www.eldiario.net\\\/portal\"],\"url\":\"https:\\\/\\\/www.eldiario.net\\\/portal\\\/author\\\/jeanette\\\/\"}]}<\/script>\n<!-- \/ Yoast SEO plugin. -->","yoast_head_json":{"title":"Vacunaci\u00f3n masiva en ciudad de Brasil reduce 95% muertes - El Diario - Bolivia","robots":{"index":"index","follow":"follow","max-snippet":"max-snippet:-1","max-image-preview":"max-image-preview:large","max-video-preview":"max-video-preview:-1"},"canonical":"https:\/\/www.eldiario.net\/portal\/2021\/06\/01\/vacunacion-masiva-en-ciudad-de-brasil-reduce-95-muertes\/","og_locale":"es_ES","og_type":"article","og_title":"Vacunaci\u00f3n masiva en ciudad de Brasil reduce 95% muertes - El Diario - Bolivia","og_description":"Sao Paulo \/ R\u00edo de Janeiro.- Las muertes por Covid-19 en la ciudad de Serrana, en el interior del estado de Sao Paulo, bajaron un 95% luego de que se complet\u00f3 la vacunaci\u00f3n de casi todos los adultos con CoronaVac, la vacuna de la empresa china Sinovac Biotech, seg\u00fan un estudio publicado el lunes. Los [&hellip;]","og_url":"https:\/\/www.eldiario.net\/portal\/2021\/06\/01\/vacunacion-masiva-en-ciudad-de-brasil-reduce-95-muertes\/","og_site_name":"El Diario - Bolivia","article_publisher":"https:\/\/www.facebook.com\/eldiario.bolivia\/","article_published_time":"2021-06-01T09:37:07+00:00","author":"Jeanette","twitter_card":"summary_large_image","twitter_creator":"@eldiario_net","twitter_site":"@eldiario_net","twitter_misc":{"Escrito por":"Jeanette","Tiempo de lectura":"3 minutos"},"schema":{"@context":"https:\/\/schema.org","@graph":[{"@type":"Article","@id":"https:\/\/www.eldiario.net\/portal\/2021\/06\/01\/vacunacion-masiva-en-ciudad-de-brasil-reduce-95-muertes\/#article","isPartOf":{"@id":"https:\/\/www.eldiario.net\/portal\/2021\/06\/01\/vacunacion-masiva-en-ciudad-de-brasil-reduce-95-muertes\/"},"author":{"name":"Jeanette","@id":"https:\/\/www.eldiario.net\/portal\/#\/schema\/person\/f46445640444750d7d753ccd04ae01b7"},"headline":"Vacunaci\u00f3n masiva en ciudad de Brasil reduce 95% muertes","datePublished":"2021-06-01T09:37:07+00:00","mainEntityOfPage":{"@id":"https:\/\/www.eldiario.net\/portal\/2021\/06\/01\/vacunacion-masiva-en-ciudad-de-brasil-reduce-95-muertes\/"},"wordCount":553,"publisher":{"@id":"https:\/\/www.eldiario.net\/portal\/#organization"},"image":{"@id":"https:\/\/www.eldiario.net\/portal\/2021\/06\/01\/vacunacion-masiva-en-ciudad-de-brasil-reduce-95-muertes\/#primaryimage"},"thumbnailUrl":"","articleSection":["Internacional"],"inLanguage":"es"},{"@type":"WebPage","@id":"https:\/\/www.eldiario.net\/portal\/2021\/06\/01\/vacunacion-masiva-en-ciudad-de-brasil-reduce-95-muertes\/","url":"https:\/\/www.eldiario.net\/portal\/2021\/06\/01\/vacunacion-masiva-en-ciudad-de-brasil-reduce-95-muertes\/","name":"Vacunaci\u00f3n masiva en ciudad de Brasil reduce 95% muertes - El Diario - Bolivia","isPartOf":{"@id":"https:\/\/www.eldiario.net\/portal\/#website"},"primaryImageOfPage":{"@id":"https:\/\/www.eldiario.net\/portal\/2021\/06\/01\/vacunacion-masiva-en-ciudad-de-brasil-reduce-95-muertes\/#primaryimage"},"image":{"@id":"https:\/\/www.eldiario.net\/portal\/2021\/06\/01\/vacunacion-masiva-en-ciudad-de-brasil-reduce-95-muertes\/#primaryimage"},"thumbnailUrl":"","datePublished":"2021-06-01T09:37:07+00:00","breadcrumb":{"@id":"https:\/\/www.eldiario.net\/portal\/2021\/06\/01\/vacunacion-masiva-en-ciudad-de-brasil-reduce-95-muertes\/#breadcrumb"},"inLanguage":"es","potentialAction":[{"@type":"ReadAction","target":["https:\/\/www.eldiario.net\/portal\/2021\/06\/01\/vacunacion-masiva-en-ciudad-de-brasil-reduce-95-muertes\/"]}]},{"@type":"ImageObject","inLanguage":"es","@id":"https:\/\/www.eldiario.net\/portal\/2021\/06\/01\/vacunacion-masiva-en-ciudad-de-brasil-reduce-95-muertes\/#primaryimage","url":"","contentUrl":""},{"@type":"BreadcrumbList","@id":"https:\/\/www.eldiario.net\/portal\/2021\/06\/01\/vacunacion-masiva-en-ciudad-de-brasil-reduce-95-muertes\/#breadcrumb","itemListElement":[{"@type":"ListItem","position":1,"name":"Portada","item":"https:\/\/www.eldiario.net\/portal\/"},{"@type":"ListItem","position":2,"name":"Vacunaci\u00f3n masiva en ciudad de Brasil reduce 95% muertes"}]},{"@type":"WebSite","@id":"https:\/\/www.eldiario.net\/portal\/#website","url":"https:\/\/www.eldiario.net\/portal\/","name":"El Diario - Decano de la prensa nacional","description":"El Diario - Decano de la prensa nacional","publisher":{"@id":"https:\/\/www.eldiario.net\/portal\/#organization"},"potentialAction":[{"@type":"SearchAction","target":{"@type":"EntryPoint","urlTemplate":"https:\/\/www.eldiario.net\/portal\/?s={search_term_string}"},"query-input":{"@type":"PropertyValueSpecification","valueRequired":true,"valueName":"search_term_string"}}],"inLanguage":"es"},{"@type":"Organization","@id":"https:\/\/www.eldiario.net\/portal\/#organization","name":"El Diario - Decano de la prensa nacional","url":"https:\/\/www.eldiario.net\/portal\/","logo":{"@type":"ImageObject","inLanguage":"es","@id":"https:\/\/www.eldiario.net\/portal\/#\/schema\/logo\/image\/","url":"https:\/\/www.eldiario.net\/portal\/wp-content\/uploads\/2023\/07\/logo_ED.jpg","contentUrl":"https:\/\/www.eldiario.net\/portal\/wp-content\/uploads\/2023\/07\/logo_ED.jpg","width":272,"height":52,"caption":"El Diario - Decano de la prensa nacional"},"image":{"@id":"https:\/\/www.eldiario.net\/portal\/#\/schema\/logo\/image\/"},"sameAs":["https:\/\/www.facebook.com\/eldiario.bolivia\/","https:\/\/x.com\/eldiario_net"]},{"@type":"Person","@id":"https:\/\/www.eldiario.net\/portal\/#\/schema\/person\/f46445640444750d7d753ccd04ae01b7","name":"Jeanette","image":{"@type":"ImageObject","inLanguage":"es","@id":"https:\/\/secure.gravatar.com\/avatar\/3ea2118a5f7dad2b7138b1187a6b7ee55f160b9968b66013c3a3ef39dd7e5798?s=96&d=mm&r=g","url":"https:\/\/secure.gravatar.com\/avatar\/3ea2118a5f7dad2b7138b1187a6b7ee55f160b9968b66013c3a3ef39dd7e5798?s=96&d=mm&r=g","contentUrl":"https:\/\/secure.gravatar.com\/avatar\/3ea2118a5f7dad2b7138b1187a6b7ee55f160b9968b66013c3a3ef39dd7e5798?s=96&d=mm&r=g","caption":"Jeanette"},"sameAs":["https:\/\/www.eldiario.net\/portal"],"url":"https:\/\/www.eldiario.net\/portal\/author\/jeanette\/"}]}},"_links":{"self":[{"href":"https:\/\/www.eldiario.net\/portal\/wp-json\/wp\/v2\/posts\/7635","targetHints":{"allow":["GET"]}}],"collection":[{"href":"https:\/\/www.eldiario.net\/portal\/wp-json\/wp\/v2\/posts"}],"about":[{"href":"https:\/\/www.eldiario.net\/portal\/wp-json\/wp\/v2\/types\/post"}],"author":[{"embeddable":true,"href":"https:\/\/www.eldiario.net\/portal\/wp-json\/wp\/v2\/users\/1"}],"replies":[{"embeddable":true,"href":"https:\/\/www.eldiario.net\/portal\/wp-json\/wp\/v2\/comments?post=7635"}],"version-history":[{"count":0,"href":"https:\/\/www.eldiario.net\/portal\/wp-json\/wp\/v2\/posts\/7635\/revisions"}],"wp:attachment":[{"href":"https:\/\/www.eldiario.net\/portal\/wp-json\/wp\/v2\/media?parent=7635"}],"wp:term":[{"taxonomy":"category","embeddable":true,"href":"https:\/\/www.eldiario.net\/portal\/wp-json\/wp\/v2\/categories?post=7635"},{"taxonomy":"post_tag","embeddable":true,"href":"https:\/\/www.eldiario.net\/portal\/wp-json\/wp\/v2\/tags?post=7635"}],"curies":[{"name":"wp","href":"https:\/\/api.w.org\/{rel}","templated":true}]}}