{"id":7629,"date":"2021-06-01T05:34:58","date_gmt":"2021-06-01T09:34:58","guid":{"rendered":"https:\/\/www.eldiario.net\/portal\/?p=7629"},"modified":"2021-06-01T05:34:58","modified_gmt":"2021-06-01T09:34:58","slug":"derechos-humanos-busca-a-victimas-de-juez-blanco","status":"publish","type":"post","link":"https:\/\/www.eldiario.net\/portal\/2021\/06\/01\/derechos-humanos-busca-a-victimas-de-juez-blanco\/","title":{"rendered":"Derechos Humanos busca  a v\u00edctimas de juez Blanco"},"content":{"rendered":"<p>A trav\u00e9s de un comunicado, la Asamblea Permanente de Derechos Humanos de La Paz (APDHLP) pidi\u00f3 a la poblaci\u00f3n enviar informaci\u00f3n y denuncias sobre irregularidades, atropellos e ilegalidades cometidas por el exfiscal Edwin Blanco, hoy juez de sentencia.<\/p>\n<p>La APDHLP aclar\u00f3 que se respetar\u00e1 la confidencialidad de la identidad de las personas, siendo que la finalidad es hacer conocer las denuncias ante instancias nacionales e internacionales.<\/p>\n<p>Tras conocerse la designaci\u00f3n de Blanco como juez de sentencia, las redes sociales se inundaron con cr\u00edticas al sistema judicial.<\/p>\n<p>Jhiery Fern\u00e1ndez record\u00f3 que luego de llamarlo ped\u00f3filo, por ser soltero a los 34 a\u00f1os, y calificarlo como un \u201cpeligro para la sociedad\u201d, en diciembre de 2014, el exfiscal Edwin Blanco lo visit\u00f3 en la c\u00e1rcel y trat\u00f3 de que firme una confesi\u00f3n.<\/p>\n<p>La pasada semana el Consejo de la Magistratura design\u00f3 a Blanco como juez de Sentencia, pese a que fue el cuarto en las calificaciones.<\/p>\n<p>El 20 de mayo de 2021, el fiscal general, Juan Lanchipa Ponce, inform\u00f3 que retiraron la acusaci\u00f3n en el denominado caso beb\u00e9 Alexander, en favor de Jhiery Fern\u00e1ndez, Lola R. O., Jos\u00e9 L.D.A. y Sandra D.M.C. La determinaci\u00f3n fue asumida luego de realizar un an\u00e1lisis exhaustivo al cuaderno de investigaci\u00f3n en el que no se encontraron los suficientes elementos probatorios para sostener la acusaci\u00f3n que fue presentada el a\u00f1o 2015.<\/p>\n<p>\u201cEste retiro de acusaci\u00f3n, previa autorizaci\u00f3n del Fiscal Departamental de La Paz, obedece a una serie de inconsistencias que se encontr\u00f3 en todo el cuaderno de investigaci\u00f3n, fundamentalmente en el tema de las pruebas, no hay pruebas cient\u00edficas que acredite la comisi\u00f3n del il\u00edcito\u201d, dijo la autoridad en la oportunidad.<\/p>\n<p>Lanchipa, explic\u00f3 que en la revisi\u00f3n al cuaderno de investigaci\u00f3n se encontraron contradicciones en los informes periciales.<\/p>\n<p>\u201cLa m\u00e9dico forense de ese entonces contaba con el requerimiento fiscal que le instru\u00eda \u00fanicamente tomar muestras biol\u00f3gicas, pero la m\u00e9dico se\u00f1ala que se habr\u00eda tomado dos hisopos como muestras y \u00e9stos habr\u00edan sido entregados al Fiscal en calidad de custodio; sin embargo, nunca se logr\u00f3 establecer a qu\u00e9 Fiscal se entreg\u00f3 estos dos hisopos y mucho menos en cadena de custodia. Tambi\u00e9n se habla de la existencia de ant\u00edgeno prost\u00e1tico, pero que no se pudo establecer a qui\u00e9n pertenec\u00eda y de manera contradictoria, en otra parte del informe, se\u00f1alan que no se logr\u00f3 encontrar ning\u00fan tipo de ant\u00edgeno, estas irregularidades fueron tomadas en cuenta para determinar el retiro de la acusaci\u00f3n\u201d, sostuvo.<\/p>\n<p>La APDHLP se encuentra en la avenida 6 de agosto, N\u00b0 548 en la Casa de los Derechos Humanos, 1er. Piso, su tel\u00e9fono es 2440611 y su direcci\u00f3n de correo electr\u00f3nico es: <a href=\"mailto:derechoshumanoslapazbolivia@gmail.com\">derechoshumanoslapazbolivia@gmail.com<\/a><\/p>\n","protected":false},"excerpt":{"rendered":"<p>A trav\u00e9s de un comunicado, la Asamblea Permanente de Derechos Humanos de La Paz (APDHLP) pidi\u00f3 a la poblaci\u00f3n enviar informaci\u00f3n y denuncias sobre irregularidades, atropellos e ilegalidades cometidas por el exfiscal Edwin Blanco, hoy juez de sentencia. La APDHLP aclar\u00f3 que se respetar\u00e1 la confidencialidad de la identidad de las personas, siendo que la [&hellip;]<\/p>\n","protected":false},"author":1,"featured_media":7630,"comment_status":"closed","ping_status":"closed","sticky":false,"template":"","format":"standard","meta":{"_acf_changed":false,"footnotes":""},"categories":[39],"tags":[],"class_list":["post-7629","post","type-post","status-publish","format-standard","has-post-thumbnail","category-sociedad"],"acf":{"antetitulo":""},"yoast_head":"<!-- This site is optimized with the Yoast SEO plugin v28.4 - https:\/\/yoast.com\/product\/yoast-seo-wordpress\/ -->\n<title>Derechos Humanos busca a v\u00edctimas de juez Blanco - El Diario - Bolivia<\/title>\n<meta name=\"robots\" content=\"index, follow, max-snippet:-1, max-image-preview:large, max-video-preview:-1\" \/>\n<link rel=\"canonical\" href=\"https:\/\/www.eldiario.net\/portal\/2021\/06\/01\/derechos-humanos-busca-a-victimas-de-juez-blanco\/\" \/>\n<meta property=\"og:locale\" content=\"es_ES\" \/>\n<meta property=\"og:type\" content=\"article\" \/>\n<meta property=\"og:title\" content=\"Derechos Humanos busca a v\u00edctimas de juez Blanco - El Diario - Bolivia\" \/>\n<meta property=\"og:description\" content=\"A trav\u00e9s de un comunicado, la Asamblea Permanente de Derechos Humanos de La Paz (APDHLP) pidi\u00f3 a la poblaci\u00f3n enviar informaci\u00f3n y denuncias sobre irregularidades, atropellos e ilegalidades cometidas por el exfiscal Edwin Blanco, hoy juez de sentencia. La APDHLP aclar\u00f3 que se respetar\u00e1 la confidencialidad de la identidad de las personas, siendo que la [&hellip;]\" \/>\n<meta property=\"og:url\" content=\"https:\/\/www.eldiario.net\/portal\/2021\/06\/01\/derechos-humanos-busca-a-victimas-de-juez-blanco\/\" \/>\n<meta property=\"og:site_name\" content=\"El Diario - Bolivia\" \/>\n<meta property=\"article:publisher\" content=\"https:\/\/www.facebook.com\/eldiario.bolivia\/\" \/>\n<meta property=\"article:published_time\" content=\"2021-06-01T09:34:58+00:00\" \/>\n<meta name=\"author\" content=\"Jeanette\" \/>\n<meta name=\"twitter:card\" content=\"summary_large_image\" \/>\n<meta name=\"twitter:creator\" content=\"@eldiario_net\" \/>\n<meta name=\"twitter:site\" content=\"@eldiario_net\" \/>\n<meta name=\"twitter:label1\" content=\"Escrito por\" \/>\n\t<meta name=\"twitter:data1\" content=\"Jeanette\" \/>\n\t<meta name=\"twitter:label2\" content=\"Tiempo de lectura\" \/>\n\t<meta name=\"twitter:data2\" content=\"2 minutos\" \/>\n<script type=\"application\/ld+json\" class=\"yoast-schema-graph\">{\"@context\":\"https:\\\/\\\/schema.org\",\"@graph\":[{\"@type\":\"Article\",\"@id\":\"https:\\\/\\\/www.eldiario.net\\\/portal\\\/2021\\\/06\\\/01\\\/derechos-humanos-busca-a-victimas-de-juez-blanco\\\/#article\",\"isPartOf\":{\"@id\":\"https:\\\/\\\/www.eldiario.net\\\/portal\\\/2021\\\/06\\\/01\\\/derechos-humanos-busca-a-victimas-de-juez-blanco\\\/\"},\"author\":{\"name\":\"Jeanette\",\"@id\":\"https:\\\/\\\/www.eldiario.net\\\/portal\\\/#\\\/schema\\\/person\\\/f46445640444750d7d753ccd04ae01b7\"},\"headline\":\"Derechos Humanos busca a v\u00edctimas de juez Blanco\",\"datePublished\":\"2021-06-01T09:34:58+00:00\",\"mainEntityOfPage\":{\"@id\":\"https:\\\/\\\/www.eldiario.net\\\/portal\\\/2021\\\/06\\\/01\\\/derechos-humanos-busca-a-victimas-de-juez-blanco\\\/\"},\"wordCount\":487,\"publisher\":{\"@id\":\"https:\\\/\\\/www.eldiario.net\\\/portal\\\/#organization\"},\"image\":{\"@id\":\"https:\\\/\\\/www.eldiario.net\\\/portal\\\/2021\\\/06\\\/01\\\/derechos-humanos-busca-a-victimas-de-juez-blanco\\\/#primaryimage\"},\"thumbnailUrl\":\"\",\"articleSection\":[\"Sociedad - Seguridad\"],\"inLanguage\":\"es\"},{\"@type\":\"WebPage\",\"@id\":\"https:\\\/\\\/www.eldiario.net\\\/portal\\\/2021\\\/06\\\/01\\\/derechos-humanos-busca-a-victimas-de-juez-blanco\\\/\",\"url\":\"https:\\\/\\\/www.eldiario.net\\\/portal\\\/2021\\\/06\\\/01\\\/derechos-humanos-busca-a-victimas-de-juez-blanco\\\/\",\"name\":\"Derechos Humanos busca a v\u00edctimas de juez Blanco - El Diario - Bolivia\",\"isPartOf\":{\"@id\":\"https:\\\/\\\/www.eldiario.net\\\/portal\\\/#website\"},\"primaryImageOfPage\":{\"@id\":\"https:\\\/\\\/www.eldiario.net\\\/portal\\\/2021\\\/06\\\/01\\\/derechos-humanos-busca-a-victimas-de-juez-blanco\\\/#primaryimage\"},\"image\":{\"@id\":\"https:\\\/\\\/www.eldiario.net\\\/portal\\\/2021\\\/06\\\/01\\\/derechos-humanos-busca-a-victimas-de-juez-blanco\\\/#primaryimage\"},\"thumbnailUrl\":\"\",\"datePublished\":\"2021-06-01T09:34:58+00:00\",\"breadcrumb\":{\"@id\":\"https:\\\/\\\/www.eldiario.net\\\/portal\\\/2021\\\/06\\\/01\\\/derechos-humanos-busca-a-victimas-de-juez-blanco\\\/#breadcrumb\"},\"inLanguage\":\"es\",\"potentialAction\":[{\"@type\":\"ReadAction\",\"target\":[\"https:\\\/\\\/www.eldiario.net\\\/portal\\\/2021\\\/06\\\/01\\\/derechos-humanos-busca-a-victimas-de-juez-blanco\\\/\"]}]},{\"@type\":\"ImageObject\",\"inLanguage\":\"es\",\"@id\":\"https:\\\/\\\/www.eldiario.net\\\/portal\\\/2021\\\/06\\\/01\\\/derechos-humanos-busca-a-victimas-de-juez-blanco\\\/#primaryimage\",\"url\":\"\",\"contentUrl\":\"\"},{\"@type\":\"BreadcrumbList\",\"@id\":\"https:\\\/\\\/www.eldiario.net\\\/portal\\\/2021\\\/06\\\/01\\\/derechos-humanos-busca-a-victimas-de-juez-blanco\\\/#breadcrumb\",\"itemListElement\":[{\"@type\":\"ListItem\",\"position\":1,\"name\":\"Portada\",\"item\":\"https:\\\/\\\/www.eldiario.net\\\/portal\\\/\"},{\"@type\":\"ListItem\",\"position\":2,\"name\":\"Derechos Humanos busca a v\u00edctimas de juez Blanco\"}]},{\"@type\":\"WebSite\",\"@id\":\"https:\\\/\\\/www.eldiario.net\\\/portal\\\/#website\",\"url\":\"https:\\\/\\\/www.eldiario.net\\\/portal\\\/\",\"name\":\"El Diario - Decano de la prensa nacional\",\"description\":\"El Diario - Decano de la prensa nacional\",\"publisher\":{\"@id\":\"https:\\\/\\\/www.eldiario.net\\\/portal\\\/#organization\"},\"potentialAction\":[{\"@type\":\"SearchAction\",\"target\":{\"@type\":\"EntryPoint\",\"urlTemplate\":\"https:\\\/\\\/www.eldiario.net\\\/portal\\\/?s={search_term_string}\"},\"query-input\":{\"@type\":\"PropertyValueSpecification\",\"valueRequired\":true,\"valueName\":\"search_term_string\"}}],\"inLanguage\":\"es\"},{\"@type\":\"Organization\",\"@id\":\"https:\\\/\\\/www.eldiario.net\\\/portal\\\/#organization\",\"name\":\"El Diario - Decano de la prensa nacional\",\"url\":\"https:\\\/\\\/www.eldiario.net\\\/portal\\\/\",\"logo\":{\"@type\":\"ImageObject\",\"inLanguage\":\"es\",\"@id\":\"https:\\\/\\\/www.eldiario.net\\\/portal\\\/#\\\/schema\\\/logo\\\/image\\\/\",\"url\":\"https:\\\/\\\/www.eldiario.net\\\/portal\\\/wp-content\\\/uploads\\\/2023\\\/07\\\/logo_ED.jpg\",\"contentUrl\":\"https:\\\/\\\/www.eldiario.net\\\/portal\\\/wp-content\\\/uploads\\\/2023\\\/07\\\/logo_ED.jpg\",\"width\":272,\"height\":52,\"caption\":\"El Diario - Decano de la prensa nacional\"},\"image\":{\"@id\":\"https:\\\/\\\/www.eldiario.net\\\/portal\\\/#\\\/schema\\\/logo\\\/image\\\/\"},\"sameAs\":[\"https:\\\/\\\/www.facebook.com\\\/eldiario.bolivia\\\/\",\"https:\\\/\\\/x.com\\\/eldiario_net\"]},{\"@type\":\"Person\",\"@id\":\"https:\\\/\\\/www.eldiario.net\\\/portal\\\/#\\\/schema\\\/person\\\/f46445640444750d7d753ccd04ae01b7\",\"name\":\"Jeanette\",\"image\":{\"@type\":\"ImageObject\",\"inLanguage\":\"es\",\"@id\":\"https:\\\/\\\/secure.gravatar.com\\\/avatar\\\/3ea2118a5f7dad2b7138b1187a6b7ee55f160b9968b66013c3a3ef39dd7e5798?s=96&d=mm&r=g\",\"url\":\"https:\\\/\\\/secure.gravatar.com\\\/avatar\\\/3ea2118a5f7dad2b7138b1187a6b7ee55f160b9968b66013c3a3ef39dd7e5798?s=96&d=mm&r=g\",\"contentUrl\":\"https:\\\/\\\/secure.gravatar.com\\\/avatar\\\/3ea2118a5f7dad2b7138b1187a6b7ee55f160b9968b66013c3a3ef39dd7e5798?s=96&d=mm&r=g\",\"caption\":\"Jeanette\"},\"sameAs\":[\"https:\\\/\\\/www.eldiario.net\\\/portal\"],\"url\":\"https:\\\/\\\/www.eldiario.net\\\/portal\\\/author\\\/jeanette\\\/\"}]}<\/script>\n<!-- \/ Yoast SEO plugin. -->","yoast_head_json":{"title":"Derechos Humanos busca a v\u00edctimas de juez Blanco - El Diario - Bolivia","robots":{"index":"index","follow":"follow","max-snippet":"max-snippet:-1","max-image-preview":"max-image-preview:large","max-video-preview":"max-video-preview:-1"},"canonical":"https:\/\/www.eldiario.net\/portal\/2021\/06\/01\/derechos-humanos-busca-a-victimas-de-juez-blanco\/","og_locale":"es_ES","og_type":"article","og_title":"Derechos Humanos busca a v\u00edctimas de juez Blanco - El Diario - Bolivia","og_description":"A trav\u00e9s de un comunicado, la Asamblea Permanente de Derechos Humanos de La Paz (APDHLP) pidi\u00f3 a la poblaci\u00f3n enviar informaci\u00f3n y denuncias sobre irregularidades, atropellos e ilegalidades cometidas por el exfiscal Edwin Blanco, hoy juez de sentencia. La APDHLP aclar\u00f3 que se respetar\u00e1 la confidencialidad de la identidad de las personas, siendo que la [&hellip;]","og_url":"https:\/\/www.eldiario.net\/portal\/2021\/06\/01\/derechos-humanos-busca-a-victimas-de-juez-blanco\/","og_site_name":"El Diario - Bolivia","article_publisher":"https:\/\/www.facebook.com\/eldiario.bolivia\/","article_published_time":"2021-06-01T09:34:58+00:00","author":"Jeanette","twitter_card":"summary_large_image","twitter_creator":"@eldiario_net","twitter_site":"@eldiario_net","twitter_misc":{"Escrito por":"Jeanette","Tiempo de lectura":"2 minutos"},"schema":{"@context":"https:\/\/schema.org","@graph":[{"@type":"Article","@id":"https:\/\/www.eldiario.net\/portal\/2021\/06\/01\/derechos-humanos-busca-a-victimas-de-juez-blanco\/#article","isPartOf":{"@id":"https:\/\/www.eldiario.net\/portal\/2021\/06\/01\/derechos-humanos-busca-a-victimas-de-juez-blanco\/"},"author":{"name":"Jeanette","@id":"https:\/\/www.eldiario.net\/portal\/#\/schema\/person\/f46445640444750d7d753ccd04ae01b7"},"headline":"Derechos Humanos busca a v\u00edctimas de juez Blanco","datePublished":"2021-06-01T09:34:58+00:00","mainEntityOfPage":{"@id":"https:\/\/www.eldiario.net\/portal\/2021\/06\/01\/derechos-humanos-busca-a-victimas-de-juez-blanco\/"},"wordCount":487,"publisher":{"@id":"https:\/\/www.eldiario.net\/portal\/#organization"},"image":{"@id":"https:\/\/www.eldiario.net\/portal\/2021\/06\/01\/derechos-humanos-busca-a-victimas-de-juez-blanco\/#primaryimage"},"thumbnailUrl":"","articleSection":["Sociedad - Seguridad"],"inLanguage":"es"},{"@type":"WebPage","@id":"https:\/\/www.eldiario.net\/portal\/2021\/06\/01\/derechos-humanos-busca-a-victimas-de-juez-blanco\/","url":"https:\/\/www.eldiario.net\/portal\/2021\/06\/01\/derechos-humanos-busca-a-victimas-de-juez-blanco\/","name":"Derechos Humanos busca a v\u00edctimas de juez Blanco - El Diario - Bolivia","isPartOf":{"@id":"https:\/\/www.eldiario.net\/portal\/#website"},"primaryImageOfPage":{"@id":"https:\/\/www.eldiario.net\/portal\/2021\/06\/01\/derechos-humanos-busca-a-victimas-de-juez-blanco\/#primaryimage"},"image":{"@id":"https:\/\/www.eldiario.net\/portal\/2021\/06\/01\/derechos-humanos-busca-a-victimas-de-juez-blanco\/#primaryimage"},"thumbnailUrl":"","datePublished":"2021-06-01T09:34:58+00:00","breadcrumb":{"@id":"https:\/\/www.eldiario.net\/portal\/2021\/06\/01\/derechos-humanos-busca-a-victimas-de-juez-blanco\/#breadcrumb"},"inLanguage":"es","potentialAction":[{"@type":"ReadAction","target":["https:\/\/www.eldiario.net\/portal\/2021\/06\/01\/derechos-humanos-busca-a-victimas-de-juez-blanco\/"]}]},{"@type":"ImageObject","inLanguage":"es","@id":"https:\/\/www.eldiario.net\/portal\/2021\/06\/01\/derechos-humanos-busca-a-victimas-de-juez-blanco\/#primaryimage","url":"","contentUrl":""},{"@type":"BreadcrumbList","@id":"https:\/\/www.eldiario.net\/portal\/2021\/06\/01\/derechos-humanos-busca-a-victimas-de-juez-blanco\/#breadcrumb","itemListElement":[{"@type":"ListItem","position":1,"name":"Portada","item":"https:\/\/www.eldiario.net\/portal\/"},{"@type":"ListItem","position":2,"name":"Derechos Humanos busca a v\u00edctimas de juez Blanco"}]},{"@type":"WebSite","@id":"https:\/\/www.eldiario.net\/portal\/#website","url":"https:\/\/www.eldiario.net\/portal\/","name":"El Diario - Decano de la prensa nacional","description":"El Diario - Decano de la prensa nacional","publisher":{"@id":"https:\/\/www.eldiario.net\/portal\/#organization"},"potentialAction":[{"@type":"SearchAction","target":{"@type":"EntryPoint","urlTemplate":"https:\/\/www.eldiario.net\/portal\/?s={search_term_string}"},"query-input":{"@type":"PropertyValueSpecification","valueRequired":true,"valueName":"search_term_string"}}],"inLanguage":"es"},{"@type":"Organization","@id":"https:\/\/www.eldiario.net\/portal\/#organization","name":"El Diario - Decano de la prensa nacional","url":"https:\/\/www.eldiario.net\/portal\/","logo":{"@type":"ImageObject","inLanguage":"es","@id":"https:\/\/www.eldiario.net\/portal\/#\/schema\/logo\/image\/","url":"https:\/\/www.eldiario.net\/portal\/wp-content\/uploads\/2023\/07\/logo_ED.jpg","contentUrl":"https:\/\/www.eldiario.net\/portal\/wp-content\/uploads\/2023\/07\/logo_ED.jpg","width":272,"height":52,"caption":"El Diario - Decano de la prensa nacional"},"image":{"@id":"https:\/\/www.eldiario.net\/portal\/#\/schema\/logo\/image\/"},"sameAs":["https:\/\/www.facebook.com\/eldiario.bolivia\/","https:\/\/x.com\/eldiario_net"]},{"@type":"Person","@id":"https:\/\/www.eldiario.net\/portal\/#\/schema\/person\/f46445640444750d7d753ccd04ae01b7","name":"Jeanette","image":{"@type":"ImageObject","inLanguage":"es","@id":"https:\/\/secure.gravatar.com\/avatar\/3ea2118a5f7dad2b7138b1187a6b7ee55f160b9968b66013c3a3ef39dd7e5798?s=96&d=mm&r=g","url":"https:\/\/secure.gravatar.com\/avatar\/3ea2118a5f7dad2b7138b1187a6b7ee55f160b9968b66013c3a3ef39dd7e5798?s=96&d=mm&r=g","contentUrl":"https:\/\/secure.gravatar.com\/avatar\/3ea2118a5f7dad2b7138b1187a6b7ee55f160b9968b66013c3a3ef39dd7e5798?s=96&d=mm&r=g","caption":"Jeanette"},"sameAs":["https:\/\/www.eldiario.net\/portal"],"url":"https:\/\/www.eldiario.net\/portal\/author\/jeanette\/"}]}},"_links":{"self":[{"href":"https:\/\/www.eldiario.net\/portal\/wp-json\/wp\/v2\/posts\/7629","targetHints":{"allow":["GET"]}}],"collection":[{"href":"https:\/\/www.eldiario.net\/portal\/wp-json\/wp\/v2\/posts"}],"about":[{"href":"https:\/\/www.eldiario.net\/portal\/wp-json\/wp\/v2\/types\/post"}],"author":[{"embeddable":true,"href":"https:\/\/www.eldiario.net\/portal\/wp-json\/wp\/v2\/users\/1"}],"replies":[{"embeddable":true,"href":"https:\/\/www.eldiario.net\/portal\/wp-json\/wp\/v2\/comments?post=7629"}],"version-history":[{"count":0,"href":"https:\/\/www.eldiario.net\/portal\/wp-json\/wp\/v2\/posts\/7629\/revisions"}],"wp:attachment":[{"href":"https:\/\/www.eldiario.net\/portal\/wp-json\/wp\/v2\/media?parent=7629"}],"wp:term":[{"taxonomy":"category","embeddable":true,"href":"https:\/\/www.eldiario.net\/portal\/wp-json\/wp\/v2\/categories?post=7629"},{"taxonomy":"post_tag","embeddable":true,"href":"https:\/\/www.eldiario.net\/portal\/wp-json\/wp\/v2\/tags?post=7629"}],"curies":[{"name":"wp","href":"https:\/\/api.w.org\/{rel}","templated":true}]}}