{"id":7623,"date":"2021-06-01T05:32:54","date_gmt":"2021-06-01T09:32:54","guid":{"rendered":"https:\/\/www.eldiario.net\/portal\/?p=7623"},"modified":"2021-06-01T05:32:54","modified_gmt":"2021-06-01T09:32:54","slug":"solicitudes-a-interpol-no-eran-por-el-caso-gases-lacrimogenos","status":"publish","type":"post","link":"https:\/\/www.eldiario.net\/portal\/2021\/06\/01\/solicitudes-a-interpol-no-eran-por-el-caso-gases-lacrimogenos\/","title":{"rendered":"Solicitudes a Interpol no eran  por el caso gases lacrim\u00f3genos"},"content":{"rendered":"<p>El viceministro de Justicia, C\u00e9sar Siles, aclar\u00f3 este lunes que las solicitudes a la Organizaci\u00f3n Internacional de Polic\u00eda Criminal (Interpol) para la activaci\u00f3n del sello Azul para los exministros Arturo Murillo y Fernando L\u00f3pez, fueron por las \u201cmasacres de Sacaba y Senkata\u201d y no por el caso gases lacrim\u00f3genos.<\/p>\n<p>\u201cYo estoy seguro que el rechazo de la Interpol se realiz\u00f3 por las masacres de Sacaba y Senkata, donde se solicit\u00f3 tanto la notificaci\u00f3n azul como la roja, en el caso gases lacrim\u00f3genos, que data de enero, se hizo las alertas migratorias, se imput\u00f3 al se\u00f1or Murillo y con eso se est\u00e1 solicitando la extradici\u00f3n a trav\u00e9s de los conductos jurisdiccionales y diplom\u00e1ticos respectivos\u201d, aclar\u00f3 la autoridad en entrevista con el programa Contacto Bolivia.<\/p>\n<p>La ma\u00f1ana del lunes, el fiscal general, Juan Lanchipa, record\u00f3 que el Ministerio P\u00fablico solicit\u00f3 en tres oportunidades a la Interpol, la activaci\u00f3n del sello Azul para los exministros Arturo Murillo y Fernando L\u00f3pez, pero las solicitudes fueron rechazadas por considerar que era un tema pol\u00edtico.<\/p>\n<p>\u201cComo Ministerio P\u00fablico hab\u00edamos solicitado en tres oportunidades a la Interpol que se nos pueda facilitar la notificaci\u00f3n azul, es decir la ubicaci\u00f3n exacta de estas personas en los pa\u00edses del extranjero, lastimosamente la Interpol nos ha respondido en todos los casos indicando que se trataba de una persecuci\u00f3n pol\u00edtica y que no iba a dar curso a las solicitudes del Ministerio P\u00fablico, pero ahora queda demostrado y acreditado que no se trata de una persecuci\u00f3n pol\u00edtica sino un tema de legalidad y justicia\u201d, dijo Lanchipa.<\/p>\n<p>Lanchipa inform\u00f3 que dentro del caso denominado gases lacrim\u00f3genos, la Fiscal\u00eda realiz\u00f3 diversas acciones y requerimientos fiscales con el fin de conocer la verdad hist\u00f3rica de los hechos, fruto de ese trabajo actualmente se tiene a cinco personas imputadas. Asimismo, en pasados d\u00edas se inici\u00f3 el proceso de extradici\u00f3n en contra del exministro de Gobierno, Arturo Murillo, adem\u00e1s de iniciar el proceso de recuperaci\u00f3n de activos y dinero a favor del Estado Boliviano.<\/p>\n<p>Despu\u00e9s que la semana pasada se conociera que el exministro de Gobierno, Arturo Murillo, fue detenido y acusado en Estados Unidos por los delitos de\u00a0 soborno y lavado de dinero en el caso gases lacrim\u00f3genos, el Gobierno y la Fiscal\u00eda realizaron al menos diez allanamientos y se aprehendi\u00f3 a m\u00e1s de seis personas quienes fueron enviados con detenci\u00f3n preventiva.<\/p>\n","protected":false},"excerpt":{"rendered":"<p>El viceministro de Justicia, C\u00e9sar Siles, aclar\u00f3 este lunes que las solicitudes a la Organizaci\u00f3n Internacional de Polic\u00eda Criminal (Interpol) para la activaci\u00f3n del sello Azul para los exministros Arturo Murillo y Fernando L\u00f3pez, fueron por las \u201cmasacres de Sacaba y Senkata\u201d y no por el caso gases lacrim\u00f3genos. \u201cYo estoy seguro que el rechazo [&hellip;]<\/p>\n","protected":false},"author":1,"featured_media":7624,"comment_status":"closed","ping_status":"closed","sticky":false,"template":"","format":"standard","meta":{"_acf_changed":false,"footnotes":""},"categories":[39],"tags":[],"class_list":["post-7623","post","type-post","status-publish","format-standard","has-post-thumbnail","category-sociedad"],"acf":{"antetitulo":""},"yoast_head":"<!-- This site is optimized with the Yoast SEO plugin v28.3 - https:\/\/yoast.com\/product\/yoast-seo-wordpress\/ -->\n<title>Solicitudes a Interpol no eran por el caso gases lacrim\u00f3genos - El Diario - Bolivia<\/title>\n<meta name=\"robots\" content=\"index, follow, max-snippet:-1, max-image-preview:large, max-video-preview:-1\" \/>\n<link rel=\"canonical\" href=\"https:\/\/www.eldiario.net\/portal\/2021\/06\/01\/solicitudes-a-interpol-no-eran-por-el-caso-gases-lacrimogenos\/\" \/>\n<meta property=\"og:locale\" content=\"es_ES\" \/>\n<meta property=\"og:type\" content=\"article\" \/>\n<meta property=\"og:title\" content=\"Solicitudes a Interpol no eran por el caso gases lacrim\u00f3genos - El Diario - Bolivia\" \/>\n<meta property=\"og:description\" content=\"El viceministro de Justicia, C\u00e9sar Siles, aclar\u00f3 este lunes que las solicitudes a la Organizaci\u00f3n Internacional de Polic\u00eda Criminal (Interpol) para la activaci\u00f3n del sello Azul para los exministros Arturo Murillo y Fernando L\u00f3pez, fueron por las \u201cmasacres de Sacaba y Senkata\u201d y no por el caso gases lacrim\u00f3genos. \u201cYo estoy seguro que el rechazo [&hellip;]\" \/>\n<meta property=\"og:url\" content=\"https:\/\/www.eldiario.net\/portal\/2021\/06\/01\/solicitudes-a-interpol-no-eran-por-el-caso-gases-lacrimogenos\/\" \/>\n<meta property=\"og:site_name\" content=\"El Diario - Bolivia\" \/>\n<meta property=\"article:publisher\" content=\"https:\/\/www.facebook.com\/eldiario.bolivia\/\" \/>\n<meta property=\"article:published_time\" content=\"2021-06-01T09:32:54+00:00\" \/>\n<meta name=\"author\" content=\"Jeanette\" \/>\n<meta name=\"twitter:card\" content=\"summary_large_image\" \/>\n<meta name=\"twitter:creator\" content=\"@eldiario_net\" \/>\n<meta name=\"twitter:site\" content=\"@eldiario_net\" \/>\n<meta name=\"twitter:label1\" content=\"Escrito por\" \/>\n\t<meta name=\"twitter:data1\" content=\"Jeanette\" \/>\n\t<meta name=\"twitter:label2\" content=\"Tiempo de lectura\" \/>\n\t<meta name=\"twitter:data2\" content=\"2 minutos\" \/>\n<script type=\"application\/ld+json\" class=\"yoast-schema-graph\">{\"@context\":\"https:\\\/\\\/schema.org\",\"@graph\":[{\"@type\":\"Article\",\"@id\":\"https:\\\/\\\/www.eldiario.net\\\/portal\\\/2021\\\/06\\\/01\\\/solicitudes-a-interpol-no-eran-por-el-caso-gases-lacrimogenos\\\/#article\",\"isPartOf\":{\"@id\":\"https:\\\/\\\/www.eldiario.net\\\/portal\\\/2021\\\/06\\\/01\\\/solicitudes-a-interpol-no-eran-por-el-caso-gases-lacrimogenos\\\/\"},\"author\":{\"name\":\"Jeanette\",\"@id\":\"https:\\\/\\\/www.eldiario.net\\\/portal\\\/#\\\/schema\\\/person\\\/f46445640444750d7d753ccd04ae01b7\"},\"headline\":\"Solicitudes a Interpol no eran por el caso gases lacrim\u00f3genos\",\"datePublished\":\"2021-06-01T09:32:54+00:00\",\"mainEntityOfPage\":{\"@id\":\"https:\\\/\\\/www.eldiario.net\\\/portal\\\/2021\\\/06\\\/01\\\/solicitudes-a-interpol-no-eran-por-el-caso-gases-lacrimogenos\\\/\"},\"wordCount\":437,\"publisher\":{\"@id\":\"https:\\\/\\\/www.eldiario.net\\\/portal\\\/#organization\"},\"image\":{\"@id\":\"https:\\\/\\\/www.eldiario.net\\\/portal\\\/2021\\\/06\\\/01\\\/solicitudes-a-interpol-no-eran-por-el-caso-gases-lacrimogenos\\\/#primaryimage\"},\"thumbnailUrl\":\"\",\"articleSection\":[\"Sociedad - Seguridad\"],\"inLanguage\":\"es\"},{\"@type\":\"WebPage\",\"@id\":\"https:\\\/\\\/www.eldiario.net\\\/portal\\\/2021\\\/06\\\/01\\\/solicitudes-a-interpol-no-eran-por-el-caso-gases-lacrimogenos\\\/\",\"url\":\"https:\\\/\\\/www.eldiario.net\\\/portal\\\/2021\\\/06\\\/01\\\/solicitudes-a-interpol-no-eran-por-el-caso-gases-lacrimogenos\\\/\",\"name\":\"Solicitudes a Interpol no eran por el caso gases lacrim\u00f3genos - El Diario - Bolivia\",\"isPartOf\":{\"@id\":\"https:\\\/\\\/www.eldiario.net\\\/portal\\\/#website\"},\"primaryImageOfPage\":{\"@id\":\"https:\\\/\\\/www.eldiario.net\\\/portal\\\/2021\\\/06\\\/01\\\/solicitudes-a-interpol-no-eran-por-el-caso-gases-lacrimogenos\\\/#primaryimage\"},\"image\":{\"@id\":\"https:\\\/\\\/www.eldiario.net\\\/portal\\\/2021\\\/06\\\/01\\\/solicitudes-a-interpol-no-eran-por-el-caso-gases-lacrimogenos\\\/#primaryimage\"},\"thumbnailUrl\":\"\",\"datePublished\":\"2021-06-01T09:32:54+00:00\",\"breadcrumb\":{\"@id\":\"https:\\\/\\\/www.eldiario.net\\\/portal\\\/2021\\\/06\\\/01\\\/solicitudes-a-interpol-no-eran-por-el-caso-gases-lacrimogenos\\\/#breadcrumb\"},\"inLanguage\":\"es\",\"potentialAction\":[{\"@type\":\"ReadAction\",\"target\":[\"https:\\\/\\\/www.eldiario.net\\\/portal\\\/2021\\\/06\\\/01\\\/solicitudes-a-interpol-no-eran-por-el-caso-gases-lacrimogenos\\\/\"]}]},{\"@type\":\"ImageObject\",\"inLanguage\":\"es\",\"@id\":\"https:\\\/\\\/www.eldiario.net\\\/portal\\\/2021\\\/06\\\/01\\\/solicitudes-a-interpol-no-eran-por-el-caso-gases-lacrimogenos\\\/#primaryimage\",\"url\":\"\",\"contentUrl\":\"\"},{\"@type\":\"BreadcrumbList\",\"@id\":\"https:\\\/\\\/www.eldiario.net\\\/portal\\\/2021\\\/06\\\/01\\\/solicitudes-a-interpol-no-eran-por-el-caso-gases-lacrimogenos\\\/#breadcrumb\",\"itemListElement\":[{\"@type\":\"ListItem\",\"position\":1,\"name\":\"Portada\",\"item\":\"https:\\\/\\\/www.eldiario.net\\\/portal\\\/\"},{\"@type\":\"ListItem\",\"position\":2,\"name\":\"Solicitudes a Interpol no eran por el caso gases lacrim\u00f3genos\"}]},{\"@type\":\"WebSite\",\"@id\":\"https:\\\/\\\/www.eldiario.net\\\/portal\\\/#website\",\"url\":\"https:\\\/\\\/www.eldiario.net\\\/portal\\\/\",\"name\":\"El Diario - Decano de la prensa nacional\",\"description\":\"El Diario - Decano de la prensa nacional\",\"publisher\":{\"@id\":\"https:\\\/\\\/www.eldiario.net\\\/portal\\\/#organization\"},\"potentialAction\":[{\"@type\":\"SearchAction\",\"target\":{\"@type\":\"EntryPoint\",\"urlTemplate\":\"https:\\\/\\\/www.eldiario.net\\\/portal\\\/?s={search_term_string}\"},\"query-input\":{\"@type\":\"PropertyValueSpecification\",\"valueRequired\":true,\"valueName\":\"search_term_string\"}}],\"inLanguage\":\"es\"},{\"@type\":\"Organization\",\"@id\":\"https:\\\/\\\/www.eldiario.net\\\/portal\\\/#organization\",\"name\":\"El Diario - Decano de la prensa nacional\",\"url\":\"https:\\\/\\\/www.eldiario.net\\\/portal\\\/\",\"logo\":{\"@type\":\"ImageObject\",\"inLanguage\":\"es\",\"@id\":\"https:\\\/\\\/www.eldiario.net\\\/portal\\\/#\\\/schema\\\/logo\\\/image\\\/\",\"url\":\"https:\\\/\\\/www.eldiario.net\\\/portal\\\/wp-content\\\/uploads\\\/2023\\\/07\\\/logo_ED.jpg\",\"contentUrl\":\"https:\\\/\\\/www.eldiario.net\\\/portal\\\/wp-content\\\/uploads\\\/2023\\\/07\\\/logo_ED.jpg\",\"width\":272,\"height\":52,\"caption\":\"El Diario - Decano de la prensa nacional\"},\"image\":{\"@id\":\"https:\\\/\\\/www.eldiario.net\\\/portal\\\/#\\\/schema\\\/logo\\\/image\\\/\"},\"sameAs\":[\"https:\\\/\\\/www.facebook.com\\\/eldiario.bolivia\\\/\",\"https:\\\/\\\/x.com\\\/eldiario_net\"]},{\"@type\":\"Person\",\"@id\":\"https:\\\/\\\/www.eldiario.net\\\/portal\\\/#\\\/schema\\\/person\\\/f46445640444750d7d753ccd04ae01b7\",\"name\":\"Jeanette\",\"image\":{\"@type\":\"ImageObject\",\"inLanguage\":\"es\",\"@id\":\"https:\\\/\\\/secure.gravatar.com\\\/avatar\\\/3ea2118a5f7dad2b7138b1187a6b7ee55f160b9968b66013c3a3ef39dd7e5798?s=96&d=mm&r=g\",\"url\":\"https:\\\/\\\/secure.gravatar.com\\\/avatar\\\/3ea2118a5f7dad2b7138b1187a6b7ee55f160b9968b66013c3a3ef39dd7e5798?s=96&d=mm&r=g\",\"contentUrl\":\"https:\\\/\\\/secure.gravatar.com\\\/avatar\\\/3ea2118a5f7dad2b7138b1187a6b7ee55f160b9968b66013c3a3ef39dd7e5798?s=96&d=mm&r=g\",\"caption\":\"Jeanette\"},\"sameAs\":[\"https:\\\/\\\/www.eldiario.net\\\/portal\"],\"url\":\"https:\\\/\\\/www.eldiario.net\\\/portal\\\/author\\\/jeanette\\\/\"}]}<\/script>\n<!-- \/ Yoast SEO plugin. -->","yoast_head_json":{"title":"Solicitudes a Interpol no eran por el caso gases lacrim\u00f3genos - El Diario - Bolivia","robots":{"index":"index","follow":"follow","max-snippet":"max-snippet:-1","max-image-preview":"max-image-preview:large","max-video-preview":"max-video-preview:-1"},"canonical":"https:\/\/www.eldiario.net\/portal\/2021\/06\/01\/solicitudes-a-interpol-no-eran-por-el-caso-gases-lacrimogenos\/","og_locale":"es_ES","og_type":"article","og_title":"Solicitudes a Interpol no eran por el caso gases lacrim\u00f3genos - El Diario - Bolivia","og_description":"El viceministro de Justicia, C\u00e9sar Siles, aclar\u00f3 este lunes que las solicitudes a la Organizaci\u00f3n Internacional de Polic\u00eda Criminal (Interpol) para la activaci\u00f3n del sello Azul para los exministros Arturo Murillo y Fernando L\u00f3pez, fueron por las \u201cmasacres de Sacaba y Senkata\u201d y no por el caso gases lacrim\u00f3genos. \u201cYo estoy seguro que el rechazo [&hellip;]","og_url":"https:\/\/www.eldiario.net\/portal\/2021\/06\/01\/solicitudes-a-interpol-no-eran-por-el-caso-gases-lacrimogenos\/","og_site_name":"El Diario - Bolivia","article_publisher":"https:\/\/www.facebook.com\/eldiario.bolivia\/","article_published_time":"2021-06-01T09:32:54+00:00","author":"Jeanette","twitter_card":"summary_large_image","twitter_creator":"@eldiario_net","twitter_site":"@eldiario_net","twitter_misc":{"Escrito por":"Jeanette","Tiempo de lectura":"2 minutos"},"schema":{"@context":"https:\/\/schema.org","@graph":[{"@type":"Article","@id":"https:\/\/www.eldiario.net\/portal\/2021\/06\/01\/solicitudes-a-interpol-no-eran-por-el-caso-gases-lacrimogenos\/#article","isPartOf":{"@id":"https:\/\/www.eldiario.net\/portal\/2021\/06\/01\/solicitudes-a-interpol-no-eran-por-el-caso-gases-lacrimogenos\/"},"author":{"name":"Jeanette","@id":"https:\/\/www.eldiario.net\/portal\/#\/schema\/person\/f46445640444750d7d753ccd04ae01b7"},"headline":"Solicitudes a Interpol no eran por el caso gases lacrim\u00f3genos","datePublished":"2021-06-01T09:32:54+00:00","mainEntityOfPage":{"@id":"https:\/\/www.eldiario.net\/portal\/2021\/06\/01\/solicitudes-a-interpol-no-eran-por-el-caso-gases-lacrimogenos\/"},"wordCount":437,"publisher":{"@id":"https:\/\/www.eldiario.net\/portal\/#organization"},"image":{"@id":"https:\/\/www.eldiario.net\/portal\/2021\/06\/01\/solicitudes-a-interpol-no-eran-por-el-caso-gases-lacrimogenos\/#primaryimage"},"thumbnailUrl":"","articleSection":["Sociedad - Seguridad"],"inLanguage":"es"},{"@type":"WebPage","@id":"https:\/\/www.eldiario.net\/portal\/2021\/06\/01\/solicitudes-a-interpol-no-eran-por-el-caso-gases-lacrimogenos\/","url":"https:\/\/www.eldiario.net\/portal\/2021\/06\/01\/solicitudes-a-interpol-no-eran-por-el-caso-gases-lacrimogenos\/","name":"Solicitudes a Interpol no eran por el caso gases lacrim\u00f3genos - El Diario - Bolivia","isPartOf":{"@id":"https:\/\/www.eldiario.net\/portal\/#website"},"primaryImageOfPage":{"@id":"https:\/\/www.eldiario.net\/portal\/2021\/06\/01\/solicitudes-a-interpol-no-eran-por-el-caso-gases-lacrimogenos\/#primaryimage"},"image":{"@id":"https:\/\/www.eldiario.net\/portal\/2021\/06\/01\/solicitudes-a-interpol-no-eran-por-el-caso-gases-lacrimogenos\/#primaryimage"},"thumbnailUrl":"","datePublished":"2021-06-01T09:32:54+00:00","breadcrumb":{"@id":"https:\/\/www.eldiario.net\/portal\/2021\/06\/01\/solicitudes-a-interpol-no-eran-por-el-caso-gases-lacrimogenos\/#breadcrumb"},"inLanguage":"es","potentialAction":[{"@type":"ReadAction","target":["https:\/\/www.eldiario.net\/portal\/2021\/06\/01\/solicitudes-a-interpol-no-eran-por-el-caso-gases-lacrimogenos\/"]}]},{"@type":"ImageObject","inLanguage":"es","@id":"https:\/\/www.eldiario.net\/portal\/2021\/06\/01\/solicitudes-a-interpol-no-eran-por-el-caso-gases-lacrimogenos\/#primaryimage","url":"","contentUrl":""},{"@type":"BreadcrumbList","@id":"https:\/\/www.eldiario.net\/portal\/2021\/06\/01\/solicitudes-a-interpol-no-eran-por-el-caso-gases-lacrimogenos\/#breadcrumb","itemListElement":[{"@type":"ListItem","position":1,"name":"Portada","item":"https:\/\/www.eldiario.net\/portal\/"},{"@type":"ListItem","position":2,"name":"Solicitudes a Interpol no eran por el caso gases lacrim\u00f3genos"}]},{"@type":"WebSite","@id":"https:\/\/www.eldiario.net\/portal\/#website","url":"https:\/\/www.eldiario.net\/portal\/","name":"El Diario - Decano de la prensa nacional","description":"El Diario - Decano de la prensa nacional","publisher":{"@id":"https:\/\/www.eldiario.net\/portal\/#organization"},"potentialAction":[{"@type":"SearchAction","target":{"@type":"EntryPoint","urlTemplate":"https:\/\/www.eldiario.net\/portal\/?s={search_term_string}"},"query-input":{"@type":"PropertyValueSpecification","valueRequired":true,"valueName":"search_term_string"}}],"inLanguage":"es"},{"@type":"Organization","@id":"https:\/\/www.eldiario.net\/portal\/#organization","name":"El Diario - Decano de la prensa nacional","url":"https:\/\/www.eldiario.net\/portal\/","logo":{"@type":"ImageObject","inLanguage":"es","@id":"https:\/\/www.eldiario.net\/portal\/#\/schema\/logo\/image\/","url":"https:\/\/www.eldiario.net\/portal\/wp-content\/uploads\/2023\/07\/logo_ED.jpg","contentUrl":"https:\/\/www.eldiario.net\/portal\/wp-content\/uploads\/2023\/07\/logo_ED.jpg","width":272,"height":52,"caption":"El Diario - Decano de la prensa nacional"},"image":{"@id":"https:\/\/www.eldiario.net\/portal\/#\/schema\/logo\/image\/"},"sameAs":["https:\/\/www.facebook.com\/eldiario.bolivia\/","https:\/\/x.com\/eldiario_net"]},{"@type":"Person","@id":"https:\/\/www.eldiario.net\/portal\/#\/schema\/person\/f46445640444750d7d753ccd04ae01b7","name":"Jeanette","image":{"@type":"ImageObject","inLanguage":"es","@id":"https:\/\/secure.gravatar.com\/avatar\/3ea2118a5f7dad2b7138b1187a6b7ee55f160b9968b66013c3a3ef39dd7e5798?s=96&d=mm&r=g","url":"https:\/\/secure.gravatar.com\/avatar\/3ea2118a5f7dad2b7138b1187a6b7ee55f160b9968b66013c3a3ef39dd7e5798?s=96&d=mm&r=g","contentUrl":"https:\/\/secure.gravatar.com\/avatar\/3ea2118a5f7dad2b7138b1187a6b7ee55f160b9968b66013c3a3ef39dd7e5798?s=96&d=mm&r=g","caption":"Jeanette"},"sameAs":["https:\/\/www.eldiario.net\/portal"],"url":"https:\/\/www.eldiario.net\/portal\/author\/jeanette\/"}]}},"_links":{"self":[{"href":"https:\/\/www.eldiario.net\/portal\/wp-json\/wp\/v2\/posts\/7623","targetHints":{"allow":["GET"]}}],"collection":[{"href":"https:\/\/www.eldiario.net\/portal\/wp-json\/wp\/v2\/posts"}],"about":[{"href":"https:\/\/www.eldiario.net\/portal\/wp-json\/wp\/v2\/types\/post"}],"author":[{"embeddable":true,"href":"https:\/\/www.eldiario.net\/portal\/wp-json\/wp\/v2\/users\/1"}],"replies":[{"embeddable":true,"href":"https:\/\/www.eldiario.net\/portal\/wp-json\/wp\/v2\/comments?post=7623"}],"version-history":[{"count":0,"href":"https:\/\/www.eldiario.net\/portal\/wp-json\/wp\/v2\/posts\/7623\/revisions"}],"wp:attachment":[{"href":"https:\/\/www.eldiario.net\/portal\/wp-json\/wp\/v2\/media?parent=7623"}],"wp:term":[{"taxonomy":"category","embeddable":true,"href":"https:\/\/www.eldiario.net\/portal\/wp-json\/wp\/v2\/categories?post=7623"},{"taxonomy":"post_tag","embeddable":true,"href":"https:\/\/www.eldiario.net\/portal\/wp-json\/wp\/v2\/tags?post=7623"}],"curies":[{"name":"wp","href":"https:\/\/api.w.org\/{rel}","templated":true}]}}