{"id":7620,"date":"2021-06-01T05:31:14","date_gmt":"2021-06-01T09:31:14","guid":{"rendered":"https:\/\/www.eldiario.net\/portal\/?p=7620"},"modified":"2021-06-01T05:31:14","modified_gmt":"2021-06-01T09:31:14","slug":"acuerdan-instalacion-de-gas-domiciliario-en-yacuiba","status":"publish","type":"post","link":"https:\/\/www.eldiario.net\/portal\/2021\/06\/01\/acuerdan-instalacion-de-gas-domiciliario-en-yacuiba\/","title":{"rendered":"Acuerdan instalaci\u00f3n de gas domiciliario en Yacuiba"},"content":{"rendered":"<p>Tras una reuni\u00f3n en oficinas de la Zona Comercial de YPFB en Yacuiba, los ejecutivos de Yacimientos Petrol\u00edferos Fiscales Bolivianos (YPFB) y de la Asociaci\u00f3n de Micros y Peque\u00f1os Empresarios Constructores de Yacuiba (AMPECY) llegaron a un acuerdo y empezar\u00e1n con trabajos de acometidas y reglaje para la instalaci\u00f3n de gas domiciliario.<\/p>\n<p>Ante el anuncio de medidas de presi\u00f3n por parte de esa organizaci\u00f3n debido a la demora en los trabajos para la instalaci\u00f3n de gas domiciliario, que no s\u00f3lo fue en esa regi\u00f3n sino a nivel nacional, los micro y peque\u00f1os empresarios lograron acelerar los procesos burocr\u00e1ticos.<\/p>\n<p>\u201cVamos a atender cuatro puntos para El Gran Chaco. Se coordin\u00f3 con los dirigentes de bases para que no ejecuten sus medidas de presi\u00f3n\u201d, indic\u00f3 \u00c1lex Gir\u00f3n, Distrital de Redes de Gas de Santa Cruz-Beni de YPFB, quien sostuvo la reuni\u00f3n, acompa\u00f1ado de Roberto Aldayuz, Gerente de Redes de Gas y Ductos de la estatal petrolera.<\/p>\n<p>Entre los puntos que se atender\u00e1n est\u00e1n el inicio de trabajos y acometidas y reglaje de cocina, inicio de instalaciones internas de gas domiciliario con entrega de material, sorteo de nuevos lotes para empresas que quedaron pendientes y lanzamiento de la licitaci\u00f3n del proyecto Red Secundaria para los diferentes barrios de Yacuiba.<\/p>\n<p>\u201cLa reuni\u00f3n ha quedado en buenos t\u00e9rminos, se ha dado a conocer todas las actividades que tiene la Gerencia de Redes de Gas y hemos manifestado que todos los requerimientos que tienen est\u00e1n siendo cumplidos y estamos acelerando\u201d, indic\u00f3 Aldayuz.<\/p>\n<p>Con esta reuni\u00f3n los trabajos se realizar\u00e1n de inmediato, lo que adem\u00e1s de resolver el conflicto en esta zona, reactiva la econom\u00eda local.<\/p>\n","protected":false},"excerpt":{"rendered":"<p>Tras una reuni\u00f3n en oficinas de la Zona Comercial de YPFB en Yacuiba, los ejecutivos de Yacimientos Petrol\u00edferos Fiscales Bolivianos (YPFB) y de la Asociaci\u00f3n de Micros y Peque\u00f1os Empresarios Constructores de Yacuiba (AMPECY) llegaron a un acuerdo y empezar\u00e1n con trabajos de acometidas y reglaje para la instalaci\u00f3n de gas domiciliario. Ante el anuncio [&hellip;]<\/p>\n","protected":false},"author":1,"featured_media":7621,"comment_status":"closed","ping_status":"closed","sticky":false,"template":"","format":"standard","meta":{"_acf_changed":false,"footnotes":""},"categories":[7],"tags":[],"class_list":["post-7620","post","type-post","status-publish","format-standard","has-post-thumbnail","category-economia"],"acf":{"antetitulo":""},"yoast_head":"<!-- This site is optimized with the Yoast SEO plugin v28.3 - https:\/\/yoast.com\/product\/yoast-seo-wordpress\/ -->\n<title>Acuerdan instalaci\u00f3n de gas domiciliario en Yacuiba - El Diario - Bolivia<\/title>\n<meta name=\"robots\" content=\"index, follow, max-snippet:-1, max-image-preview:large, max-video-preview:-1\" \/>\n<link rel=\"canonical\" href=\"https:\/\/www.eldiario.net\/portal\/2021\/06\/01\/acuerdan-instalacion-de-gas-domiciliario-en-yacuiba\/\" \/>\n<meta property=\"og:locale\" content=\"es_ES\" \/>\n<meta property=\"og:type\" content=\"article\" \/>\n<meta property=\"og:title\" content=\"Acuerdan instalaci\u00f3n de gas domiciliario en Yacuiba - El Diario - Bolivia\" \/>\n<meta property=\"og:description\" content=\"Tras una reuni\u00f3n en oficinas de la Zona Comercial de YPFB en Yacuiba, los ejecutivos de Yacimientos Petrol\u00edferos Fiscales Bolivianos (YPFB) y de la Asociaci\u00f3n de Micros y Peque\u00f1os Empresarios Constructores de Yacuiba (AMPECY) llegaron a un acuerdo y empezar\u00e1n con trabajos de acometidas y reglaje para la instalaci\u00f3n de gas domiciliario. Ante el anuncio [&hellip;]\" \/>\n<meta property=\"og:url\" content=\"https:\/\/www.eldiario.net\/portal\/2021\/06\/01\/acuerdan-instalacion-de-gas-domiciliario-en-yacuiba\/\" \/>\n<meta property=\"og:site_name\" content=\"El Diario - Bolivia\" \/>\n<meta property=\"article:publisher\" content=\"https:\/\/www.facebook.com\/eldiario.bolivia\/\" \/>\n<meta property=\"article:published_time\" content=\"2021-06-01T09:31:14+00:00\" \/>\n<meta name=\"author\" content=\"Jeanette\" \/>\n<meta name=\"twitter:card\" content=\"summary_large_image\" \/>\n<meta name=\"twitter:creator\" content=\"@eldiario_net\" \/>\n<meta name=\"twitter:site\" content=\"@eldiario_net\" \/>\n<meta name=\"twitter:label1\" content=\"Escrito por\" \/>\n\t<meta name=\"twitter:data1\" content=\"Jeanette\" \/>\n\t<meta name=\"twitter:label2\" content=\"Tiempo de lectura\" \/>\n\t<meta name=\"twitter:data2\" content=\"2 minutos\" \/>\n<script type=\"application\/ld+json\" class=\"yoast-schema-graph\">{\"@context\":\"https:\\\/\\\/schema.org\",\"@graph\":[{\"@type\":\"Article\",\"@id\":\"https:\\\/\\\/www.eldiario.net\\\/portal\\\/2021\\\/06\\\/01\\\/acuerdan-instalacion-de-gas-domiciliario-en-yacuiba\\\/#article\",\"isPartOf\":{\"@id\":\"https:\\\/\\\/www.eldiario.net\\\/portal\\\/2021\\\/06\\\/01\\\/acuerdan-instalacion-de-gas-domiciliario-en-yacuiba\\\/\"},\"author\":{\"name\":\"Jeanette\",\"@id\":\"https:\\\/\\\/www.eldiario.net\\\/portal\\\/#\\\/schema\\\/person\\\/f46445640444750d7d753ccd04ae01b7\"},\"headline\":\"Acuerdan instalaci\u00f3n de gas domiciliario en Yacuiba\",\"datePublished\":\"2021-06-01T09:31:14+00:00\",\"mainEntityOfPage\":{\"@id\":\"https:\\\/\\\/www.eldiario.net\\\/portal\\\/2021\\\/06\\\/01\\\/acuerdan-instalacion-de-gas-domiciliario-en-yacuiba\\\/\"},\"wordCount\":304,\"publisher\":{\"@id\":\"https:\\\/\\\/www.eldiario.net\\\/portal\\\/#organization\"},\"image\":{\"@id\":\"https:\\\/\\\/www.eldiario.net\\\/portal\\\/2021\\\/06\\\/01\\\/acuerdan-instalacion-de-gas-domiciliario-en-yacuiba\\\/#primaryimage\"},\"thumbnailUrl\":\"\",\"articleSection\":[\"Econom\u00eda\"],\"inLanguage\":\"es\"},{\"@type\":\"WebPage\",\"@id\":\"https:\\\/\\\/www.eldiario.net\\\/portal\\\/2021\\\/06\\\/01\\\/acuerdan-instalacion-de-gas-domiciliario-en-yacuiba\\\/\",\"url\":\"https:\\\/\\\/www.eldiario.net\\\/portal\\\/2021\\\/06\\\/01\\\/acuerdan-instalacion-de-gas-domiciliario-en-yacuiba\\\/\",\"name\":\"Acuerdan instalaci\u00f3n de gas domiciliario en Yacuiba - El Diario - Bolivia\",\"isPartOf\":{\"@id\":\"https:\\\/\\\/www.eldiario.net\\\/portal\\\/#website\"},\"primaryImageOfPage\":{\"@id\":\"https:\\\/\\\/www.eldiario.net\\\/portal\\\/2021\\\/06\\\/01\\\/acuerdan-instalacion-de-gas-domiciliario-en-yacuiba\\\/#primaryimage\"},\"image\":{\"@id\":\"https:\\\/\\\/www.eldiario.net\\\/portal\\\/2021\\\/06\\\/01\\\/acuerdan-instalacion-de-gas-domiciliario-en-yacuiba\\\/#primaryimage\"},\"thumbnailUrl\":\"\",\"datePublished\":\"2021-06-01T09:31:14+00:00\",\"breadcrumb\":{\"@id\":\"https:\\\/\\\/www.eldiario.net\\\/portal\\\/2021\\\/06\\\/01\\\/acuerdan-instalacion-de-gas-domiciliario-en-yacuiba\\\/#breadcrumb\"},\"inLanguage\":\"es\",\"potentialAction\":[{\"@type\":\"ReadAction\",\"target\":[\"https:\\\/\\\/www.eldiario.net\\\/portal\\\/2021\\\/06\\\/01\\\/acuerdan-instalacion-de-gas-domiciliario-en-yacuiba\\\/\"]}]},{\"@type\":\"ImageObject\",\"inLanguage\":\"es\",\"@id\":\"https:\\\/\\\/www.eldiario.net\\\/portal\\\/2021\\\/06\\\/01\\\/acuerdan-instalacion-de-gas-domiciliario-en-yacuiba\\\/#primaryimage\",\"url\":\"\",\"contentUrl\":\"\"},{\"@type\":\"BreadcrumbList\",\"@id\":\"https:\\\/\\\/www.eldiario.net\\\/portal\\\/2021\\\/06\\\/01\\\/acuerdan-instalacion-de-gas-domiciliario-en-yacuiba\\\/#breadcrumb\",\"itemListElement\":[{\"@type\":\"ListItem\",\"position\":1,\"name\":\"Portada\",\"item\":\"https:\\\/\\\/www.eldiario.net\\\/portal\\\/\"},{\"@type\":\"ListItem\",\"position\":2,\"name\":\"Acuerdan instalaci\u00f3n de gas domiciliario en Yacuiba\"}]},{\"@type\":\"WebSite\",\"@id\":\"https:\\\/\\\/www.eldiario.net\\\/portal\\\/#website\",\"url\":\"https:\\\/\\\/www.eldiario.net\\\/portal\\\/\",\"name\":\"El Diario - Decano de la prensa nacional\",\"description\":\"El Diario - Decano de la prensa nacional\",\"publisher\":{\"@id\":\"https:\\\/\\\/www.eldiario.net\\\/portal\\\/#organization\"},\"potentialAction\":[{\"@type\":\"SearchAction\",\"target\":{\"@type\":\"EntryPoint\",\"urlTemplate\":\"https:\\\/\\\/www.eldiario.net\\\/portal\\\/?s={search_term_string}\"},\"query-input\":{\"@type\":\"PropertyValueSpecification\",\"valueRequired\":true,\"valueName\":\"search_term_string\"}}],\"inLanguage\":\"es\"},{\"@type\":\"Organization\",\"@id\":\"https:\\\/\\\/www.eldiario.net\\\/portal\\\/#organization\",\"name\":\"El Diario - Decano de la prensa nacional\",\"url\":\"https:\\\/\\\/www.eldiario.net\\\/portal\\\/\",\"logo\":{\"@type\":\"ImageObject\",\"inLanguage\":\"es\",\"@id\":\"https:\\\/\\\/www.eldiario.net\\\/portal\\\/#\\\/schema\\\/logo\\\/image\\\/\",\"url\":\"https:\\\/\\\/www.eldiario.net\\\/portal\\\/wp-content\\\/uploads\\\/2023\\\/07\\\/logo_ED.jpg\",\"contentUrl\":\"https:\\\/\\\/www.eldiario.net\\\/portal\\\/wp-content\\\/uploads\\\/2023\\\/07\\\/logo_ED.jpg\",\"width\":272,\"height\":52,\"caption\":\"El Diario - Decano de la prensa nacional\"},\"image\":{\"@id\":\"https:\\\/\\\/www.eldiario.net\\\/portal\\\/#\\\/schema\\\/logo\\\/image\\\/\"},\"sameAs\":[\"https:\\\/\\\/www.facebook.com\\\/eldiario.bolivia\\\/\",\"https:\\\/\\\/x.com\\\/eldiario_net\"]},{\"@type\":\"Person\",\"@id\":\"https:\\\/\\\/www.eldiario.net\\\/portal\\\/#\\\/schema\\\/person\\\/f46445640444750d7d753ccd04ae01b7\",\"name\":\"Jeanette\",\"image\":{\"@type\":\"ImageObject\",\"inLanguage\":\"es\",\"@id\":\"https:\\\/\\\/secure.gravatar.com\\\/avatar\\\/3ea2118a5f7dad2b7138b1187a6b7ee55f160b9968b66013c3a3ef39dd7e5798?s=96&d=mm&r=g\",\"url\":\"https:\\\/\\\/secure.gravatar.com\\\/avatar\\\/3ea2118a5f7dad2b7138b1187a6b7ee55f160b9968b66013c3a3ef39dd7e5798?s=96&d=mm&r=g\",\"contentUrl\":\"https:\\\/\\\/secure.gravatar.com\\\/avatar\\\/3ea2118a5f7dad2b7138b1187a6b7ee55f160b9968b66013c3a3ef39dd7e5798?s=96&d=mm&r=g\",\"caption\":\"Jeanette\"},\"sameAs\":[\"https:\\\/\\\/www.eldiario.net\\\/portal\"],\"url\":\"https:\\\/\\\/www.eldiario.net\\\/portal\\\/author\\\/jeanette\\\/\"}]}<\/script>\n<!-- \/ Yoast SEO plugin. -->","yoast_head_json":{"title":"Acuerdan instalaci\u00f3n de gas domiciliario en Yacuiba - El Diario - Bolivia","robots":{"index":"index","follow":"follow","max-snippet":"max-snippet:-1","max-image-preview":"max-image-preview:large","max-video-preview":"max-video-preview:-1"},"canonical":"https:\/\/www.eldiario.net\/portal\/2021\/06\/01\/acuerdan-instalacion-de-gas-domiciliario-en-yacuiba\/","og_locale":"es_ES","og_type":"article","og_title":"Acuerdan instalaci\u00f3n de gas domiciliario en Yacuiba - El Diario - Bolivia","og_description":"Tras una reuni\u00f3n en oficinas de la Zona Comercial de YPFB en Yacuiba, los ejecutivos de Yacimientos Petrol\u00edferos Fiscales Bolivianos (YPFB) y de la Asociaci\u00f3n de Micros y Peque\u00f1os Empresarios Constructores de Yacuiba (AMPECY) llegaron a un acuerdo y empezar\u00e1n con trabajos de acometidas y reglaje para la instalaci\u00f3n de gas domiciliario. Ante el anuncio [&hellip;]","og_url":"https:\/\/www.eldiario.net\/portal\/2021\/06\/01\/acuerdan-instalacion-de-gas-domiciliario-en-yacuiba\/","og_site_name":"El Diario - Bolivia","article_publisher":"https:\/\/www.facebook.com\/eldiario.bolivia\/","article_published_time":"2021-06-01T09:31:14+00:00","author":"Jeanette","twitter_card":"summary_large_image","twitter_creator":"@eldiario_net","twitter_site":"@eldiario_net","twitter_misc":{"Escrito por":"Jeanette","Tiempo de lectura":"2 minutos"},"schema":{"@context":"https:\/\/schema.org","@graph":[{"@type":"Article","@id":"https:\/\/www.eldiario.net\/portal\/2021\/06\/01\/acuerdan-instalacion-de-gas-domiciliario-en-yacuiba\/#article","isPartOf":{"@id":"https:\/\/www.eldiario.net\/portal\/2021\/06\/01\/acuerdan-instalacion-de-gas-domiciliario-en-yacuiba\/"},"author":{"name":"Jeanette","@id":"https:\/\/www.eldiario.net\/portal\/#\/schema\/person\/f46445640444750d7d753ccd04ae01b7"},"headline":"Acuerdan instalaci\u00f3n de gas domiciliario en Yacuiba","datePublished":"2021-06-01T09:31:14+00:00","mainEntityOfPage":{"@id":"https:\/\/www.eldiario.net\/portal\/2021\/06\/01\/acuerdan-instalacion-de-gas-domiciliario-en-yacuiba\/"},"wordCount":304,"publisher":{"@id":"https:\/\/www.eldiario.net\/portal\/#organization"},"image":{"@id":"https:\/\/www.eldiario.net\/portal\/2021\/06\/01\/acuerdan-instalacion-de-gas-domiciliario-en-yacuiba\/#primaryimage"},"thumbnailUrl":"","articleSection":["Econom\u00eda"],"inLanguage":"es"},{"@type":"WebPage","@id":"https:\/\/www.eldiario.net\/portal\/2021\/06\/01\/acuerdan-instalacion-de-gas-domiciliario-en-yacuiba\/","url":"https:\/\/www.eldiario.net\/portal\/2021\/06\/01\/acuerdan-instalacion-de-gas-domiciliario-en-yacuiba\/","name":"Acuerdan instalaci\u00f3n de gas domiciliario en Yacuiba - El Diario - Bolivia","isPartOf":{"@id":"https:\/\/www.eldiario.net\/portal\/#website"},"primaryImageOfPage":{"@id":"https:\/\/www.eldiario.net\/portal\/2021\/06\/01\/acuerdan-instalacion-de-gas-domiciliario-en-yacuiba\/#primaryimage"},"image":{"@id":"https:\/\/www.eldiario.net\/portal\/2021\/06\/01\/acuerdan-instalacion-de-gas-domiciliario-en-yacuiba\/#primaryimage"},"thumbnailUrl":"","datePublished":"2021-06-01T09:31:14+00:00","breadcrumb":{"@id":"https:\/\/www.eldiario.net\/portal\/2021\/06\/01\/acuerdan-instalacion-de-gas-domiciliario-en-yacuiba\/#breadcrumb"},"inLanguage":"es","potentialAction":[{"@type":"ReadAction","target":["https:\/\/www.eldiario.net\/portal\/2021\/06\/01\/acuerdan-instalacion-de-gas-domiciliario-en-yacuiba\/"]}]},{"@type":"ImageObject","inLanguage":"es","@id":"https:\/\/www.eldiario.net\/portal\/2021\/06\/01\/acuerdan-instalacion-de-gas-domiciliario-en-yacuiba\/#primaryimage","url":"","contentUrl":""},{"@type":"BreadcrumbList","@id":"https:\/\/www.eldiario.net\/portal\/2021\/06\/01\/acuerdan-instalacion-de-gas-domiciliario-en-yacuiba\/#breadcrumb","itemListElement":[{"@type":"ListItem","position":1,"name":"Portada","item":"https:\/\/www.eldiario.net\/portal\/"},{"@type":"ListItem","position":2,"name":"Acuerdan instalaci\u00f3n de gas domiciliario en Yacuiba"}]},{"@type":"WebSite","@id":"https:\/\/www.eldiario.net\/portal\/#website","url":"https:\/\/www.eldiario.net\/portal\/","name":"El Diario - Decano de la prensa nacional","description":"El Diario - Decano de la prensa nacional","publisher":{"@id":"https:\/\/www.eldiario.net\/portal\/#organization"},"potentialAction":[{"@type":"SearchAction","target":{"@type":"EntryPoint","urlTemplate":"https:\/\/www.eldiario.net\/portal\/?s={search_term_string}"},"query-input":{"@type":"PropertyValueSpecification","valueRequired":true,"valueName":"search_term_string"}}],"inLanguage":"es"},{"@type":"Organization","@id":"https:\/\/www.eldiario.net\/portal\/#organization","name":"El Diario - Decano de la prensa nacional","url":"https:\/\/www.eldiario.net\/portal\/","logo":{"@type":"ImageObject","inLanguage":"es","@id":"https:\/\/www.eldiario.net\/portal\/#\/schema\/logo\/image\/","url":"https:\/\/www.eldiario.net\/portal\/wp-content\/uploads\/2023\/07\/logo_ED.jpg","contentUrl":"https:\/\/www.eldiario.net\/portal\/wp-content\/uploads\/2023\/07\/logo_ED.jpg","width":272,"height":52,"caption":"El Diario - Decano de la prensa nacional"},"image":{"@id":"https:\/\/www.eldiario.net\/portal\/#\/schema\/logo\/image\/"},"sameAs":["https:\/\/www.facebook.com\/eldiario.bolivia\/","https:\/\/x.com\/eldiario_net"]},{"@type":"Person","@id":"https:\/\/www.eldiario.net\/portal\/#\/schema\/person\/f46445640444750d7d753ccd04ae01b7","name":"Jeanette","image":{"@type":"ImageObject","inLanguage":"es","@id":"https:\/\/secure.gravatar.com\/avatar\/3ea2118a5f7dad2b7138b1187a6b7ee55f160b9968b66013c3a3ef39dd7e5798?s=96&d=mm&r=g","url":"https:\/\/secure.gravatar.com\/avatar\/3ea2118a5f7dad2b7138b1187a6b7ee55f160b9968b66013c3a3ef39dd7e5798?s=96&d=mm&r=g","contentUrl":"https:\/\/secure.gravatar.com\/avatar\/3ea2118a5f7dad2b7138b1187a6b7ee55f160b9968b66013c3a3ef39dd7e5798?s=96&d=mm&r=g","caption":"Jeanette"},"sameAs":["https:\/\/www.eldiario.net\/portal"],"url":"https:\/\/www.eldiario.net\/portal\/author\/jeanette\/"}]}},"_links":{"self":[{"href":"https:\/\/www.eldiario.net\/portal\/wp-json\/wp\/v2\/posts\/7620","targetHints":{"allow":["GET"]}}],"collection":[{"href":"https:\/\/www.eldiario.net\/portal\/wp-json\/wp\/v2\/posts"}],"about":[{"href":"https:\/\/www.eldiario.net\/portal\/wp-json\/wp\/v2\/types\/post"}],"author":[{"embeddable":true,"href":"https:\/\/www.eldiario.net\/portal\/wp-json\/wp\/v2\/users\/1"}],"replies":[{"embeddable":true,"href":"https:\/\/www.eldiario.net\/portal\/wp-json\/wp\/v2\/comments?post=7620"}],"version-history":[{"count":0,"href":"https:\/\/www.eldiario.net\/portal\/wp-json\/wp\/v2\/posts\/7620\/revisions"}],"wp:attachment":[{"href":"https:\/\/www.eldiario.net\/portal\/wp-json\/wp\/v2\/media?parent=7620"}],"wp:term":[{"taxonomy":"category","embeddable":true,"href":"https:\/\/www.eldiario.net\/portal\/wp-json\/wp\/v2\/categories?post=7620"},{"taxonomy":"post_tag","embeddable":true,"href":"https:\/\/www.eldiario.net\/portal\/wp-json\/wp\/v2\/tags?post=7620"}],"curies":[{"name":"wp","href":"https:\/\/api.w.org\/{rel}","templated":true}]}}