{"id":7617,"date":"2021-06-01T05:30:07","date_gmt":"2021-06-01T09:30:07","guid":{"rendered":"https:\/\/www.eldiario.net\/portal\/?p=7617"},"modified":"2021-06-01T05:30:07","modified_gmt":"2021-06-01T09:30:07","slug":"feria-de-contrataciones-de-ypfb-mueve-us-45-millones","status":"publish","type":"post","link":"https:\/\/www.eldiario.net\/portal\/2021\/06\/01\/feria-de-contrataciones-de-ypfb-mueve-us-45-millones\/","title":{"rendered":"Feria de Contrataciones de YPFB mueve $us 45 millones"},"content":{"rendered":"<p>La Feria de Contrataci\u00f3n de Bienes y Servicios \u2018Puertas Abiertas 2021\u2019 que concluy\u00f3 ayer y gener\u00f3 cerca de 45 millones a la econom\u00eda nacional, se plasmar\u00eda hasta finales de junio, con la adjudicaci\u00f3n de 360 procesos, seg\u00fan manifest\u00f3 el presidente ejecutivo de la estatal petrolera, Wilson Zelaya a tiempo de clausurar el evento.<\/p>\n<p>Se espera que, en los meses posteriores, aproximadamente otros 30 millones de d\u00f3lares ingresen a la econom\u00eda nacional, emergentes de los restantes procesos de adjudicaci\u00f3n, si los proponentes cumplen con todos los requerimientos t\u00e9cnicos, legales y de precios.<\/p>\n<p>Zelaya inform\u00f3 que \u201ctenemos como 430 empresas nuevas que han participado en este tipo de eventos. Con esto estamos ampliando la diversidad de proponentes de bienes y servicios y lo que nos da una luz de esperanza para la reactivaci\u00f3n econ\u00f3mica\u201d.<\/p>\n<p>Asimismo, destac\u00f3 que al momento existe un 40% de los procesos adjudicado; otro 48% de estos que han sido debidamente publicados y est\u00e1n en revisi\u00f3n; muchos de ellos en puertas de su respectiva adjudicaci\u00f3n.<\/p>\n<p>Durante 18 d\u00edas las gerencias de contrataciones de Casa Matriz, empresas filiales y subsidiarias recibieron 1.400 ofertas t\u00e9cnicas y econ\u00f3micas de los proveedores que participaron del evento. Tambi\u00e9n se abrieron sobres con las ofertas, de manera p\u00fablica y transparente, tanto presencial como virtualmente.<\/p>\n<p>\u201cCada una de estas adjudicaciones, cada peso que con esfuerzo hemos recuperado para el Plan de Inversiones de YPFB, tendr\u00e1 un impacto de mucho valor; se traduce en empresas con contratos, con actividad econ\u00f3mica que dinamizar\u00e1 el mercado, con recursos que circular\u00e1n en la econom\u00eda nacional, empresas capaces de asegurar el trabajo para sus empleados; es decir, se generar\u00e1n empleos directos y se multiplicar\u00e1n los empleos indirectos\u201d, sostuvo.<\/p>\n<p>Participaron de la clausura, adem\u00e1s, Carlos Alberto Zeballos, Gerente de Contrataciones Corporativo; Pamela Lino, Directora de Transparencia Corporativa; Gonzalo Claure, Gerente Legal de YPFB y German Jim\u00e9nez, Director Ejecutivo de la Agencia Nacional de Hidrocarburos.<\/p>\n","protected":false},"excerpt":{"rendered":"<p>La Feria de Contrataci\u00f3n de Bienes y Servicios \u2018Puertas Abiertas 2021\u2019 que concluy\u00f3 ayer y gener\u00f3 cerca de 45 millones a la econom\u00eda nacional, se plasmar\u00eda hasta finales de junio, con la adjudicaci\u00f3n de 360 procesos, seg\u00fan manifest\u00f3 el presidente ejecutivo de la estatal petrolera, Wilson Zelaya a tiempo de clausurar el evento. Se espera [&hellip;]<\/p>\n","protected":false},"author":1,"featured_media":7618,"comment_status":"closed","ping_status":"closed","sticky":false,"template":"","format":"standard","meta":{"_acf_changed":false,"footnotes":""},"categories":[7],"tags":[],"class_list":["post-7617","post","type-post","status-publish","format-standard","has-post-thumbnail","category-economia"],"acf":{"antetitulo":""},"yoast_head":"<!-- This site is optimized with the Yoast SEO plugin v28.3 - https:\/\/yoast.com\/product\/yoast-seo-wordpress\/ -->\n<title>Feria de Contrataciones de YPFB mueve $us 45 millones - El Diario - Bolivia<\/title>\n<meta name=\"robots\" content=\"index, follow, max-snippet:-1, max-image-preview:large, max-video-preview:-1\" \/>\n<link rel=\"canonical\" href=\"https:\/\/www.eldiario.net\/portal\/2021\/06\/01\/feria-de-contrataciones-de-ypfb-mueve-us-45-millones\/\" \/>\n<meta property=\"og:locale\" content=\"es_ES\" \/>\n<meta property=\"og:type\" content=\"article\" \/>\n<meta property=\"og:title\" content=\"Feria de Contrataciones de YPFB mueve $us 45 millones - El Diario - Bolivia\" \/>\n<meta property=\"og:description\" content=\"La Feria de Contrataci\u00f3n de Bienes y Servicios \u2018Puertas Abiertas 2021\u2019 que concluy\u00f3 ayer y gener\u00f3 cerca de 45 millones a la econom\u00eda nacional, se plasmar\u00eda hasta finales de junio, con la adjudicaci\u00f3n de 360 procesos, seg\u00fan manifest\u00f3 el presidente ejecutivo de la estatal petrolera, Wilson Zelaya a tiempo de clausurar el evento. Se espera [&hellip;]\" \/>\n<meta property=\"og:url\" content=\"https:\/\/www.eldiario.net\/portal\/2021\/06\/01\/feria-de-contrataciones-de-ypfb-mueve-us-45-millones\/\" \/>\n<meta property=\"og:site_name\" content=\"El Diario - Bolivia\" \/>\n<meta property=\"article:publisher\" content=\"https:\/\/www.facebook.com\/eldiario.bolivia\/\" \/>\n<meta property=\"article:published_time\" content=\"2021-06-01T09:30:07+00:00\" \/>\n<meta property=\"og:image\" content=\"https:\/\/www.eldiario.net\/portal\/wp-content\/uploads\/2021\/06\/ECON-Feria-de-Contrataciones-de.jpeg\" \/>\n\t<meta property=\"og:image:width\" content=\"1280\" \/>\n\t<meta property=\"og:image:height\" content=\"853\" \/>\n\t<meta property=\"og:image:type\" content=\"image\/jpeg\" \/>\n<meta name=\"author\" content=\"Jeanette\" \/>\n<meta name=\"twitter:card\" content=\"summary_large_image\" \/>\n<meta name=\"twitter:creator\" content=\"@eldiario_net\" \/>\n<meta name=\"twitter:site\" content=\"@eldiario_net\" \/>\n<meta name=\"twitter:label1\" content=\"Escrito por\" \/>\n\t<meta name=\"twitter:data1\" content=\"Jeanette\" \/>\n\t<meta name=\"twitter:label2\" content=\"Tiempo de lectura\" \/>\n\t<meta name=\"twitter:data2\" content=\"2 minutos\" \/>\n<script type=\"application\/ld+json\" class=\"yoast-schema-graph\">{\"@context\":\"https:\\\/\\\/schema.org\",\"@graph\":[{\"@type\":\"Article\",\"@id\":\"https:\\\/\\\/www.eldiario.net\\\/portal\\\/2021\\\/06\\\/01\\\/feria-de-contrataciones-de-ypfb-mueve-us-45-millones\\\/#article\",\"isPartOf\":{\"@id\":\"https:\\\/\\\/www.eldiario.net\\\/portal\\\/2021\\\/06\\\/01\\\/feria-de-contrataciones-de-ypfb-mueve-us-45-millones\\\/\"},\"author\":{\"name\":\"Jeanette\",\"@id\":\"https:\\\/\\\/www.eldiario.net\\\/portal\\\/#\\\/schema\\\/person\\\/f46445640444750d7d753ccd04ae01b7\"},\"headline\":\"Feria de Contrataciones de YPFB mueve $us 45 millones\",\"datePublished\":\"2021-06-01T09:30:07+00:00\",\"mainEntityOfPage\":{\"@id\":\"https:\\\/\\\/www.eldiario.net\\\/portal\\\/2021\\\/06\\\/01\\\/feria-de-contrataciones-de-ypfb-mueve-us-45-millones\\\/\"},\"wordCount\":337,\"publisher\":{\"@id\":\"https:\\\/\\\/www.eldiario.net\\\/portal\\\/#organization\"},\"image\":{\"@id\":\"https:\\\/\\\/www.eldiario.net\\\/portal\\\/2021\\\/06\\\/01\\\/feria-de-contrataciones-de-ypfb-mueve-us-45-millones\\\/#primaryimage\"},\"thumbnailUrl\":\"https:\\\/\\\/www.eldiario.net\\\/portal\\\/wp-content\\\/uploads\\\/2021\\\/06\\\/ECON-Feria-de-Contrataciones-de.jpeg\",\"articleSection\":[\"Econom\u00eda\"],\"inLanguage\":\"es\"},{\"@type\":\"WebPage\",\"@id\":\"https:\\\/\\\/www.eldiario.net\\\/portal\\\/2021\\\/06\\\/01\\\/feria-de-contrataciones-de-ypfb-mueve-us-45-millones\\\/\",\"url\":\"https:\\\/\\\/www.eldiario.net\\\/portal\\\/2021\\\/06\\\/01\\\/feria-de-contrataciones-de-ypfb-mueve-us-45-millones\\\/\",\"name\":\"Feria de Contrataciones de YPFB mueve $us 45 millones - El Diario - Bolivia\",\"isPartOf\":{\"@id\":\"https:\\\/\\\/www.eldiario.net\\\/portal\\\/#website\"},\"primaryImageOfPage\":{\"@id\":\"https:\\\/\\\/www.eldiario.net\\\/portal\\\/2021\\\/06\\\/01\\\/feria-de-contrataciones-de-ypfb-mueve-us-45-millones\\\/#primaryimage\"},\"image\":{\"@id\":\"https:\\\/\\\/www.eldiario.net\\\/portal\\\/2021\\\/06\\\/01\\\/feria-de-contrataciones-de-ypfb-mueve-us-45-millones\\\/#primaryimage\"},\"thumbnailUrl\":\"https:\\\/\\\/www.eldiario.net\\\/portal\\\/wp-content\\\/uploads\\\/2021\\\/06\\\/ECON-Feria-de-Contrataciones-de.jpeg\",\"datePublished\":\"2021-06-01T09:30:07+00:00\",\"breadcrumb\":{\"@id\":\"https:\\\/\\\/www.eldiario.net\\\/portal\\\/2021\\\/06\\\/01\\\/feria-de-contrataciones-de-ypfb-mueve-us-45-millones\\\/#breadcrumb\"},\"inLanguage\":\"es\",\"potentialAction\":[{\"@type\":\"ReadAction\",\"target\":[\"https:\\\/\\\/www.eldiario.net\\\/portal\\\/2021\\\/06\\\/01\\\/feria-de-contrataciones-de-ypfb-mueve-us-45-millones\\\/\"]}]},{\"@type\":\"ImageObject\",\"inLanguage\":\"es\",\"@id\":\"https:\\\/\\\/www.eldiario.net\\\/portal\\\/2021\\\/06\\\/01\\\/feria-de-contrataciones-de-ypfb-mueve-us-45-millones\\\/#primaryimage\",\"url\":\"https:\\\/\\\/www.eldiario.net\\\/portal\\\/wp-content\\\/uploads\\\/2021\\\/06\\\/ECON-Feria-de-Contrataciones-de.jpeg\",\"contentUrl\":\"https:\\\/\\\/www.eldiario.net\\\/portal\\\/wp-content\\\/uploads\\\/2021\\\/06\\\/ECON-Feria-de-Contrataciones-de.jpeg\",\"width\":1280,\"height\":853},{\"@type\":\"BreadcrumbList\",\"@id\":\"https:\\\/\\\/www.eldiario.net\\\/portal\\\/2021\\\/06\\\/01\\\/feria-de-contrataciones-de-ypfb-mueve-us-45-millones\\\/#breadcrumb\",\"itemListElement\":[{\"@type\":\"ListItem\",\"position\":1,\"name\":\"Portada\",\"item\":\"https:\\\/\\\/www.eldiario.net\\\/portal\\\/\"},{\"@type\":\"ListItem\",\"position\":2,\"name\":\"Feria de Contrataciones de YPFB mueve $us 45 millones\"}]},{\"@type\":\"WebSite\",\"@id\":\"https:\\\/\\\/www.eldiario.net\\\/portal\\\/#website\",\"url\":\"https:\\\/\\\/www.eldiario.net\\\/portal\\\/\",\"name\":\"El Diario - Decano de la prensa nacional\",\"description\":\"El Diario - Decano de la prensa nacional\",\"publisher\":{\"@id\":\"https:\\\/\\\/www.eldiario.net\\\/portal\\\/#organization\"},\"potentialAction\":[{\"@type\":\"SearchAction\",\"target\":{\"@type\":\"EntryPoint\",\"urlTemplate\":\"https:\\\/\\\/www.eldiario.net\\\/portal\\\/?s={search_term_string}\"},\"query-input\":{\"@type\":\"PropertyValueSpecification\",\"valueRequired\":true,\"valueName\":\"search_term_string\"}}],\"inLanguage\":\"es\"},{\"@type\":\"Organization\",\"@id\":\"https:\\\/\\\/www.eldiario.net\\\/portal\\\/#organization\",\"name\":\"El Diario - Decano de la prensa nacional\",\"url\":\"https:\\\/\\\/www.eldiario.net\\\/portal\\\/\",\"logo\":{\"@type\":\"ImageObject\",\"inLanguage\":\"es\",\"@id\":\"https:\\\/\\\/www.eldiario.net\\\/portal\\\/#\\\/schema\\\/logo\\\/image\\\/\",\"url\":\"https:\\\/\\\/www.eldiario.net\\\/portal\\\/wp-content\\\/uploads\\\/2023\\\/07\\\/logo_ED.jpg\",\"contentUrl\":\"https:\\\/\\\/www.eldiario.net\\\/portal\\\/wp-content\\\/uploads\\\/2023\\\/07\\\/logo_ED.jpg\",\"width\":272,\"height\":52,\"caption\":\"El Diario - Decano de la prensa nacional\"},\"image\":{\"@id\":\"https:\\\/\\\/www.eldiario.net\\\/portal\\\/#\\\/schema\\\/logo\\\/image\\\/\"},\"sameAs\":[\"https:\\\/\\\/www.facebook.com\\\/eldiario.bolivia\\\/\",\"https:\\\/\\\/x.com\\\/eldiario_net\"]},{\"@type\":\"Person\",\"@id\":\"https:\\\/\\\/www.eldiario.net\\\/portal\\\/#\\\/schema\\\/person\\\/f46445640444750d7d753ccd04ae01b7\",\"name\":\"Jeanette\",\"image\":{\"@type\":\"ImageObject\",\"inLanguage\":\"es\",\"@id\":\"https:\\\/\\\/secure.gravatar.com\\\/avatar\\\/3ea2118a5f7dad2b7138b1187a6b7ee55f160b9968b66013c3a3ef39dd7e5798?s=96&d=mm&r=g\",\"url\":\"https:\\\/\\\/secure.gravatar.com\\\/avatar\\\/3ea2118a5f7dad2b7138b1187a6b7ee55f160b9968b66013c3a3ef39dd7e5798?s=96&d=mm&r=g\",\"contentUrl\":\"https:\\\/\\\/secure.gravatar.com\\\/avatar\\\/3ea2118a5f7dad2b7138b1187a6b7ee55f160b9968b66013c3a3ef39dd7e5798?s=96&d=mm&r=g\",\"caption\":\"Jeanette\"},\"sameAs\":[\"https:\\\/\\\/www.eldiario.net\\\/portal\"],\"url\":\"https:\\\/\\\/www.eldiario.net\\\/portal\\\/author\\\/jeanette\\\/\"}]}<\/script>\n<!-- \/ Yoast SEO plugin. -->","yoast_head_json":{"title":"Feria de Contrataciones de YPFB mueve $us 45 millones - El Diario - Bolivia","robots":{"index":"index","follow":"follow","max-snippet":"max-snippet:-1","max-image-preview":"max-image-preview:large","max-video-preview":"max-video-preview:-1"},"canonical":"https:\/\/www.eldiario.net\/portal\/2021\/06\/01\/feria-de-contrataciones-de-ypfb-mueve-us-45-millones\/","og_locale":"es_ES","og_type":"article","og_title":"Feria de Contrataciones de YPFB mueve $us 45 millones - El Diario - Bolivia","og_description":"La Feria de Contrataci\u00f3n de Bienes y Servicios \u2018Puertas Abiertas 2021\u2019 que concluy\u00f3 ayer y gener\u00f3 cerca de 45 millones a la econom\u00eda nacional, se plasmar\u00eda hasta finales de junio, con la adjudicaci\u00f3n de 360 procesos, seg\u00fan manifest\u00f3 el presidente ejecutivo de la estatal petrolera, Wilson Zelaya a tiempo de clausurar el evento. Se espera [&hellip;]","og_url":"https:\/\/www.eldiario.net\/portal\/2021\/06\/01\/feria-de-contrataciones-de-ypfb-mueve-us-45-millones\/","og_site_name":"El Diario - Bolivia","article_publisher":"https:\/\/www.facebook.com\/eldiario.bolivia\/","article_published_time":"2021-06-01T09:30:07+00:00","og_image":[{"width":1280,"height":853,"url":"https:\/\/www.eldiario.net\/portal\/wp-content\/uploads\/2021\/06\/ECON-Feria-de-Contrataciones-de.jpeg","type":"image\/jpeg"}],"author":"Jeanette","twitter_card":"summary_large_image","twitter_creator":"@eldiario_net","twitter_site":"@eldiario_net","twitter_misc":{"Escrito por":"Jeanette","Tiempo de lectura":"2 minutos"},"schema":{"@context":"https:\/\/schema.org","@graph":[{"@type":"Article","@id":"https:\/\/www.eldiario.net\/portal\/2021\/06\/01\/feria-de-contrataciones-de-ypfb-mueve-us-45-millones\/#article","isPartOf":{"@id":"https:\/\/www.eldiario.net\/portal\/2021\/06\/01\/feria-de-contrataciones-de-ypfb-mueve-us-45-millones\/"},"author":{"name":"Jeanette","@id":"https:\/\/www.eldiario.net\/portal\/#\/schema\/person\/f46445640444750d7d753ccd04ae01b7"},"headline":"Feria de Contrataciones de YPFB mueve $us 45 millones","datePublished":"2021-06-01T09:30:07+00:00","mainEntityOfPage":{"@id":"https:\/\/www.eldiario.net\/portal\/2021\/06\/01\/feria-de-contrataciones-de-ypfb-mueve-us-45-millones\/"},"wordCount":337,"publisher":{"@id":"https:\/\/www.eldiario.net\/portal\/#organization"},"image":{"@id":"https:\/\/www.eldiario.net\/portal\/2021\/06\/01\/feria-de-contrataciones-de-ypfb-mueve-us-45-millones\/#primaryimage"},"thumbnailUrl":"https:\/\/www.eldiario.net\/portal\/wp-content\/uploads\/2021\/06\/ECON-Feria-de-Contrataciones-de.jpeg","articleSection":["Econom\u00eda"],"inLanguage":"es"},{"@type":"WebPage","@id":"https:\/\/www.eldiario.net\/portal\/2021\/06\/01\/feria-de-contrataciones-de-ypfb-mueve-us-45-millones\/","url":"https:\/\/www.eldiario.net\/portal\/2021\/06\/01\/feria-de-contrataciones-de-ypfb-mueve-us-45-millones\/","name":"Feria de Contrataciones de YPFB mueve $us 45 millones - El Diario - Bolivia","isPartOf":{"@id":"https:\/\/www.eldiario.net\/portal\/#website"},"primaryImageOfPage":{"@id":"https:\/\/www.eldiario.net\/portal\/2021\/06\/01\/feria-de-contrataciones-de-ypfb-mueve-us-45-millones\/#primaryimage"},"image":{"@id":"https:\/\/www.eldiario.net\/portal\/2021\/06\/01\/feria-de-contrataciones-de-ypfb-mueve-us-45-millones\/#primaryimage"},"thumbnailUrl":"https:\/\/www.eldiario.net\/portal\/wp-content\/uploads\/2021\/06\/ECON-Feria-de-Contrataciones-de.jpeg","datePublished":"2021-06-01T09:30:07+00:00","breadcrumb":{"@id":"https:\/\/www.eldiario.net\/portal\/2021\/06\/01\/feria-de-contrataciones-de-ypfb-mueve-us-45-millones\/#breadcrumb"},"inLanguage":"es","potentialAction":[{"@type":"ReadAction","target":["https:\/\/www.eldiario.net\/portal\/2021\/06\/01\/feria-de-contrataciones-de-ypfb-mueve-us-45-millones\/"]}]},{"@type":"ImageObject","inLanguage":"es","@id":"https:\/\/www.eldiario.net\/portal\/2021\/06\/01\/feria-de-contrataciones-de-ypfb-mueve-us-45-millones\/#primaryimage","url":"https:\/\/www.eldiario.net\/portal\/wp-content\/uploads\/2021\/06\/ECON-Feria-de-Contrataciones-de.jpeg","contentUrl":"https:\/\/www.eldiario.net\/portal\/wp-content\/uploads\/2021\/06\/ECON-Feria-de-Contrataciones-de.jpeg","width":1280,"height":853},{"@type":"BreadcrumbList","@id":"https:\/\/www.eldiario.net\/portal\/2021\/06\/01\/feria-de-contrataciones-de-ypfb-mueve-us-45-millones\/#breadcrumb","itemListElement":[{"@type":"ListItem","position":1,"name":"Portada","item":"https:\/\/www.eldiario.net\/portal\/"},{"@type":"ListItem","position":2,"name":"Feria de Contrataciones de YPFB mueve $us 45 millones"}]},{"@type":"WebSite","@id":"https:\/\/www.eldiario.net\/portal\/#website","url":"https:\/\/www.eldiario.net\/portal\/","name":"El Diario - Decano de la prensa nacional","description":"El Diario - Decano de la prensa nacional","publisher":{"@id":"https:\/\/www.eldiario.net\/portal\/#organization"},"potentialAction":[{"@type":"SearchAction","target":{"@type":"EntryPoint","urlTemplate":"https:\/\/www.eldiario.net\/portal\/?s={search_term_string}"},"query-input":{"@type":"PropertyValueSpecification","valueRequired":true,"valueName":"search_term_string"}}],"inLanguage":"es"},{"@type":"Organization","@id":"https:\/\/www.eldiario.net\/portal\/#organization","name":"El Diario - Decano de la prensa nacional","url":"https:\/\/www.eldiario.net\/portal\/","logo":{"@type":"ImageObject","inLanguage":"es","@id":"https:\/\/www.eldiario.net\/portal\/#\/schema\/logo\/image\/","url":"https:\/\/www.eldiario.net\/portal\/wp-content\/uploads\/2023\/07\/logo_ED.jpg","contentUrl":"https:\/\/www.eldiario.net\/portal\/wp-content\/uploads\/2023\/07\/logo_ED.jpg","width":272,"height":52,"caption":"El Diario - Decano de la prensa nacional"},"image":{"@id":"https:\/\/www.eldiario.net\/portal\/#\/schema\/logo\/image\/"},"sameAs":["https:\/\/www.facebook.com\/eldiario.bolivia\/","https:\/\/x.com\/eldiario_net"]},{"@type":"Person","@id":"https:\/\/www.eldiario.net\/portal\/#\/schema\/person\/f46445640444750d7d753ccd04ae01b7","name":"Jeanette","image":{"@type":"ImageObject","inLanguage":"es","@id":"https:\/\/secure.gravatar.com\/avatar\/3ea2118a5f7dad2b7138b1187a6b7ee55f160b9968b66013c3a3ef39dd7e5798?s=96&d=mm&r=g","url":"https:\/\/secure.gravatar.com\/avatar\/3ea2118a5f7dad2b7138b1187a6b7ee55f160b9968b66013c3a3ef39dd7e5798?s=96&d=mm&r=g","contentUrl":"https:\/\/secure.gravatar.com\/avatar\/3ea2118a5f7dad2b7138b1187a6b7ee55f160b9968b66013c3a3ef39dd7e5798?s=96&d=mm&r=g","caption":"Jeanette"},"sameAs":["https:\/\/www.eldiario.net\/portal"],"url":"https:\/\/www.eldiario.net\/portal\/author\/jeanette\/"}]}},"_links":{"self":[{"href":"https:\/\/www.eldiario.net\/portal\/wp-json\/wp\/v2\/posts\/7617","targetHints":{"allow":["GET"]}}],"collection":[{"href":"https:\/\/www.eldiario.net\/portal\/wp-json\/wp\/v2\/posts"}],"about":[{"href":"https:\/\/www.eldiario.net\/portal\/wp-json\/wp\/v2\/types\/post"}],"author":[{"embeddable":true,"href":"https:\/\/www.eldiario.net\/portal\/wp-json\/wp\/v2\/users\/1"}],"replies":[{"embeddable":true,"href":"https:\/\/www.eldiario.net\/portal\/wp-json\/wp\/v2\/comments?post=7617"}],"version-history":[{"count":0,"href":"https:\/\/www.eldiario.net\/portal\/wp-json\/wp\/v2\/posts\/7617\/revisions"}],"wp:featuredmedia":[{"embeddable":true,"href":"https:\/\/www.eldiario.net\/portal\/wp-json\/wp\/v2\/media\/7618"}],"wp:attachment":[{"href":"https:\/\/www.eldiario.net\/portal\/wp-json\/wp\/v2\/media?parent=7617"}],"wp:term":[{"taxonomy":"category","embeddable":true,"href":"https:\/\/www.eldiario.net\/portal\/wp-json\/wp\/v2\/categories?post=7617"},{"taxonomy":"post_tag","embeddable":true,"href":"https:\/\/www.eldiario.net\/portal\/wp-json\/wp\/v2\/tags?post=7617"}],"curies":[{"name":"wp","href":"https:\/\/api.w.org\/{rel}","templated":true}]}}