{"id":76166,"date":"2022-04-12T06:18:31","date_gmt":"2022-04-12T10:18:31","guid":{"rendered":"https:\/\/www.eldiario.net\/portal\/?p=76166"},"modified":"2022-04-12T06:18:31","modified_gmt":"2022-04-12T10:18:31","slug":"ucrania-acusa-a-rusia-de-torturas-y-ejecuciones-mariupol","status":"publish","type":"post","link":"https:\/\/www.eldiario.net\/portal\/2022\/04\/12\/ucrania-acusa-a-rusia-de-torturas-y-ejecuciones-mariupol\/","title":{"rendered":"Ucrania acusa a Rusia de  torturas y ejecuciones Mari\u00fapol"},"content":{"rendered":"<p>Kiev.- Ucrania inform\u00f3 ayer que decenas de millas de personas probablemente fallecieron en el asalto de Rusia a la ciudad de Mari\u00fapol, en el sureste del pa\u00eds, mientras que la defensora de los derechos humanos del pa\u00eds acus\u00f3 a las fuerzas rusas en la regi\u00f3n de torturas y ejecuciones.<\/p>\n<p>Reuters consolid\u00f3 la destrucci\u00f3n generalizada en Mari\u00fapol, pero no pudo verificar los presuntos cr\u00edmenes o la estimaci\u00f3n de los muertos en la ciudad estrat\u00e9gica, que se encuentra entre Crimea, anexada por Rusia, y las \u00e1reas del este de Ucrania en manos de los separatistas prorrusos.<\/p>\n<p>\u00abMari\u00fapol ha sido destruido, hay decenas de miles de muertos, pero incluso a pesar de esto, los rusos no dejan su ofensiva\u00bb, dijo el presidente Volod\u00edmir Zelenski en un discurso en video a legisladores surcoreanos sin dar m\u00e1s detalles.<\/p>\n<p>Si se confirma, ser\u00eda con mucho el mayor n\u00famero de muertos hasta ahora en un lugar de Ucrania, donde ciudades, pueblos y aldeas han sido objeto de bombardeos implacables y se han visto cuerpos, incluidos civiles, en las calles.<\/p>\n<p>El jefe de la autoproclamada Rep\u00fablica Popular de Donetsk, respaldada por Rusia, Denis Pushilin, indic\u00f3 ayer a la agencia de noticias rusa RIA que m\u00e1s de 5.000 personas podr\u00edan haber muerto en Mari\u00fapol, y que las fuerzas ucranianas eran las responsables.<\/p>\n<p>El n\u00famero de personas que abandonaron la ciudad ha disminuido porque las fuerzas rusas han ralentizado los controles previos a la salida, se\u00f1al\u00f3 ayer Petro Andryushchenko, asistente del alcalde de Mari\u00fapol, en el servicio de mensajer\u00eda Telegram.<\/p>\n<p>Unas 10.000 personas esperaban que las fuerzas rusas las examinaran, dijo Andryushchenko.\u00a0Rusia no permite que el personal militar vaya con los evacuados civiles.\u00a0No hubo comentarios inmediatos de Mosc\u00fa, que anteriormente culp\u00f3 a Ucrania de bloquear las evacuaciones. (Reuters)<\/p>\n<p>&nbsp;<\/p>\n","protected":false},"excerpt":{"rendered":"<p>Kiev.- Ucrania inform\u00f3 ayer que decenas de millas de personas probablemente fallecieron en el asalto de Rusia a la ciudad de Mari\u00fapol, en el sureste del pa\u00eds, mientras que la defensora de los derechos humanos del pa\u00eds acus\u00f3 a las fuerzas rusas en la regi\u00f3n de torturas y ejecuciones. Reuters consolid\u00f3 la destrucci\u00f3n generalizada en [&hellip;]<\/p>\n","protected":false},"author":1,"featured_media":76167,"comment_status":"closed","ping_status":"closed","sticky":false,"template":"","format":"standard","meta":{"_acf_changed":false,"footnotes":""},"categories":[15],"tags":[],"class_list":["post-76166","post","type-post","status-publish","format-standard","has-post-thumbnail","category-portada"],"acf":{"antetitulo":""},"yoast_head":"<!-- This site is optimized with the Yoast SEO plugin v28.3 - https:\/\/yoast.com\/product\/yoast-seo-wordpress\/ -->\n<title>Ucrania acusa a Rusia de torturas y ejecuciones Mari\u00fapol - El Diario - Bolivia<\/title>\n<meta name=\"robots\" content=\"index, follow, max-snippet:-1, max-image-preview:large, max-video-preview:-1\" \/>\n<link rel=\"canonical\" href=\"https:\/\/www.eldiario.net\/portal\/2022\/04\/12\/ucrania-acusa-a-rusia-de-torturas-y-ejecuciones-mariupol\/\" \/>\n<meta property=\"og:locale\" content=\"es_ES\" \/>\n<meta property=\"og:type\" content=\"article\" \/>\n<meta property=\"og:title\" content=\"Ucrania acusa a Rusia de torturas y ejecuciones Mari\u00fapol - El Diario - Bolivia\" \/>\n<meta property=\"og:description\" content=\"Kiev.- Ucrania inform\u00f3 ayer que decenas de millas de personas probablemente fallecieron en el asalto de Rusia a la ciudad de Mari\u00fapol, en el sureste del pa\u00eds, mientras que la defensora de los derechos humanos del pa\u00eds acus\u00f3 a las fuerzas rusas en la regi\u00f3n de torturas y ejecuciones. Reuters consolid\u00f3 la destrucci\u00f3n generalizada en [&hellip;]\" \/>\n<meta property=\"og:url\" content=\"https:\/\/www.eldiario.net\/portal\/2022\/04\/12\/ucrania-acusa-a-rusia-de-torturas-y-ejecuciones-mariupol\/\" \/>\n<meta property=\"og:site_name\" content=\"El Diario - Bolivia\" \/>\n<meta property=\"article:publisher\" content=\"https:\/\/www.facebook.com\/eldiario.bolivia\/\" \/>\n<meta property=\"article:published_time\" content=\"2022-04-12T10:18:31+00:00\" \/>\n<meta name=\"author\" content=\"Jeanette\" \/>\n<meta name=\"twitter:card\" content=\"summary_large_image\" \/>\n<meta name=\"twitter:creator\" content=\"@eldiario_net\" \/>\n<meta name=\"twitter:site\" content=\"@eldiario_net\" \/>\n<meta name=\"twitter:label1\" content=\"Escrito por\" \/>\n\t<meta name=\"twitter:data1\" content=\"Jeanette\" \/>\n\t<meta name=\"twitter:label2\" content=\"Tiempo de lectura\" \/>\n\t<meta name=\"twitter:data2\" content=\"2 minutos\" \/>\n<script type=\"application\/ld+json\" class=\"yoast-schema-graph\">{\"@context\":\"https:\\\/\\\/schema.org\",\"@graph\":[{\"@type\":\"Article\",\"@id\":\"https:\\\/\\\/www.eldiario.net\\\/portal\\\/2022\\\/04\\\/12\\\/ucrania-acusa-a-rusia-de-torturas-y-ejecuciones-mariupol\\\/#article\",\"isPartOf\":{\"@id\":\"https:\\\/\\\/www.eldiario.net\\\/portal\\\/2022\\\/04\\\/12\\\/ucrania-acusa-a-rusia-de-torturas-y-ejecuciones-mariupol\\\/\"},\"author\":{\"name\":\"Jeanette\",\"@id\":\"https:\\\/\\\/www.eldiario.net\\\/portal\\\/#\\\/schema\\\/person\\\/f46445640444750d7d753ccd04ae01b7\"},\"headline\":\"Ucrania acusa a Rusia de torturas y ejecuciones Mari\u00fapol\",\"datePublished\":\"2022-04-12T10:18:31+00:00\",\"mainEntityOfPage\":{\"@id\":\"https:\\\/\\\/www.eldiario.net\\\/portal\\\/2022\\\/04\\\/12\\\/ucrania-acusa-a-rusia-de-torturas-y-ejecuciones-mariupol\\\/\"},\"wordCount\":322,\"publisher\":{\"@id\":\"https:\\\/\\\/www.eldiario.net\\\/portal\\\/#organization\"},\"image\":{\"@id\":\"https:\\\/\\\/www.eldiario.net\\\/portal\\\/2022\\\/04\\\/12\\\/ucrania-acusa-a-rusia-de-torturas-y-ejecuciones-mariupol\\\/#primaryimage\"},\"thumbnailUrl\":\"\",\"articleSection\":[\"Portada\"],\"inLanguage\":\"es\"},{\"@type\":\"WebPage\",\"@id\":\"https:\\\/\\\/www.eldiario.net\\\/portal\\\/2022\\\/04\\\/12\\\/ucrania-acusa-a-rusia-de-torturas-y-ejecuciones-mariupol\\\/\",\"url\":\"https:\\\/\\\/www.eldiario.net\\\/portal\\\/2022\\\/04\\\/12\\\/ucrania-acusa-a-rusia-de-torturas-y-ejecuciones-mariupol\\\/\",\"name\":\"Ucrania acusa a Rusia de torturas y ejecuciones Mari\u00fapol - El Diario - Bolivia\",\"isPartOf\":{\"@id\":\"https:\\\/\\\/www.eldiario.net\\\/portal\\\/#website\"},\"primaryImageOfPage\":{\"@id\":\"https:\\\/\\\/www.eldiario.net\\\/portal\\\/2022\\\/04\\\/12\\\/ucrania-acusa-a-rusia-de-torturas-y-ejecuciones-mariupol\\\/#primaryimage\"},\"image\":{\"@id\":\"https:\\\/\\\/www.eldiario.net\\\/portal\\\/2022\\\/04\\\/12\\\/ucrania-acusa-a-rusia-de-torturas-y-ejecuciones-mariupol\\\/#primaryimage\"},\"thumbnailUrl\":\"\",\"datePublished\":\"2022-04-12T10:18:31+00:00\",\"breadcrumb\":{\"@id\":\"https:\\\/\\\/www.eldiario.net\\\/portal\\\/2022\\\/04\\\/12\\\/ucrania-acusa-a-rusia-de-torturas-y-ejecuciones-mariupol\\\/#breadcrumb\"},\"inLanguage\":\"es\",\"potentialAction\":[{\"@type\":\"ReadAction\",\"target\":[\"https:\\\/\\\/www.eldiario.net\\\/portal\\\/2022\\\/04\\\/12\\\/ucrania-acusa-a-rusia-de-torturas-y-ejecuciones-mariupol\\\/\"]}]},{\"@type\":\"ImageObject\",\"inLanguage\":\"es\",\"@id\":\"https:\\\/\\\/www.eldiario.net\\\/portal\\\/2022\\\/04\\\/12\\\/ucrania-acusa-a-rusia-de-torturas-y-ejecuciones-mariupol\\\/#primaryimage\",\"url\":\"\",\"contentUrl\":\"\"},{\"@type\":\"BreadcrumbList\",\"@id\":\"https:\\\/\\\/www.eldiario.net\\\/portal\\\/2022\\\/04\\\/12\\\/ucrania-acusa-a-rusia-de-torturas-y-ejecuciones-mariupol\\\/#breadcrumb\",\"itemListElement\":[{\"@type\":\"ListItem\",\"position\":1,\"name\":\"Portada\",\"item\":\"https:\\\/\\\/www.eldiario.net\\\/portal\\\/\"},{\"@type\":\"ListItem\",\"position\":2,\"name\":\"Ucrania acusa a Rusia de torturas y ejecuciones Mari\u00fapol\"}]},{\"@type\":\"WebSite\",\"@id\":\"https:\\\/\\\/www.eldiario.net\\\/portal\\\/#website\",\"url\":\"https:\\\/\\\/www.eldiario.net\\\/portal\\\/\",\"name\":\"El Diario - Decano de la prensa nacional\",\"description\":\"El Diario - Decano de la prensa nacional\",\"publisher\":{\"@id\":\"https:\\\/\\\/www.eldiario.net\\\/portal\\\/#organization\"},\"potentialAction\":[{\"@type\":\"SearchAction\",\"target\":{\"@type\":\"EntryPoint\",\"urlTemplate\":\"https:\\\/\\\/www.eldiario.net\\\/portal\\\/?s={search_term_string}\"},\"query-input\":{\"@type\":\"PropertyValueSpecification\",\"valueRequired\":true,\"valueName\":\"search_term_string\"}}],\"inLanguage\":\"es\"},{\"@type\":\"Organization\",\"@id\":\"https:\\\/\\\/www.eldiario.net\\\/portal\\\/#organization\",\"name\":\"El Diario - Decano de la prensa nacional\",\"url\":\"https:\\\/\\\/www.eldiario.net\\\/portal\\\/\",\"logo\":{\"@type\":\"ImageObject\",\"inLanguage\":\"es\",\"@id\":\"https:\\\/\\\/www.eldiario.net\\\/portal\\\/#\\\/schema\\\/logo\\\/image\\\/\",\"url\":\"https:\\\/\\\/www.eldiario.net\\\/portal\\\/wp-content\\\/uploads\\\/2023\\\/07\\\/logo_ED.jpg\",\"contentUrl\":\"https:\\\/\\\/www.eldiario.net\\\/portal\\\/wp-content\\\/uploads\\\/2023\\\/07\\\/logo_ED.jpg\",\"width\":272,\"height\":52,\"caption\":\"El Diario - Decano de la prensa nacional\"},\"image\":{\"@id\":\"https:\\\/\\\/www.eldiario.net\\\/portal\\\/#\\\/schema\\\/logo\\\/image\\\/\"},\"sameAs\":[\"https:\\\/\\\/www.facebook.com\\\/eldiario.bolivia\\\/\",\"https:\\\/\\\/x.com\\\/eldiario_net\"]},{\"@type\":\"Person\",\"@id\":\"https:\\\/\\\/www.eldiario.net\\\/portal\\\/#\\\/schema\\\/person\\\/f46445640444750d7d753ccd04ae01b7\",\"name\":\"Jeanette\",\"image\":{\"@type\":\"ImageObject\",\"inLanguage\":\"es\",\"@id\":\"https:\\\/\\\/secure.gravatar.com\\\/avatar\\\/3ea2118a5f7dad2b7138b1187a6b7ee55f160b9968b66013c3a3ef39dd7e5798?s=96&d=mm&r=g\",\"url\":\"https:\\\/\\\/secure.gravatar.com\\\/avatar\\\/3ea2118a5f7dad2b7138b1187a6b7ee55f160b9968b66013c3a3ef39dd7e5798?s=96&d=mm&r=g\",\"contentUrl\":\"https:\\\/\\\/secure.gravatar.com\\\/avatar\\\/3ea2118a5f7dad2b7138b1187a6b7ee55f160b9968b66013c3a3ef39dd7e5798?s=96&d=mm&r=g\",\"caption\":\"Jeanette\"},\"sameAs\":[\"https:\\\/\\\/www.eldiario.net\\\/portal\"],\"url\":\"https:\\\/\\\/www.eldiario.net\\\/portal\\\/author\\\/jeanette\\\/\"}]}<\/script>\n<!-- \/ Yoast SEO plugin. -->","yoast_head_json":{"title":"Ucrania acusa a Rusia de torturas y ejecuciones Mari\u00fapol - El Diario - Bolivia","robots":{"index":"index","follow":"follow","max-snippet":"max-snippet:-1","max-image-preview":"max-image-preview:large","max-video-preview":"max-video-preview:-1"},"canonical":"https:\/\/www.eldiario.net\/portal\/2022\/04\/12\/ucrania-acusa-a-rusia-de-torturas-y-ejecuciones-mariupol\/","og_locale":"es_ES","og_type":"article","og_title":"Ucrania acusa a Rusia de torturas y ejecuciones Mari\u00fapol - El Diario - Bolivia","og_description":"Kiev.- Ucrania inform\u00f3 ayer que decenas de millas de personas probablemente fallecieron en el asalto de Rusia a la ciudad de Mari\u00fapol, en el sureste del pa\u00eds, mientras que la defensora de los derechos humanos del pa\u00eds acus\u00f3 a las fuerzas rusas en la regi\u00f3n de torturas y ejecuciones. Reuters consolid\u00f3 la destrucci\u00f3n generalizada en [&hellip;]","og_url":"https:\/\/www.eldiario.net\/portal\/2022\/04\/12\/ucrania-acusa-a-rusia-de-torturas-y-ejecuciones-mariupol\/","og_site_name":"El Diario - Bolivia","article_publisher":"https:\/\/www.facebook.com\/eldiario.bolivia\/","article_published_time":"2022-04-12T10:18:31+00:00","author":"Jeanette","twitter_card":"summary_large_image","twitter_creator":"@eldiario_net","twitter_site":"@eldiario_net","twitter_misc":{"Escrito por":"Jeanette","Tiempo de lectura":"2 minutos"},"schema":{"@context":"https:\/\/schema.org","@graph":[{"@type":"Article","@id":"https:\/\/www.eldiario.net\/portal\/2022\/04\/12\/ucrania-acusa-a-rusia-de-torturas-y-ejecuciones-mariupol\/#article","isPartOf":{"@id":"https:\/\/www.eldiario.net\/portal\/2022\/04\/12\/ucrania-acusa-a-rusia-de-torturas-y-ejecuciones-mariupol\/"},"author":{"name":"Jeanette","@id":"https:\/\/www.eldiario.net\/portal\/#\/schema\/person\/f46445640444750d7d753ccd04ae01b7"},"headline":"Ucrania acusa a Rusia de torturas y ejecuciones Mari\u00fapol","datePublished":"2022-04-12T10:18:31+00:00","mainEntityOfPage":{"@id":"https:\/\/www.eldiario.net\/portal\/2022\/04\/12\/ucrania-acusa-a-rusia-de-torturas-y-ejecuciones-mariupol\/"},"wordCount":322,"publisher":{"@id":"https:\/\/www.eldiario.net\/portal\/#organization"},"image":{"@id":"https:\/\/www.eldiario.net\/portal\/2022\/04\/12\/ucrania-acusa-a-rusia-de-torturas-y-ejecuciones-mariupol\/#primaryimage"},"thumbnailUrl":"","articleSection":["Portada"],"inLanguage":"es"},{"@type":"WebPage","@id":"https:\/\/www.eldiario.net\/portal\/2022\/04\/12\/ucrania-acusa-a-rusia-de-torturas-y-ejecuciones-mariupol\/","url":"https:\/\/www.eldiario.net\/portal\/2022\/04\/12\/ucrania-acusa-a-rusia-de-torturas-y-ejecuciones-mariupol\/","name":"Ucrania acusa a Rusia de torturas y ejecuciones Mari\u00fapol - El Diario - Bolivia","isPartOf":{"@id":"https:\/\/www.eldiario.net\/portal\/#website"},"primaryImageOfPage":{"@id":"https:\/\/www.eldiario.net\/portal\/2022\/04\/12\/ucrania-acusa-a-rusia-de-torturas-y-ejecuciones-mariupol\/#primaryimage"},"image":{"@id":"https:\/\/www.eldiario.net\/portal\/2022\/04\/12\/ucrania-acusa-a-rusia-de-torturas-y-ejecuciones-mariupol\/#primaryimage"},"thumbnailUrl":"","datePublished":"2022-04-12T10:18:31+00:00","breadcrumb":{"@id":"https:\/\/www.eldiario.net\/portal\/2022\/04\/12\/ucrania-acusa-a-rusia-de-torturas-y-ejecuciones-mariupol\/#breadcrumb"},"inLanguage":"es","potentialAction":[{"@type":"ReadAction","target":["https:\/\/www.eldiario.net\/portal\/2022\/04\/12\/ucrania-acusa-a-rusia-de-torturas-y-ejecuciones-mariupol\/"]}]},{"@type":"ImageObject","inLanguage":"es","@id":"https:\/\/www.eldiario.net\/portal\/2022\/04\/12\/ucrania-acusa-a-rusia-de-torturas-y-ejecuciones-mariupol\/#primaryimage","url":"","contentUrl":""},{"@type":"BreadcrumbList","@id":"https:\/\/www.eldiario.net\/portal\/2022\/04\/12\/ucrania-acusa-a-rusia-de-torturas-y-ejecuciones-mariupol\/#breadcrumb","itemListElement":[{"@type":"ListItem","position":1,"name":"Portada","item":"https:\/\/www.eldiario.net\/portal\/"},{"@type":"ListItem","position":2,"name":"Ucrania acusa a Rusia de torturas y ejecuciones Mari\u00fapol"}]},{"@type":"WebSite","@id":"https:\/\/www.eldiario.net\/portal\/#website","url":"https:\/\/www.eldiario.net\/portal\/","name":"El Diario - Decano de la prensa nacional","description":"El Diario - Decano de la prensa nacional","publisher":{"@id":"https:\/\/www.eldiario.net\/portal\/#organization"},"potentialAction":[{"@type":"SearchAction","target":{"@type":"EntryPoint","urlTemplate":"https:\/\/www.eldiario.net\/portal\/?s={search_term_string}"},"query-input":{"@type":"PropertyValueSpecification","valueRequired":true,"valueName":"search_term_string"}}],"inLanguage":"es"},{"@type":"Organization","@id":"https:\/\/www.eldiario.net\/portal\/#organization","name":"El Diario - Decano de la prensa nacional","url":"https:\/\/www.eldiario.net\/portal\/","logo":{"@type":"ImageObject","inLanguage":"es","@id":"https:\/\/www.eldiario.net\/portal\/#\/schema\/logo\/image\/","url":"https:\/\/www.eldiario.net\/portal\/wp-content\/uploads\/2023\/07\/logo_ED.jpg","contentUrl":"https:\/\/www.eldiario.net\/portal\/wp-content\/uploads\/2023\/07\/logo_ED.jpg","width":272,"height":52,"caption":"El Diario - Decano de la prensa nacional"},"image":{"@id":"https:\/\/www.eldiario.net\/portal\/#\/schema\/logo\/image\/"},"sameAs":["https:\/\/www.facebook.com\/eldiario.bolivia\/","https:\/\/x.com\/eldiario_net"]},{"@type":"Person","@id":"https:\/\/www.eldiario.net\/portal\/#\/schema\/person\/f46445640444750d7d753ccd04ae01b7","name":"Jeanette","image":{"@type":"ImageObject","inLanguage":"es","@id":"https:\/\/secure.gravatar.com\/avatar\/3ea2118a5f7dad2b7138b1187a6b7ee55f160b9968b66013c3a3ef39dd7e5798?s=96&d=mm&r=g","url":"https:\/\/secure.gravatar.com\/avatar\/3ea2118a5f7dad2b7138b1187a6b7ee55f160b9968b66013c3a3ef39dd7e5798?s=96&d=mm&r=g","contentUrl":"https:\/\/secure.gravatar.com\/avatar\/3ea2118a5f7dad2b7138b1187a6b7ee55f160b9968b66013c3a3ef39dd7e5798?s=96&d=mm&r=g","caption":"Jeanette"},"sameAs":["https:\/\/www.eldiario.net\/portal"],"url":"https:\/\/www.eldiario.net\/portal\/author\/jeanette\/"}]}},"_links":{"self":[{"href":"https:\/\/www.eldiario.net\/portal\/wp-json\/wp\/v2\/posts\/76166","targetHints":{"allow":["GET"]}}],"collection":[{"href":"https:\/\/www.eldiario.net\/portal\/wp-json\/wp\/v2\/posts"}],"about":[{"href":"https:\/\/www.eldiario.net\/portal\/wp-json\/wp\/v2\/types\/post"}],"author":[{"embeddable":true,"href":"https:\/\/www.eldiario.net\/portal\/wp-json\/wp\/v2\/users\/1"}],"replies":[{"embeddable":true,"href":"https:\/\/www.eldiario.net\/portal\/wp-json\/wp\/v2\/comments?post=76166"}],"version-history":[{"count":0,"href":"https:\/\/www.eldiario.net\/portal\/wp-json\/wp\/v2\/posts\/76166\/revisions"}],"wp:attachment":[{"href":"https:\/\/www.eldiario.net\/portal\/wp-json\/wp\/v2\/media?parent=76166"}],"wp:term":[{"taxonomy":"category","embeddable":true,"href":"https:\/\/www.eldiario.net\/portal\/wp-json\/wp\/v2\/categories?post=76166"},{"taxonomy":"post_tag","embeddable":true,"href":"https:\/\/www.eldiario.net\/portal\/wp-json\/wp\/v2\/tags?post=76166"}],"curies":[{"name":"wp","href":"https:\/\/api.w.org\/{rel}","templated":true}]}}