{"id":76160,"date":"2022-04-12T06:15:30","date_gmt":"2022-04-12T10:15:30","guid":{"rendered":"https:\/\/www.eldiario.net\/portal\/?p=76160"},"modified":"2022-04-12T06:15:30","modified_gmt":"2022-04-12T10:15:30","slug":"chile-insiste-en-pretension-de-un-uso-compartido-del-silala","status":"publish","type":"post","link":"https:\/\/www.eldiario.net\/portal\/2022\/04\/12\/chile-insiste-en-pretension-de-un-uso-compartido-del-silala\/","title":{"rendered":"Chile insiste en pretensi\u00f3n de  un uso compartido del Silala"},"content":{"rendered":"<p>Pese a los estudios cient\u00edficos presentados por Bolivia en los que se demuestra que trabajos de canalizaci\u00f3n afectaron el curso de las aguas del Silala, durante el inicio de la segunda ronda de alegatos orales ante la Corte Internacional de Justicia (CIJ), la agente chilena, Ximena Fuentes, insisti\u00f3 en su demanda por un uso compartido de este recurso y pidi\u00f3 que esta instancia determine que se trata de un rio internacional cuyo uso est\u00e1 regido por el derecho internacional consuetudinario.<\/p>\n<p>Fuentes indic\u00f3 que los alegatos finales de su pa\u00eds piden declarar que el sistema del Silala es un curso de agua internacional cuyo uso se rige por el derecho internacional, por lo que Chile tiene derecho a su utilizaci\u00f3n equitativa y razonable.<\/p>\n<p>Tambi\u00e9n se pide que Bolivia tome todas las medidas apropiadas para su conservaci\u00f3n, adem\u00e1s de cooperar y notificar toda medida que pudiera tener un efecto adverso sobre este recurso h\u00eddrico. \u00abEstas son obligaciones que Bolivia ha incumplido\u00bb manifest\u00f3 fuentes.<\/p>\n<p>La semana pasada, la agente chilena reconoci\u00f3 que estas aguas tienen origen en territorio boliviano y obras civiles se encargaron de canalizar y mejorar el caudal del Silala hasta territorio chileno.<\/p>\n<p>De la misma forma, la abogada Johanna Klein Kranenberg, durante su intervenci\u00f3n representando a Chile, confirm\u00f3 que la empresa de inter\u00e9s privado chileno Ferrocarril de Antofagasta a Bolivia (FCAB) construy\u00f3 los canales para generar un flujo artificial del Silala hacia Chile.<\/p>\n<p>\u201cEn 1908 el Gobierno de Bolivia otorg\u00f3 una concesi\u00f3n para suministrar agua a las locomotoras de vapor que operaban en la l\u00ednea f\u00e9rrea de Antofagasta a La Paz, despu\u00e9s que Ferrocarril de Antofagasta a Bolivia (FCAB) obtuviera estos permisos se realizaron obras hidr\u00e1ulicas y se excavaron canales de agua a lo largo del Silala en territorio boliviano y tambi\u00e9n chileno. Bolivia rescindi\u00f3 esta concesi\u00f3n en 1997\u201d, dijo Fuentes.<\/p>\n<p>Seg\u00fan los estudios encargados por el Estado boliviano al Instituto de Hidr\u00e1ulica Dan\u00e9s, se estableci\u00f3 que una parte de las aguas del Silala fluyen de forma natural hacia Chile. Este flujo fue mejorado por canalizaciones realizadas en territorio boliviano, por lo tanto, Chile no tiene ning\u00fan derecho adquirido para hacer uso del total del caudal del Silala, porque Bolivia tiene el derecho de disponer sobre las canalizaciones en su territorio y por ende sobre todo el flujo mejorado.<\/p>\n<p>De esta forma, Bolivia se acoge al derecho sobre el uso de aguas internacionales, afirmando que el pa\u00eds vecino no cuenta con la atribuci\u00f3n de disponer de este recurso en su totalidad como lo hace hasta la fecha.<\/p>\n<p>Sobre el supuesto incumplimiento de Bolivia en notificar a Chile sobre acciones que da\u00f1en el flujo de estas aguas, el embajador de Bolivia en Los Pa\u00edses Bajos y agente del Estado ante La Haya, Roberto Calzadilla, puntualiz\u00f3 que Bolivia no realiz\u00f3 ninguna acci\u00f3n que ponga en riesgo el uso que Chile hace de estas aguas, a pesar del derecho que se tiene de disponer de los canales que se encuentran en territorio nacional. \u201cChile debe negociar con Bolivia y no hacerlo de forma arbitraria y unilateral\u201d, indic\u00f3.<\/p>\n","protected":false},"excerpt":{"rendered":"<p>Pese a los estudios cient\u00edficos presentados por Bolivia en los que se demuestra que trabajos de canalizaci\u00f3n afectaron el curso de las aguas del Silala, durante el inicio de la segunda ronda de alegatos orales ante la Corte Internacional de Justicia (CIJ), la agente chilena, Ximena Fuentes, insisti\u00f3 en su demanda por un uso compartido [&hellip;]<\/p>\n","protected":false},"author":1,"featured_media":76161,"comment_status":"closed","ping_status":"closed","sticky":false,"template":"","format":"standard","meta":{"_acf_changed":false,"footnotes":""},"categories":[14],"tags":[],"class_list":["post-76160","post","type-post","status-publish","format-standard","has-post-thumbnail","category-politica"],"acf":{"antetitulo":""},"yoast_head":"<!-- This site is optimized with the Yoast SEO plugin v28.3 - https:\/\/yoast.com\/product\/yoast-seo-wordpress\/ -->\n<title>Chile insiste en pretensi\u00f3n de un uso compartido del Silala - El Diario - Bolivia<\/title>\n<meta name=\"robots\" content=\"index, follow, max-snippet:-1, max-image-preview:large, max-video-preview:-1\" \/>\n<link rel=\"canonical\" href=\"https:\/\/www.eldiario.net\/portal\/2022\/04\/12\/chile-insiste-en-pretension-de-un-uso-compartido-del-silala\/\" \/>\n<meta property=\"og:locale\" content=\"es_ES\" \/>\n<meta property=\"og:type\" content=\"article\" \/>\n<meta property=\"og:title\" content=\"Chile insiste en pretensi\u00f3n de un uso compartido del Silala - El Diario - Bolivia\" \/>\n<meta property=\"og:description\" content=\"Pese a los estudios cient\u00edficos presentados por Bolivia en los que se demuestra que trabajos de canalizaci\u00f3n afectaron el curso de las aguas del Silala, durante el inicio de la segunda ronda de alegatos orales ante la Corte Internacional de Justicia (CIJ), la agente chilena, Ximena Fuentes, insisti\u00f3 en su demanda por un uso compartido [&hellip;]\" \/>\n<meta property=\"og:url\" content=\"https:\/\/www.eldiario.net\/portal\/2022\/04\/12\/chile-insiste-en-pretension-de-un-uso-compartido-del-silala\/\" \/>\n<meta property=\"og:site_name\" content=\"El Diario - Bolivia\" \/>\n<meta property=\"article:publisher\" content=\"https:\/\/www.facebook.com\/eldiario.bolivia\/\" \/>\n<meta property=\"article:published_time\" content=\"2022-04-12T10:15:30+00:00\" \/>\n<meta name=\"author\" content=\"Jeanette\" \/>\n<meta name=\"twitter:card\" content=\"summary_large_image\" \/>\n<meta name=\"twitter:creator\" content=\"@eldiario_net\" \/>\n<meta name=\"twitter:site\" content=\"@eldiario_net\" \/>\n<meta name=\"twitter:label1\" content=\"Escrito por\" \/>\n\t<meta name=\"twitter:data1\" content=\"Jeanette\" \/>\n\t<meta name=\"twitter:label2\" content=\"Tiempo de lectura\" \/>\n\t<meta name=\"twitter:data2\" content=\"3 minutos\" \/>\n<script type=\"application\/ld+json\" class=\"yoast-schema-graph\">{\"@context\":\"https:\\\/\\\/schema.org\",\"@graph\":[{\"@type\":\"Article\",\"@id\":\"https:\\\/\\\/www.eldiario.net\\\/portal\\\/2022\\\/04\\\/12\\\/chile-insiste-en-pretension-de-un-uso-compartido-del-silala\\\/#article\",\"isPartOf\":{\"@id\":\"https:\\\/\\\/www.eldiario.net\\\/portal\\\/2022\\\/04\\\/12\\\/chile-insiste-en-pretension-de-un-uso-compartido-del-silala\\\/\"},\"author\":{\"name\":\"Jeanette\",\"@id\":\"https:\\\/\\\/www.eldiario.net\\\/portal\\\/#\\\/schema\\\/person\\\/f46445640444750d7d753ccd04ae01b7\"},\"headline\":\"Chile insiste en pretensi\u00f3n de un uso compartido del Silala\",\"datePublished\":\"2022-04-12T10:15:30+00:00\",\"mainEntityOfPage\":{\"@id\":\"https:\\\/\\\/www.eldiario.net\\\/portal\\\/2022\\\/04\\\/12\\\/chile-insiste-en-pretension-de-un-uso-compartido-del-silala\\\/\"},\"wordCount\":539,\"publisher\":{\"@id\":\"https:\\\/\\\/www.eldiario.net\\\/portal\\\/#organization\"},\"image\":{\"@id\":\"https:\\\/\\\/www.eldiario.net\\\/portal\\\/2022\\\/04\\\/12\\\/chile-insiste-en-pretension-de-un-uso-compartido-del-silala\\\/#primaryimage\"},\"thumbnailUrl\":\"\",\"articleSection\":[\"Pol\u00edtica\"],\"inLanguage\":\"es\"},{\"@type\":\"WebPage\",\"@id\":\"https:\\\/\\\/www.eldiario.net\\\/portal\\\/2022\\\/04\\\/12\\\/chile-insiste-en-pretension-de-un-uso-compartido-del-silala\\\/\",\"url\":\"https:\\\/\\\/www.eldiario.net\\\/portal\\\/2022\\\/04\\\/12\\\/chile-insiste-en-pretension-de-un-uso-compartido-del-silala\\\/\",\"name\":\"Chile insiste en pretensi\u00f3n de un uso compartido del Silala - El Diario - Bolivia\",\"isPartOf\":{\"@id\":\"https:\\\/\\\/www.eldiario.net\\\/portal\\\/#website\"},\"primaryImageOfPage\":{\"@id\":\"https:\\\/\\\/www.eldiario.net\\\/portal\\\/2022\\\/04\\\/12\\\/chile-insiste-en-pretension-de-un-uso-compartido-del-silala\\\/#primaryimage\"},\"image\":{\"@id\":\"https:\\\/\\\/www.eldiario.net\\\/portal\\\/2022\\\/04\\\/12\\\/chile-insiste-en-pretension-de-un-uso-compartido-del-silala\\\/#primaryimage\"},\"thumbnailUrl\":\"\",\"datePublished\":\"2022-04-12T10:15:30+00:00\",\"breadcrumb\":{\"@id\":\"https:\\\/\\\/www.eldiario.net\\\/portal\\\/2022\\\/04\\\/12\\\/chile-insiste-en-pretension-de-un-uso-compartido-del-silala\\\/#breadcrumb\"},\"inLanguage\":\"es\",\"potentialAction\":[{\"@type\":\"ReadAction\",\"target\":[\"https:\\\/\\\/www.eldiario.net\\\/portal\\\/2022\\\/04\\\/12\\\/chile-insiste-en-pretension-de-un-uso-compartido-del-silala\\\/\"]}]},{\"@type\":\"ImageObject\",\"inLanguage\":\"es\",\"@id\":\"https:\\\/\\\/www.eldiario.net\\\/portal\\\/2022\\\/04\\\/12\\\/chile-insiste-en-pretension-de-un-uso-compartido-del-silala\\\/#primaryimage\",\"url\":\"\",\"contentUrl\":\"\"},{\"@type\":\"BreadcrumbList\",\"@id\":\"https:\\\/\\\/www.eldiario.net\\\/portal\\\/2022\\\/04\\\/12\\\/chile-insiste-en-pretension-de-un-uso-compartido-del-silala\\\/#breadcrumb\",\"itemListElement\":[{\"@type\":\"ListItem\",\"position\":1,\"name\":\"Portada\",\"item\":\"https:\\\/\\\/www.eldiario.net\\\/portal\\\/\"},{\"@type\":\"ListItem\",\"position\":2,\"name\":\"Chile insiste en pretensi\u00f3n de un uso compartido del Silala\"}]},{\"@type\":\"WebSite\",\"@id\":\"https:\\\/\\\/www.eldiario.net\\\/portal\\\/#website\",\"url\":\"https:\\\/\\\/www.eldiario.net\\\/portal\\\/\",\"name\":\"El Diario - Decano de la prensa nacional\",\"description\":\"El Diario - Decano de la prensa nacional\",\"publisher\":{\"@id\":\"https:\\\/\\\/www.eldiario.net\\\/portal\\\/#organization\"},\"potentialAction\":[{\"@type\":\"SearchAction\",\"target\":{\"@type\":\"EntryPoint\",\"urlTemplate\":\"https:\\\/\\\/www.eldiario.net\\\/portal\\\/?s={search_term_string}\"},\"query-input\":{\"@type\":\"PropertyValueSpecification\",\"valueRequired\":true,\"valueName\":\"search_term_string\"}}],\"inLanguage\":\"es\"},{\"@type\":\"Organization\",\"@id\":\"https:\\\/\\\/www.eldiario.net\\\/portal\\\/#organization\",\"name\":\"El Diario - Decano de la prensa nacional\",\"url\":\"https:\\\/\\\/www.eldiario.net\\\/portal\\\/\",\"logo\":{\"@type\":\"ImageObject\",\"inLanguage\":\"es\",\"@id\":\"https:\\\/\\\/www.eldiario.net\\\/portal\\\/#\\\/schema\\\/logo\\\/image\\\/\",\"url\":\"https:\\\/\\\/www.eldiario.net\\\/portal\\\/wp-content\\\/uploads\\\/2023\\\/07\\\/logo_ED.jpg\",\"contentUrl\":\"https:\\\/\\\/www.eldiario.net\\\/portal\\\/wp-content\\\/uploads\\\/2023\\\/07\\\/logo_ED.jpg\",\"width\":272,\"height\":52,\"caption\":\"El Diario - Decano de la prensa nacional\"},\"image\":{\"@id\":\"https:\\\/\\\/www.eldiario.net\\\/portal\\\/#\\\/schema\\\/logo\\\/image\\\/\"},\"sameAs\":[\"https:\\\/\\\/www.facebook.com\\\/eldiario.bolivia\\\/\",\"https:\\\/\\\/x.com\\\/eldiario_net\"]},{\"@type\":\"Person\",\"@id\":\"https:\\\/\\\/www.eldiario.net\\\/portal\\\/#\\\/schema\\\/person\\\/f46445640444750d7d753ccd04ae01b7\",\"name\":\"Jeanette\",\"image\":{\"@type\":\"ImageObject\",\"inLanguage\":\"es\",\"@id\":\"https:\\\/\\\/secure.gravatar.com\\\/avatar\\\/3ea2118a5f7dad2b7138b1187a6b7ee55f160b9968b66013c3a3ef39dd7e5798?s=96&d=mm&r=g\",\"url\":\"https:\\\/\\\/secure.gravatar.com\\\/avatar\\\/3ea2118a5f7dad2b7138b1187a6b7ee55f160b9968b66013c3a3ef39dd7e5798?s=96&d=mm&r=g\",\"contentUrl\":\"https:\\\/\\\/secure.gravatar.com\\\/avatar\\\/3ea2118a5f7dad2b7138b1187a6b7ee55f160b9968b66013c3a3ef39dd7e5798?s=96&d=mm&r=g\",\"caption\":\"Jeanette\"},\"sameAs\":[\"https:\\\/\\\/www.eldiario.net\\\/portal\"],\"url\":\"https:\\\/\\\/www.eldiario.net\\\/portal\\\/author\\\/jeanette\\\/\"}]}<\/script>\n<!-- \/ Yoast SEO plugin. -->","yoast_head_json":{"title":"Chile insiste en pretensi\u00f3n de un uso compartido del Silala - El Diario - Bolivia","robots":{"index":"index","follow":"follow","max-snippet":"max-snippet:-1","max-image-preview":"max-image-preview:large","max-video-preview":"max-video-preview:-1"},"canonical":"https:\/\/www.eldiario.net\/portal\/2022\/04\/12\/chile-insiste-en-pretension-de-un-uso-compartido-del-silala\/","og_locale":"es_ES","og_type":"article","og_title":"Chile insiste en pretensi\u00f3n de un uso compartido del Silala - El Diario - Bolivia","og_description":"Pese a los estudios cient\u00edficos presentados por Bolivia en los que se demuestra que trabajos de canalizaci\u00f3n afectaron el curso de las aguas del Silala, durante el inicio de la segunda ronda de alegatos orales ante la Corte Internacional de Justicia (CIJ), la agente chilena, Ximena Fuentes, insisti\u00f3 en su demanda por un uso compartido [&hellip;]","og_url":"https:\/\/www.eldiario.net\/portal\/2022\/04\/12\/chile-insiste-en-pretension-de-un-uso-compartido-del-silala\/","og_site_name":"El Diario - Bolivia","article_publisher":"https:\/\/www.facebook.com\/eldiario.bolivia\/","article_published_time":"2022-04-12T10:15:30+00:00","author":"Jeanette","twitter_card":"summary_large_image","twitter_creator":"@eldiario_net","twitter_site":"@eldiario_net","twitter_misc":{"Escrito por":"Jeanette","Tiempo de lectura":"3 minutos"},"schema":{"@context":"https:\/\/schema.org","@graph":[{"@type":"Article","@id":"https:\/\/www.eldiario.net\/portal\/2022\/04\/12\/chile-insiste-en-pretension-de-un-uso-compartido-del-silala\/#article","isPartOf":{"@id":"https:\/\/www.eldiario.net\/portal\/2022\/04\/12\/chile-insiste-en-pretension-de-un-uso-compartido-del-silala\/"},"author":{"name":"Jeanette","@id":"https:\/\/www.eldiario.net\/portal\/#\/schema\/person\/f46445640444750d7d753ccd04ae01b7"},"headline":"Chile insiste en pretensi\u00f3n de un uso compartido del Silala","datePublished":"2022-04-12T10:15:30+00:00","mainEntityOfPage":{"@id":"https:\/\/www.eldiario.net\/portal\/2022\/04\/12\/chile-insiste-en-pretension-de-un-uso-compartido-del-silala\/"},"wordCount":539,"publisher":{"@id":"https:\/\/www.eldiario.net\/portal\/#organization"},"image":{"@id":"https:\/\/www.eldiario.net\/portal\/2022\/04\/12\/chile-insiste-en-pretension-de-un-uso-compartido-del-silala\/#primaryimage"},"thumbnailUrl":"","articleSection":["Pol\u00edtica"],"inLanguage":"es"},{"@type":"WebPage","@id":"https:\/\/www.eldiario.net\/portal\/2022\/04\/12\/chile-insiste-en-pretension-de-un-uso-compartido-del-silala\/","url":"https:\/\/www.eldiario.net\/portal\/2022\/04\/12\/chile-insiste-en-pretension-de-un-uso-compartido-del-silala\/","name":"Chile insiste en pretensi\u00f3n de un uso compartido del Silala - El Diario - Bolivia","isPartOf":{"@id":"https:\/\/www.eldiario.net\/portal\/#website"},"primaryImageOfPage":{"@id":"https:\/\/www.eldiario.net\/portal\/2022\/04\/12\/chile-insiste-en-pretension-de-un-uso-compartido-del-silala\/#primaryimage"},"image":{"@id":"https:\/\/www.eldiario.net\/portal\/2022\/04\/12\/chile-insiste-en-pretension-de-un-uso-compartido-del-silala\/#primaryimage"},"thumbnailUrl":"","datePublished":"2022-04-12T10:15:30+00:00","breadcrumb":{"@id":"https:\/\/www.eldiario.net\/portal\/2022\/04\/12\/chile-insiste-en-pretension-de-un-uso-compartido-del-silala\/#breadcrumb"},"inLanguage":"es","potentialAction":[{"@type":"ReadAction","target":["https:\/\/www.eldiario.net\/portal\/2022\/04\/12\/chile-insiste-en-pretension-de-un-uso-compartido-del-silala\/"]}]},{"@type":"ImageObject","inLanguage":"es","@id":"https:\/\/www.eldiario.net\/portal\/2022\/04\/12\/chile-insiste-en-pretension-de-un-uso-compartido-del-silala\/#primaryimage","url":"","contentUrl":""},{"@type":"BreadcrumbList","@id":"https:\/\/www.eldiario.net\/portal\/2022\/04\/12\/chile-insiste-en-pretension-de-un-uso-compartido-del-silala\/#breadcrumb","itemListElement":[{"@type":"ListItem","position":1,"name":"Portada","item":"https:\/\/www.eldiario.net\/portal\/"},{"@type":"ListItem","position":2,"name":"Chile insiste en pretensi\u00f3n de un uso compartido del Silala"}]},{"@type":"WebSite","@id":"https:\/\/www.eldiario.net\/portal\/#website","url":"https:\/\/www.eldiario.net\/portal\/","name":"El Diario - Decano de la prensa nacional","description":"El Diario - Decano de la prensa nacional","publisher":{"@id":"https:\/\/www.eldiario.net\/portal\/#organization"},"potentialAction":[{"@type":"SearchAction","target":{"@type":"EntryPoint","urlTemplate":"https:\/\/www.eldiario.net\/portal\/?s={search_term_string}"},"query-input":{"@type":"PropertyValueSpecification","valueRequired":true,"valueName":"search_term_string"}}],"inLanguage":"es"},{"@type":"Organization","@id":"https:\/\/www.eldiario.net\/portal\/#organization","name":"El Diario - Decano de la prensa nacional","url":"https:\/\/www.eldiario.net\/portal\/","logo":{"@type":"ImageObject","inLanguage":"es","@id":"https:\/\/www.eldiario.net\/portal\/#\/schema\/logo\/image\/","url":"https:\/\/www.eldiario.net\/portal\/wp-content\/uploads\/2023\/07\/logo_ED.jpg","contentUrl":"https:\/\/www.eldiario.net\/portal\/wp-content\/uploads\/2023\/07\/logo_ED.jpg","width":272,"height":52,"caption":"El Diario - Decano de la prensa nacional"},"image":{"@id":"https:\/\/www.eldiario.net\/portal\/#\/schema\/logo\/image\/"},"sameAs":["https:\/\/www.facebook.com\/eldiario.bolivia\/","https:\/\/x.com\/eldiario_net"]},{"@type":"Person","@id":"https:\/\/www.eldiario.net\/portal\/#\/schema\/person\/f46445640444750d7d753ccd04ae01b7","name":"Jeanette","image":{"@type":"ImageObject","inLanguage":"es","@id":"https:\/\/secure.gravatar.com\/avatar\/3ea2118a5f7dad2b7138b1187a6b7ee55f160b9968b66013c3a3ef39dd7e5798?s=96&d=mm&r=g","url":"https:\/\/secure.gravatar.com\/avatar\/3ea2118a5f7dad2b7138b1187a6b7ee55f160b9968b66013c3a3ef39dd7e5798?s=96&d=mm&r=g","contentUrl":"https:\/\/secure.gravatar.com\/avatar\/3ea2118a5f7dad2b7138b1187a6b7ee55f160b9968b66013c3a3ef39dd7e5798?s=96&d=mm&r=g","caption":"Jeanette"},"sameAs":["https:\/\/www.eldiario.net\/portal"],"url":"https:\/\/www.eldiario.net\/portal\/author\/jeanette\/"}]}},"_links":{"self":[{"href":"https:\/\/www.eldiario.net\/portal\/wp-json\/wp\/v2\/posts\/76160","targetHints":{"allow":["GET"]}}],"collection":[{"href":"https:\/\/www.eldiario.net\/portal\/wp-json\/wp\/v2\/posts"}],"about":[{"href":"https:\/\/www.eldiario.net\/portal\/wp-json\/wp\/v2\/types\/post"}],"author":[{"embeddable":true,"href":"https:\/\/www.eldiario.net\/portal\/wp-json\/wp\/v2\/users\/1"}],"replies":[{"embeddable":true,"href":"https:\/\/www.eldiario.net\/portal\/wp-json\/wp\/v2\/comments?post=76160"}],"version-history":[{"count":0,"href":"https:\/\/www.eldiario.net\/portal\/wp-json\/wp\/v2\/posts\/76160\/revisions"}],"wp:attachment":[{"href":"https:\/\/www.eldiario.net\/portal\/wp-json\/wp\/v2\/media?parent=76160"}],"wp:term":[{"taxonomy":"category","embeddable":true,"href":"https:\/\/www.eldiario.net\/portal\/wp-json\/wp\/v2\/categories?post=76160"},{"taxonomy":"post_tag","embeddable":true,"href":"https:\/\/www.eldiario.net\/portal\/wp-json\/wp\/v2\/tags?post=76160"}],"curies":[{"name":"wp","href":"https:\/\/api.w.org\/{rel}","templated":true}]}}