{"id":76156,"date":"2022-04-12T06:14:22","date_gmt":"2022-04-12T10:14:22","guid":{"rendered":"https:\/\/www.eldiario.net\/portal\/?p=76156"},"modified":"2022-04-12T06:14:22","modified_gmt":"2022-04-12T10:14:22","slug":"manuel-morales-senala-que-su-inhabilitacion-es-irregular","status":"publish","type":"post","link":"https:\/\/www.eldiario.net\/portal\/2022\/04\/12\/manuel-morales-senala-que-su-inhabilitacion-es-irregular\/","title":{"rendered":"Manuel Morales se\u00f1ala que  su inhabilitaci\u00f3n es irregular"},"content":{"rendered":"<p>Luego de ser inhabilitado en el proceso de selecci\u00f3n para el cargo de Defensor del Pueblo, el dirigente del Comit\u00e9 Nacional en Defensa de la Democracia (Conade), Manuel Morales, exigi\u00f3 que la Comisi\u00f3n Mixta de Constituci\u00f3n, encargada de la revisi\u00f3n de documentos, certifique los motivos de su inhabilitaci\u00f3n antes de tomar otras medidas.<\/p>\n<p>El activista sostuvo que su inhabilitaci\u00f3n se dio de forma irregular por, supuestamente, no contar con una firma en uno de los documentos requeridos.<\/p>\n<p>\u201cPese a que el anexo nos obliga a los postulantes a firmar el anexo n\u00famero uno, que es una declaraci\u00f3n jurada de la hoja de vida, m\u00e1s la copia en DVD, la Comisi\u00f3n me excluye por no haber firmado ese documento\u201d, se\u00f1al\u00f3.<\/p>\n<p>Por lo referido, Morales adelant\u00f3 que solicitar\u00e1 a esta Comisi\u00f3n, una notificaci\u00f3n en la que se detalle los motivos para descartar su postulaci\u00f3n y de esta forma tomar otras medidas, sin descartar la presentaci\u00f3n de un Amparo Constitucional.<\/p>\n<p>Morales lament\u00f3 que representantes de partidos opositores hayan permitido esta irregularidad, denunciando que la mayor\u00eda oficialista en esta Comisi\u00f3n act\u00faa de forma pol\u00edtica \u201cSeguramente los partidos de oposici\u00f3n se han dormido en sus laureles en el momento de la revisi\u00f3n por parte de esta comisi\u00f3n, por eso se ha cometido esta irregularidad en mi caso\u201d, dijo.<\/p>\n<p>En las \u00faltimas horas, el abogado cruce\u00f1o Jorge Paz Yabeta, quien tambi\u00e9n figura como inhabilitado, por supuestamente incumplir con el requisito de contar con una trayectoria reconocida en defensa de Derechos Humanos, documentada en su hoja de vida, adelant\u00f3 trasladarse a la ciudad de La Paz para proceder con la impugnaci\u00f3n de esta determinaci\u00f3n.<\/p>\n<p>En contacto con EL DIARIO, el jurista se\u00f1al\u00f3 que cuenta con una extensa carrera dedicada a los DDHH, misma que puede ser f\u00e1cilmente verificada mediante todas las instituciones a las que represent\u00f3 y m\u00e1s a\u00fan por haber sido representante de la Defensor\u00eda en Santa Cruz, \u201cme extra\u00f1a una habilitaci\u00f3n por ese motivo\u201d, sostuvo.<\/p>\n","protected":false},"excerpt":{"rendered":"<p>Luego de ser inhabilitado en el proceso de selecci\u00f3n para el cargo de Defensor del Pueblo, el dirigente del Comit\u00e9 Nacional en Defensa de la Democracia (Conade), Manuel Morales, exigi\u00f3 que la Comisi\u00f3n Mixta de Constituci\u00f3n, encargada de la revisi\u00f3n de documentos, certifique los motivos de su inhabilitaci\u00f3n antes de tomar otras medidas. El activista [&hellip;]<\/p>\n","protected":false},"author":1,"featured_media":76158,"comment_status":"closed","ping_status":"closed","sticky":false,"template":"","format":"standard","meta":{"_acf_changed":false,"footnotes":""},"categories":[14],"tags":[],"class_list":["post-76156","post","type-post","status-publish","format-standard","has-post-thumbnail","category-politica"],"acf":{"antetitulo":""},"yoast_head":"<!-- This site is optimized with the Yoast SEO plugin v28.3 - https:\/\/yoast.com\/product\/yoast-seo-wordpress\/ -->\n<title>Manuel Morales se\u00f1ala que su inhabilitaci\u00f3n es irregular - El Diario - Bolivia<\/title>\n<meta name=\"robots\" content=\"index, follow, max-snippet:-1, max-image-preview:large, max-video-preview:-1\" \/>\n<link rel=\"canonical\" href=\"https:\/\/www.eldiario.net\/portal\/2022\/04\/12\/manuel-morales-senala-que-su-inhabilitacion-es-irregular\/\" \/>\n<meta property=\"og:locale\" content=\"es_ES\" \/>\n<meta property=\"og:type\" content=\"article\" \/>\n<meta property=\"og:title\" content=\"Manuel Morales se\u00f1ala que su inhabilitaci\u00f3n es irregular - El Diario - Bolivia\" \/>\n<meta property=\"og:description\" content=\"Luego de ser inhabilitado en el proceso de selecci\u00f3n para el cargo de Defensor del Pueblo, el dirigente del Comit\u00e9 Nacional en Defensa de la Democracia (Conade), Manuel Morales, exigi\u00f3 que la Comisi\u00f3n Mixta de Constituci\u00f3n, encargada de la revisi\u00f3n de documentos, certifique los motivos de su inhabilitaci\u00f3n antes de tomar otras medidas. El activista [&hellip;]\" \/>\n<meta property=\"og:url\" content=\"https:\/\/www.eldiario.net\/portal\/2022\/04\/12\/manuel-morales-senala-que-su-inhabilitacion-es-irregular\/\" \/>\n<meta property=\"og:site_name\" content=\"El Diario - Bolivia\" \/>\n<meta property=\"article:publisher\" content=\"https:\/\/www.facebook.com\/eldiario.bolivia\/\" \/>\n<meta property=\"article:published_time\" content=\"2022-04-12T10:14:22+00:00\" \/>\n<meta name=\"author\" content=\"Jeanette\" \/>\n<meta name=\"twitter:card\" content=\"summary_large_image\" \/>\n<meta name=\"twitter:creator\" content=\"@eldiario_net\" \/>\n<meta name=\"twitter:site\" content=\"@eldiario_net\" \/>\n<meta name=\"twitter:label1\" content=\"Escrito por\" \/>\n\t<meta name=\"twitter:data1\" content=\"Jeanette\" \/>\n\t<meta name=\"twitter:label2\" content=\"Tiempo de lectura\" \/>\n\t<meta name=\"twitter:data2\" content=\"2 minutos\" \/>\n<script type=\"application\/ld+json\" class=\"yoast-schema-graph\">{\"@context\":\"https:\\\/\\\/schema.org\",\"@graph\":[{\"@type\":\"Article\",\"@id\":\"https:\\\/\\\/www.eldiario.net\\\/portal\\\/2022\\\/04\\\/12\\\/manuel-morales-senala-que-su-inhabilitacion-es-irregular\\\/#article\",\"isPartOf\":{\"@id\":\"https:\\\/\\\/www.eldiario.net\\\/portal\\\/2022\\\/04\\\/12\\\/manuel-morales-senala-que-su-inhabilitacion-es-irregular\\\/\"},\"author\":{\"name\":\"Jeanette\",\"@id\":\"https:\\\/\\\/www.eldiario.net\\\/portal\\\/#\\\/schema\\\/person\\\/f46445640444750d7d753ccd04ae01b7\"},\"headline\":\"Manuel Morales se\u00f1ala que su inhabilitaci\u00f3n es irregular\",\"datePublished\":\"2022-04-12T10:14:22+00:00\",\"mainEntityOfPage\":{\"@id\":\"https:\\\/\\\/www.eldiario.net\\\/portal\\\/2022\\\/04\\\/12\\\/manuel-morales-senala-que-su-inhabilitacion-es-irregular\\\/\"},\"wordCount\":363,\"publisher\":{\"@id\":\"https:\\\/\\\/www.eldiario.net\\\/portal\\\/#organization\"},\"image\":{\"@id\":\"https:\\\/\\\/www.eldiario.net\\\/portal\\\/2022\\\/04\\\/12\\\/manuel-morales-senala-que-su-inhabilitacion-es-irregular\\\/#primaryimage\"},\"thumbnailUrl\":\"\",\"articleSection\":[\"Pol\u00edtica\"],\"inLanguage\":\"es\"},{\"@type\":\"WebPage\",\"@id\":\"https:\\\/\\\/www.eldiario.net\\\/portal\\\/2022\\\/04\\\/12\\\/manuel-morales-senala-que-su-inhabilitacion-es-irregular\\\/\",\"url\":\"https:\\\/\\\/www.eldiario.net\\\/portal\\\/2022\\\/04\\\/12\\\/manuel-morales-senala-que-su-inhabilitacion-es-irregular\\\/\",\"name\":\"Manuel Morales se\u00f1ala que su inhabilitaci\u00f3n es irregular - El Diario - Bolivia\",\"isPartOf\":{\"@id\":\"https:\\\/\\\/www.eldiario.net\\\/portal\\\/#website\"},\"primaryImageOfPage\":{\"@id\":\"https:\\\/\\\/www.eldiario.net\\\/portal\\\/2022\\\/04\\\/12\\\/manuel-morales-senala-que-su-inhabilitacion-es-irregular\\\/#primaryimage\"},\"image\":{\"@id\":\"https:\\\/\\\/www.eldiario.net\\\/portal\\\/2022\\\/04\\\/12\\\/manuel-morales-senala-que-su-inhabilitacion-es-irregular\\\/#primaryimage\"},\"thumbnailUrl\":\"\",\"datePublished\":\"2022-04-12T10:14:22+00:00\",\"breadcrumb\":{\"@id\":\"https:\\\/\\\/www.eldiario.net\\\/portal\\\/2022\\\/04\\\/12\\\/manuel-morales-senala-que-su-inhabilitacion-es-irregular\\\/#breadcrumb\"},\"inLanguage\":\"es\",\"potentialAction\":[{\"@type\":\"ReadAction\",\"target\":[\"https:\\\/\\\/www.eldiario.net\\\/portal\\\/2022\\\/04\\\/12\\\/manuel-morales-senala-que-su-inhabilitacion-es-irregular\\\/\"]}]},{\"@type\":\"ImageObject\",\"inLanguage\":\"es\",\"@id\":\"https:\\\/\\\/www.eldiario.net\\\/portal\\\/2022\\\/04\\\/12\\\/manuel-morales-senala-que-su-inhabilitacion-es-irregular\\\/#primaryimage\",\"url\":\"\",\"contentUrl\":\"\"},{\"@type\":\"BreadcrumbList\",\"@id\":\"https:\\\/\\\/www.eldiario.net\\\/portal\\\/2022\\\/04\\\/12\\\/manuel-morales-senala-que-su-inhabilitacion-es-irregular\\\/#breadcrumb\",\"itemListElement\":[{\"@type\":\"ListItem\",\"position\":1,\"name\":\"Portada\",\"item\":\"https:\\\/\\\/www.eldiario.net\\\/portal\\\/\"},{\"@type\":\"ListItem\",\"position\":2,\"name\":\"Manuel Morales se\u00f1ala que su inhabilitaci\u00f3n es irregular\"}]},{\"@type\":\"WebSite\",\"@id\":\"https:\\\/\\\/www.eldiario.net\\\/portal\\\/#website\",\"url\":\"https:\\\/\\\/www.eldiario.net\\\/portal\\\/\",\"name\":\"El Diario - Decano de la prensa nacional\",\"description\":\"El Diario - Decano de la prensa nacional\",\"publisher\":{\"@id\":\"https:\\\/\\\/www.eldiario.net\\\/portal\\\/#organization\"},\"potentialAction\":[{\"@type\":\"SearchAction\",\"target\":{\"@type\":\"EntryPoint\",\"urlTemplate\":\"https:\\\/\\\/www.eldiario.net\\\/portal\\\/?s={search_term_string}\"},\"query-input\":{\"@type\":\"PropertyValueSpecification\",\"valueRequired\":true,\"valueName\":\"search_term_string\"}}],\"inLanguage\":\"es\"},{\"@type\":\"Organization\",\"@id\":\"https:\\\/\\\/www.eldiario.net\\\/portal\\\/#organization\",\"name\":\"El Diario - Decano de la prensa nacional\",\"url\":\"https:\\\/\\\/www.eldiario.net\\\/portal\\\/\",\"logo\":{\"@type\":\"ImageObject\",\"inLanguage\":\"es\",\"@id\":\"https:\\\/\\\/www.eldiario.net\\\/portal\\\/#\\\/schema\\\/logo\\\/image\\\/\",\"url\":\"https:\\\/\\\/www.eldiario.net\\\/portal\\\/wp-content\\\/uploads\\\/2023\\\/07\\\/logo_ED.jpg\",\"contentUrl\":\"https:\\\/\\\/www.eldiario.net\\\/portal\\\/wp-content\\\/uploads\\\/2023\\\/07\\\/logo_ED.jpg\",\"width\":272,\"height\":52,\"caption\":\"El Diario - Decano de la prensa nacional\"},\"image\":{\"@id\":\"https:\\\/\\\/www.eldiario.net\\\/portal\\\/#\\\/schema\\\/logo\\\/image\\\/\"},\"sameAs\":[\"https:\\\/\\\/www.facebook.com\\\/eldiario.bolivia\\\/\",\"https:\\\/\\\/x.com\\\/eldiario_net\"]},{\"@type\":\"Person\",\"@id\":\"https:\\\/\\\/www.eldiario.net\\\/portal\\\/#\\\/schema\\\/person\\\/f46445640444750d7d753ccd04ae01b7\",\"name\":\"Jeanette\",\"image\":{\"@type\":\"ImageObject\",\"inLanguage\":\"es\",\"@id\":\"https:\\\/\\\/secure.gravatar.com\\\/avatar\\\/3ea2118a5f7dad2b7138b1187a6b7ee55f160b9968b66013c3a3ef39dd7e5798?s=96&d=mm&r=g\",\"url\":\"https:\\\/\\\/secure.gravatar.com\\\/avatar\\\/3ea2118a5f7dad2b7138b1187a6b7ee55f160b9968b66013c3a3ef39dd7e5798?s=96&d=mm&r=g\",\"contentUrl\":\"https:\\\/\\\/secure.gravatar.com\\\/avatar\\\/3ea2118a5f7dad2b7138b1187a6b7ee55f160b9968b66013c3a3ef39dd7e5798?s=96&d=mm&r=g\",\"caption\":\"Jeanette\"},\"sameAs\":[\"https:\\\/\\\/www.eldiario.net\\\/portal\"],\"url\":\"https:\\\/\\\/www.eldiario.net\\\/portal\\\/author\\\/jeanette\\\/\"}]}<\/script>\n<!-- \/ Yoast SEO plugin. -->","yoast_head_json":{"title":"Manuel Morales se\u00f1ala que su inhabilitaci\u00f3n es irregular - El Diario - Bolivia","robots":{"index":"index","follow":"follow","max-snippet":"max-snippet:-1","max-image-preview":"max-image-preview:large","max-video-preview":"max-video-preview:-1"},"canonical":"https:\/\/www.eldiario.net\/portal\/2022\/04\/12\/manuel-morales-senala-que-su-inhabilitacion-es-irregular\/","og_locale":"es_ES","og_type":"article","og_title":"Manuel Morales se\u00f1ala que su inhabilitaci\u00f3n es irregular - El Diario - Bolivia","og_description":"Luego de ser inhabilitado en el proceso de selecci\u00f3n para el cargo de Defensor del Pueblo, el dirigente del Comit\u00e9 Nacional en Defensa de la Democracia (Conade), Manuel Morales, exigi\u00f3 que la Comisi\u00f3n Mixta de Constituci\u00f3n, encargada de la revisi\u00f3n de documentos, certifique los motivos de su inhabilitaci\u00f3n antes de tomar otras medidas. El activista [&hellip;]","og_url":"https:\/\/www.eldiario.net\/portal\/2022\/04\/12\/manuel-morales-senala-que-su-inhabilitacion-es-irregular\/","og_site_name":"El Diario - Bolivia","article_publisher":"https:\/\/www.facebook.com\/eldiario.bolivia\/","article_published_time":"2022-04-12T10:14:22+00:00","author":"Jeanette","twitter_card":"summary_large_image","twitter_creator":"@eldiario_net","twitter_site":"@eldiario_net","twitter_misc":{"Escrito por":"Jeanette","Tiempo de lectura":"2 minutos"},"schema":{"@context":"https:\/\/schema.org","@graph":[{"@type":"Article","@id":"https:\/\/www.eldiario.net\/portal\/2022\/04\/12\/manuel-morales-senala-que-su-inhabilitacion-es-irregular\/#article","isPartOf":{"@id":"https:\/\/www.eldiario.net\/portal\/2022\/04\/12\/manuel-morales-senala-que-su-inhabilitacion-es-irregular\/"},"author":{"name":"Jeanette","@id":"https:\/\/www.eldiario.net\/portal\/#\/schema\/person\/f46445640444750d7d753ccd04ae01b7"},"headline":"Manuel Morales se\u00f1ala que su inhabilitaci\u00f3n es irregular","datePublished":"2022-04-12T10:14:22+00:00","mainEntityOfPage":{"@id":"https:\/\/www.eldiario.net\/portal\/2022\/04\/12\/manuel-morales-senala-que-su-inhabilitacion-es-irregular\/"},"wordCount":363,"publisher":{"@id":"https:\/\/www.eldiario.net\/portal\/#organization"},"image":{"@id":"https:\/\/www.eldiario.net\/portal\/2022\/04\/12\/manuel-morales-senala-que-su-inhabilitacion-es-irregular\/#primaryimage"},"thumbnailUrl":"","articleSection":["Pol\u00edtica"],"inLanguage":"es"},{"@type":"WebPage","@id":"https:\/\/www.eldiario.net\/portal\/2022\/04\/12\/manuel-morales-senala-que-su-inhabilitacion-es-irregular\/","url":"https:\/\/www.eldiario.net\/portal\/2022\/04\/12\/manuel-morales-senala-que-su-inhabilitacion-es-irregular\/","name":"Manuel Morales se\u00f1ala que su inhabilitaci\u00f3n es irregular - El Diario - Bolivia","isPartOf":{"@id":"https:\/\/www.eldiario.net\/portal\/#website"},"primaryImageOfPage":{"@id":"https:\/\/www.eldiario.net\/portal\/2022\/04\/12\/manuel-morales-senala-que-su-inhabilitacion-es-irregular\/#primaryimage"},"image":{"@id":"https:\/\/www.eldiario.net\/portal\/2022\/04\/12\/manuel-morales-senala-que-su-inhabilitacion-es-irregular\/#primaryimage"},"thumbnailUrl":"","datePublished":"2022-04-12T10:14:22+00:00","breadcrumb":{"@id":"https:\/\/www.eldiario.net\/portal\/2022\/04\/12\/manuel-morales-senala-que-su-inhabilitacion-es-irregular\/#breadcrumb"},"inLanguage":"es","potentialAction":[{"@type":"ReadAction","target":["https:\/\/www.eldiario.net\/portal\/2022\/04\/12\/manuel-morales-senala-que-su-inhabilitacion-es-irregular\/"]}]},{"@type":"ImageObject","inLanguage":"es","@id":"https:\/\/www.eldiario.net\/portal\/2022\/04\/12\/manuel-morales-senala-que-su-inhabilitacion-es-irregular\/#primaryimage","url":"","contentUrl":""},{"@type":"BreadcrumbList","@id":"https:\/\/www.eldiario.net\/portal\/2022\/04\/12\/manuel-morales-senala-que-su-inhabilitacion-es-irregular\/#breadcrumb","itemListElement":[{"@type":"ListItem","position":1,"name":"Portada","item":"https:\/\/www.eldiario.net\/portal\/"},{"@type":"ListItem","position":2,"name":"Manuel Morales se\u00f1ala que su inhabilitaci\u00f3n es irregular"}]},{"@type":"WebSite","@id":"https:\/\/www.eldiario.net\/portal\/#website","url":"https:\/\/www.eldiario.net\/portal\/","name":"El Diario - Decano de la prensa nacional","description":"El Diario - Decano de la prensa nacional","publisher":{"@id":"https:\/\/www.eldiario.net\/portal\/#organization"},"potentialAction":[{"@type":"SearchAction","target":{"@type":"EntryPoint","urlTemplate":"https:\/\/www.eldiario.net\/portal\/?s={search_term_string}"},"query-input":{"@type":"PropertyValueSpecification","valueRequired":true,"valueName":"search_term_string"}}],"inLanguage":"es"},{"@type":"Organization","@id":"https:\/\/www.eldiario.net\/portal\/#organization","name":"El Diario - Decano de la prensa nacional","url":"https:\/\/www.eldiario.net\/portal\/","logo":{"@type":"ImageObject","inLanguage":"es","@id":"https:\/\/www.eldiario.net\/portal\/#\/schema\/logo\/image\/","url":"https:\/\/www.eldiario.net\/portal\/wp-content\/uploads\/2023\/07\/logo_ED.jpg","contentUrl":"https:\/\/www.eldiario.net\/portal\/wp-content\/uploads\/2023\/07\/logo_ED.jpg","width":272,"height":52,"caption":"El Diario - Decano de la prensa nacional"},"image":{"@id":"https:\/\/www.eldiario.net\/portal\/#\/schema\/logo\/image\/"},"sameAs":["https:\/\/www.facebook.com\/eldiario.bolivia\/","https:\/\/x.com\/eldiario_net"]},{"@type":"Person","@id":"https:\/\/www.eldiario.net\/portal\/#\/schema\/person\/f46445640444750d7d753ccd04ae01b7","name":"Jeanette","image":{"@type":"ImageObject","inLanguage":"es","@id":"https:\/\/secure.gravatar.com\/avatar\/3ea2118a5f7dad2b7138b1187a6b7ee55f160b9968b66013c3a3ef39dd7e5798?s=96&d=mm&r=g","url":"https:\/\/secure.gravatar.com\/avatar\/3ea2118a5f7dad2b7138b1187a6b7ee55f160b9968b66013c3a3ef39dd7e5798?s=96&d=mm&r=g","contentUrl":"https:\/\/secure.gravatar.com\/avatar\/3ea2118a5f7dad2b7138b1187a6b7ee55f160b9968b66013c3a3ef39dd7e5798?s=96&d=mm&r=g","caption":"Jeanette"},"sameAs":["https:\/\/www.eldiario.net\/portal"],"url":"https:\/\/www.eldiario.net\/portal\/author\/jeanette\/"}]}},"_links":{"self":[{"href":"https:\/\/www.eldiario.net\/portal\/wp-json\/wp\/v2\/posts\/76156","targetHints":{"allow":["GET"]}}],"collection":[{"href":"https:\/\/www.eldiario.net\/portal\/wp-json\/wp\/v2\/posts"}],"about":[{"href":"https:\/\/www.eldiario.net\/portal\/wp-json\/wp\/v2\/types\/post"}],"author":[{"embeddable":true,"href":"https:\/\/www.eldiario.net\/portal\/wp-json\/wp\/v2\/users\/1"}],"replies":[{"embeddable":true,"href":"https:\/\/www.eldiario.net\/portal\/wp-json\/wp\/v2\/comments?post=76156"}],"version-history":[{"count":0,"href":"https:\/\/www.eldiario.net\/portal\/wp-json\/wp\/v2\/posts\/76156\/revisions"}],"wp:attachment":[{"href":"https:\/\/www.eldiario.net\/portal\/wp-json\/wp\/v2\/media?parent=76156"}],"wp:term":[{"taxonomy":"category","embeddable":true,"href":"https:\/\/www.eldiario.net\/portal\/wp-json\/wp\/v2\/categories?post=76156"},{"taxonomy":"post_tag","embeddable":true,"href":"https:\/\/www.eldiario.net\/portal\/wp-json\/wp\/v2\/tags?post=76156"}],"curies":[{"name":"wp","href":"https:\/\/api.w.org\/{rel}","templated":true}]}}