{"id":76153,"date":"2022-04-12T06:13:05","date_gmt":"2022-04-12T10:13:05","guid":{"rendered":"https:\/\/www.eldiario.net\/portal\/?p=76153"},"modified":"2022-04-12T06:13:05","modified_gmt":"2022-04-12T10:13:05","slug":"cc-impugna-postulacion-de-cruz-a-la-defensoria","status":"publish","type":"post","link":"https:\/\/www.eldiario.net\/portal\/2022\/04\/12\/cc-impugna-postulacion-de-cruz-a-la-defensoria\/","title":{"rendered":"CC impugna postulaci\u00f3n  de Cruz a la Defensor\u00eda"},"content":{"rendered":"<p>Se\u00f1alando que existen fundamentos constitucionales y legales que impiden la repetici\u00f3n en la titularidad de la Defensor\u00eda del Pueblo, parlamentarios de la alianza Comunidad Ciudadana (CC) presentaron una impugnaci\u00f3n a la postulaci\u00f3n de la actual defensora interina, Nadia Cruz.<\/p>\n<p>El jefe de bancada de esta organizaci\u00f3n pol\u00edtica en Diputados, Carlos Alarc\u00f3n, se\u00f1al\u00f3 que tanto la Constituci\u00f3n Pol\u00edtica como el Reglamento de Elecci\u00f3n y Designaci\u00f3n del Defensor del Pueblo, impiden que Cruz est\u00e9 habilitada a postular por este cargo.<\/p>\n<p>Alarc\u00f3n inform\u00f3 que ya se present\u00f3 la impugnaci\u00f3n de esta ciudadana ante la Comisi\u00f3n Mixta de Constituci\u00f3n, encargada del proceso de selecci\u00f3n, por lo que se espera una respuesta favorable en los siguientes d\u00edas.<\/p>\n<p>\u201cLa postulaci\u00f3n de Nadia Alejandra Cruz Tarifa al cargo de Defensora del Pueblo viola la prohibici\u00f3n constitucional y legal de nueva designaci\u00f3n, establecida en el art\u00edculo 219 de la Constituci\u00f3n Pol\u00edtica del Estado y en el art\u00edculo 11 de la Ley No. 870 del Defensor del Pueblo\u201d, se\u00f1ala la nota presentada.<\/p>\n<p>Al respecto, el diputado Jos\u00e9 Manuel Ormachea, manifest\u00f3 que esta solicitud est\u00e1 amparada por la CPE y las leyes, argumentando que un Defensor en funciones no puede optar por la figura de la repostulaci\u00f3n. \u201cComo Bancada de Comunidad Ciudadana hemos presentado la impugnaci\u00f3n a la candidatura de Nadia Cruz como Defensora del Pueblo amparados en la CPE y las leyes. Un Defensor en funciones (en este caso, Cruz) no puede repostularse haya sido titular o interina\u201d, detall\u00f3 el legislador.<\/p>\n<p>Desde el oficialismo, el diputado Juanito Angulo, sostuvo que las observaciones e impugnaciones a los postulantes a Defensor del Pueblo que a\u00fan quedan en carrera, deben ser \u201cobjetivas y no pol\u00edticas\u201d.<\/p>\n","protected":false},"excerpt":{"rendered":"<p>Se\u00f1alando que existen fundamentos constitucionales y legales que impiden la repetici\u00f3n en la titularidad de la Defensor\u00eda del Pueblo, parlamentarios de la alianza Comunidad Ciudadana (CC) presentaron una impugnaci\u00f3n a la postulaci\u00f3n de la actual defensora interina, Nadia Cruz. El jefe de bancada de esta organizaci\u00f3n pol\u00edtica en Diputados, Carlos Alarc\u00f3n, se\u00f1al\u00f3 que tanto la [&hellip;]<\/p>\n","protected":false},"author":1,"featured_media":76154,"comment_status":"closed","ping_status":"closed","sticky":false,"template":"","format":"standard","meta":{"_acf_changed":false,"footnotes":""},"categories":[14],"tags":[],"class_list":["post-76153","post","type-post","status-publish","format-standard","has-post-thumbnail","category-politica"],"acf":{"antetitulo":""},"yoast_head":"<!-- This site is optimized with the Yoast SEO plugin v28.3 - https:\/\/yoast.com\/product\/yoast-seo-wordpress\/ -->\n<title>CC impugna postulaci\u00f3n de Cruz a la Defensor\u00eda - El Diario - Bolivia<\/title>\n<meta name=\"robots\" content=\"index, follow, max-snippet:-1, max-image-preview:large, max-video-preview:-1\" \/>\n<link rel=\"canonical\" href=\"https:\/\/www.eldiario.net\/portal\/2022\/04\/12\/cc-impugna-postulacion-de-cruz-a-la-defensoria\/\" \/>\n<meta property=\"og:locale\" content=\"es_ES\" \/>\n<meta property=\"og:type\" content=\"article\" \/>\n<meta property=\"og:title\" content=\"CC impugna postulaci\u00f3n de Cruz a la Defensor\u00eda - El Diario - Bolivia\" \/>\n<meta property=\"og:description\" content=\"Se\u00f1alando que existen fundamentos constitucionales y legales que impiden la repetici\u00f3n en la titularidad de la Defensor\u00eda del Pueblo, parlamentarios de la alianza Comunidad Ciudadana (CC) presentaron una impugnaci\u00f3n a la postulaci\u00f3n de la actual defensora interina, Nadia Cruz. El jefe de bancada de esta organizaci\u00f3n pol\u00edtica en Diputados, Carlos Alarc\u00f3n, se\u00f1al\u00f3 que tanto la [&hellip;]\" \/>\n<meta property=\"og:url\" content=\"https:\/\/www.eldiario.net\/portal\/2022\/04\/12\/cc-impugna-postulacion-de-cruz-a-la-defensoria\/\" \/>\n<meta property=\"og:site_name\" content=\"El Diario - Bolivia\" \/>\n<meta property=\"article:publisher\" content=\"https:\/\/www.facebook.com\/eldiario.bolivia\/\" \/>\n<meta property=\"article:published_time\" content=\"2022-04-12T10:13:05+00:00\" \/>\n<meta name=\"author\" content=\"Jeanette\" \/>\n<meta name=\"twitter:card\" content=\"summary_large_image\" \/>\n<meta name=\"twitter:creator\" content=\"@eldiario_net\" \/>\n<meta name=\"twitter:site\" content=\"@eldiario_net\" \/>\n<meta name=\"twitter:label1\" content=\"Escrito por\" \/>\n\t<meta name=\"twitter:data1\" content=\"Jeanette\" \/>\n\t<meta name=\"twitter:label2\" content=\"Tiempo de lectura\" \/>\n\t<meta name=\"twitter:data2\" content=\"2 minutos\" \/>\n<script type=\"application\/ld+json\" class=\"yoast-schema-graph\">{\"@context\":\"https:\\\/\\\/schema.org\",\"@graph\":[{\"@type\":\"Article\",\"@id\":\"https:\\\/\\\/www.eldiario.net\\\/portal\\\/2022\\\/04\\\/12\\\/cc-impugna-postulacion-de-cruz-a-la-defensoria\\\/#article\",\"isPartOf\":{\"@id\":\"https:\\\/\\\/www.eldiario.net\\\/portal\\\/2022\\\/04\\\/12\\\/cc-impugna-postulacion-de-cruz-a-la-defensoria\\\/\"},\"author\":{\"name\":\"Jeanette\",\"@id\":\"https:\\\/\\\/www.eldiario.net\\\/portal\\\/#\\\/schema\\\/person\\\/f46445640444750d7d753ccd04ae01b7\"},\"headline\":\"CC impugna postulaci\u00f3n de Cruz a la Defensor\u00eda\",\"datePublished\":\"2022-04-12T10:13:05+00:00\",\"mainEntityOfPage\":{\"@id\":\"https:\\\/\\\/www.eldiario.net\\\/portal\\\/2022\\\/04\\\/12\\\/cc-impugna-postulacion-de-cruz-a-la-defensoria\\\/\"},\"wordCount\":311,\"publisher\":{\"@id\":\"https:\\\/\\\/www.eldiario.net\\\/portal\\\/#organization\"},\"image\":{\"@id\":\"https:\\\/\\\/www.eldiario.net\\\/portal\\\/2022\\\/04\\\/12\\\/cc-impugna-postulacion-de-cruz-a-la-defensoria\\\/#primaryimage\"},\"thumbnailUrl\":\"\",\"articleSection\":[\"Pol\u00edtica\"],\"inLanguage\":\"es\"},{\"@type\":\"WebPage\",\"@id\":\"https:\\\/\\\/www.eldiario.net\\\/portal\\\/2022\\\/04\\\/12\\\/cc-impugna-postulacion-de-cruz-a-la-defensoria\\\/\",\"url\":\"https:\\\/\\\/www.eldiario.net\\\/portal\\\/2022\\\/04\\\/12\\\/cc-impugna-postulacion-de-cruz-a-la-defensoria\\\/\",\"name\":\"CC impugna postulaci\u00f3n de Cruz a la Defensor\u00eda - El Diario - Bolivia\",\"isPartOf\":{\"@id\":\"https:\\\/\\\/www.eldiario.net\\\/portal\\\/#website\"},\"primaryImageOfPage\":{\"@id\":\"https:\\\/\\\/www.eldiario.net\\\/portal\\\/2022\\\/04\\\/12\\\/cc-impugna-postulacion-de-cruz-a-la-defensoria\\\/#primaryimage\"},\"image\":{\"@id\":\"https:\\\/\\\/www.eldiario.net\\\/portal\\\/2022\\\/04\\\/12\\\/cc-impugna-postulacion-de-cruz-a-la-defensoria\\\/#primaryimage\"},\"thumbnailUrl\":\"\",\"datePublished\":\"2022-04-12T10:13:05+00:00\",\"breadcrumb\":{\"@id\":\"https:\\\/\\\/www.eldiario.net\\\/portal\\\/2022\\\/04\\\/12\\\/cc-impugna-postulacion-de-cruz-a-la-defensoria\\\/#breadcrumb\"},\"inLanguage\":\"es\",\"potentialAction\":[{\"@type\":\"ReadAction\",\"target\":[\"https:\\\/\\\/www.eldiario.net\\\/portal\\\/2022\\\/04\\\/12\\\/cc-impugna-postulacion-de-cruz-a-la-defensoria\\\/\"]}]},{\"@type\":\"ImageObject\",\"inLanguage\":\"es\",\"@id\":\"https:\\\/\\\/www.eldiario.net\\\/portal\\\/2022\\\/04\\\/12\\\/cc-impugna-postulacion-de-cruz-a-la-defensoria\\\/#primaryimage\",\"url\":\"\",\"contentUrl\":\"\"},{\"@type\":\"BreadcrumbList\",\"@id\":\"https:\\\/\\\/www.eldiario.net\\\/portal\\\/2022\\\/04\\\/12\\\/cc-impugna-postulacion-de-cruz-a-la-defensoria\\\/#breadcrumb\",\"itemListElement\":[{\"@type\":\"ListItem\",\"position\":1,\"name\":\"Portada\",\"item\":\"https:\\\/\\\/www.eldiario.net\\\/portal\\\/\"},{\"@type\":\"ListItem\",\"position\":2,\"name\":\"CC impugna postulaci\u00f3n de Cruz a la Defensor\u00eda\"}]},{\"@type\":\"WebSite\",\"@id\":\"https:\\\/\\\/www.eldiario.net\\\/portal\\\/#website\",\"url\":\"https:\\\/\\\/www.eldiario.net\\\/portal\\\/\",\"name\":\"El Diario - Decano de la prensa nacional\",\"description\":\"El Diario - Decano de la prensa nacional\",\"publisher\":{\"@id\":\"https:\\\/\\\/www.eldiario.net\\\/portal\\\/#organization\"},\"potentialAction\":[{\"@type\":\"SearchAction\",\"target\":{\"@type\":\"EntryPoint\",\"urlTemplate\":\"https:\\\/\\\/www.eldiario.net\\\/portal\\\/?s={search_term_string}\"},\"query-input\":{\"@type\":\"PropertyValueSpecification\",\"valueRequired\":true,\"valueName\":\"search_term_string\"}}],\"inLanguage\":\"es\"},{\"@type\":\"Organization\",\"@id\":\"https:\\\/\\\/www.eldiario.net\\\/portal\\\/#organization\",\"name\":\"El Diario - Decano de la prensa nacional\",\"url\":\"https:\\\/\\\/www.eldiario.net\\\/portal\\\/\",\"logo\":{\"@type\":\"ImageObject\",\"inLanguage\":\"es\",\"@id\":\"https:\\\/\\\/www.eldiario.net\\\/portal\\\/#\\\/schema\\\/logo\\\/image\\\/\",\"url\":\"https:\\\/\\\/www.eldiario.net\\\/portal\\\/wp-content\\\/uploads\\\/2023\\\/07\\\/logo_ED.jpg\",\"contentUrl\":\"https:\\\/\\\/www.eldiario.net\\\/portal\\\/wp-content\\\/uploads\\\/2023\\\/07\\\/logo_ED.jpg\",\"width\":272,\"height\":52,\"caption\":\"El Diario - Decano de la prensa nacional\"},\"image\":{\"@id\":\"https:\\\/\\\/www.eldiario.net\\\/portal\\\/#\\\/schema\\\/logo\\\/image\\\/\"},\"sameAs\":[\"https:\\\/\\\/www.facebook.com\\\/eldiario.bolivia\\\/\",\"https:\\\/\\\/x.com\\\/eldiario_net\"]},{\"@type\":\"Person\",\"@id\":\"https:\\\/\\\/www.eldiario.net\\\/portal\\\/#\\\/schema\\\/person\\\/f46445640444750d7d753ccd04ae01b7\",\"name\":\"Jeanette\",\"image\":{\"@type\":\"ImageObject\",\"inLanguage\":\"es\",\"@id\":\"https:\\\/\\\/secure.gravatar.com\\\/avatar\\\/3ea2118a5f7dad2b7138b1187a6b7ee55f160b9968b66013c3a3ef39dd7e5798?s=96&d=mm&r=g\",\"url\":\"https:\\\/\\\/secure.gravatar.com\\\/avatar\\\/3ea2118a5f7dad2b7138b1187a6b7ee55f160b9968b66013c3a3ef39dd7e5798?s=96&d=mm&r=g\",\"contentUrl\":\"https:\\\/\\\/secure.gravatar.com\\\/avatar\\\/3ea2118a5f7dad2b7138b1187a6b7ee55f160b9968b66013c3a3ef39dd7e5798?s=96&d=mm&r=g\",\"caption\":\"Jeanette\"},\"sameAs\":[\"https:\\\/\\\/www.eldiario.net\\\/portal\"],\"url\":\"https:\\\/\\\/www.eldiario.net\\\/portal\\\/author\\\/jeanette\\\/\"}]}<\/script>\n<!-- \/ Yoast SEO plugin. -->","yoast_head_json":{"title":"CC impugna postulaci\u00f3n de Cruz a la Defensor\u00eda - El Diario - Bolivia","robots":{"index":"index","follow":"follow","max-snippet":"max-snippet:-1","max-image-preview":"max-image-preview:large","max-video-preview":"max-video-preview:-1"},"canonical":"https:\/\/www.eldiario.net\/portal\/2022\/04\/12\/cc-impugna-postulacion-de-cruz-a-la-defensoria\/","og_locale":"es_ES","og_type":"article","og_title":"CC impugna postulaci\u00f3n de Cruz a la Defensor\u00eda - El Diario - Bolivia","og_description":"Se\u00f1alando que existen fundamentos constitucionales y legales que impiden la repetici\u00f3n en la titularidad de la Defensor\u00eda del Pueblo, parlamentarios de la alianza Comunidad Ciudadana (CC) presentaron una impugnaci\u00f3n a la postulaci\u00f3n de la actual defensora interina, Nadia Cruz. El jefe de bancada de esta organizaci\u00f3n pol\u00edtica en Diputados, Carlos Alarc\u00f3n, se\u00f1al\u00f3 que tanto la [&hellip;]","og_url":"https:\/\/www.eldiario.net\/portal\/2022\/04\/12\/cc-impugna-postulacion-de-cruz-a-la-defensoria\/","og_site_name":"El Diario - Bolivia","article_publisher":"https:\/\/www.facebook.com\/eldiario.bolivia\/","article_published_time":"2022-04-12T10:13:05+00:00","author":"Jeanette","twitter_card":"summary_large_image","twitter_creator":"@eldiario_net","twitter_site":"@eldiario_net","twitter_misc":{"Escrito por":"Jeanette","Tiempo de lectura":"2 minutos"},"schema":{"@context":"https:\/\/schema.org","@graph":[{"@type":"Article","@id":"https:\/\/www.eldiario.net\/portal\/2022\/04\/12\/cc-impugna-postulacion-de-cruz-a-la-defensoria\/#article","isPartOf":{"@id":"https:\/\/www.eldiario.net\/portal\/2022\/04\/12\/cc-impugna-postulacion-de-cruz-a-la-defensoria\/"},"author":{"name":"Jeanette","@id":"https:\/\/www.eldiario.net\/portal\/#\/schema\/person\/f46445640444750d7d753ccd04ae01b7"},"headline":"CC impugna postulaci\u00f3n de Cruz a la Defensor\u00eda","datePublished":"2022-04-12T10:13:05+00:00","mainEntityOfPage":{"@id":"https:\/\/www.eldiario.net\/portal\/2022\/04\/12\/cc-impugna-postulacion-de-cruz-a-la-defensoria\/"},"wordCount":311,"publisher":{"@id":"https:\/\/www.eldiario.net\/portal\/#organization"},"image":{"@id":"https:\/\/www.eldiario.net\/portal\/2022\/04\/12\/cc-impugna-postulacion-de-cruz-a-la-defensoria\/#primaryimage"},"thumbnailUrl":"","articleSection":["Pol\u00edtica"],"inLanguage":"es"},{"@type":"WebPage","@id":"https:\/\/www.eldiario.net\/portal\/2022\/04\/12\/cc-impugna-postulacion-de-cruz-a-la-defensoria\/","url":"https:\/\/www.eldiario.net\/portal\/2022\/04\/12\/cc-impugna-postulacion-de-cruz-a-la-defensoria\/","name":"CC impugna postulaci\u00f3n de Cruz a la Defensor\u00eda - El Diario - Bolivia","isPartOf":{"@id":"https:\/\/www.eldiario.net\/portal\/#website"},"primaryImageOfPage":{"@id":"https:\/\/www.eldiario.net\/portal\/2022\/04\/12\/cc-impugna-postulacion-de-cruz-a-la-defensoria\/#primaryimage"},"image":{"@id":"https:\/\/www.eldiario.net\/portal\/2022\/04\/12\/cc-impugna-postulacion-de-cruz-a-la-defensoria\/#primaryimage"},"thumbnailUrl":"","datePublished":"2022-04-12T10:13:05+00:00","breadcrumb":{"@id":"https:\/\/www.eldiario.net\/portal\/2022\/04\/12\/cc-impugna-postulacion-de-cruz-a-la-defensoria\/#breadcrumb"},"inLanguage":"es","potentialAction":[{"@type":"ReadAction","target":["https:\/\/www.eldiario.net\/portal\/2022\/04\/12\/cc-impugna-postulacion-de-cruz-a-la-defensoria\/"]}]},{"@type":"ImageObject","inLanguage":"es","@id":"https:\/\/www.eldiario.net\/portal\/2022\/04\/12\/cc-impugna-postulacion-de-cruz-a-la-defensoria\/#primaryimage","url":"","contentUrl":""},{"@type":"BreadcrumbList","@id":"https:\/\/www.eldiario.net\/portal\/2022\/04\/12\/cc-impugna-postulacion-de-cruz-a-la-defensoria\/#breadcrumb","itemListElement":[{"@type":"ListItem","position":1,"name":"Portada","item":"https:\/\/www.eldiario.net\/portal\/"},{"@type":"ListItem","position":2,"name":"CC impugna postulaci\u00f3n de Cruz a la Defensor\u00eda"}]},{"@type":"WebSite","@id":"https:\/\/www.eldiario.net\/portal\/#website","url":"https:\/\/www.eldiario.net\/portal\/","name":"El Diario - Decano de la prensa nacional","description":"El Diario - Decano de la prensa nacional","publisher":{"@id":"https:\/\/www.eldiario.net\/portal\/#organization"},"potentialAction":[{"@type":"SearchAction","target":{"@type":"EntryPoint","urlTemplate":"https:\/\/www.eldiario.net\/portal\/?s={search_term_string}"},"query-input":{"@type":"PropertyValueSpecification","valueRequired":true,"valueName":"search_term_string"}}],"inLanguage":"es"},{"@type":"Organization","@id":"https:\/\/www.eldiario.net\/portal\/#organization","name":"El Diario - Decano de la prensa nacional","url":"https:\/\/www.eldiario.net\/portal\/","logo":{"@type":"ImageObject","inLanguage":"es","@id":"https:\/\/www.eldiario.net\/portal\/#\/schema\/logo\/image\/","url":"https:\/\/www.eldiario.net\/portal\/wp-content\/uploads\/2023\/07\/logo_ED.jpg","contentUrl":"https:\/\/www.eldiario.net\/portal\/wp-content\/uploads\/2023\/07\/logo_ED.jpg","width":272,"height":52,"caption":"El Diario - Decano de la prensa nacional"},"image":{"@id":"https:\/\/www.eldiario.net\/portal\/#\/schema\/logo\/image\/"},"sameAs":["https:\/\/www.facebook.com\/eldiario.bolivia\/","https:\/\/x.com\/eldiario_net"]},{"@type":"Person","@id":"https:\/\/www.eldiario.net\/portal\/#\/schema\/person\/f46445640444750d7d753ccd04ae01b7","name":"Jeanette","image":{"@type":"ImageObject","inLanguage":"es","@id":"https:\/\/secure.gravatar.com\/avatar\/3ea2118a5f7dad2b7138b1187a6b7ee55f160b9968b66013c3a3ef39dd7e5798?s=96&d=mm&r=g","url":"https:\/\/secure.gravatar.com\/avatar\/3ea2118a5f7dad2b7138b1187a6b7ee55f160b9968b66013c3a3ef39dd7e5798?s=96&d=mm&r=g","contentUrl":"https:\/\/secure.gravatar.com\/avatar\/3ea2118a5f7dad2b7138b1187a6b7ee55f160b9968b66013c3a3ef39dd7e5798?s=96&d=mm&r=g","caption":"Jeanette"},"sameAs":["https:\/\/www.eldiario.net\/portal"],"url":"https:\/\/www.eldiario.net\/portal\/author\/jeanette\/"}]}},"_links":{"self":[{"href":"https:\/\/www.eldiario.net\/portal\/wp-json\/wp\/v2\/posts\/76153","targetHints":{"allow":["GET"]}}],"collection":[{"href":"https:\/\/www.eldiario.net\/portal\/wp-json\/wp\/v2\/posts"}],"about":[{"href":"https:\/\/www.eldiario.net\/portal\/wp-json\/wp\/v2\/types\/post"}],"author":[{"embeddable":true,"href":"https:\/\/www.eldiario.net\/portal\/wp-json\/wp\/v2\/users\/1"}],"replies":[{"embeddable":true,"href":"https:\/\/www.eldiario.net\/portal\/wp-json\/wp\/v2\/comments?post=76153"}],"version-history":[{"count":0,"href":"https:\/\/www.eldiario.net\/portal\/wp-json\/wp\/v2\/posts\/76153\/revisions"}],"wp:attachment":[{"href":"https:\/\/www.eldiario.net\/portal\/wp-json\/wp\/v2\/media?parent=76153"}],"wp:term":[{"taxonomy":"category","embeddable":true,"href":"https:\/\/www.eldiario.net\/portal\/wp-json\/wp\/v2\/categories?post=76153"},{"taxonomy":"post_tag","embeddable":true,"href":"https:\/\/www.eldiario.net\/portal\/wp-json\/wp\/v2\/tags?post=76153"}],"curies":[{"name":"wp","href":"https:\/\/api.w.org\/{rel}","templated":true}]}}