{"id":7614,"date":"2021-06-01T05:29:01","date_gmt":"2021-06-01T09:29:01","guid":{"rendered":"https:\/\/www.eldiario.net\/portal\/?p=7614"},"modified":"2021-06-01T05:29:01","modified_gmt":"2021-06-01T09:29:01","slug":"gobierno-sube-aranceles-para-ceramica-y-envases-de-vidrio","status":"publish","type":"post","link":"https:\/\/www.eldiario.net\/portal\/2021\/06\/01\/gobierno-sube-aranceles-para-ceramica-y-envases-de-vidrio\/","title":{"rendered":"Gobierno sube aranceles para cer\u00e1mica y envases de vidrio"},"content":{"rendered":"<p>Tras una reuni\u00f3n con el sector industrial de cer\u00e1mica y vidrio, el Gobierno emiti\u00f3 el Decreto Supremo 4514 que sube gravamen arancelario a la importaci\u00f3n de mercanc\u00edas para placas y baldosas de cer\u00e1mica de 10% y 15% a 25% y 35%, y en envases de vidrio de 10% a 30%, mientras baja a cero la compra de material gr\u00e1fico.<\/p>\n<p>La informaci\u00f3n fue proporcionada por el ministro de Desarrollo Productivo y Econom\u00eda Plural, N\u00e9stor Huanca, en conferencia de prensa, quien en su introducci\u00f3n dijo que las importaciones de esos materiales representan, en promedio, m\u00e1s de 25 millones de d\u00f3lares anuales.<\/p>\n<p>Inform\u00f3 que el 2019 la importaci\u00f3n de cer\u00e1micas alcanz\u00f3 m\u00e1s de 31 millones de d\u00f3lares y en el 2020 baj\u00f3 a 33,4 millones, entre tanto en vidrio las compras ascendieron a 5,1 millones.<\/p>\n<p>Se\u00f1al\u00f3 que Bolivia tiene suficiente capacidad de producci\u00f3n para cubrir la demanda del mercado interno con cer\u00e1mica y vidri\u00f3, y mencion\u00f3 las industrias que invirtieron y continuar\u00e1n inyectando capital para cumplir con la poblaci\u00f3n boliviana, como Coboce, Faboce, Gladymar y Cerabol.<\/p>\n<p>En el caso de envases de vidrio tambi\u00e9n existe la capacidad de cubrir la demanda del mercado interno, y s\u00f3lo como dato la Empresa de Vidrio de Bolivia (Envibol) produce 110 toneladas d\u00eda.<\/p>\n<p>Las empresas de cer\u00e1mica realizaron inversiones para ampliar su producci\u00f3n y diversificar sus productos con marca nacional, se\u00f1al\u00f3 a tiempo de indicar que al a\u00f1o se produce 535 toneladas de baldosas de cer\u00e1mica y revestimiento, pero las f\u00e1bricas s\u00f3lo ocupan 57,6% de su capacidad instalada a nivel nacional.<\/p>\n<p>Inform\u00f3 que tuvieron reuniones con las empresas del sector, y en la misma se comprometieron a continuar con las inversiones a medida que la demanda aumente, y generen empleos.<\/p>\n<p>Adem\u00e1s, tambi\u00e9n garantizaron la calidad y mantener precios accesibles para el mercado interno, y evitar en lo posible incrementos.<\/p>\n<p>Huanca dijo que la medida apunta a sustituir las importaciones de esos productos e incentivar la producci\u00f3n nacional, y que los bolivianos puedan beneficiarse de 183,4 millones de bolivianos, que antes se destinaba a la importaci\u00f3n.<\/p>\n<p>El decreto supremo entrar\u00e1 en vigencia dentro de los cinco d\u00edas promulgado, y con ello se garantiza los m\u00e1s de 1.500 empleos que generan las industrias.<\/p>\n<p>&nbsp;<\/p>\n","protected":false},"excerpt":{"rendered":"<p>Tras una reuni\u00f3n con el sector industrial de cer\u00e1mica y vidrio, el Gobierno emiti\u00f3 el Decreto Supremo 4514 que sube gravamen arancelario a la importaci\u00f3n de mercanc\u00edas para placas y baldosas de cer\u00e1mica de 10% y 15% a 25% y 35%, y en envases de vidrio de 10% a 30%, mientras baja a cero la [&hellip;]<\/p>\n","protected":false},"author":1,"featured_media":7615,"comment_status":"closed","ping_status":"closed","sticky":false,"template":"","format":"standard","meta":{"_acf_changed":false,"footnotes":""},"categories":[7],"tags":[],"class_list":["post-7614","post","type-post","status-publish","format-standard","has-post-thumbnail","category-economia"],"acf":{"antetitulo":""},"yoast_head":"<!-- This site is optimized with the Yoast SEO plugin v28.3 - https:\/\/yoast.com\/product\/yoast-seo-wordpress\/ -->\n<title>Gobierno sube aranceles para cer\u00e1mica y envases de vidrio - El Diario - Bolivia<\/title>\n<meta name=\"robots\" content=\"index, follow, max-snippet:-1, max-image-preview:large, max-video-preview:-1\" \/>\n<link rel=\"canonical\" href=\"https:\/\/www.eldiario.net\/portal\/2021\/06\/01\/gobierno-sube-aranceles-para-ceramica-y-envases-de-vidrio\/\" \/>\n<meta property=\"og:locale\" content=\"es_ES\" \/>\n<meta property=\"og:type\" content=\"article\" \/>\n<meta property=\"og:title\" content=\"Gobierno sube aranceles para cer\u00e1mica y envases de vidrio - El Diario - Bolivia\" \/>\n<meta property=\"og:description\" content=\"Tras una reuni\u00f3n con el sector industrial de cer\u00e1mica y vidrio, el Gobierno emiti\u00f3 el Decreto Supremo 4514 que sube gravamen arancelario a la importaci\u00f3n de mercanc\u00edas para placas y baldosas de cer\u00e1mica de 10% y 15% a 25% y 35%, y en envases de vidrio de 10% a 30%, mientras baja a cero la [&hellip;]\" \/>\n<meta property=\"og:url\" content=\"https:\/\/www.eldiario.net\/portal\/2021\/06\/01\/gobierno-sube-aranceles-para-ceramica-y-envases-de-vidrio\/\" \/>\n<meta property=\"og:site_name\" content=\"El Diario - Bolivia\" \/>\n<meta property=\"article:publisher\" content=\"https:\/\/www.facebook.com\/eldiario.bolivia\/\" \/>\n<meta property=\"article:published_time\" content=\"2021-06-01T09:29:01+00:00\" \/>\n<meta name=\"author\" content=\"Jeanette\" \/>\n<meta name=\"twitter:card\" content=\"summary_large_image\" \/>\n<meta name=\"twitter:creator\" content=\"@eldiario_net\" \/>\n<meta name=\"twitter:site\" content=\"@eldiario_net\" \/>\n<meta name=\"twitter:label1\" content=\"Escrito por\" \/>\n\t<meta name=\"twitter:data1\" content=\"Jeanette\" \/>\n\t<meta name=\"twitter:label2\" content=\"Tiempo de lectura\" \/>\n\t<meta name=\"twitter:data2\" content=\"2 minutos\" \/>\n<script type=\"application\/ld+json\" class=\"yoast-schema-graph\">{\"@context\":\"https:\\\/\\\/schema.org\",\"@graph\":[{\"@type\":\"Article\",\"@id\":\"https:\\\/\\\/www.eldiario.net\\\/portal\\\/2021\\\/06\\\/01\\\/gobierno-sube-aranceles-para-ceramica-y-envases-de-vidrio\\\/#article\",\"isPartOf\":{\"@id\":\"https:\\\/\\\/www.eldiario.net\\\/portal\\\/2021\\\/06\\\/01\\\/gobierno-sube-aranceles-para-ceramica-y-envases-de-vidrio\\\/\"},\"author\":{\"name\":\"Jeanette\",\"@id\":\"https:\\\/\\\/www.eldiario.net\\\/portal\\\/#\\\/schema\\\/person\\\/f46445640444750d7d753ccd04ae01b7\"},\"headline\":\"Gobierno sube aranceles para cer\u00e1mica y envases de vidrio\",\"datePublished\":\"2021-06-01T09:29:01+00:00\",\"mainEntityOfPage\":{\"@id\":\"https:\\\/\\\/www.eldiario.net\\\/portal\\\/2021\\\/06\\\/01\\\/gobierno-sube-aranceles-para-ceramica-y-envases-de-vidrio\\\/\"},\"wordCount\":394,\"publisher\":{\"@id\":\"https:\\\/\\\/www.eldiario.net\\\/portal\\\/#organization\"},\"image\":{\"@id\":\"https:\\\/\\\/www.eldiario.net\\\/portal\\\/2021\\\/06\\\/01\\\/gobierno-sube-aranceles-para-ceramica-y-envases-de-vidrio\\\/#primaryimage\"},\"thumbnailUrl\":\"\",\"articleSection\":[\"Econom\u00eda\"],\"inLanguage\":\"es\"},{\"@type\":\"WebPage\",\"@id\":\"https:\\\/\\\/www.eldiario.net\\\/portal\\\/2021\\\/06\\\/01\\\/gobierno-sube-aranceles-para-ceramica-y-envases-de-vidrio\\\/\",\"url\":\"https:\\\/\\\/www.eldiario.net\\\/portal\\\/2021\\\/06\\\/01\\\/gobierno-sube-aranceles-para-ceramica-y-envases-de-vidrio\\\/\",\"name\":\"Gobierno sube aranceles para cer\u00e1mica y envases de vidrio - El Diario - Bolivia\",\"isPartOf\":{\"@id\":\"https:\\\/\\\/www.eldiario.net\\\/portal\\\/#website\"},\"primaryImageOfPage\":{\"@id\":\"https:\\\/\\\/www.eldiario.net\\\/portal\\\/2021\\\/06\\\/01\\\/gobierno-sube-aranceles-para-ceramica-y-envases-de-vidrio\\\/#primaryimage\"},\"image\":{\"@id\":\"https:\\\/\\\/www.eldiario.net\\\/portal\\\/2021\\\/06\\\/01\\\/gobierno-sube-aranceles-para-ceramica-y-envases-de-vidrio\\\/#primaryimage\"},\"thumbnailUrl\":\"\",\"datePublished\":\"2021-06-01T09:29:01+00:00\",\"breadcrumb\":{\"@id\":\"https:\\\/\\\/www.eldiario.net\\\/portal\\\/2021\\\/06\\\/01\\\/gobierno-sube-aranceles-para-ceramica-y-envases-de-vidrio\\\/#breadcrumb\"},\"inLanguage\":\"es\",\"potentialAction\":[{\"@type\":\"ReadAction\",\"target\":[\"https:\\\/\\\/www.eldiario.net\\\/portal\\\/2021\\\/06\\\/01\\\/gobierno-sube-aranceles-para-ceramica-y-envases-de-vidrio\\\/\"]}]},{\"@type\":\"ImageObject\",\"inLanguage\":\"es\",\"@id\":\"https:\\\/\\\/www.eldiario.net\\\/portal\\\/2021\\\/06\\\/01\\\/gobierno-sube-aranceles-para-ceramica-y-envases-de-vidrio\\\/#primaryimage\",\"url\":\"\",\"contentUrl\":\"\"},{\"@type\":\"BreadcrumbList\",\"@id\":\"https:\\\/\\\/www.eldiario.net\\\/portal\\\/2021\\\/06\\\/01\\\/gobierno-sube-aranceles-para-ceramica-y-envases-de-vidrio\\\/#breadcrumb\",\"itemListElement\":[{\"@type\":\"ListItem\",\"position\":1,\"name\":\"Portada\",\"item\":\"https:\\\/\\\/www.eldiario.net\\\/portal\\\/\"},{\"@type\":\"ListItem\",\"position\":2,\"name\":\"Gobierno sube aranceles para cer\u00e1mica y envases de vidrio\"}]},{\"@type\":\"WebSite\",\"@id\":\"https:\\\/\\\/www.eldiario.net\\\/portal\\\/#website\",\"url\":\"https:\\\/\\\/www.eldiario.net\\\/portal\\\/\",\"name\":\"El Diario - Decano de la prensa nacional\",\"description\":\"El Diario - Decano de la prensa nacional\",\"publisher\":{\"@id\":\"https:\\\/\\\/www.eldiario.net\\\/portal\\\/#organization\"},\"potentialAction\":[{\"@type\":\"SearchAction\",\"target\":{\"@type\":\"EntryPoint\",\"urlTemplate\":\"https:\\\/\\\/www.eldiario.net\\\/portal\\\/?s={search_term_string}\"},\"query-input\":{\"@type\":\"PropertyValueSpecification\",\"valueRequired\":true,\"valueName\":\"search_term_string\"}}],\"inLanguage\":\"es\"},{\"@type\":\"Organization\",\"@id\":\"https:\\\/\\\/www.eldiario.net\\\/portal\\\/#organization\",\"name\":\"El Diario - Decano de la prensa nacional\",\"url\":\"https:\\\/\\\/www.eldiario.net\\\/portal\\\/\",\"logo\":{\"@type\":\"ImageObject\",\"inLanguage\":\"es\",\"@id\":\"https:\\\/\\\/www.eldiario.net\\\/portal\\\/#\\\/schema\\\/logo\\\/image\\\/\",\"url\":\"https:\\\/\\\/www.eldiario.net\\\/portal\\\/wp-content\\\/uploads\\\/2023\\\/07\\\/logo_ED.jpg\",\"contentUrl\":\"https:\\\/\\\/www.eldiario.net\\\/portal\\\/wp-content\\\/uploads\\\/2023\\\/07\\\/logo_ED.jpg\",\"width\":272,\"height\":52,\"caption\":\"El Diario - Decano de la prensa nacional\"},\"image\":{\"@id\":\"https:\\\/\\\/www.eldiario.net\\\/portal\\\/#\\\/schema\\\/logo\\\/image\\\/\"},\"sameAs\":[\"https:\\\/\\\/www.facebook.com\\\/eldiario.bolivia\\\/\",\"https:\\\/\\\/x.com\\\/eldiario_net\"]},{\"@type\":\"Person\",\"@id\":\"https:\\\/\\\/www.eldiario.net\\\/portal\\\/#\\\/schema\\\/person\\\/f46445640444750d7d753ccd04ae01b7\",\"name\":\"Jeanette\",\"image\":{\"@type\":\"ImageObject\",\"inLanguage\":\"es\",\"@id\":\"https:\\\/\\\/secure.gravatar.com\\\/avatar\\\/3ea2118a5f7dad2b7138b1187a6b7ee55f160b9968b66013c3a3ef39dd7e5798?s=96&d=mm&r=g\",\"url\":\"https:\\\/\\\/secure.gravatar.com\\\/avatar\\\/3ea2118a5f7dad2b7138b1187a6b7ee55f160b9968b66013c3a3ef39dd7e5798?s=96&d=mm&r=g\",\"contentUrl\":\"https:\\\/\\\/secure.gravatar.com\\\/avatar\\\/3ea2118a5f7dad2b7138b1187a6b7ee55f160b9968b66013c3a3ef39dd7e5798?s=96&d=mm&r=g\",\"caption\":\"Jeanette\"},\"sameAs\":[\"https:\\\/\\\/www.eldiario.net\\\/portal\"],\"url\":\"https:\\\/\\\/www.eldiario.net\\\/portal\\\/author\\\/jeanette\\\/\"}]}<\/script>\n<!-- \/ Yoast SEO plugin. -->","yoast_head_json":{"title":"Gobierno sube aranceles para cer\u00e1mica y envases de vidrio - El Diario - Bolivia","robots":{"index":"index","follow":"follow","max-snippet":"max-snippet:-1","max-image-preview":"max-image-preview:large","max-video-preview":"max-video-preview:-1"},"canonical":"https:\/\/www.eldiario.net\/portal\/2021\/06\/01\/gobierno-sube-aranceles-para-ceramica-y-envases-de-vidrio\/","og_locale":"es_ES","og_type":"article","og_title":"Gobierno sube aranceles para cer\u00e1mica y envases de vidrio - El Diario - Bolivia","og_description":"Tras una reuni\u00f3n con el sector industrial de cer\u00e1mica y vidrio, el Gobierno emiti\u00f3 el Decreto Supremo 4514 que sube gravamen arancelario a la importaci\u00f3n de mercanc\u00edas para placas y baldosas de cer\u00e1mica de 10% y 15% a 25% y 35%, y en envases de vidrio de 10% a 30%, mientras baja a cero la [&hellip;]","og_url":"https:\/\/www.eldiario.net\/portal\/2021\/06\/01\/gobierno-sube-aranceles-para-ceramica-y-envases-de-vidrio\/","og_site_name":"El Diario - Bolivia","article_publisher":"https:\/\/www.facebook.com\/eldiario.bolivia\/","article_published_time":"2021-06-01T09:29:01+00:00","author":"Jeanette","twitter_card":"summary_large_image","twitter_creator":"@eldiario_net","twitter_site":"@eldiario_net","twitter_misc":{"Escrito por":"Jeanette","Tiempo de lectura":"2 minutos"},"schema":{"@context":"https:\/\/schema.org","@graph":[{"@type":"Article","@id":"https:\/\/www.eldiario.net\/portal\/2021\/06\/01\/gobierno-sube-aranceles-para-ceramica-y-envases-de-vidrio\/#article","isPartOf":{"@id":"https:\/\/www.eldiario.net\/portal\/2021\/06\/01\/gobierno-sube-aranceles-para-ceramica-y-envases-de-vidrio\/"},"author":{"name":"Jeanette","@id":"https:\/\/www.eldiario.net\/portal\/#\/schema\/person\/f46445640444750d7d753ccd04ae01b7"},"headline":"Gobierno sube aranceles para cer\u00e1mica y envases de vidrio","datePublished":"2021-06-01T09:29:01+00:00","mainEntityOfPage":{"@id":"https:\/\/www.eldiario.net\/portal\/2021\/06\/01\/gobierno-sube-aranceles-para-ceramica-y-envases-de-vidrio\/"},"wordCount":394,"publisher":{"@id":"https:\/\/www.eldiario.net\/portal\/#organization"},"image":{"@id":"https:\/\/www.eldiario.net\/portal\/2021\/06\/01\/gobierno-sube-aranceles-para-ceramica-y-envases-de-vidrio\/#primaryimage"},"thumbnailUrl":"","articleSection":["Econom\u00eda"],"inLanguage":"es"},{"@type":"WebPage","@id":"https:\/\/www.eldiario.net\/portal\/2021\/06\/01\/gobierno-sube-aranceles-para-ceramica-y-envases-de-vidrio\/","url":"https:\/\/www.eldiario.net\/portal\/2021\/06\/01\/gobierno-sube-aranceles-para-ceramica-y-envases-de-vidrio\/","name":"Gobierno sube aranceles para cer\u00e1mica y envases de vidrio - El Diario - Bolivia","isPartOf":{"@id":"https:\/\/www.eldiario.net\/portal\/#website"},"primaryImageOfPage":{"@id":"https:\/\/www.eldiario.net\/portal\/2021\/06\/01\/gobierno-sube-aranceles-para-ceramica-y-envases-de-vidrio\/#primaryimage"},"image":{"@id":"https:\/\/www.eldiario.net\/portal\/2021\/06\/01\/gobierno-sube-aranceles-para-ceramica-y-envases-de-vidrio\/#primaryimage"},"thumbnailUrl":"","datePublished":"2021-06-01T09:29:01+00:00","breadcrumb":{"@id":"https:\/\/www.eldiario.net\/portal\/2021\/06\/01\/gobierno-sube-aranceles-para-ceramica-y-envases-de-vidrio\/#breadcrumb"},"inLanguage":"es","potentialAction":[{"@type":"ReadAction","target":["https:\/\/www.eldiario.net\/portal\/2021\/06\/01\/gobierno-sube-aranceles-para-ceramica-y-envases-de-vidrio\/"]}]},{"@type":"ImageObject","inLanguage":"es","@id":"https:\/\/www.eldiario.net\/portal\/2021\/06\/01\/gobierno-sube-aranceles-para-ceramica-y-envases-de-vidrio\/#primaryimage","url":"","contentUrl":""},{"@type":"BreadcrumbList","@id":"https:\/\/www.eldiario.net\/portal\/2021\/06\/01\/gobierno-sube-aranceles-para-ceramica-y-envases-de-vidrio\/#breadcrumb","itemListElement":[{"@type":"ListItem","position":1,"name":"Portada","item":"https:\/\/www.eldiario.net\/portal\/"},{"@type":"ListItem","position":2,"name":"Gobierno sube aranceles para cer\u00e1mica y envases de vidrio"}]},{"@type":"WebSite","@id":"https:\/\/www.eldiario.net\/portal\/#website","url":"https:\/\/www.eldiario.net\/portal\/","name":"El Diario - Decano de la prensa nacional","description":"El Diario - Decano de la prensa nacional","publisher":{"@id":"https:\/\/www.eldiario.net\/portal\/#organization"},"potentialAction":[{"@type":"SearchAction","target":{"@type":"EntryPoint","urlTemplate":"https:\/\/www.eldiario.net\/portal\/?s={search_term_string}"},"query-input":{"@type":"PropertyValueSpecification","valueRequired":true,"valueName":"search_term_string"}}],"inLanguage":"es"},{"@type":"Organization","@id":"https:\/\/www.eldiario.net\/portal\/#organization","name":"El Diario - Decano de la prensa nacional","url":"https:\/\/www.eldiario.net\/portal\/","logo":{"@type":"ImageObject","inLanguage":"es","@id":"https:\/\/www.eldiario.net\/portal\/#\/schema\/logo\/image\/","url":"https:\/\/www.eldiario.net\/portal\/wp-content\/uploads\/2023\/07\/logo_ED.jpg","contentUrl":"https:\/\/www.eldiario.net\/portal\/wp-content\/uploads\/2023\/07\/logo_ED.jpg","width":272,"height":52,"caption":"El Diario - Decano de la prensa nacional"},"image":{"@id":"https:\/\/www.eldiario.net\/portal\/#\/schema\/logo\/image\/"},"sameAs":["https:\/\/www.facebook.com\/eldiario.bolivia\/","https:\/\/x.com\/eldiario_net"]},{"@type":"Person","@id":"https:\/\/www.eldiario.net\/portal\/#\/schema\/person\/f46445640444750d7d753ccd04ae01b7","name":"Jeanette","image":{"@type":"ImageObject","inLanguage":"es","@id":"https:\/\/secure.gravatar.com\/avatar\/3ea2118a5f7dad2b7138b1187a6b7ee55f160b9968b66013c3a3ef39dd7e5798?s=96&d=mm&r=g","url":"https:\/\/secure.gravatar.com\/avatar\/3ea2118a5f7dad2b7138b1187a6b7ee55f160b9968b66013c3a3ef39dd7e5798?s=96&d=mm&r=g","contentUrl":"https:\/\/secure.gravatar.com\/avatar\/3ea2118a5f7dad2b7138b1187a6b7ee55f160b9968b66013c3a3ef39dd7e5798?s=96&d=mm&r=g","caption":"Jeanette"},"sameAs":["https:\/\/www.eldiario.net\/portal"],"url":"https:\/\/www.eldiario.net\/portal\/author\/jeanette\/"}]}},"_links":{"self":[{"href":"https:\/\/www.eldiario.net\/portal\/wp-json\/wp\/v2\/posts\/7614","targetHints":{"allow":["GET"]}}],"collection":[{"href":"https:\/\/www.eldiario.net\/portal\/wp-json\/wp\/v2\/posts"}],"about":[{"href":"https:\/\/www.eldiario.net\/portal\/wp-json\/wp\/v2\/types\/post"}],"author":[{"embeddable":true,"href":"https:\/\/www.eldiario.net\/portal\/wp-json\/wp\/v2\/users\/1"}],"replies":[{"embeddable":true,"href":"https:\/\/www.eldiario.net\/portal\/wp-json\/wp\/v2\/comments?post=7614"}],"version-history":[{"count":0,"href":"https:\/\/www.eldiario.net\/portal\/wp-json\/wp\/v2\/posts\/7614\/revisions"}],"wp:attachment":[{"href":"https:\/\/www.eldiario.net\/portal\/wp-json\/wp\/v2\/media?parent=7614"}],"wp:term":[{"taxonomy":"category","embeddable":true,"href":"https:\/\/www.eldiario.net\/portal\/wp-json\/wp\/v2\/categories?post=7614"},{"taxonomy":"post_tag","embeddable":true,"href":"https:\/\/www.eldiario.net\/portal\/wp-json\/wp\/v2\/tags?post=7614"}],"curies":[{"name":"wp","href":"https:\/\/api.w.org\/{rel}","templated":true}]}}