{"id":7608,"date":"2021-06-01T05:27:02","date_gmt":"2021-06-01T09:27:02","guid":{"rendered":"https:\/\/www.eldiario.net\/portal\/?p=7608"},"modified":"2021-06-01T05:27:02","modified_gmt":"2021-06-01T09:27:02","slug":"bebe-golpeado-por-sus-padres-tiene-75-dias-de-impedimento","status":"publish","type":"post","link":"https:\/\/www.eldiario.net\/portal\/2021\/06\/01\/bebe-golpeado-por-sus-padres-tiene-75-dias-de-impedimento\/","title":{"rendered":"Beb\u00e9 golpeado por sus padres  tiene 75 d\u00edas de impedimento"},"content":{"rendered":"<p>Una pareja, ambos de 19 a\u00f1os de edad, en estado de ebriedad golpearon a su beb\u00e9 de 5 meses de vida, quienes luego de salir de una discoteca la madrugada del lunes y en v\u00eda p\u00fablica, le causaron serias lesiones al menor, adem\u00e1s de ocasionarle 75 d\u00edas de impedimento, inform\u00f3 el teniente Daniel Choque de la Fuerza Especial de Lucha Contra el Crimen (Felcc) de El Alto.<\/p>\n<p>De acuerdo con las investigaciones de la Polic\u00eda y la versi\u00f3n de los propios testigos, comerciantes de la zona de Villa Dolores, la pareja se encontraba bebiendo en una discoteca de esa zona, luego de varias horas y al encontrarse en completo estado de ebriedad y en el momento de intentar retirarse, propinaron la golpiza a su beb\u00e9 hasta dejarlos con varias lesiones.<\/p>\n<p>Asimismo, los transe\u00fantes que circulaban en ese momento por inmediaciones de dicha zona, trataron de impedir este abuso a la menor de 5 meses, pero por el estado de ebriedad en el que se encontraban los progenitores no lograron su cometido, debido a la agresividad que mostraban y solo denunciaron el hecho ante la Polic\u00eda.<\/p>\n<p>Una vez rescatada la beb\u00e9 de 5 meses, fue llevada de forma inmediata a un hospital cercano, donde se hicieron presentes los m\u00e9dicos del Instituto de Investigaci\u00f3n Forense (IDIF), quienes hicieron conocer el diagn\u00f3stico a causa de la golpiza que recibi\u00f3 la v\u00edctima por parte de sus propios padres.<\/p>\n<p>\u201cLamentablemente la v\u00edctima est\u00e1 policuntusa, adem\u00e1s presenta un traumatismo enc\u00e9falo craneano (TEC), moderado y lamentablemente tiene una fractura desplazada de f\u00e9mur derecho, producto de la golpiza que recibi\u00f3, por parte de sus progenitores, que se encontraban en estado de ebriedad\u201d, explic\u00f3 la autoridad policial el teniente Choque.<\/p>\n<p>En primera instancia la v\u00edctima fue internada en el hospital Boliviano Holand\u00e9s de la zona de Ciudad Sat\u00e9lite, pero por su gravedad, posteriormente fue traspasada al hospital del Ni\u00f1o de La Paz, donde en el momento recibe atenci\u00f3n m\u00e9dica, bajo un cuidado especial de los galenos de este nosocomio.<\/p>\n<p>&nbsp;<\/p>\n<p>INVESTIGACIONES<\/p>\n<p>Por su parte, la Polic\u00eda advirti\u00f3 que este hecho ser\u00e1 sancionado, pero en primera instancia la pareja agresora, ser\u00e1 investigada por el caso de infanticidio en grado de tentativa, por la forma violenta con la que procedieron en contra de su propio beb\u00e9, adem\u00e1s en estado de ebriedad.<\/p>\n<p>Las dos personas de 19 a\u00f1os de edad, fueron aprehendidos por parte del Ministerio P\u00fablico y puestos a disposici\u00f3n para su sanci\u00f3n, luego de un proceso legal, por haber cometido este delito.<\/p>\n<p>Mientras testigos de la zona de Villa Dolores se\u00f1alaron que este tipo de actitudes y como el presente caso, suceden de forma continua, donde estas discotecas clandestinas, permiten la presencia de bebedores en compa\u00f1\u00eda de sus hijos que est\u00e1 prohibida, pero estos hechos se cometen a falta de un control policial y municipal.<\/p>\n","protected":false},"excerpt":{"rendered":"<p>Una pareja, ambos de 19 a\u00f1os de edad, en estado de ebriedad golpearon a su beb\u00e9 de 5 meses de vida, quienes luego de salir de una discoteca la madrugada del lunes y en v\u00eda p\u00fablica, le causaron serias lesiones al menor, adem\u00e1s de ocasionarle 75 d\u00edas de impedimento, inform\u00f3 el teniente Daniel Choque de [&hellip;]<\/p>\n","protected":false},"author":1,"featured_media":7609,"comment_status":"closed","ping_status":"closed","sticky":false,"template":"","format":"standard","meta":{"_acf_changed":false,"footnotes":""},"categories":[12],"tags":[],"class_list":["post-7608","post","type-post","status-publish","format-standard","has-post-thumbnail","category-nacional"],"acf":{"antetitulo":""},"yoast_head":"<!-- This site is optimized with the Yoast SEO plugin v28.3 - https:\/\/yoast.com\/product\/yoast-seo-wordpress\/ -->\n<title>Beb\u00e9 golpeado por sus padres tiene 75 d\u00edas de impedimento - El Diario - Bolivia<\/title>\n<meta name=\"robots\" content=\"index, follow, max-snippet:-1, max-image-preview:large, max-video-preview:-1\" \/>\n<link rel=\"canonical\" href=\"https:\/\/www.eldiario.net\/portal\/2021\/06\/01\/bebe-golpeado-por-sus-padres-tiene-75-dias-de-impedimento\/\" \/>\n<meta property=\"og:locale\" content=\"es_ES\" \/>\n<meta property=\"og:type\" content=\"article\" \/>\n<meta property=\"og:title\" content=\"Beb\u00e9 golpeado por sus padres tiene 75 d\u00edas de impedimento - El Diario - Bolivia\" \/>\n<meta property=\"og:description\" content=\"Una pareja, ambos de 19 a\u00f1os de edad, en estado de ebriedad golpearon a su beb\u00e9 de 5 meses de vida, quienes luego de salir de una discoteca la madrugada del lunes y en v\u00eda p\u00fablica, le causaron serias lesiones al menor, adem\u00e1s de ocasionarle 75 d\u00edas de impedimento, inform\u00f3 el teniente Daniel Choque de [&hellip;]\" \/>\n<meta property=\"og:url\" content=\"https:\/\/www.eldiario.net\/portal\/2021\/06\/01\/bebe-golpeado-por-sus-padres-tiene-75-dias-de-impedimento\/\" \/>\n<meta property=\"og:site_name\" content=\"El Diario - Bolivia\" \/>\n<meta property=\"article:publisher\" content=\"https:\/\/www.facebook.com\/eldiario.bolivia\/\" \/>\n<meta property=\"article:published_time\" content=\"2021-06-01T09:27:02+00:00\" \/>\n<meta name=\"author\" content=\"Jeanette\" \/>\n<meta name=\"twitter:card\" content=\"summary_large_image\" \/>\n<meta name=\"twitter:creator\" content=\"@eldiario_net\" \/>\n<meta name=\"twitter:site\" content=\"@eldiario_net\" \/>\n<meta name=\"twitter:label1\" content=\"Escrito por\" \/>\n\t<meta name=\"twitter:data1\" content=\"Jeanette\" \/>\n\t<meta name=\"twitter:label2\" content=\"Tiempo de lectura\" \/>\n\t<meta name=\"twitter:data2\" content=\"3 minutos\" \/>\n<script type=\"application\/ld+json\" class=\"yoast-schema-graph\">{\"@context\":\"https:\\\/\\\/schema.org\",\"@graph\":[{\"@type\":\"Article\",\"@id\":\"https:\\\/\\\/www.eldiario.net\\\/portal\\\/2021\\\/06\\\/01\\\/bebe-golpeado-por-sus-padres-tiene-75-dias-de-impedimento\\\/#article\",\"isPartOf\":{\"@id\":\"https:\\\/\\\/www.eldiario.net\\\/portal\\\/2021\\\/06\\\/01\\\/bebe-golpeado-por-sus-padres-tiene-75-dias-de-impedimento\\\/\"},\"author\":{\"name\":\"Jeanette\",\"@id\":\"https:\\\/\\\/www.eldiario.net\\\/portal\\\/#\\\/schema\\\/person\\\/f46445640444750d7d753ccd04ae01b7\"},\"headline\":\"Beb\u00e9 golpeado por sus padres tiene 75 d\u00edas de impedimento\",\"datePublished\":\"2021-06-01T09:27:02+00:00\",\"mainEntityOfPage\":{\"@id\":\"https:\\\/\\\/www.eldiario.net\\\/portal\\\/2021\\\/06\\\/01\\\/bebe-golpeado-por-sus-padres-tiene-75-dias-de-impedimento\\\/\"},\"wordCount\":500,\"publisher\":{\"@id\":\"https:\\\/\\\/www.eldiario.net\\\/portal\\\/#organization\"},\"image\":{\"@id\":\"https:\\\/\\\/www.eldiario.net\\\/portal\\\/2021\\\/06\\\/01\\\/bebe-golpeado-por-sus-padres-tiene-75-dias-de-impedimento\\\/#primaryimage\"},\"thumbnailUrl\":\"\",\"articleSection\":[\"Nacional\"],\"inLanguage\":\"es\"},{\"@type\":\"WebPage\",\"@id\":\"https:\\\/\\\/www.eldiario.net\\\/portal\\\/2021\\\/06\\\/01\\\/bebe-golpeado-por-sus-padres-tiene-75-dias-de-impedimento\\\/\",\"url\":\"https:\\\/\\\/www.eldiario.net\\\/portal\\\/2021\\\/06\\\/01\\\/bebe-golpeado-por-sus-padres-tiene-75-dias-de-impedimento\\\/\",\"name\":\"Beb\u00e9 golpeado por sus padres tiene 75 d\u00edas de impedimento - El Diario - Bolivia\",\"isPartOf\":{\"@id\":\"https:\\\/\\\/www.eldiario.net\\\/portal\\\/#website\"},\"primaryImageOfPage\":{\"@id\":\"https:\\\/\\\/www.eldiario.net\\\/portal\\\/2021\\\/06\\\/01\\\/bebe-golpeado-por-sus-padres-tiene-75-dias-de-impedimento\\\/#primaryimage\"},\"image\":{\"@id\":\"https:\\\/\\\/www.eldiario.net\\\/portal\\\/2021\\\/06\\\/01\\\/bebe-golpeado-por-sus-padres-tiene-75-dias-de-impedimento\\\/#primaryimage\"},\"thumbnailUrl\":\"\",\"datePublished\":\"2021-06-01T09:27:02+00:00\",\"breadcrumb\":{\"@id\":\"https:\\\/\\\/www.eldiario.net\\\/portal\\\/2021\\\/06\\\/01\\\/bebe-golpeado-por-sus-padres-tiene-75-dias-de-impedimento\\\/#breadcrumb\"},\"inLanguage\":\"es\",\"potentialAction\":[{\"@type\":\"ReadAction\",\"target\":[\"https:\\\/\\\/www.eldiario.net\\\/portal\\\/2021\\\/06\\\/01\\\/bebe-golpeado-por-sus-padres-tiene-75-dias-de-impedimento\\\/\"]}]},{\"@type\":\"ImageObject\",\"inLanguage\":\"es\",\"@id\":\"https:\\\/\\\/www.eldiario.net\\\/portal\\\/2021\\\/06\\\/01\\\/bebe-golpeado-por-sus-padres-tiene-75-dias-de-impedimento\\\/#primaryimage\",\"url\":\"\",\"contentUrl\":\"\"},{\"@type\":\"BreadcrumbList\",\"@id\":\"https:\\\/\\\/www.eldiario.net\\\/portal\\\/2021\\\/06\\\/01\\\/bebe-golpeado-por-sus-padres-tiene-75-dias-de-impedimento\\\/#breadcrumb\",\"itemListElement\":[{\"@type\":\"ListItem\",\"position\":1,\"name\":\"Portada\",\"item\":\"https:\\\/\\\/www.eldiario.net\\\/portal\\\/\"},{\"@type\":\"ListItem\",\"position\":2,\"name\":\"Beb\u00e9 golpeado por sus padres tiene 75 d\u00edas de impedimento\"}]},{\"@type\":\"WebSite\",\"@id\":\"https:\\\/\\\/www.eldiario.net\\\/portal\\\/#website\",\"url\":\"https:\\\/\\\/www.eldiario.net\\\/portal\\\/\",\"name\":\"El Diario - Decano de la prensa nacional\",\"description\":\"El Diario - Decano de la prensa nacional\",\"publisher\":{\"@id\":\"https:\\\/\\\/www.eldiario.net\\\/portal\\\/#organization\"},\"potentialAction\":[{\"@type\":\"SearchAction\",\"target\":{\"@type\":\"EntryPoint\",\"urlTemplate\":\"https:\\\/\\\/www.eldiario.net\\\/portal\\\/?s={search_term_string}\"},\"query-input\":{\"@type\":\"PropertyValueSpecification\",\"valueRequired\":true,\"valueName\":\"search_term_string\"}}],\"inLanguage\":\"es\"},{\"@type\":\"Organization\",\"@id\":\"https:\\\/\\\/www.eldiario.net\\\/portal\\\/#organization\",\"name\":\"El Diario - Decano de la prensa nacional\",\"url\":\"https:\\\/\\\/www.eldiario.net\\\/portal\\\/\",\"logo\":{\"@type\":\"ImageObject\",\"inLanguage\":\"es\",\"@id\":\"https:\\\/\\\/www.eldiario.net\\\/portal\\\/#\\\/schema\\\/logo\\\/image\\\/\",\"url\":\"https:\\\/\\\/www.eldiario.net\\\/portal\\\/wp-content\\\/uploads\\\/2023\\\/07\\\/logo_ED.jpg\",\"contentUrl\":\"https:\\\/\\\/www.eldiario.net\\\/portal\\\/wp-content\\\/uploads\\\/2023\\\/07\\\/logo_ED.jpg\",\"width\":272,\"height\":52,\"caption\":\"El Diario - Decano de la prensa nacional\"},\"image\":{\"@id\":\"https:\\\/\\\/www.eldiario.net\\\/portal\\\/#\\\/schema\\\/logo\\\/image\\\/\"},\"sameAs\":[\"https:\\\/\\\/www.facebook.com\\\/eldiario.bolivia\\\/\",\"https:\\\/\\\/x.com\\\/eldiario_net\"]},{\"@type\":\"Person\",\"@id\":\"https:\\\/\\\/www.eldiario.net\\\/portal\\\/#\\\/schema\\\/person\\\/f46445640444750d7d753ccd04ae01b7\",\"name\":\"Jeanette\",\"image\":{\"@type\":\"ImageObject\",\"inLanguage\":\"es\",\"@id\":\"https:\\\/\\\/secure.gravatar.com\\\/avatar\\\/3ea2118a5f7dad2b7138b1187a6b7ee55f160b9968b66013c3a3ef39dd7e5798?s=96&d=mm&r=g\",\"url\":\"https:\\\/\\\/secure.gravatar.com\\\/avatar\\\/3ea2118a5f7dad2b7138b1187a6b7ee55f160b9968b66013c3a3ef39dd7e5798?s=96&d=mm&r=g\",\"contentUrl\":\"https:\\\/\\\/secure.gravatar.com\\\/avatar\\\/3ea2118a5f7dad2b7138b1187a6b7ee55f160b9968b66013c3a3ef39dd7e5798?s=96&d=mm&r=g\",\"caption\":\"Jeanette\"},\"sameAs\":[\"https:\\\/\\\/www.eldiario.net\\\/portal\"],\"url\":\"https:\\\/\\\/www.eldiario.net\\\/portal\\\/author\\\/jeanette\\\/\"}]}<\/script>\n<!-- \/ Yoast SEO plugin. -->","yoast_head_json":{"title":"Beb\u00e9 golpeado por sus padres tiene 75 d\u00edas de impedimento - El Diario - Bolivia","robots":{"index":"index","follow":"follow","max-snippet":"max-snippet:-1","max-image-preview":"max-image-preview:large","max-video-preview":"max-video-preview:-1"},"canonical":"https:\/\/www.eldiario.net\/portal\/2021\/06\/01\/bebe-golpeado-por-sus-padres-tiene-75-dias-de-impedimento\/","og_locale":"es_ES","og_type":"article","og_title":"Beb\u00e9 golpeado por sus padres tiene 75 d\u00edas de impedimento - El Diario - Bolivia","og_description":"Una pareja, ambos de 19 a\u00f1os de edad, en estado de ebriedad golpearon a su beb\u00e9 de 5 meses de vida, quienes luego de salir de una discoteca la madrugada del lunes y en v\u00eda p\u00fablica, le causaron serias lesiones al menor, adem\u00e1s de ocasionarle 75 d\u00edas de impedimento, inform\u00f3 el teniente Daniel Choque de [&hellip;]","og_url":"https:\/\/www.eldiario.net\/portal\/2021\/06\/01\/bebe-golpeado-por-sus-padres-tiene-75-dias-de-impedimento\/","og_site_name":"El Diario - Bolivia","article_publisher":"https:\/\/www.facebook.com\/eldiario.bolivia\/","article_published_time":"2021-06-01T09:27:02+00:00","author":"Jeanette","twitter_card":"summary_large_image","twitter_creator":"@eldiario_net","twitter_site":"@eldiario_net","twitter_misc":{"Escrito por":"Jeanette","Tiempo de lectura":"3 minutos"},"schema":{"@context":"https:\/\/schema.org","@graph":[{"@type":"Article","@id":"https:\/\/www.eldiario.net\/portal\/2021\/06\/01\/bebe-golpeado-por-sus-padres-tiene-75-dias-de-impedimento\/#article","isPartOf":{"@id":"https:\/\/www.eldiario.net\/portal\/2021\/06\/01\/bebe-golpeado-por-sus-padres-tiene-75-dias-de-impedimento\/"},"author":{"name":"Jeanette","@id":"https:\/\/www.eldiario.net\/portal\/#\/schema\/person\/f46445640444750d7d753ccd04ae01b7"},"headline":"Beb\u00e9 golpeado por sus padres tiene 75 d\u00edas de impedimento","datePublished":"2021-06-01T09:27:02+00:00","mainEntityOfPage":{"@id":"https:\/\/www.eldiario.net\/portal\/2021\/06\/01\/bebe-golpeado-por-sus-padres-tiene-75-dias-de-impedimento\/"},"wordCount":500,"publisher":{"@id":"https:\/\/www.eldiario.net\/portal\/#organization"},"image":{"@id":"https:\/\/www.eldiario.net\/portal\/2021\/06\/01\/bebe-golpeado-por-sus-padres-tiene-75-dias-de-impedimento\/#primaryimage"},"thumbnailUrl":"","articleSection":["Nacional"],"inLanguage":"es"},{"@type":"WebPage","@id":"https:\/\/www.eldiario.net\/portal\/2021\/06\/01\/bebe-golpeado-por-sus-padres-tiene-75-dias-de-impedimento\/","url":"https:\/\/www.eldiario.net\/portal\/2021\/06\/01\/bebe-golpeado-por-sus-padres-tiene-75-dias-de-impedimento\/","name":"Beb\u00e9 golpeado por sus padres tiene 75 d\u00edas de impedimento - El Diario - Bolivia","isPartOf":{"@id":"https:\/\/www.eldiario.net\/portal\/#website"},"primaryImageOfPage":{"@id":"https:\/\/www.eldiario.net\/portal\/2021\/06\/01\/bebe-golpeado-por-sus-padres-tiene-75-dias-de-impedimento\/#primaryimage"},"image":{"@id":"https:\/\/www.eldiario.net\/portal\/2021\/06\/01\/bebe-golpeado-por-sus-padres-tiene-75-dias-de-impedimento\/#primaryimage"},"thumbnailUrl":"","datePublished":"2021-06-01T09:27:02+00:00","breadcrumb":{"@id":"https:\/\/www.eldiario.net\/portal\/2021\/06\/01\/bebe-golpeado-por-sus-padres-tiene-75-dias-de-impedimento\/#breadcrumb"},"inLanguage":"es","potentialAction":[{"@type":"ReadAction","target":["https:\/\/www.eldiario.net\/portal\/2021\/06\/01\/bebe-golpeado-por-sus-padres-tiene-75-dias-de-impedimento\/"]}]},{"@type":"ImageObject","inLanguage":"es","@id":"https:\/\/www.eldiario.net\/portal\/2021\/06\/01\/bebe-golpeado-por-sus-padres-tiene-75-dias-de-impedimento\/#primaryimage","url":"","contentUrl":""},{"@type":"BreadcrumbList","@id":"https:\/\/www.eldiario.net\/portal\/2021\/06\/01\/bebe-golpeado-por-sus-padres-tiene-75-dias-de-impedimento\/#breadcrumb","itemListElement":[{"@type":"ListItem","position":1,"name":"Portada","item":"https:\/\/www.eldiario.net\/portal\/"},{"@type":"ListItem","position":2,"name":"Beb\u00e9 golpeado por sus padres tiene 75 d\u00edas de impedimento"}]},{"@type":"WebSite","@id":"https:\/\/www.eldiario.net\/portal\/#website","url":"https:\/\/www.eldiario.net\/portal\/","name":"El Diario - Decano de la prensa nacional","description":"El Diario - Decano de la prensa nacional","publisher":{"@id":"https:\/\/www.eldiario.net\/portal\/#organization"},"potentialAction":[{"@type":"SearchAction","target":{"@type":"EntryPoint","urlTemplate":"https:\/\/www.eldiario.net\/portal\/?s={search_term_string}"},"query-input":{"@type":"PropertyValueSpecification","valueRequired":true,"valueName":"search_term_string"}}],"inLanguage":"es"},{"@type":"Organization","@id":"https:\/\/www.eldiario.net\/portal\/#organization","name":"El Diario - Decano de la prensa nacional","url":"https:\/\/www.eldiario.net\/portal\/","logo":{"@type":"ImageObject","inLanguage":"es","@id":"https:\/\/www.eldiario.net\/portal\/#\/schema\/logo\/image\/","url":"https:\/\/www.eldiario.net\/portal\/wp-content\/uploads\/2023\/07\/logo_ED.jpg","contentUrl":"https:\/\/www.eldiario.net\/portal\/wp-content\/uploads\/2023\/07\/logo_ED.jpg","width":272,"height":52,"caption":"El Diario - Decano de la prensa nacional"},"image":{"@id":"https:\/\/www.eldiario.net\/portal\/#\/schema\/logo\/image\/"},"sameAs":["https:\/\/www.facebook.com\/eldiario.bolivia\/","https:\/\/x.com\/eldiario_net"]},{"@type":"Person","@id":"https:\/\/www.eldiario.net\/portal\/#\/schema\/person\/f46445640444750d7d753ccd04ae01b7","name":"Jeanette","image":{"@type":"ImageObject","inLanguage":"es","@id":"https:\/\/secure.gravatar.com\/avatar\/3ea2118a5f7dad2b7138b1187a6b7ee55f160b9968b66013c3a3ef39dd7e5798?s=96&d=mm&r=g","url":"https:\/\/secure.gravatar.com\/avatar\/3ea2118a5f7dad2b7138b1187a6b7ee55f160b9968b66013c3a3ef39dd7e5798?s=96&d=mm&r=g","contentUrl":"https:\/\/secure.gravatar.com\/avatar\/3ea2118a5f7dad2b7138b1187a6b7ee55f160b9968b66013c3a3ef39dd7e5798?s=96&d=mm&r=g","caption":"Jeanette"},"sameAs":["https:\/\/www.eldiario.net\/portal"],"url":"https:\/\/www.eldiario.net\/portal\/author\/jeanette\/"}]}},"_links":{"self":[{"href":"https:\/\/www.eldiario.net\/portal\/wp-json\/wp\/v2\/posts\/7608","targetHints":{"allow":["GET"]}}],"collection":[{"href":"https:\/\/www.eldiario.net\/portal\/wp-json\/wp\/v2\/posts"}],"about":[{"href":"https:\/\/www.eldiario.net\/portal\/wp-json\/wp\/v2\/types\/post"}],"author":[{"embeddable":true,"href":"https:\/\/www.eldiario.net\/portal\/wp-json\/wp\/v2\/users\/1"}],"replies":[{"embeddable":true,"href":"https:\/\/www.eldiario.net\/portal\/wp-json\/wp\/v2\/comments?post=7608"}],"version-history":[{"count":0,"href":"https:\/\/www.eldiario.net\/portal\/wp-json\/wp\/v2\/posts\/7608\/revisions"}],"wp:attachment":[{"href":"https:\/\/www.eldiario.net\/portal\/wp-json\/wp\/v2\/media?parent=7608"}],"wp:term":[{"taxonomy":"category","embeddable":true,"href":"https:\/\/www.eldiario.net\/portal\/wp-json\/wp\/v2\/categories?post=7608"},{"taxonomy":"post_tag","embeddable":true,"href":"https:\/\/www.eldiario.net\/portal\/wp-json\/wp\/v2\/tags?post=7608"}],"curies":[{"name":"wp","href":"https:\/\/api.w.org\/{rel}","templated":true}]}}