{"id":76076,"date":"2022-04-12T05:45:30","date_gmt":"2022-04-12T09:45:30","guid":{"rendered":"https:\/\/www.eldiario.net\/portal\/?p=76076"},"modified":"2022-04-12T05:45:30","modified_gmt":"2022-04-12T09:45:30","slug":"la-relacion-salud-emociones-realidad-o-ficcion-3","status":"publish","type":"post","link":"https:\/\/www.eldiario.net\/portal\/2022\/04\/12\/la-relacion-salud-emociones-realidad-o-ficcion-3\/","title":{"rendered":"La relaci\u00f3n Salud &#8211; Emociones \u00bfrealidad o ficci\u00f3n?"},"content":{"rendered":"<p><strong>Autor: Grupo Editor<\/strong><\/p>\n<p>&nbsp;<\/p>\n<p>El siguiente art\u00edculo nos describe la relaci\u00f3n que existe entre las alergias, espec\u00edficamente la rinitis, y los factores psicol\u00f3gicos. El mismo ha sido escrito por el Doctor en psicolog\u00eda Juan Carlos Fern\u00e1ndez Rodr\u00edguez y la Doctora Mayte Herrera Mera para la revista: Escritos de Psicolog\u00eda<\/p>\n<p>vol.6\u00a0no.1\u00a0M\u00e1laga\u00a0ene.\/abr. en\u00a02013. A disfrutarlo.<\/p>\n<p>&nbsp;<\/p>\n<p><strong>Rinitis y factores psicol\u00f3gicos: estado de su relaci\u00f3n<\/strong><\/p>\n<p><strong>Por Juan Carlos Fern\u00e1ndez Rodr\u00edguez y Mayte Herrera Mera<\/strong><\/p>\n<p>&nbsp;<\/p>\n<p>El t\u00e9rmino rinitis se aplica generalmente a la alteraci\u00f3n inflamatoria de la mucosa de la fosa nasal (Maz\u00f3n, Nieto y Uixera, 2011), a diferencia de la inflamaci\u00f3n de la mucosa paranasal que determina que a menudo se trate de sinusitis (Penha, 1992). Las manifestaciones cl\u00ednicas de la rinitis incluyen a menudo obstrucci\u00f3n nasal, secreci\u00f3n acuosa y sensaci\u00f3n de plenitud nasal, cosquilleo, escozor (que en algunos casos llega a extenderse a toda la cabeza), estornudos, y de forma eventual, conjuntivitis. La rinitis no es una enfermedad que ponga en peligro la vida del paciente, pero a menudo origina molestias severas e incapacidad, reducci\u00f3n de la calidad de vida y trastornos de sue\u00f1o (Camelo y Sol\u00e9, 2010). As\u00ed, en ni\u00f1os con s\u00edntomas no controlados, puede ocasionar alteraciones del sue\u00f1o (Young, Finn y Kim, 1997) y problemas de aprendizaje escolar (Walter, Khan-Wasti, Fletcher, Cullinan, Harris y Sheik 2007), en adultos, los s\u00edntomas nasales pueden alterar las actividades diarias, con un empeoramiento de la capacidad de concentraci\u00f3n y dificultades en las relaciones sociales y en el sue\u00f1o (Mora, 2004).<\/p>\n<p>&nbsp;<\/p>\n<p>La etiolog\u00eda de la rinitis es m\u00faltiple, su origen puede deberse a una infecci\u00f3n, a causas al\u00e9rgicas, alteraciones vegetativas, cambios bruscos de temperatura, sustancias irritantes dispersas, estr\u00e9s y otros agentes emocionales, etc. En numerosas ocasiones la rinitis puede deberse a una combinaci\u00f3n entre varios de estos factores.<\/p>\n<p>&nbsp;<\/p>\n<p>En la bibliograf\u00eda se pueden encontrar numerosas taxonom\u00edas de la rinitis, clasificaciones que principalmente est\u00e1n realizadas en funci\u00f3n de los factores desencadenantes o inductores del trastorno. Una clasificaci\u00f3n muy \u00fatil es la propuesta por Becker, Nauman y Pfaltz (1992); seg\u00fan esta clasificaci\u00f3n existen cuatro tipos de rinitis:<\/p>\n<p>&nbsp;<\/p>\n<ol>\n<li><strong>a) Rinitis aguda:<\/strong> es consecuencia de una infecci\u00f3n v\u00edrica o eventualmente de una infecci\u00f3n bacteriana secundaria. Es la llamada coriza, catarro com\u00fan o resfriado com\u00fan. Existen cerca de unos 200 virus causantes del resfriado com\u00fan (Hilger, 1993).<\/li>\n<\/ol>\n<p>&nbsp;<\/p>\n<ol>\n<li><strong>b) Rinopat\u00eda al\u00e9rgica:<\/strong> es la rinitis al\u00e9rgica. Es el resultado de una respuesta de hipersensibilidad tipo I a diversos al\u00e9rgenos, las reacciones de tipo I tambi\u00e9n se conocen como reacciones de hipersensibilidad inmediata, est\u00e1n mediadas por IgE o inmonoglobulina E, tipo de anticuerpo que media en las reacciones al\u00e9rgicas (S\u00e1nchez-Guerrero, 2004). Dentro de las manifestaciones al\u00e9rgicas posibles encontramos la fiebre del heno o polinosis, la forma m\u00e1s com\u00fan de todas. Este tipo de rinitis se divide a su vez en rinopat\u00eda al\u00e9rgica estacional (producida por el polen) y en rinopat\u00eda al\u00e9rgica perenne o aperi\u00f3dica, en este segundo tipo de rinitis se debe a la presencia de al\u00e9rgenos inhalatorios (polvo, pelos de animal, hongos, etc.), alimentarios (pescado, mostaza, leche, etc.), al\u00e9rgenos bacterianos, par\u00e1sitos o de otro tipo, adem\u00e1s, esta clase de rinitis es independiente de la \u00e9poca del a\u00f1o.<\/li>\n<\/ol>\n<p>&nbsp;<\/p>\n<ol>\n<li><strong>c) Rinopat\u00eda vasomotora, rinitis vasomotora o rinitis idiop\u00e1tica:<\/strong> esta rinitis es similar a la rinopat\u00eda al\u00e9rgica aperi\u00f3dica, casi siempre presenta un curso parox\u00edstico de forma clara. Esta forma de rinitis se debe a alteraciones vegetativas (sobre todo de car\u00e1cter parasimp\u00e1tico) de los vasos que inervan la mucosa nasal. En este tipo de rinitis no se ha podido demostrar la presencia de al\u00e9rgenos o de anticuerpos espec\u00edficos (Tran, Vickery y Blaiss, 2011).<\/li>\n<\/ol>\n<p>&nbsp;<\/p>\n<ol>\n<li><strong>d) Formas cr\u00f3nicas:<\/strong> son otras rinitis de car\u00e1cter cr\u00f3nico, como pueden ser la rinitis seca anterior, la rinopat\u00eda grav\u00eddica o la rinitis atr\u00f3fica y ocena.<\/li>\n<\/ol>\n<p>&nbsp;<\/p>\n<p>En cuanto a datos epidemiol\u00f3gicos existe gran confusi\u00f3n en las cifras, por lo que no existen datos demasiado detallados, tampoco existen datos exactos para la poblaci\u00f3n espa\u00f1ola. En muchas ocasiones, la persona que sufre la enfermedad no acude a la consulta del m\u00e9dico, siendo \u00e9ste un factor que hace dif\u00edcil calcular con exactitud datos epidemiol\u00f3gicos en este trastorno. En Estados Unidos la rinitis al\u00e9rgica afecta del 10 al 30% de la poblaci\u00f3n adulta y al 30% de poblaci\u00f3n infantil (Tran, Vickery y Blaiss, 2011), lo cual puede llegar a suponer al menos unos 40 millones de pacientes en Estados Unidos cada a\u00f1o. En Espa\u00f1a, en un estudio con ni\u00f1os de entre 4 a 17 a\u00f1os, se estim\u00f3 una prevalencia de la rinitis al\u00e9rgica de 6.8% de la poblaci\u00f3n general (Mu\u00f1oz, 2005).<\/p>\n<p>&nbsp;<\/p>\n<p>Aunque la posible conexi\u00f3n entre los distintos tipos de rinitis y factores psicol\u00f3gicos no constituye una relaci\u00f3n bien establecida, puesto que apenas existe investigaci\u00f3n b\u00e1sica, s\u00ed existen argumentos que apoyan una relaci\u00f3n positiva. En el caso de las enfermedades al\u00e9rgicas o de tipo inmunitario se ha se\u00f1alado frecuentemente la presencia de factores psicol\u00f3gicos (Camelo, 2005), en nuestros d\u00edas existen datos suficientes para afirmar que bajo estados emocionales negativos es m\u00e1s probable desarrollar enfermedades relacionadas con el sistema inmune o adquirir h\u00e1bitos poco saludables que hagan minar la salud (Cano-Vindel, Sirgo y Diaz-Ovejero, 1999), incluso existe evidencia entre las exacerbaciones al\u00e9rgicas en personas predispuestas y estr\u00e9s, llegando los factores estresantes a inducir cambios emocionales y de afrontamiento, cambios que pueden llegar a modificar la funci\u00f3n inmunol\u00f3gica (Belloch, Sand\u00edn y Ramos, 2009). En este sentido, son ya cl\u00e1sicos los trabajos pioneros en el \u00e1rea de la psicoinmunolog\u00eda (Ader, 1981; Ader y Cohen, 1985, 1993; Solomon, 1987) que relatan la relaci\u00f3n entre sistema inmune y factores psicol\u00f3gicos. Se ha apuntado a c\u00f3mo la ansiedad puede estar relacionada con los s\u00edntomas de alergia (Retamales, 1998; Rosenbaum y Pollack, 1987;) y c\u00f3mo los pacientes con trastornos al\u00e9rgicos (rinitis entre ellos) pueden sufrir ansiedad o depresi\u00f3n a causa de su enfermedad al\u00e9rgica (Buela-Casal, Santos, Carretero y Cachinero, 2002, Michel, 1994), adem\u00e1s, las enfermedades de tipo al\u00e9rgico pueden guardar relaci\u00f3n con la agorafobia y los trastornos de p\u00e1nico, en particular en los pacientes que han sufrido anafilaxia (Schmidt-Traub,1995). Incluso en el caso de las rinitis agudas ha sido descrita la influencia de las emociones negativas en la probabilidad de aparici\u00f3n de enfermedades infecciosas (Cohen y Williamson, 1991).<\/p>\n<p>&nbsp;<\/p>\n<p>En el caso de la rinitis vasomotora y como acci\u00f3n predominante del parasimp\u00e1tico, este trastorno puede no ser ajeno al influjo de las variables psicol\u00f3gicas como se ha demostrado en otros trastornos de car\u00e1cter predominantemente parasimp\u00e1tico como el asma bronquial (Fern\u00e1ndez, 2003, Isemberg, Lehrer y Hochron, 1992).<\/p>\n<p>&nbsp;<\/p>\n<p>Por tanto, la rinitis se podr\u00eda considerar como un trastorno de tipo psicofisiol\u00f3gico, no siendo este trastorno una excepci\u00f3n al resto de los trastornos de esta clase, en los cuales podemos encontrar factores psicol\u00f3gicos \u00edntimamente relacionados con el mantenimiento del trastorno. Los factores psicol\u00f3gicos (sobre todo emocionales) aparecen citados en la rinitis como est\u00edmulos desencadenantes, incluso en la literatura de car\u00e1cter biom\u00e9dico, ya sea en el \u00e1mbito de rinopat\u00eda al\u00e9rgica (Gavil\u00e1n, 1989) o de rinopat\u00eda vasomotora (Pulido, 1992).<\/p>\n<p>&nbsp;<\/p>\n<p><strong>M\u00e9todo<\/strong><\/p>\n<p>&nbsp;<\/p>\n<p>Se ha realizado una b\u00fasqueda de bibliograf\u00eda en varias bases de datos, en concreto se han consultado: Psicodoc, Cindoc, Dialnet, Psycarticles y Google acad\u00e9mico. Los descriptores utilizados han sido: rinitis, ansiedad, depresi\u00f3n y variables psicol\u00f3gicas, adem\u00e1s de sus equivalentes en ingl\u00e9s. La b\u00fasqueda bibliogr\u00e1fica se realiz\u00f3 en junio de 2012, no estableci\u00e9ndose restricciones en cuanto al periodo de tiempo consultado.<\/p>\n<p>&nbsp;<\/p>\n<p><strong>Resultados<\/strong><\/p>\n<p>&nbsp;<\/p>\n<p>La investigaci\u00f3n de car\u00e1cter psicol\u00f3gico existente en torno a la rinitis no es demasiado extensa y en muchas ocasiones poco clara, hecho que se traduce en muestras muy escasas y en una mezcla de varios tipos de pacientes en las diversas investigaciones (ya que es muy frecuente la realizaci\u00f3n de estudios con pacientes de tipo al\u00e9rgico), rin\u00edticos, asm\u00e1ticos, pacientes con urticaria, etc. Estos hechos hacen que se tengan que tomar con cautela las conclusiones de la mayor\u00eda de los estudios.<\/p>\n<p>&nbsp;<\/p>\n<p>La investigaci\u00f3n b\u00e1sica en cuanto a procesos psicol\u00f3gicos tambi\u00e9n es muy escasa, existiendo alg\u00fan estudio que comprueba positivamente la posibilidad de la aparici\u00f3n de crisis rin\u00edticas a trav\u00e9s del condicionamiento cl\u00e1sico (Gauci, Husband, Saxarra y King, 1994). No se han encontrado estudios referentes a otros procesos psicol\u00f3gicos como por ejemplo el condicionamiento operante. En cuanto a factores de tipo emocional, s\u00f3lo la ansiedad y en menor medida la depresi\u00f3n, han sido objeto de estudio en algunos casos. En cuanto a la ansiedad, es dif\u00edcil encontrar estudios en la literatura que investiguen la relaci\u00f3n de \u00e9sta emoci\u00f3n exclusivamente en la rinitis, ya que la mayor\u00eda de las investigaciones, los estudios se realizan junto con otros trastornos de origen al\u00e9rgico. Unal, Berksun, Kinikli y Kaya (1991) encontraron en una muestra de 23 pacientes al\u00e9rgicos y 25 sujetos sanos y a trav\u00e9s de autoinformes, una mayor prevalencia de s\u00edntomas de ansiedad en los sujetos al\u00e9rgicos, aunque la escasa muestra empleada y la mezcla de pacientes con rinitis y urticaria en el grupo experimental hacen que los datos no sean definitivos. Hart, Lahey, Hynd y Loeber (1995) examinaron los datos de un estudio longitudinal de tres a\u00f1os de duraci\u00f3n, realizado con 177 pacientes externos de un hospital, todos ellos sujetos en edad infantil. En este estudio se entrevist\u00f3, de forma anual, a los propios sujetos, a los padres y a los profesores de los ni\u00f1os. Las conclusiones sugieren que la rinitis al\u00e9rgica guarda relaci\u00f3n con la ansiedad y que la emoci\u00f3n es mayor en aquellos sujetos que sufren desde hace m\u00e1s tiempo la enfermedad. Addolorato, Ancona, Capristo, Grazziosetto, Di Rienzo, Maurizi y Gasbarrini (1999) obtuvieron diferencias estad\u00edsticamente significativas al evaluar ansiedad entre 45 mujeres con rinitis (24 con rinitis al\u00e9rgica y 21 con rinitis vasomotora) y 64 mujeres sanas no al\u00e9rgicas de un grupo control, emparejadas en edad y caracter\u00edsticas sociodemogr\u00e1ficas. La emoci\u00f3n se midi\u00f3 a trav\u00e9s del STAI de Spielberger, las medidas de ansiedad fueron significativamente mayores en el grupo de rinitis tanto en rasgo como en estado de ansiedad. Buela-Casal et al. (2002), realiz\u00f3 un estudio cuasi-experimental transversal, con un grupo de 22 sujetos al\u00e9rgicos al polen y 206 sujetos no al\u00e9rgicos, todos ellos militares internados. Se encontraron diferencias entre ambos grupos en ansiedad de tipo social medida a trav\u00e9s de la Escala de Evitaci\u00f3n y Angustia Social (EEAS) y de la Escala de Temor a la Evaluaci\u00f3n Negativa (ETEN), y diferencias en ansiedad general a trav\u00e9s del STAI (diferencias en estado pero no en rasgo, aunque las puntuaciones tienden a la significaci\u00f3n). Kiecolt-Glaser et al. (2009), en una muestra compuesta por 28 pacientes con rinitis al\u00e9rgica y ante dos situaciones, una de ellas estresante y la otra sin dicho matiz, encontraron como la ansiedad y el estr\u00e9s pueden modular las pruebas diagn\u00f3sticas de punci\u00f3n cut\u00e1nea, proporcionando un mecanismo mediante el cual la tensi\u00f3n puede favorecer la producci\u00f3n de IgE y como la ansiedad puede aumentar y prolongar la sintomatolog\u00eda de la enfermedad. Sansone y Sansone (2011), en una revisi\u00f3n de art\u00edculos, a partir de las bases de datos PubMed y PSycINFO, hallaron que en 9 de los 11 art\u00edculos encontrados, y a pesar de deficiencias metodol\u00f3gicas, indican una asociaci\u00f3n entre rinitis al\u00e9rgica y s\u00edndrome de ansiedad, adem\u00e1s, parece que hay un n\u00famero de variables posibles que intervienen en la relaci\u00f3n entre las alergias y la ansiedad, por ejemplo, las alergias pueden aumentar el riesgo de estos s\u00edndromes mediante la activaci\u00f3n del sistema inmune, o la afectaci\u00f3n del sue\u00f1o en los al\u00e9rgicos a trav\u00e9s de la obstrucci\u00f3n nasal, incluso las alergias pueden afectar negativamente el funcionamiento cognitivo y contribuir a la perturbaci\u00f3n psiqui\u00e1trica. Lv, Xi, Han y Zang (2010) investigaron el estado psicol\u00f3gico de 337 adultos con rinitis al\u00e9rgica en temporada de alergia, mediante autoinforme (SCL-90), encontraron que las puntuaciones de los pacientes con rinitis son estad\u00edsticamente m\u00e1s altas que las de los sujetos no al\u00e9rgicos en t\u00e9rminos de ansiedad, no encontraron diferencias significativas en cuanto a sexo y edad. Runeson, Wahlstedt y Norback (2011), en un estudio sobre 193 personas, que trabajaban en 19 edificios diferentes y con posibles problemas con el aire acondicionado, y a trav\u00e9s de pruebas de personalidad (Karolinska Scales of Personality, KSP) y cuestionarios postales, informaron que la rinitis no at\u00f3pica se asoci\u00f3 con puntuaciones en varias escalas relacionados con la ansiedad, mientras que la rinitis at\u00f3pica no se asoci\u00f3 con puntuaciones en dichas escalas.<\/p>\n<p>&nbsp;<\/p>\n<p>El estudio de otras emociones y factores psicol\u00f3gicos ha sido m\u00e1s bien escaso. En cuanto a la depresi\u00f3n, es de se\u00f1alar el estudio de Bell, Jasnoski, Kagan y King (1991), en esta investigaci\u00f3n se utiliz\u00f3 una muestra no cl\u00ednica de 379 estudiantes postgraduados y se comprob\u00f3 que el 71% de los sujetos que hab\u00edan recibido el diagn\u00f3stico profesional de depresi\u00f3n ten\u00edan una amplia historia de enfermedad al\u00e9rgica, as\u00ed mismo, los sujetos no al\u00e9rgicos no difieren en la percepci\u00f3n de la frecuencia de la depresi\u00f3n. Addolorato et al. (1999) en el mismo grupo descrito anteriormente y a trav\u00e9s de la escala para la depresi\u00f3n de Zung no encontraron puntuaciones significativamente mayores en el grupo de mujeres con rinitis en comparaci\u00f3n con el grupo de mujeres control. Marshall, O&#8217;Hara y Steinberg (2002), en un estudio de cuatro a\u00f1os en los que participaron un total de 98 pacientes con rinitis y 89 sujetos control, equilibrados en cuanto a edad, inteligencia, sexo y a\u00f1os de educaci\u00f3n, se midi\u00f3 el estado de \u00e1nimo mediante la Positive\u00a0Affect Negative Affect Scales\u00a0(PANAS), tambi\u00e9n se midi\u00f3 la fatiga o cansancio (f\u00edsico y mental) mediante el\u00a0Multidimensional Fatigue Inventory\u00a0(MFI-20); los pacientes al\u00e9rgicos informaron de mayores niveles de fatiga general y mental, as\u00ed como una reducci\u00f3n de la motivaci\u00f3n, describiendo los pacientes sentimientos de tristeza y escaso bienestar, no se encontr\u00f3 reducci\u00f3n de la fatiga f\u00edsica. Sansone y Sansone (2011), en su estudio de revisi\u00f3n, ya citado anteriormente, encontraron que en 10 de los 12 estudios encontrados sobre s\u00edndromes al\u00e9rgicos se establec\u00eda una relaci\u00f3n entre alergia y estado de \u00e1nimo, aunque muchos de los estudios poseen importantes deficiencias metodol\u00f3gicas.<\/p>\n<p>&nbsp;<\/p>\n<p>En cuanto al estudio de las caracter\u00edsticas de personalidad en sujetos que sufren rinitis, Bell, Jasnoski, Kagan y King (1990) estudiaron la relaci\u00f3n de este trastorno y otras enfermedades al\u00e9rgicas con la timidez extrema en un amplio grupo compuesto de 375 estudiantes postgraduados, encontraron que los sujetos m\u00e1s introvertidos presentaban puntuaciones significativamente m\u00e1s altas en los autoinformes de depresi\u00f3n, miedo y fatiga, junto con puntuaciones m\u00e1s elevadas en rinitis al\u00e9rgica, pero no en otros trastornos al\u00e9rgicos. Gauci, King, Saxarra, Tullocch y Husband (1993) con un grupo de 22 mujeres con rinitis al\u00e9rgica y 18 no al\u00e9rgicas, con edades entre los 19 y los 68 a\u00f1os encontraron, utilizando el M.M.P.I., que las mujeres al\u00e9rgicas puntuaban significativamente m\u00e1s alto en las escalas de Hipocondr\u00eda (Hs) e Introversi\u00f3n social (Si) y significativamente m\u00e1s bajas en el Factor corrector (K) y en la escala adicional Fuerza del yo (Es), resultados que pueden mostrar que las mujeres con rinitis al\u00e9rgica perenne tengan un funcionamiento psicol\u00f3gico m\u00e1s pobre que las no al\u00e9rgicas. McGee, Stanton y Sears (1993) estudiaron des\u00f3rdenes al\u00e9rgicos y d\u00e9ficit de atenci\u00f3n e hiperactividad en ni\u00f1os al\u00e9rgicos, para ello, utilizaron una muestra de 1037 ni\u00f1os entre 9 y 13 a\u00f1os (con rinitis, asma, eczema y urticaria) y evaluaron mediante autoinforme conductas de hiperactividad en padres y profesores, encontrando que los trastornos no guardan relaci\u00f3n entre s\u00ed. Tambi\u00e9n encontraron en los ni\u00f1os de 13 a\u00f1os que los niveles de inmonuglobulina E (IgE) y la prueba cut\u00e1nea de respuesta at\u00f3pica o Prick-Test no guardan relaci\u00f3n con los informes de hiperactividad e inatenci\u00f3n. En el estudio descrito con anterioridad, Buela-Casal et al. (2002) midieron la personalidad con el Cuestionario de Personalidad de Eysenck (EPQ-A), obtuvieron diferencias estad\u00edsticamente significativas en las subescalas de extroversi\u00f3n y neuroticismo, las dem\u00e1s escalas no se diferencian significativamente entre los grupos. Muluk, Oguzturk, Ko\u00e7 y Ekici (2003) en un estudio con 29 pacientes con rinitis al\u00e9rgica y 29 sujetos control, utilizando el M.M.P.I encontraron puntuaciones significativamente m\u00e1s altas en las escalas de Depresi\u00f3n (D), Paranoia (Pa), Introversi\u00f3n Social (Si), Hipocondr\u00eda (Hs) e Histeria (Hy), siendo las puntuaciones m\u00e1s altas en mujeres que en hombres. Ryden, Andersson y Andersson (2007) evaluaron los rasgos de personalidad de 63 pacientes con rinitis mediante las\u00a0Karolinska Scales of Personality\u00a0(KSP) y se compararon con un grupo de 400 sujetos equilibrados en cuanto a edad y sexo, el grupo de pacientes difieren en una serie de factores como desinhibici\u00f3n, una tendencia a no expresar emociones, dificultad para el mantenimiento de una distancia emocional con los dem\u00e1s y agresividad, un patr\u00f3n que sugiere que se exponen a una estimulaci\u00f3n mayor a la que pueden procesar en t\u00e9rminos de pensamiento y sentimientos, lo cual genera gran excitaci\u00f3n fisiol\u00f3gica que puede contribuir a sus reacciones de intolerancia. Lv, Han, Xi y Zhang (2010) investigaron las relaciones de la rinitis al\u00e9rgica (moderada a severa) y rasgos de personalidad en 52 pacientes ambulatorios no psiqui\u00e1tricos y de sexo femenino, los rasgos de personalidad fueron evaluados con el M.M.P.I., el grupo de alergia puntu\u00f3 significativamente m\u00e1s alto en las escalas de Hipocondr\u00eda (Hs), Depresi\u00f3n (D), Histeria (Hy), Psicastenia (Pt), Esquizofrenia (Sc), Introversi\u00f3n Social (Si) y una escala de validez (F), correlacionando positivamente adem\u00e1s con pruebas cut\u00e1neas.<\/p>\n<p>&nbsp;<\/p>\n<p><strong>Discusi\u00f3n<\/strong><\/p>\n<p>&nbsp;<\/p>\n<p>A la vista de los estudios examinados, parecen existir datos que apuntan en la direcci\u00f3n que la rinitis puede estar relacionada con variables de car\u00e1cter psicol\u00f3gico. Las investigaciones existentes en nuestros d\u00edas, aunque no presentan afirmaciones concluyentes, s\u00ed parece que apuntan en ese sentido, sobre todo en el caso del estudio de la ansiedad, conclusi\u00f3n que se apunta en el estudio de Hart et al. (1995), una de las investigaciones m\u00e1s rigurosas de las revisadas.<\/p>\n<p>&nbsp;<\/p>\n<p>Existen estudios emp\u00edricos que apuntan hacia la presencia de relaci\u00f3n entre factores psicol\u00f3gicos, sobre todo emocionales, y enfermedad al\u00e9rgica (Klinger, Herrera, D\u00edaz, Jhann, \u00c1vila y Tobar, 2005). El mayor problema con que nos encontramos es la presencia de diversos tipos de trastornos (asma, rinitis, urticaria, etc.) en una misma muestra, seguido en muchos casos de muestras cl\u00ednicas muy escasas en cuanto a n\u00famero de participantes.<\/p>\n<p>&nbsp;<\/p>\n<p>Las emociones negativas parece que pueden promover respuestas al\u00e9rgicas inflamatorias (Katon, Richardson, Lozano y McCauley, 2004). Aunque los datos apuntan en un sentido positivo, es dif\u00edcil en estos estudios determinar con exactitud la posible influencia de variables psicol\u00f3gicas en la rinitis exclusivamente, pareciendo m\u00e1s que probable establecer esa relaci\u00f3n cuando evaluamos a pacientes con trastorno al\u00e9rgico en general (Retamales, 1998).<\/p>\n<p>&nbsp;<\/p>\n<p>Tambi\u00e9n ser\u00eda conveniente realizar estudios en rinitis de tipo vasomotor, variante de la rinitis de la que apenas existen estudios, sobre todo para comprobar su diferencia o no de la rinitis al\u00e9rgica, en este sentido Addolorato et al. (1999) compararon entre s\u00ed las dos variantes del trastorno (al\u00e9rgica y vasomotora) de su grupo experimental y no encontraron diferencias en rasgo de ansiedad, estado de ansiedad y depresi\u00f3n.<\/p>\n<p>&nbsp;<\/p>\n<p>En resumen, parece que la rinitis puede guardar relaci\u00f3n con variables de \u00edndole psicol\u00f3gica, al modo de los trastornos psicofisiol\u00f3gicos, pero para afirmar de modo satisfactorio y firme esta relaci\u00f3n se necesitan investigaciones m\u00e1s concretas, empezando por estudios descriptivos, con escalas m\u00e1s exactas y fiables, y muestras m\u00e1s amplias, para m\u00e1s tarde realizar investigaciones que estudien la capacidad que tienen los factores psicol\u00f3gicos, conductuales y emocionales de afectar al grado y la frecuencia de inflamaci\u00f3n de la mucosa nasal y por tanto de poder modificar los \u00edndices de morbilidad del trastorno.<\/p>\n<p><a href=\"https:\/\/www.eldiario.net\/portal\/wp-content\/uploads\/2022\/04\/IE-Urticaria.jpg\"><img loading=\"lazy\" decoding=\"async\" class=\"aligncenter size-full wp-image-76077\" src=\"https:\/\/www.eldiario.net\/portal\/wp-content\/uploads\/2022\/04\/IE-Urticaria.jpg\" alt=\"\" width=\"474\" height=\"366\" \/><\/a><\/p>\n","protected":false},"excerpt":{"rendered":"<p>Autor: Grupo Editor &nbsp; El siguiente art\u00edculo nos describe la relaci\u00f3n que existe entre las alergias, espec\u00edficamente la rinitis, y los factores psicol\u00f3gicos. El mismo ha sido escrito por el Doctor en psicolog\u00eda Juan Carlos Fern\u00e1ndez Rodr\u00edguez y la Doctora Mayte Herrera Mera para la revista: Escritos de Psicolog\u00eda vol.6\u00a0no.1\u00a0M\u00e1laga\u00a0ene.\/abr. en\u00a02013. A disfrutarlo. &nbsp; Rinitis [&hellip;]<\/p>\n","protected":false},"author":1,"featured_media":76077,"comment_status":"closed","ping_status":"closed","sticky":false,"template":"","format":"standard","meta":{"_acf_changed":false,"footnotes":""},"categories":[43],"tags":[],"class_list":["post-76076","post","type-post","status-publish","format-standard","has-post-thumbnail","category-nuevos-horizontes"],"acf":{"antetitulo":""},"yoast_head":"<!-- This site is optimized with the Yoast SEO plugin v28.4 - https:\/\/yoast.com\/product\/yoast-seo-wordpress\/ -->\n<title>La relaci\u00f3n Salud - Emociones \u00bfrealidad o ficci\u00f3n? - El Diario - Bolivia<\/title>\n<meta name=\"robots\" content=\"index, follow, max-snippet:-1, max-image-preview:large, max-video-preview:-1\" \/>\n<link rel=\"canonical\" href=\"https:\/\/www.eldiario.net\/portal\/2022\/04\/12\/la-relacion-salud-emociones-realidad-o-ficcion-3\/\" \/>\n<meta property=\"og:locale\" content=\"es_ES\" \/>\n<meta property=\"og:type\" content=\"article\" \/>\n<meta property=\"og:title\" content=\"La relaci\u00f3n Salud - Emociones \u00bfrealidad o ficci\u00f3n? - El Diario - Bolivia\" \/>\n<meta property=\"og:description\" content=\"Autor: Grupo Editor &nbsp; El siguiente art\u00edculo nos describe la relaci\u00f3n que existe entre las alergias, espec\u00edficamente la rinitis, y los factores psicol\u00f3gicos. El mismo ha sido escrito por el Doctor en psicolog\u00eda Juan Carlos Fern\u00e1ndez Rodr\u00edguez y la Doctora Mayte Herrera Mera para la revista: Escritos de Psicolog\u00eda vol.6\u00a0no.1\u00a0M\u00e1laga\u00a0ene.\/abr. en\u00a02013. A disfrutarlo. &nbsp; Rinitis [&hellip;]\" \/>\n<meta property=\"og:url\" content=\"https:\/\/www.eldiario.net\/portal\/2022\/04\/12\/la-relacion-salud-emociones-realidad-o-ficcion-3\/\" \/>\n<meta property=\"og:site_name\" content=\"El Diario - Bolivia\" \/>\n<meta property=\"article:publisher\" content=\"https:\/\/www.facebook.com\/eldiario.bolivia\/\" \/>\n<meta property=\"article:published_time\" content=\"2022-04-12T09:45:30+00:00\" \/>\n<meta name=\"author\" content=\"Jeanette\" \/>\n<meta name=\"twitter:card\" content=\"summary_large_image\" \/>\n<meta name=\"twitter:creator\" content=\"@eldiario_net\" \/>\n<meta name=\"twitter:site\" content=\"@eldiario_net\" \/>\n<meta name=\"twitter:label1\" content=\"Escrito por\" \/>\n\t<meta name=\"twitter:data1\" content=\"Jeanette\" \/>\n\t<meta name=\"twitter:label2\" content=\"Tiempo de lectura\" \/>\n\t<meta name=\"twitter:data2\" content=\"15 minutos\" \/>\n<script type=\"application\/ld+json\" class=\"yoast-schema-graph\">{\"@context\":\"https:\\\/\\\/schema.org\",\"@graph\":[{\"@type\":\"Article\",\"@id\":\"https:\\\/\\\/www.eldiario.net\\\/portal\\\/2022\\\/04\\\/12\\\/la-relacion-salud-emociones-realidad-o-ficcion-3\\\/#article\",\"isPartOf\":{\"@id\":\"https:\\\/\\\/www.eldiario.net\\\/portal\\\/2022\\\/04\\\/12\\\/la-relacion-salud-emociones-realidad-o-ficcion-3\\\/\"},\"author\":{\"name\":\"Jeanette\",\"@id\":\"https:\\\/\\\/www.eldiario.net\\\/portal\\\/#\\\/schema\\\/person\\\/2c57cf2b7a7ae032e449e4c9b1019eac\"},\"headline\":\"La relaci\u00f3n Salud &#8211; Emociones \u00bfrealidad o ficci\u00f3n?\",\"datePublished\":\"2022-04-12T09:45:30+00:00\",\"mainEntityOfPage\":{\"@id\":\"https:\\\/\\\/www.eldiario.net\\\/portal\\\/2022\\\/04\\\/12\\\/la-relacion-salud-emociones-realidad-o-ficcion-3\\\/\"},\"wordCount\":3498,\"publisher\":{\"@id\":\"https:\\\/\\\/www.eldiario.net\\\/portal\\\/#organization\"},\"image\":{\"@id\":\"https:\\\/\\\/www.eldiario.net\\\/portal\\\/2022\\\/04\\\/12\\\/la-relacion-salud-emociones-realidad-o-ficcion-3\\\/#primaryimage\"},\"thumbnailUrl\":\"\",\"articleSection\":[\"Nuevos Horizontes\"],\"inLanguage\":\"es\"},{\"@type\":\"WebPage\",\"@id\":\"https:\\\/\\\/www.eldiario.net\\\/portal\\\/2022\\\/04\\\/12\\\/la-relacion-salud-emociones-realidad-o-ficcion-3\\\/\",\"url\":\"https:\\\/\\\/www.eldiario.net\\\/portal\\\/2022\\\/04\\\/12\\\/la-relacion-salud-emociones-realidad-o-ficcion-3\\\/\",\"name\":\"La relaci\u00f3n Salud - Emociones \u00bfrealidad o ficci\u00f3n? - El Diario - Bolivia\",\"isPartOf\":{\"@id\":\"https:\\\/\\\/www.eldiario.net\\\/portal\\\/#website\"},\"primaryImageOfPage\":{\"@id\":\"https:\\\/\\\/www.eldiario.net\\\/portal\\\/2022\\\/04\\\/12\\\/la-relacion-salud-emociones-realidad-o-ficcion-3\\\/#primaryimage\"},\"image\":{\"@id\":\"https:\\\/\\\/www.eldiario.net\\\/portal\\\/2022\\\/04\\\/12\\\/la-relacion-salud-emociones-realidad-o-ficcion-3\\\/#primaryimage\"},\"thumbnailUrl\":\"\",\"datePublished\":\"2022-04-12T09:45:30+00:00\",\"breadcrumb\":{\"@id\":\"https:\\\/\\\/www.eldiario.net\\\/portal\\\/2022\\\/04\\\/12\\\/la-relacion-salud-emociones-realidad-o-ficcion-3\\\/#breadcrumb\"},\"inLanguage\":\"es\",\"potentialAction\":[{\"@type\":\"ReadAction\",\"target\":[\"https:\\\/\\\/www.eldiario.net\\\/portal\\\/2022\\\/04\\\/12\\\/la-relacion-salud-emociones-realidad-o-ficcion-3\\\/\"]}]},{\"@type\":\"ImageObject\",\"inLanguage\":\"es\",\"@id\":\"https:\\\/\\\/www.eldiario.net\\\/portal\\\/2022\\\/04\\\/12\\\/la-relacion-salud-emociones-realidad-o-ficcion-3\\\/#primaryimage\",\"url\":\"\",\"contentUrl\":\"\"},{\"@type\":\"BreadcrumbList\",\"@id\":\"https:\\\/\\\/www.eldiario.net\\\/portal\\\/2022\\\/04\\\/12\\\/la-relacion-salud-emociones-realidad-o-ficcion-3\\\/#breadcrumb\",\"itemListElement\":[{\"@type\":\"ListItem\",\"position\":1,\"name\":\"Portada\",\"item\":\"https:\\\/\\\/www.eldiario.net\\\/portal\\\/\"},{\"@type\":\"ListItem\",\"position\":2,\"name\":\"La relaci\u00f3n Salud &#8211; Emociones \u00bfrealidad o ficci\u00f3n?\"}]},{\"@type\":\"WebSite\",\"@id\":\"https:\\\/\\\/www.eldiario.net\\\/portal\\\/#website\",\"url\":\"https:\\\/\\\/www.eldiario.net\\\/portal\\\/\",\"name\":\"El Diario - Decano de la prensa nacional\",\"description\":\"El Diario - Decano de la prensa nacional\",\"publisher\":{\"@id\":\"https:\\\/\\\/www.eldiario.net\\\/portal\\\/#organization\"},\"potentialAction\":[{\"@type\":\"SearchAction\",\"target\":{\"@type\":\"EntryPoint\",\"urlTemplate\":\"https:\\\/\\\/www.eldiario.net\\\/portal\\\/?s={search_term_string}\"},\"query-input\":{\"@type\":\"PropertyValueSpecification\",\"valueRequired\":true,\"valueName\":\"search_term_string\"}}],\"inLanguage\":\"es\"},{\"@type\":\"Organization\",\"@id\":\"https:\\\/\\\/www.eldiario.net\\\/portal\\\/#organization\",\"name\":\"El Diario - Decano de la prensa nacional\",\"url\":\"https:\\\/\\\/www.eldiario.net\\\/portal\\\/\",\"logo\":{\"@type\":\"ImageObject\",\"inLanguage\":\"es\",\"@id\":\"https:\\\/\\\/www.eldiario.net\\\/portal\\\/#\\\/schema\\\/logo\\\/image\\\/\",\"url\":\"https:\\\/\\\/www.eldiario.net\\\/portal\\\/wp-content\\\/uploads\\\/2023\\\/07\\\/logo_ED.jpg\",\"contentUrl\":\"https:\\\/\\\/www.eldiario.net\\\/portal\\\/wp-content\\\/uploads\\\/2023\\\/07\\\/logo_ED.jpg\",\"width\":272,\"height\":52,\"caption\":\"El Diario - Decano de la prensa nacional\"},\"image\":{\"@id\":\"https:\\\/\\\/www.eldiario.net\\\/portal\\\/#\\\/schema\\\/logo\\\/image\\\/\"},\"sameAs\":[\"https:\\\/\\\/www.facebook.com\\\/eldiario.bolivia\\\/\",\"https:\\\/\\\/x.com\\\/eldiario_net\"]},{\"@type\":\"Person\",\"@id\":\"https:\\\/\\\/www.eldiario.net\\\/portal\\\/#\\\/schema\\\/person\\\/2c57cf2b7a7ae032e449e4c9b1019eac\",\"name\":\"Jeanette\",\"image\":{\"@type\":\"ImageObject\",\"inLanguage\":\"es\",\"@id\":\"https:\\\/\\\/secure.gravatar.com\\\/avatar\\\/3ea2118a5f7dad2b7138b1187a6b7ee55f160b9968b66013c3a3ef39dd7e5798?s=96&d=mm&r=g\",\"url\":\"https:\\\/\\\/secure.gravatar.com\\\/avatar\\\/3ea2118a5f7dad2b7138b1187a6b7ee55f160b9968b66013c3a3ef39dd7e5798?s=96&d=mm&r=g\",\"contentUrl\":\"https:\\\/\\\/secure.gravatar.com\\\/avatar\\\/3ea2118a5f7dad2b7138b1187a6b7ee55f160b9968b66013c3a3ef39dd7e5798?s=96&d=mm&r=g\",\"caption\":\"Jeanette\"},\"sameAs\":[\"https:\\\/\\\/www.eldiario.net\\\/portal\"],\"url\":\"https:\\\/\\\/www.eldiario.net\\\/portal\\\/author\\\/jeanette\\\/\"}]}<\/script>\n<!-- \/ Yoast SEO plugin. -->","yoast_head_json":{"title":"La relaci\u00f3n Salud - Emociones \u00bfrealidad o ficci\u00f3n? - El Diario - Bolivia","robots":{"index":"index","follow":"follow","max-snippet":"max-snippet:-1","max-image-preview":"max-image-preview:large","max-video-preview":"max-video-preview:-1"},"canonical":"https:\/\/www.eldiario.net\/portal\/2022\/04\/12\/la-relacion-salud-emociones-realidad-o-ficcion-3\/","og_locale":"es_ES","og_type":"article","og_title":"La relaci\u00f3n Salud - Emociones \u00bfrealidad o ficci\u00f3n? - El Diario - Bolivia","og_description":"Autor: Grupo Editor &nbsp; El siguiente art\u00edculo nos describe la relaci\u00f3n que existe entre las alergias, espec\u00edficamente la rinitis, y los factores psicol\u00f3gicos. El mismo ha sido escrito por el Doctor en psicolog\u00eda Juan Carlos Fern\u00e1ndez Rodr\u00edguez y la Doctora Mayte Herrera Mera para la revista: Escritos de Psicolog\u00eda vol.6\u00a0no.1\u00a0M\u00e1laga\u00a0ene.\/abr. en\u00a02013. A disfrutarlo. &nbsp; Rinitis [&hellip;]","og_url":"https:\/\/www.eldiario.net\/portal\/2022\/04\/12\/la-relacion-salud-emociones-realidad-o-ficcion-3\/","og_site_name":"El Diario - Bolivia","article_publisher":"https:\/\/www.facebook.com\/eldiario.bolivia\/","article_published_time":"2022-04-12T09:45:30+00:00","author":"Jeanette","twitter_card":"summary_large_image","twitter_creator":"@eldiario_net","twitter_site":"@eldiario_net","twitter_misc":{"Escrito por":"Jeanette","Tiempo de lectura":"15 minutos"},"schema":{"@context":"https:\/\/schema.org","@graph":[{"@type":"Article","@id":"https:\/\/www.eldiario.net\/portal\/2022\/04\/12\/la-relacion-salud-emociones-realidad-o-ficcion-3\/#article","isPartOf":{"@id":"https:\/\/www.eldiario.net\/portal\/2022\/04\/12\/la-relacion-salud-emociones-realidad-o-ficcion-3\/"},"author":{"name":"Jeanette","@id":"https:\/\/www.eldiario.net\/portal\/#\/schema\/person\/2c57cf2b7a7ae032e449e4c9b1019eac"},"headline":"La relaci\u00f3n Salud &#8211; Emociones \u00bfrealidad o ficci\u00f3n?","datePublished":"2022-04-12T09:45:30+00:00","mainEntityOfPage":{"@id":"https:\/\/www.eldiario.net\/portal\/2022\/04\/12\/la-relacion-salud-emociones-realidad-o-ficcion-3\/"},"wordCount":3498,"publisher":{"@id":"https:\/\/www.eldiario.net\/portal\/#organization"},"image":{"@id":"https:\/\/www.eldiario.net\/portal\/2022\/04\/12\/la-relacion-salud-emociones-realidad-o-ficcion-3\/#primaryimage"},"thumbnailUrl":"","articleSection":["Nuevos Horizontes"],"inLanguage":"es"},{"@type":"WebPage","@id":"https:\/\/www.eldiario.net\/portal\/2022\/04\/12\/la-relacion-salud-emociones-realidad-o-ficcion-3\/","url":"https:\/\/www.eldiario.net\/portal\/2022\/04\/12\/la-relacion-salud-emociones-realidad-o-ficcion-3\/","name":"La relaci\u00f3n Salud - Emociones \u00bfrealidad o ficci\u00f3n? - El Diario - Bolivia","isPartOf":{"@id":"https:\/\/www.eldiario.net\/portal\/#website"},"primaryImageOfPage":{"@id":"https:\/\/www.eldiario.net\/portal\/2022\/04\/12\/la-relacion-salud-emociones-realidad-o-ficcion-3\/#primaryimage"},"image":{"@id":"https:\/\/www.eldiario.net\/portal\/2022\/04\/12\/la-relacion-salud-emociones-realidad-o-ficcion-3\/#primaryimage"},"thumbnailUrl":"","datePublished":"2022-04-12T09:45:30+00:00","breadcrumb":{"@id":"https:\/\/www.eldiario.net\/portal\/2022\/04\/12\/la-relacion-salud-emociones-realidad-o-ficcion-3\/#breadcrumb"},"inLanguage":"es","potentialAction":[{"@type":"ReadAction","target":["https:\/\/www.eldiario.net\/portal\/2022\/04\/12\/la-relacion-salud-emociones-realidad-o-ficcion-3\/"]}]},{"@type":"ImageObject","inLanguage":"es","@id":"https:\/\/www.eldiario.net\/portal\/2022\/04\/12\/la-relacion-salud-emociones-realidad-o-ficcion-3\/#primaryimage","url":"","contentUrl":""},{"@type":"BreadcrumbList","@id":"https:\/\/www.eldiario.net\/portal\/2022\/04\/12\/la-relacion-salud-emociones-realidad-o-ficcion-3\/#breadcrumb","itemListElement":[{"@type":"ListItem","position":1,"name":"Portada","item":"https:\/\/www.eldiario.net\/portal\/"},{"@type":"ListItem","position":2,"name":"La relaci\u00f3n Salud &#8211; Emociones \u00bfrealidad o ficci\u00f3n?"}]},{"@type":"WebSite","@id":"https:\/\/www.eldiario.net\/portal\/#website","url":"https:\/\/www.eldiario.net\/portal\/","name":"El Diario - Decano de la prensa nacional","description":"El Diario - Decano de la prensa nacional","publisher":{"@id":"https:\/\/www.eldiario.net\/portal\/#organization"},"potentialAction":[{"@type":"SearchAction","target":{"@type":"EntryPoint","urlTemplate":"https:\/\/www.eldiario.net\/portal\/?s={search_term_string}"},"query-input":{"@type":"PropertyValueSpecification","valueRequired":true,"valueName":"search_term_string"}}],"inLanguage":"es"},{"@type":"Organization","@id":"https:\/\/www.eldiario.net\/portal\/#organization","name":"El Diario - Decano de la prensa nacional","url":"https:\/\/www.eldiario.net\/portal\/","logo":{"@type":"ImageObject","inLanguage":"es","@id":"https:\/\/www.eldiario.net\/portal\/#\/schema\/logo\/image\/","url":"https:\/\/www.eldiario.net\/portal\/wp-content\/uploads\/2023\/07\/logo_ED.jpg","contentUrl":"https:\/\/www.eldiario.net\/portal\/wp-content\/uploads\/2023\/07\/logo_ED.jpg","width":272,"height":52,"caption":"El Diario - Decano de la prensa nacional"},"image":{"@id":"https:\/\/www.eldiario.net\/portal\/#\/schema\/logo\/image\/"},"sameAs":["https:\/\/www.facebook.com\/eldiario.bolivia\/","https:\/\/x.com\/eldiario_net"]},{"@type":"Person","@id":"https:\/\/www.eldiario.net\/portal\/#\/schema\/person\/2c57cf2b7a7ae032e449e4c9b1019eac","name":"Jeanette","image":{"@type":"ImageObject","inLanguage":"es","@id":"https:\/\/secure.gravatar.com\/avatar\/3ea2118a5f7dad2b7138b1187a6b7ee55f160b9968b66013c3a3ef39dd7e5798?s=96&d=mm&r=g","url":"https:\/\/secure.gravatar.com\/avatar\/3ea2118a5f7dad2b7138b1187a6b7ee55f160b9968b66013c3a3ef39dd7e5798?s=96&d=mm&r=g","contentUrl":"https:\/\/secure.gravatar.com\/avatar\/3ea2118a5f7dad2b7138b1187a6b7ee55f160b9968b66013c3a3ef39dd7e5798?s=96&d=mm&r=g","caption":"Jeanette"},"sameAs":["https:\/\/www.eldiario.net\/portal"],"url":"https:\/\/www.eldiario.net\/portal\/author\/jeanette\/"}]}},"_links":{"self":[{"href":"https:\/\/www.eldiario.net\/portal\/wp-json\/wp\/v2\/posts\/76076","targetHints":{"allow":["GET"]}}],"collection":[{"href":"https:\/\/www.eldiario.net\/portal\/wp-json\/wp\/v2\/posts"}],"about":[{"href":"https:\/\/www.eldiario.net\/portal\/wp-json\/wp\/v2\/types\/post"}],"author":[{"embeddable":true,"href":"https:\/\/www.eldiario.net\/portal\/wp-json\/wp\/v2\/users\/1"}],"replies":[{"embeddable":true,"href":"https:\/\/www.eldiario.net\/portal\/wp-json\/wp\/v2\/comments?post=76076"}],"version-history":[{"count":0,"href":"https:\/\/www.eldiario.net\/portal\/wp-json\/wp\/v2\/posts\/76076\/revisions"}],"wp:attachment":[{"href":"https:\/\/www.eldiario.net\/portal\/wp-json\/wp\/v2\/media?parent=76076"}],"wp:term":[{"taxonomy":"category","embeddable":true,"href":"https:\/\/www.eldiario.net\/portal\/wp-json\/wp\/v2\/categories?post=76076"},{"taxonomy":"post_tag","embeddable":true,"href":"https:\/\/www.eldiario.net\/portal\/wp-json\/wp\/v2\/tags?post=76076"}],"curies":[{"name":"wp","href":"https:\/\/api.w.org\/{rel}","templated":true}]}}