{"id":76072,"date":"2022-04-12T05:43:53","date_gmt":"2022-04-12T09:43:53","guid":{"rendered":"https:\/\/www.eldiario.net\/portal\/?p=76072"},"modified":"2022-04-12T05:43:53","modified_gmt":"2022-04-12T09:43:53","slug":"herramientas-para-mejorar-tus-presentaciones-tips-de-canva-para-optimizar-tus-presentaciones","status":"publish","type":"post","link":"https:\/\/www.eldiario.net\/portal\/2022\/04\/12\/herramientas-para-mejorar-tus-presentaciones-tips-de-canva-para-optimizar-tus-presentaciones\/","title":{"rendered":"Herramientas para mejorar tus presentaciones Tips de Canva para optimizar tus presentaciones"},"content":{"rendered":"<p><strong>Por: Lic. H\u00e9ctor Molina Angulo<\/strong><\/p>\n<p>&nbsp;<\/p>\n<p><strong>Primero siempre la investigaci\u00f3n<\/strong><\/p>\n<p>&nbsp;<\/p>\n<p>Antes de escribir o crear un dise\u00f1o, se debe tener conocimiento de todos los detalles. El proceso de investigaci\u00f3n siempre garantizar\u00e1 un resultado mejor elaborado, as\u00ed que al estudiar, leer e investigar, sin importar lo que sea; materiales, objetos, informaci\u00f3n o hechos vamos asegurando el \u00e9xito de nuestras presentaciones.<\/p>\n<p>&nbsp;<\/p>\n<p><strong>Tomar nota de las ideas en un cuaderno<\/strong><\/p>\n<p>&nbsp;<\/p>\n<p>No importa si se est\u00e1 en el transporte, el trabajo o a punto de dormirse, la inspiraci\u00f3n no espera por nadie, as\u00ed que es importante estar preparado. Por ello se debe mantener un cuaderno en el que se viertan las notas e ideas, para consultarlas cuando sea el tiempo de elaborar un dise\u00f1o.<\/p>\n<p>&nbsp;<\/p>\n<p><strong>Definir el tipo de dise\u00f1o y las caracter\u00edsticas del dise\u00f1o a crear<\/strong><\/p>\n<p>&nbsp;<\/p>\n<p>Se debe tener en mente cu\u00e1l ser\u00e1 el tipo de dise\u00f1o a crear:<\/p>\n<ul>\n<li>Texto<\/li>\n<li>Texto m\u00e1s im\u00e1genes<\/li>\n<li>Solo im\u00e1genes<\/li>\n<li>Solo gr\u00e1ficos o \u00edconos<\/li>\n<\/ul>\n<p>&nbsp;<\/p>\n<p>Canva cuenta con las medidas predeterminadas y actualizadas de todos los formatos para redes sociales y otros dise\u00f1os. Sin embargo, si se quiere crear un dise\u00f1o personalizado, es imprescindible saber las medidas precisas para poder ajustar de forma perfecta todos los elementos de un dise\u00f1o.<\/p>\n<p>&nbsp;<\/p>\n<p><strong>Convertir una foto en fondo de pantalla<\/strong><\/p>\n<p>&nbsp;<\/p>\n<p>Una de las funciones m\u00e1s sencillas pero altamente efectivas para reducir tiempo de trabajo sin dejar de ser original y eficiente es poner una imagen de fondo de pantalla, para lo que no hace falta tomarse la molestia de insertarla y despu\u00e9s empezar a cambiar manualmente su tama\u00f1o para que quede como fondo de pantalla coincidiendo con los bordes de la hoja.<\/p>\n<p>&nbsp;<\/p>\n<ul>\n<li>Primero se va al men\u00fa de la izquierda y coloca una foto en el proyecto, ya sea de Canva o de alg\u00fan archivo personal.<\/li>\n<li>Hacer click sobre la foto para seleccionarla.<\/li>\n<li>Ahora, dar click derecho sobre ella.<\/li>\n<li>Se ver\u00e1 que en el men\u00fa emergente aparece la opci\u00f3n\u00a0\u201cEstablecer imagen como fondo\u201d. Se debe pulsar en ella y olvidarse del resto.<\/li>\n<\/ul>\n<p>&nbsp;<\/p>\n<p>Si se quiere cambiarla, se debe poner otra imagen y hacer lo mismo, o dar click derecho sobre la que se ten\u00eda de fondo para elegir la opci\u00f3n de\u00a0\u201cSeparar imagen del fondo\u201d.<\/p>\n<p>&nbsp;<\/p>\n<p><strong>Opci\u00f3n para elegir la parte de una foto que se quiere que se vea<\/strong><\/p>\n<p>&nbsp;<\/p>\n<p>Hay dise\u00f1os en los que no se puede poner toda una foto en el fondo o no se desea hacerlo, para esta necesidad existen plantillas que lo hacen f\u00e1cil. En ese caso,\u00a0se puede recolocar manualmente la foto\u00a0para decidir qu\u00e9 parte se quiere que sea la visible en el caso de que algo importante quede oculto por otro elemento.<\/p>\n<p>&nbsp;<\/p>\n<p>Para ello, lo \u00fanico que se tiene que hacer es\u00a0doble click sobre la foto\u00a0para que se vea una previsualizaci\u00f3n de cu\u00e1nto ocupa totalmente. La parte que no es visible queda m\u00e1s transparente para saber cu\u00e1l es exactamente la parte que se va a ver, y ah\u00ed se puede moverla para que quede como se desea.<\/p>\n<p>&nbsp;<\/p>\n<p><strong>Crea letras con fotos en el fondo<\/strong><\/p>\n<p>&nbsp;<\/p>\n<p>Un efecto muy llamativo que se puede conseguir con Canva es el de\u00a0crear palabras en las que el fondo de las letras est\u00e9 seleccionado de forma personal y preferente. Para ello, se tiene que buscar un tipo de elemento concreto que son letras con fotos de fondo, no letras de escritura normal, se debe moverlas al proyecto componiendo una palabra, y luego cambiando el fondo. Cada una puede tener un fondo por separado, algo detallado y moroso pero valdr\u00e1 la pena.<\/p>\n<p>&nbsp;<\/p>\n<p><strong>Poner hiperv\u00ednculos<\/strong><\/p>\n<p>&nbsp;<\/p>\n<p>Canva es una herramienta pensada para el dise\u00f1o, pero lo suficientemente vers\u00e1til como para ofrecer todo tipo de herramientas. Si se desea mantenerlos en formato digital se puede a\u00f1adir elementos como hiperv\u00ednculos dentro de cada creaci\u00f3n. Si luego se desea usar un dise\u00f1o para algo f\u00edsico se perder\u00e1, pero si se lo convierte en un elemento online ah\u00ed estar\u00e1, e incluso se queda cuando se lo baja en PDF.<\/p>\n<p>&nbsp;<\/p>\n<p><strong>El tama\u00f1o no debe asustarnos<\/strong><\/p>\n<p>&nbsp;<\/p>\n<p>No se debe temer a la acci\u00f3n de ampliar el tama\u00f1o del texto, figuras o dem\u00e1s elementos del dise\u00f1o ni utilizar colores para realzar esta t\u00e9cnica ya que lo que se busca con esto es hacer llamativa alguna parte (texto u otros) ya que transmite un impacto de forma clara. Pero, espec\u00edficamente en el texto, se debe asegurar\u00a0 que la tipograf\u00eda se vea bien cuando se aumente de tama\u00f1o.<\/p>\n<p>&nbsp;<\/p>\n<p><strong>Al hablar de colores se debe ser inteligente<\/strong><\/p>\n<p>&nbsp;<\/p>\n<p>Es recomendable elegir un esquema crom\u00e1tico que tenga entre uno y tres colores primarios y hacer lo mismo con los secundarios que se contrasten y complementen entre s\u00ed. Ajustando el brillo para crear contraste, debemos ser consistentes utilizando distintas intensidades del mismo color. Si el fondo tiene un color muy v\u00edvido, las tipograf\u00edas m\u00e1s delgadas tendr\u00e1n que ser m\u00e1s resaltadas.<\/p>\n<p>&nbsp;<\/p>\n<p><strong>Claro, limpio y n\u00edtido<\/strong><\/p>\n<p>&nbsp;<\/p>\n<p>Continuando con el anterior punto es necesario subir el contraste ajustando el brillo de la imagen para que aten\u00fae el color del texto, haciendo que el dise\u00f1o sea claro y f\u00e1cil de leer. Esta es una gran forma de aplicar texto de color blanco o negro sobre una imagen para producir un efecto marcado de \u201csilueta\u201d.<\/p>\n<p>&nbsp;<\/p>\n<p><strong>Lo sencillo nunca pasa de moda<\/strong><\/p>\n<p>&nbsp;<\/p>\n<p>Se debe mantener el dise\u00f1o sencillo, sin olvidar lo fundamental. Asegurarse que cada elemento tenga una raz\u00f3n de ser en el dise\u00f1o, limitando el n\u00famero de fuentes, colores, figuras y marcos a lo m\u00e1s razonable, a veces m\u00ednimo, posible. Utilizar combinaciones de colores que se contrasten con el texto para que se vea bien definido y sea f\u00e1cil de leer. Por otro lado, un marco uniforme para contener el texto mejorar\u00e1 la estructura composicional del dise\u00f1o.<\/p>\n<p>&nbsp;<\/p>\n<p><strong>Creatividad y originalidad<\/strong><\/p>\n<p>&nbsp;<\/p>\n<p>No es pecado llevar las habilidades creativas al m\u00e1ximo para producir gr\u00e1ficos originales. Para esto se debe utiliza la inventiva para elegir y combinar diferentes filtros y tipograf\u00edas. Evitando las tendencias y as\u00ed crear dise\u00f1os que plasmen un estilo \u00fanico y muy personal, dejando as\u00ed una marca personal en cada trabajo.<\/p>\n<p>&nbsp;<\/p>\n<p><strong>La maravilla del espacio blanco<\/strong><\/p>\n<p>&nbsp;<\/p>\n<p>Al rodear las palabras con espacios blancos para dejar que los elementos respiren de puede crear un dise\u00f1o fluido que se vea maravilloso, pues el uso de tal espacio hace que el dise\u00f1o sea m\u00e1s f\u00e1cil y probablemente, que llame m\u00e1s la atenci\u00f3n que un composici\u00f3n muy cargada.<\/p>\n<p>&nbsp;<\/p>\n<p><strong>Usar im\u00e1genes desnudas\u2026 \u00a1No!<\/strong><\/p>\n<p>&nbsp;<\/p>\n<p>No se habla del contenido de la imagen, sino del \u201clayout\u201d (dise\u00f1o). Alinear las im\u00e1genes con cuadr\u00edculas o marcos hace que el dise\u00f1o se vea m\u00e1s profesional. Algunos dise\u00f1adores expertos indican que esta acci\u00f3n a veces es buena pero la mayor\u00eda no aconseja hacer uso de dise\u00f1os con im\u00e1genes sueltas o desnudas; sin embargo, la realidad de su utilidad solo la brindar\u00e1 la experiencia.<\/p>\n<p>&nbsp;<\/p>\n<p><strong>Utilizar la superposici\u00f3n de fotos en tiras para combinarlas con las formas en la imagen de fondo<\/strong><\/p>\n<p>&nbsp;<\/p>\n<p>Las letras no siempre son necesarias para crear un dise\u00f1o hermoso. Este consejo es una estupenda manera de fomentar nuestras habilidades de composici\u00f3n.<\/p>\n<p>&nbsp;<\/p>\n<p><strong>Crear un estilo usando letras rotadas para producir matices<\/strong><\/p>\n<p>&nbsp;<\/p>\n<p>Recortar la imagen para que tenga espacio de texto con el cual trabajar cuando se aplique un texto.<\/p>\n<p>&nbsp;<\/p>\n<p><strong>Usar la escala como un elemento visual para enfatizar las palabras<\/strong><\/p>\n<p>&nbsp;<\/p>\n<p>La jerarqu\u00eda se forma cuando un texto o sus elementos se colocan en diferentes tama\u00f1os en la p\u00e1gina. Esto forma un orden en el que se leer\u00e1 la informaci\u00f3n. Esta acci\u00f3n permitir\u00e1 hacer notar que las palabras cuya escala fue aumentada sean m\u00e1s f\u00e1ciles de ver, por lo tanto m\u00e1s prominentes en la jerarqu\u00eda.<\/p>\n<p><a href=\"https:\/\/www.eldiario.net\/portal\/wp-content\/uploads\/2022\/04\/TE-Canva-1.png\"><img loading=\"lazy\" decoding=\"async\" class=\"aligncenter size-full wp-image-76074\" src=\"https:\/\/www.eldiario.net\/portal\/wp-content\/uploads\/2022\/04\/TE-Canva-1.png\" alt=\"\" width=\"800\" height=\"2000\" \/><\/a><\/p>\n","protected":false},"excerpt":{"rendered":"<p>Por: Lic. H\u00e9ctor Molina Angulo &nbsp; Primero siempre la investigaci\u00f3n &nbsp; Antes de escribir o crear un dise\u00f1o, se debe tener conocimiento de todos los detalles. El proceso de investigaci\u00f3n siempre garantizar\u00e1 un resultado mejor elaborado, as\u00ed que al estudiar, leer e investigar, sin importar lo que sea; materiales, objetos, informaci\u00f3n o hechos vamos asegurando [&hellip;]<\/p>\n","protected":false},"author":1,"featured_media":76073,"comment_status":"closed","ping_status":"closed","sticky":false,"template":"","format":"standard","meta":{"_acf_changed":false,"footnotes":""},"categories":[43],"tags":[],"class_list":["post-76072","post","type-post","status-publish","format-standard","has-post-thumbnail","category-nuevos-horizontes"],"acf":{"antetitulo":""},"yoast_head":"<!-- This site is optimized with the Yoast SEO plugin v28.4 - https:\/\/yoast.com\/product\/yoast-seo-wordpress\/ -->\n<title>Herramientas para mejorar tus presentaciones Tips de Canva para optimizar tus presentaciones - El Diario - Bolivia<\/title>\n<meta name=\"robots\" content=\"index, follow, max-snippet:-1, max-image-preview:large, max-video-preview:-1\" \/>\n<link rel=\"canonical\" href=\"https:\/\/www.eldiario.net\/portal\/2022\/04\/12\/herramientas-para-mejorar-tus-presentaciones-tips-de-canva-para-optimizar-tus-presentaciones\/\" \/>\n<meta property=\"og:locale\" content=\"es_ES\" \/>\n<meta property=\"og:type\" content=\"article\" \/>\n<meta property=\"og:title\" content=\"Herramientas para mejorar tus presentaciones Tips de Canva para optimizar tus presentaciones - El Diario - Bolivia\" \/>\n<meta property=\"og:description\" content=\"Por: Lic. H\u00e9ctor Molina Angulo &nbsp; Primero siempre la investigaci\u00f3n &nbsp; Antes de escribir o crear un dise\u00f1o, se debe tener conocimiento de todos los detalles. El proceso de investigaci\u00f3n siempre garantizar\u00e1 un resultado mejor elaborado, as\u00ed que al estudiar, leer e investigar, sin importar lo que sea; materiales, objetos, informaci\u00f3n o hechos vamos asegurando [&hellip;]\" \/>\n<meta property=\"og:url\" content=\"https:\/\/www.eldiario.net\/portal\/2022\/04\/12\/herramientas-para-mejorar-tus-presentaciones-tips-de-canva-para-optimizar-tus-presentaciones\/\" \/>\n<meta property=\"og:site_name\" content=\"El Diario - Bolivia\" \/>\n<meta property=\"article:publisher\" content=\"https:\/\/www.facebook.com\/eldiario.bolivia\/\" \/>\n<meta property=\"article:published_time\" content=\"2022-04-12T09:43:53+00:00\" \/>\n<meta name=\"author\" content=\"Jeanette\" \/>\n<meta name=\"twitter:card\" content=\"summary_large_image\" \/>\n<meta name=\"twitter:creator\" content=\"@eldiario_net\" \/>\n<meta name=\"twitter:site\" content=\"@eldiario_net\" \/>\n<meta name=\"twitter:label1\" content=\"Escrito por\" \/>\n\t<meta name=\"twitter:data1\" content=\"Jeanette\" \/>\n\t<meta name=\"twitter:label2\" content=\"Tiempo de lectura\" \/>\n\t<meta name=\"twitter:data2\" content=\"6 minutos\" \/>\n<script type=\"application\/ld+json\" class=\"yoast-schema-graph\">{\"@context\":\"https:\\\/\\\/schema.org\",\"@graph\":[{\"@type\":\"Article\",\"@id\":\"https:\\\/\\\/www.eldiario.net\\\/portal\\\/2022\\\/04\\\/12\\\/herramientas-para-mejorar-tus-presentaciones-tips-de-canva-para-optimizar-tus-presentaciones\\\/#article\",\"isPartOf\":{\"@id\":\"https:\\\/\\\/www.eldiario.net\\\/portal\\\/2022\\\/04\\\/12\\\/herramientas-para-mejorar-tus-presentaciones-tips-de-canva-para-optimizar-tus-presentaciones\\\/\"},\"author\":{\"name\":\"Jeanette\",\"@id\":\"https:\\\/\\\/www.eldiario.net\\\/portal\\\/#\\\/schema\\\/person\\\/2c57cf2b7a7ae032e449e4c9b1019eac\"},\"headline\":\"Herramientas para mejorar tus presentaciones Tips de Canva para optimizar tus presentaciones\",\"datePublished\":\"2022-04-12T09:43:53+00:00\",\"mainEntityOfPage\":{\"@id\":\"https:\\\/\\\/www.eldiario.net\\\/portal\\\/2022\\\/04\\\/12\\\/herramientas-para-mejorar-tus-presentaciones-tips-de-canva-para-optimizar-tus-presentaciones\\\/\"},\"wordCount\":1395,\"publisher\":{\"@id\":\"https:\\\/\\\/www.eldiario.net\\\/portal\\\/#organization\"},\"image\":{\"@id\":\"https:\\\/\\\/www.eldiario.net\\\/portal\\\/2022\\\/04\\\/12\\\/herramientas-para-mejorar-tus-presentaciones-tips-de-canva-para-optimizar-tus-presentaciones\\\/#primaryimage\"},\"thumbnailUrl\":\"\",\"articleSection\":[\"Nuevos Horizontes\"],\"inLanguage\":\"es\"},{\"@type\":\"WebPage\",\"@id\":\"https:\\\/\\\/www.eldiario.net\\\/portal\\\/2022\\\/04\\\/12\\\/herramientas-para-mejorar-tus-presentaciones-tips-de-canva-para-optimizar-tus-presentaciones\\\/\",\"url\":\"https:\\\/\\\/www.eldiario.net\\\/portal\\\/2022\\\/04\\\/12\\\/herramientas-para-mejorar-tus-presentaciones-tips-de-canva-para-optimizar-tus-presentaciones\\\/\",\"name\":\"Herramientas para mejorar tus presentaciones Tips de Canva para optimizar tus presentaciones - El Diario - Bolivia\",\"isPartOf\":{\"@id\":\"https:\\\/\\\/www.eldiario.net\\\/portal\\\/#website\"},\"primaryImageOfPage\":{\"@id\":\"https:\\\/\\\/www.eldiario.net\\\/portal\\\/2022\\\/04\\\/12\\\/herramientas-para-mejorar-tus-presentaciones-tips-de-canva-para-optimizar-tus-presentaciones\\\/#primaryimage\"},\"image\":{\"@id\":\"https:\\\/\\\/www.eldiario.net\\\/portal\\\/2022\\\/04\\\/12\\\/herramientas-para-mejorar-tus-presentaciones-tips-de-canva-para-optimizar-tus-presentaciones\\\/#primaryimage\"},\"thumbnailUrl\":\"\",\"datePublished\":\"2022-04-12T09:43:53+00:00\",\"breadcrumb\":{\"@id\":\"https:\\\/\\\/www.eldiario.net\\\/portal\\\/2022\\\/04\\\/12\\\/herramientas-para-mejorar-tus-presentaciones-tips-de-canva-para-optimizar-tus-presentaciones\\\/#breadcrumb\"},\"inLanguage\":\"es\",\"potentialAction\":[{\"@type\":\"ReadAction\",\"target\":[\"https:\\\/\\\/www.eldiario.net\\\/portal\\\/2022\\\/04\\\/12\\\/herramientas-para-mejorar-tus-presentaciones-tips-de-canva-para-optimizar-tus-presentaciones\\\/\"]}]},{\"@type\":\"ImageObject\",\"inLanguage\":\"es\",\"@id\":\"https:\\\/\\\/www.eldiario.net\\\/portal\\\/2022\\\/04\\\/12\\\/herramientas-para-mejorar-tus-presentaciones-tips-de-canva-para-optimizar-tus-presentaciones\\\/#primaryimage\",\"url\":\"\",\"contentUrl\":\"\"},{\"@type\":\"BreadcrumbList\",\"@id\":\"https:\\\/\\\/www.eldiario.net\\\/portal\\\/2022\\\/04\\\/12\\\/herramientas-para-mejorar-tus-presentaciones-tips-de-canva-para-optimizar-tus-presentaciones\\\/#breadcrumb\",\"itemListElement\":[{\"@type\":\"ListItem\",\"position\":1,\"name\":\"Portada\",\"item\":\"https:\\\/\\\/www.eldiario.net\\\/portal\\\/\"},{\"@type\":\"ListItem\",\"position\":2,\"name\":\"Herramientas para mejorar tus presentaciones Tips de Canva para optimizar tus presentaciones\"}]},{\"@type\":\"WebSite\",\"@id\":\"https:\\\/\\\/www.eldiario.net\\\/portal\\\/#website\",\"url\":\"https:\\\/\\\/www.eldiario.net\\\/portal\\\/\",\"name\":\"El Diario - Decano de la prensa nacional\",\"description\":\"El Diario - Decano de la prensa nacional\",\"publisher\":{\"@id\":\"https:\\\/\\\/www.eldiario.net\\\/portal\\\/#organization\"},\"potentialAction\":[{\"@type\":\"SearchAction\",\"target\":{\"@type\":\"EntryPoint\",\"urlTemplate\":\"https:\\\/\\\/www.eldiario.net\\\/portal\\\/?s={search_term_string}\"},\"query-input\":{\"@type\":\"PropertyValueSpecification\",\"valueRequired\":true,\"valueName\":\"search_term_string\"}}],\"inLanguage\":\"es\"},{\"@type\":\"Organization\",\"@id\":\"https:\\\/\\\/www.eldiario.net\\\/portal\\\/#organization\",\"name\":\"El Diario - Decano de la prensa nacional\",\"url\":\"https:\\\/\\\/www.eldiario.net\\\/portal\\\/\",\"logo\":{\"@type\":\"ImageObject\",\"inLanguage\":\"es\",\"@id\":\"https:\\\/\\\/www.eldiario.net\\\/portal\\\/#\\\/schema\\\/logo\\\/image\\\/\",\"url\":\"https:\\\/\\\/www.eldiario.net\\\/portal\\\/wp-content\\\/uploads\\\/2023\\\/07\\\/logo_ED.jpg\",\"contentUrl\":\"https:\\\/\\\/www.eldiario.net\\\/portal\\\/wp-content\\\/uploads\\\/2023\\\/07\\\/logo_ED.jpg\",\"width\":272,\"height\":52,\"caption\":\"El Diario - Decano de la prensa nacional\"},\"image\":{\"@id\":\"https:\\\/\\\/www.eldiario.net\\\/portal\\\/#\\\/schema\\\/logo\\\/image\\\/\"},\"sameAs\":[\"https:\\\/\\\/www.facebook.com\\\/eldiario.bolivia\\\/\",\"https:\\\/\\\/x.com\\\/eldiario_net\"]},{\"@type\":\"Person\",\"@id\":\"https:\\\/\\\/www.eldiario.net\\\/portal\\\/#\\\/schema\\\/person\\\/2c57cf2b7a7ae032e449e4c9b1019eac\",\"name\":\"Jeanette\",\"image\":{\"@type\":\"ImageObject\",\"inLanguage\":\"es\",\"@id\":\"https:\\\/\\\/secure.gravatar.com\\\/avatar\\\/3ea2118a5f7dad2b7138b1187a6b7ee55f160b9968b66013c3a3ef39dd7e5798?s=96&d=mm&r=g\",\"url\":\"https:\\\/\\\/secure.gravatar.com\\\/avatar\\\/3ea2118a5f7dad2b7138b1187a6b7ee55f160b9968b66013c3a3ef39dd7e5798?s=96&d=mm&r=g\",\"contentUrl\":\"https:\\\/\\\/secure.gravatar.com\\\/avatar\\\/3ea2118a5f7dad2b7138b1187a6b7ee55f160b9968b66013c3a3ef39dd7e5798?s=96&d=mm&r=g\",\"caption\":\"Jeanette\"},\"sameAs\":[\"https:\\\/\\\/www.eldiario.net\\\/portal\"],\"url\":\"https:\\\/\\\/www.eldiario.net\\\/portal\\\/author\\\/jeanette\\\/\"}]}<\/script>\n<!-- \/ Yoast SEO plugin. -->","yoast_head_json":{"title":"Herramientas para mejorar tus presentaciones Tips de Canva para optimizar tus presentaciones - El Diario - Bolivia","robots":{"index":"index","follow":"follow","max-snippet":"max-snippet:-1","max-image-preview":"max-image-preview:large","max-video-preview":"max-video-preview:-1"},"canonical":"https:\/\/www.eldiario.net\/portal\/2022\/04\/12\/herramientas-para-mejorar-tus-presentaciones-tips-de-canva-para-optimizar-tus-presentaciones\/","og_locale":"es_ES","og_type":"article","og_title":"Herramientas para mejorar tus presentaciones Tips de Canva para optimizar tus presentaciones - El Diario - Bolivia","og_description":"Por: Lic. H\u00e9ctor Molina Angulo &nbsp; Primero siempre la investigaci\u00f3n &nbsp; Antes de escribir o crear un dise\u00f1o, se debe tener conocimiento de todos los detalles. El proceso de investigaci\u00f3n siempre garantizar\u00e1 un resultado mejor elaborado, as\u00ed que al estudiar, leer e investigar, sin importar lo que sea; materiales, objetos, informaci\u00f3n o hechos vamos asegurando [&hellip;]","og_url":"https:\/\/www.eldiario.net\/portal\/2022\/04\/12\/herramientas-para-mejorar-tus-presentaciones-tips-de-canva-para-optimizar-tus-presentaciones\/","og_site_name":"El Diario - Bolivia","article_publisher":"https:\/\/www.facebook.com\/eldiario.bolivia\/","article_published_time":"2022-04-12T09:43:53+00:00","author":"Jeanette","twitter_card":"summary_large_image","twitter_creator":"@eldiario_net","twitter_site":"@eldiario_net","twitter_misc":{"Escrito por":"Jeanette","Tiempo de lectura":"6 minutos"},"schema":{"@context":"https:\/\/schema.org","@graph":[{"@type":"Article","@id":"https:\/\/www.eldiario.net\/portal\/2022\/04\/12\/herramientas-para-mejorar-tus-presentaciones-tips-de-canva-para-optimizar-tus-presentaciones\/#article","isPartOf":{"@id":"https:\/\/www.eldiario.net\/portal\/2022\/04\/12\/herramientas-para-mejorar-tus-presentaciones-tips-de-canva-para-optimizar-tus-presentaciones\/"},"author":{"name":"Jeanette","@id":"https:\/\/www.eldiario.net\/portal\/#\/schema\/person\/2c57cf2b7a7ae032e449e4c9b1019eac"},"headline":"Herramientas para mejorar tus presentaciones Tips de Canva para optimizar tus presentaciones","datePublished":"2022-04-12T09:43:53+00:00","mainEntityOfPage":{"@id":"https:\/\/www.eldiario.net\/portal\/2022\/04\/12\/herramientas-para-mejorar-tus-presentaciones-tips-de-canva-para-optimizar-tus-presentaciones\/"},"wordCount":1395,"publisher":{"@id":"https:\/\/www.eldiario.net\/portal\/#organization"},"image":{"@id":"https:\/\/www.eldiario.net\/portal\/2022\/04\/12\/herramientas-para-mejorar-tus-presentaciones-tips-de-canva-para-optimizar-tus-presentaciones\/#primaryimage"},"thumbnailUrl":"","articleSection":["Nuevos Horizontes"],"inLanguage":"es"},{"@type":"WebPage","@id":"https:\/\/www.eldiario.net\/portal\/2022\/04\/12\/herramientas-para-mejorar-tus-presentaciones-tips-de-canva-para-optimizar-tus-presentaciones\/","url":"https:\/\/www.eldiario.net\/portal\/2022\/04\/12\/herramientas-para-mejorar-tus-presentaciones-tips-de-canva-para-optimizar-tus-presentaciones\/","name":"Herramientas para mejorar tus presentaciones Tips de Canva para optimizar tus presentaciones - El Diario - Bolivia","isPartOf":{"@id":"https:\/\/www.eldiario.net\/portal\/#website"},"primaryImageOfPage":{"@id":"https:\/\/www.eldiario.net\/portal\/2022\/04\/12\/herramientas-para-mejorar-tus-presentaciones-tips-de-canva-para-optimizar-tus-presentaciones\/#primaryimage"},"image":{"@id":"https:\/\/www.eldiario.net\/portal\/2022\/04\/12\/herramientas-para-mejorar-tus-presentaciones-tips-de-canva-para-optimizar-tus-presentaciones\/#primaryimage"},"thumbnailUrl":"","datePublished":"2022-04-12T09:43:53+00:00","breadcrumb":{"@id":"https:\/\/www.eldiario.net\/portal\/2022\/04\/12\/herramientas-para-mejorar-tus-presentaciones-tips-de-canva-para-optimizar-tus-presentaciones\/#breadcrumb"},"inLanguage":"es","potentialAction":[{"@type":"ReadAction","target":["https:\/\/www.eldiario.net\/portal\/2022\/04\/12\/herramientas-para-mejorar-tus-presentaciones-tips-de-canva-para-optimizar-tus-presentaciones\/"]}]},{"@type":"ImageObject","inLanguage":"es","@id":"https:\/\/www.eldiario.net\/portal\/2022\/04\/12\/herramientas-para-mejorar-tus-presentaciones-tips-de-canva-para-optimizar-tus-presentaciones\/#primaryimage","url":"","contentUrl":""},{"@type":"BreadcrumbList","@id":"https:\/\/www.eldiario.net\/portal\/2022\/04\/12\/herramientas-para-mejorar-tus-presentaciones-tips-de-canva-para-optimizar-tus-presentaciones\/#breadcrumb","itemListElement":[{"@type":"ListItem","position":1,"name":"Portada","item":"https:\/\/www.eldiario.net\/portal\/"},{"@type":"ListItem","position":2,"name":"Herramientas para mejorar tus presentaciones Tips de Canva para optimizar tus presentaciones"}]},{"@type":"WebSite","@id":"https:\/\/www.eldiario.net\/portal\/#website","url":"https:\/\/www.eldiario.net\/portal\/","name":"El Diario - Decano de la prensa nacional","description":"El Diario - Decano de la prensa nacional","publisher":{"@id":"https:\/\/www.eldiario.net\/portal\/#organization"},"potentialAction":[{"@type":"SearchAction","target":{"@type":"EntryPoint","urlTemplate":"https:\/\/www.eldiario.net\/portal\/?s={search_term_string}"},"query-input":{"@type":"PropertyValueSpecification","valueRequired":true,"valueName":"search_term_string"}}],"inLanguage":"es"},{"@type":"Organization","@id":"https:\/\/www.eldiario.net\/portal\/#organization","name":"El Diario - Decano de la prensa nacional","url":"https:\/\/www.eldiario.net\/portal\/","logo":{"@type":"ImageObject","inLanguage":"es","@id":"https:\/\/www.eldiario.net\/portal\/#\/schema\/logo\/image\/","url":"https:\/\/www.eldiario.net\/portal\/wp-content\/uploads\/2023\/07\/logo_ED.jpg","contentUrl":"https:\/\/www.eldiario.net\/portal\/wp-content\/uploads\/2023\/07\/logo_ED.jpg","width":272,"height":52,"caption":"El Diario - Decano de la prensa nacional"},"image":{"@id":"https:\/\/www.eldiario.net\/portal\/#\/schema\/logo\/image\/"},"sameAs":["https:\/\/www.facebook.com\/eldiario.bolivia\/","https:\/\/x.com\/eldiario_net"]},{"@type":"Person","@id":"https:\/\/www.eldiario.net\/portal\/#\/schema\/person\/2c57cf2b7a7ae032e449e4c9b1019eac","name":"Jeanette","image":{"@type":"ImageObject","inLanguage":"es","@id":"https:\/\/secure.gravatar.com\/avatar\/3ea2118a5f7dad2b7138b1187a6b7ee55f160b9968b66013c3a3ef39dd7e5798?s=96&d=mm&r=g","url":"https:\/\/secure.gravatar.com\/avatar\/3ea2118a5f7dad2b7138b1187a6b7ee55f160b9968b66013c3a3ef39dd7e5798?s=96&d=mm&r=g","contentUrl":"https:\/\/secure.gravatar.com\/avatar\/3ea2118a5f7dad2b7138b1187a6b7ee55f160b9968b66013c3a3ef39dd7e5798?s=96&d=mm&r=g","caption":"Jeanette"},"sameAs":["https:\/\/www.eldiario.net\/portal"],"url":"https:\/\/www.eldiario.net\/portal\/author\/jeanette\/"}]}},"_links":{"self":[{"href":"https:\/\/www.eldiario.net\/portal\/wp-json\/wp\/v2\/posts\/76072","targetHints":{"allow":["GET"]}}],"collection":[{"href":"https:\/\/www.eldiario.net\/portal\/wp-json\/wp\/v2\/posts"}],"about":[{"href":"https:\/\/www.eldiario.net\/portal\/wp-json\/wp\/v2\/types\/post"}],"author":[{"embeddable":true,"href":"https:\/\/www.eldiario.net\/portal\/wp-json\/wp\/v2\/users\/1"}],"replies":[{"embeddable":true,"href":"https:\/\/www.eldiario.net\/portal\/wp-json\/wp\/v2\/comments?post=76072"}],"version-history":[{"count":0,"href":"https:\/\/www.eldiario.net\/portal\/wp-json\/wp\/v2\/posts\/76072\/revisions"}],"wp:attachment":[{"href":"https:\/\/www.eldiario.net\/portal\/wp-json\/wp\/v2\/media?parent=76072"}],"wp:term":[{"taxonomy":"category","embeddable":true,"href":"https:\/\/www.eldiario.net\/portal\/wp-json\/wp\/v2\/categories?post=76072"},{"taxonomy":"post_tag","embeddable":true,"href":"https:\/\/www.eldiario.net\/portal\/wp-json\/wp\/v2\/tags?post=76072"}],"curies":[{"name":"wp","href":"https:\/\/api.w.org\/{rel}","templated":true}]}}