{"id":7605,"date":"2021-06-01T05:25:58","date_gmt":"2021-06-01T09:25:58","guid":{"rendered":"https:\/\/www.eldiario.net\/portal\/?p=7605"},"modified":"2021-06-01T05:25:58","modified_gmt":"2021-06-01T09:25:58","slug":"vacaciones-de-invierno-son-producto-de-improvisaciones","status":"publish","type":"post","link":"https:\/\/www.eldiario.net\/portal\/2021\/06\/01\/vacaciones-de-invierno-son-producto-de-improvisaciones\/","title":{"rendered":"Vacaciones de invierno son producto de improvisaciones"},"content":{"rendered":"<p>Los maestros de la Ciudad de El Alto sostienen que la anticipaci\u00f3n de las vacaciones de invierno son producto de improvisaciones y la falta de cumplimiento de todo lo ofrecido para las clases semipresenciales y virtuales por parte del Ministerio de Educaci\u00f3n, seg\u00fan el dirigente del sector \u00c1lex Morales.<\/p>\n<p>El dirigente al referirse al descanso pedag\u00f3gico adelantado a partir de hoy, se\u00f1al\u00f3 que es solo una de las actitudes de improvisaci\u00f3n de parte de las autoridades del Ministerio de Educaci\u00f3n, donde durante todo este primer trimestre la presente gesti\u00f3n educativa en el pa\u00eds, tuvo muchas falencias e incumplimientos.<\/p>\n<p>\u201cDebemos lamentar que esta actitud es uno m\u00e1s de los parches que se realiza a toda esta gesti\u00f3n del Ministro de Educaci\u00f3n, porque no supo manejar desde principio, relacionado con todo lo improvisado, desde el inicio de la presente gesti\u00f3n educativa en las clases presenciales, semipresenciales y qu\u00e9 decir de las virtuales que fue un total fracaso\u201d, se\u00f1al\u00f3 el dirigente Morales.<\/p>\n<p>Para los maestros de la Ciudad de El Alto, esta vacaci\u00f3n no tiene raz\u00f3n de ser, porque con el pretexto del frio, se ha tratado de cubrir las muchas falencias que han cometidos las autoridades del Ministerio de Educaci\u00f3n, porque seg\u00fan el dirigente \u00c1lex Morales, el verdadero fuerte frio reci\u00e9n comenzar\u00e1 a partir de la segunda quincena de este mes, tiempo en que los estudiantes tendr\u00e1n que volver a las aulas en las diferentes modalidades.<\/p>\n<p>La preocupaci\u00f3n de los maestros de esta urbe es que de acuerdo con el Servicio Nacional de Meteorolog\u00eda e Hidrolog\u00eda (Senamhi), el verdadero pico alto del frio a causa de la \u00e9poca del invierno, reci\u00e9n subir\u00e1 desde la primera semana del mes de julio, donde los resfr\u00edos pueden ser confundidas con uno de los s\u00edntomas del coronavirus, tema que deber\u00eda ser prevenida.<\/p>\n<p>Seg\u00fan el dirigente entre las muchas falencias y desorganizaciones que fueron cometidos por el Ministerio de Educaci\u00f3n, est\u00e1n la falta de dosificaci\u00f3n del curr\u00edculo para el avance del segundo trimestre, asimismo hasta la fecha nunca llegaron las famosas cartillas, ni textos, para ayudar la ense\u00f1anza de los estudiantes, as\u00ed como la falta del internet gratuito.<\/p>\n<p>\u201cA todo esto se suma lo que en este momento es nuestra preocupaci\u00f3n, como es la pandemia del coronavirus, porque en ninguna de la unidades educativas de nuestra ciudad, ha sido implementado las normas de bioseguridad para garantizar la salud de los estudiantes, maestros y padres de familia, de esta forma poniendo en riesgo a todo este sector a un contagio masivo del virus\u201d, finaliz\u00f3 el dirigente Morales.<\/p>\n","protected":false},"excerpt":{"rendered":"<p>Los maestros de la Ciudad de El Alto sostienen que la anticipaci\u00f3n de las vacaciones de invierno son producto de improvisaciones y la falta de cumplimiento de todo lo ofrecido para las clases semipresenciales y virtuales por parte del Ministerio de Educaci\u00f3n, seg\u00fan el dirigente del sector \u00c1lex Morales. El dirigente al referirse al descanso [&hellip;]<\/p>\n","protected":false},"author":1,"featured_media":7606,"comment_status":"closed","ping_status":"closed","sticky":false,"template":"","format":"standard","meta":{"_acf_changed":false,"footnotes":""},"categories":[12],"tags":[],"class_list":["post-7605","post","type-post","status-publish","format-standard","has-post-thumbnail","category-nacional"],"acf":{"antetitulo":""},"yoast_head":"<!-- This site is optimized with the Yoast SEO plugin v28.3 - https:\/\/yoast.com\/product\/yoast-seo-wordpress\/ -->\n<title>Vacaciones de invierno son producto de improvisaciones - El Diario - Bolivia<\/title>\n<meta name=\"robots\" content=\"index, follow, max-snippet:-1, max-image-preview:large, max-video-preview:-1\" \/>\n<link rel=\"canonical\" href=\"https:\/\/www.eldiario.net\/portal\/2021\/06\/01\/vacaciones-de-invierno-son-producto-de-improvisaciones\/\" \/>\n<meta property=\"og:locale\" content=\"es_ES\" \/>\n<meta property=\"og:type\" content=\"article\" \/>\n<meta property=\"og:title\" content=\"Vacaciones de invierno son producto de improvisaciones - El Diario - Bolivia\" \/>\n<meta property=\"og:description\" content=\"Los maestros de la Ciudad de El Alto sostienen que la anticipaci\u00f3n de las vacaciones de invierno son producto de improvisaciones y la falta de cumplimiento de todo lo ofrecido para las clases semipresenciales y virtuales por parte del Ministerio de Educaci\u00f3n, seg\u00fan el dirigente del sector \u00c1lex Morales. El dirigente al referirse al descanso [&hellip;]\" \/>\n<meta property=\"og:url\" content=\"https:\/\/www.eldiario.net\/portal\/2021\/06\/01\/vacaciones-de-invierno-son-producto-de-improvisaciones\/\" \/>\n<meta property=\"og:site_name\" content=\"El Diario - Bolivia\" \/>\n<meta property=\"article:publisher\" content=\"https:\/\/www.facebook.com\/eldiario.bolivia\/\" \/>\n<meta property=\"article:published_time\" content=\"2021-06-01T09:25:58+00:00\" \/>\n<meta name=\"author\" content=\"Jeanette\" \/>\n<meta name=\"twitter:card\" content=\"summary_large_image\" \/>\n<meta name=\"twitter:creator\" content=\"@eldiario_net\" \/>\n<meta name=\"twitter:site\" content=\"@eldiario_net\" \/>\n<meta name=\"twitter:label1\" content=\"Escrito por\" \/>\n\t<meta name=\"twitter:data1\" content=\"Jeanette\" \/>\n\t<meta name=\"twitter:label2\" content=\"Tiempo de lectura\" \/>\n\t<meta name=\"twitter:data2\" content=\"2 minutos\" \/>\n<script type=\"application\/ld+json\" class=\"yoast-schema-graph\">{\"@context\":\"https:\\\/\\\/schema.org\",\"@graph\":[{\"@type\":\"Article\",\"@id\":\"https:\\\/\\\/www.eldiario.net\\\/portal\\\/2021\\\/06\\\/01\\\/vacaciones-de-invierno-son-producto-de-improvisaciones\\\/#article\",\"isPartOf\":{\"@id\":\"https:\\\/\\\/www.eldiario.net\\\/portal\\\/2021\\\/06\\\/01\\\/vacaciones-de-invierno-son-producto-de-improvisaciones\\\/\"},\"author\":{\"name\":\"Jeanette\",\"@id\":\"https:\\\/\\\/www.eldiario.net\\\/portal\\\/#\\\/schema\\\/person\\\/f46445640444750d7d753ccd04ae01b7\"},\"headline\":\"Vacaciones de invierno son producto de improvisaciones\",\"datePublished\":\"2021-06-01T09:25:58+00:00\",\"mainEntityOfPage\":{\"@id\":\"https:\\\/\\\/www.eldiario.net\\\/portal\\\/2021\\\/06\\\/01\\\/vacaciones-de-invierno-son-producto-de-improvisaciones\\\/\"},\"wordCount\":460,\"publisher\":{\"@id\":\"https:\\\/\\\/www.eldiario.net\\\/portal\\\/#organization\"},\"image\":{\"@id\":\"https:\\\/\\\/www.eldiario.net\\\/portal\\\/2021\\\/06\\\/01\\\/vacaciones-de-invierno-son-producto-de-improvisaciones\\\/#primaryimage\"},\"thumbnailUrl\":\"\",\"articleSection\":[\"Nacional\"],\"inLanguage\":\"es\"},{\"@type\":\"WebPage\",\"@id\":\"https:\\\/\\\/www.eldiario.net\\\/portal\\\/2021\\\/06\\\/01\\\/vacaciones-de-invierno-son-producto-de-improvisaciones\\\/\",\"url\":\"https:\\\/\\\/www.eldiario.net\\\/portal\\\/2021\\\/06\\\/01\\\/vacaciones-de-invierno-son-producto-de-improvisaciones\\\/\",\"name\":\"Vacaciones de invierno son producto de improvisaciones - El Diario - Bolivia\",\"isPartOf\":{\"@id\":\"https:\\\/\\\/www.eldiario.net\\\/portal\\\/#website\"},\"primaryImageOfPage\":{\"@id\":\"https:\\\/\\\/www.eldiario.net\\\/portal\\\/2021\\\/06\\\/01\\\/vacaciones-de-invierno-son-producto-de-improvisaciones\\\/#primaryimage\"},\"image\":{\"@id\":\"https:\\\/\\\/www.eldiario.net\\\/portal\\\/2021\\\/06\\\/01\\\/vacaciones-de-invierno-son-producto-de-improvisaciones\\\/#primaryimage\"},\"thumbnailUrl\":\"\",\"datePublished\":\"2021-06-01T09:25:58+00:00\",\"breadcrumb\":{\"@id\":\"https:\\\/\\\/www.eldiario.net\\\/portal\\\/2021\\\/06\\\/01\\\/vacaciones-de-invierno-son-producto-de-improvisaciones\\\/#breadcrumb\"},\"inLanguage\":\"es\",\"potentialAction\":[{\"@type\":\"ReadAction\",\"target\":[\"https:\\\/\\\/www.eldiario.net\\\/portal\\\/2021\\\/06\\\/01\\\/vacaciones-de-invierno-son-producto-de-improvisaciones\\\/\"]}]},{\"@type\":\"ImageObject\",\"inLanguage\":\"es\",\"@id\":\"https:\\\/\\\/www.eldiario.net\\\/portal\\\/2021\\\/06\\\/01\\\/vacaciones-de-invierno-son-producto-de-improvisaciones\\\/#primaryimage\",\"url\":\"\",\"contentUrl\":\"\"},{\"@type\":\"BreadcrumbList\",\"@id\":\"https:\\\/\\\/www.eldiario.net\\\/portal\\\/2021\\\/06\\\/01\\\/vacaciones-de-invierno-son-producto-de-improvisaciones\\\/#breadcrumb\",\"itemListElement\":[{\"@type\":\"ListItem\",\"position\":1,\"name\":\"Portada\",\"item\":\"https:\\\/\\\/www.eldiario.net\\\/portal\\\/\"},{\"@type\":\"ListItem\",\"position\":2,\"name\":\"Vacaciones de invierno son producto de improvisaciones\"}]},{\"@type\":\"WebSite\",\"@id\":\"https:\\\/\\\/www.eldiario.net\\\/portal\\\/#website\",\"url\":\"https:\\\/\\\/www.eldiario.net\\\/portal\\\/\",\"name\":\"El Diario - Decano de la prensa nacional\",\"description\":\"El Diario - Decano de la prensa nacional\",\"publisher\":{\"@id\":\"https:\\\/\\\/www.eldiario.net\\\/portal\\\/#organization\"},\"potentialAction\":[{\"@type\":\"SearchAction\",\"target\":{\"@type\":\"EntryPoint\",\"urlTemplate\":\"https:\\\/\\\/www.eldiario.net\\\/portal\\\/?s={search_term_string}\"},\"query-input\":{\"@type\":\"PropertyValueSpecification\",\"valueRequired\":true,\"valueName\":\"search_term_string\"}}],\"inLanguage\":\"es\"},{\"@type\":\"Organization\",\"@id\":\"https:\\\/\\\/www.eldiario.net\\\/portal\\\/#organization\",\"name\":\"El Diario - Decano de la prensa nacional\",\"url\":\"https:\\\/\\\/www.eldiario.net\\\/portal\\\/\",\"logo\":{\"@type\":\"ImageObject\",\"inLanguage\":\"es\",\"@id\":\"https:\\\/\\\/www.eldiario.net\\\/portal\\\/#\\\/schema\\\/logo\\\/image\\\/\",\"url\":\"https:\\\/\\\/www.eldiario.net\\\/portal\\\/wp-content\\\/uploads\\\/2023\\\/07\\\/logo_ED.jpg\",\"contentUrl\":\"https:\\\/\\\/www.eldiario.net\\\/portal\\\/wp-content\\\/uploads\\\/2023\\\/07\\\/logo_ED.jpg\",\"width\":272,\"height\":52,\"caption\":\"El Diario - Decano de la prensa nacional\"},\"image\":{\"@id\":\"https:\\\/\\\/www.eldiario.net\\\/portal\\\/#\\\/schema\\\/logo\\\/image\\\/\"},\"sameAs\":[\"https:\\\/\\\/www.facebook.com\\\/eldiario.bolivia\\\/\",\"https:\\\/\\\/x.com\\\/eldiario_net\"]},{\"@type\":\"Person\",\"@id\":\"https:\\\/\\\/www.eldiario.net\\\/portal\\\/#\\\/schema\\\/person\\\/f46445640444750d7d753ccd04ae01b7\",\"name\":\"Jeanette\",\"image\":{\"@type\":\"ImageObject\",\"inLanguage\":\"es\",\"@id\":\"https:\\\/\\\/secure.gravatar.com\\\/avatar\\\/3ea2118a5f7dad2b7138b1187a6b7ee55f160b9968b66013c3a3ef39dd7e5798?s=96&d=mm&r=g\",\"url\":\"https:\\\/\\\/secure.gravatar.com\\\/avatar\\\/3ea2118a5f7dad2b7138b1187a6b7ee55f160b9968b66013c3a3ef39dd7e5798?s=96&d=mm&r=g\",\"contentUrl\":\"https:\\\/\\\/secure.gravatar.com\\\/avatar\\\/3ea2118a5f7dad2b7138b1187a6b7ee55f160b9968b66013c3a3ef39dd7e5798?s=96&d=mm&r=g\",\"caption\":\"Jeanette\"},\"sameAs\":[\"https:\\\/\\\/www.eldiario.net\\\/portal\"],\"url\":\"https:\\\/\\\/www.eldiario.net\\\/portal\\\/author\\\/jeanette\\\/\"}]}<\/script>\n<!-- \/ Yoast SEO plugin. -->","yoast_head_json":{"title":"Vacaciones de invierno son producto de improvisaciones - El Diario - Bolivia","robots":{"index":"index","follow":"follow","max-snippet":"max-snippet:-1","max-image-preview":"max-image-preview:large","max-video-preview":"max-video-preview:-1"},"canonical":"https:\/\/www.eldiario.net\/portal\/2021\/06\/01\/vacaciones-de-invierno-son-producto-de-improvisaciones\/","og_locale":"es_ES","og_type":"article","og_title":"Vacaciones de invierno son producto de improvisaciones - El Diario - Bolivia","og_description":"Los maestros de la Ciudad de El Alto sostienen que la anticipaci\u00f3n de las vacaciones de invierno son producto de improvisaciones y la falta de cumplimiento de todo lo ofrecido para las clases semipresenciales y virtuales por parte del Ministerio de Educaci\u00f3n, seg\u00fan el dirigente del sector \u00c1lex Morales. El dirigente al referirse al descanso [&hellip;]","og_url":"https:\/\/www.eldiario.net\/portal\/2021\/06\/01\/vacaciones-de-invierno-son-producto-de-improvisaciones\/","og_site_name":"El Diario - Bolivia","article_publisher":"https:\/\/www.facebook.com\/eldiario.bolivia\/","article_published_time":"2021-06-01T09:25:58+00:00","author":"Jeanette","twitter_card":"summary_large_image","twitter_creator":"@eldiario_net","twitter_site":"@eldiario_net","twitter_misc":{"Escrito por":"Jeanette","Tiempo de lectura":"2 minutos"},"schema":{"@context":"https:\/\/schema.org","@graph":[{"@type":"Article","@id":"https:\/\/www.eldiario.net\/portal\/2021\/06\/01\/vacaciones-de-invierno-son-producto-de-improvisaciones\/#article","isPartOf":{"@id":"https:\/\/www.eldiario.net\/portal\/2021\/06\/01\/vacaciones-de-invierno-son-producto-de-improvisaciones\/"},"author":{"name":"Jeanette","@id":"https:\/\/www.eldiario.net\/portal\/#\/schema\/person\/f46445640444750d7d753ccd04ae01b7"},"headline":"Vacaciones de invierno son producto de improvisaciones","datePublished":"2021-06-01T09:25:58+00:00","mainEntityOfPage":{"@id":"https:\/\/www.eldiario.net\/portal\/2021\/06\/01\/vacaciones-de-invierno-son-producto-de-improvisaciones\/"},"wordCount":460,"publisher":{"@id":"https:\/\/www.eldiario.net\/portal\/#organization"},"image":{"@id":"https:\/\/www.eldiario.net\/portal\/2021\/06\/01\/vacaciones-de-invierno-son-producto-de-improvisaciones\/#primaryimage"},"thumbnailUrl":"","articleSection":["Nacional"],"inLanguage":"es"},{"@type":"WebPage","@id":"https:\/\/www.eldiario.net\/portal\/2021\/06\/01\/vacaciones-de-invierno-son-producto-de-improvisaciones\/","url":"https:\/\/www.eldiario.net\/portal\/2021\/06\/01\/vacaciones-de-invierno-son-producto-de-improvisaciones\/","name":"Vacaciones de invierno son producto de improvisaciones - El Diario - Bolivia","isPartOf":{"@id":"https:\/\/www.eldiario.net\/portal\/#website"},"primaryImageOfPage":{"@id":"https:\/\/www.eldiario.net\/portal\/2021\/06\/01\/vacaciones-de-invierno-son-producto-de-improvisaciones\/#primaryimage"},"image":{"@id":"https:\/\/www.eldiario.net\/portal\/2021\/06\/01\/vacaciones-de-invierno-son-producto-de-improvisaciones\/#primaryimage"},"thumbnailUrl":"","datePublished":"2021-06-01T09:25:58+00:00","breadcrumb":{"@id":"https:\/\/www.eldiario.net\/portal\/2021\/06\/01\/vacaciones-de-invierno-son-producto-de-improvisaciones\/#breadcrumb"},"inLanguage":"es","potentialAction":[{"@type":"ReadAction","target":["https:\/\/www.eldiario.net\/portal\/2021\/06\/01\/vacaciones-de-invierno-son-producto-de-improvisaciones\/"]}]},{"@type":"ImageObject","inLanguage":"es","@id":"https:\/\/www.eldiario.net\/portal\/2021\/06\/01\/vacaciones-de-invierno-son-producto-de-improvisaciones\/#primaryimage","url":"","contentUrl":""},{"@type":"BreadcrumbList","@id":"https:\/\/www.eldiario.net\/portal\/2021\/06\/01\/vacaciones-de-invierno-son-producto-de-improvisaciones\/#breadcrumb","itemListElement":[{"@type":"ListItem","position":1,"name":"Portada","item":"https:\/\/www.eldiario.net\/portal\/"},{"@type":"ListItem","position":2,"name":"Vacaciones de invierno son producto de improvisaciones"}]},{"@type":"WebSite","@id":"https:\/\/www.eldiario.net\/portal\/#website","url":"https:\/\/www.eldiario.net\/portal\/","name":"El Diario - Decano de la prensa nacional","description":"El Diario - Decano de la prensa nacional","publisher":{"@id":"https:\/\/www.eldiario.net\/portal\/#organization"},"potentialAction":[{"@type":"SearchAction","target":{"@type":"EntryPoint","urlTemplate":"https:\/\/www.eldiario.net\/portal\/?s={search_term_string}"},"query-input":{"@type":"PropertyValueSpecification","valueRequired":true,"valueName":"search_term_string"}}],"inLanguage":"es"},{"@type":"Organization","@id":"https:\/\/www.eldiario.net\/portal\/#organization","name":"El Diario - Decano de la prensa nacional","url":"https:\/\/www.eldiario.net\/portal\/","logo":{"@type":"ImageObject","inLanguage":"es","@id":"https:\/\/www.eldiario.net\/portal\/#\/schema\/logo\/image\/","url":"https:\/\/www.eldiario.net\/portal\/wp-content\/uploads\/2023\/07\/logo_ED.jpg","contentUrl":"https:\/\/www.eldiario.net\/portal\/wp-content\/uploads\/2023\/07\/logo_ED.jpg","width":272,"height":52,"caption":"El Diario - Decano de la prensa nacional"},"image":{"@id":"https:\/\/www.eldiario.net\/portal\/#\/schema\/logo\/image\/"},"sameAs":["https:\/\/www.facebook.com\/eldiario.bolivia\/","https:\/\/x.com\/eldiario_net"]},{"@type":"Person","@id":"https:\/\/www.eldiario.net\/portal\/#\/schema\/person\/f46445640444750d7d753ccd04ae01b7","name":"Jeanette","image":{"@type":"ImageObject","inLanguage":"es","@id":"https:\/\/secure.gravatar.com\/avatar\/3ea2118a5f7dad2b7138b1187a6b7ee55f160b9968b66013c3a3ef39dd7e5798?s=96&d=mm&r=g","url":"https:\/\/secure.gravatar.com\/avatar\/3ea2118a5f7dad2b7138b1187a6b7ee55f160b9968b66013c3a3ef39dd7e5798?s=96&d=mm&r=g","contentUrl":"https:\/\/secure.gravatar.com\/avatar\/3ea2118a5f7dad2b7138b1187a6b7ee55f160b9968b66013c3a3ef39dd7e5798?s=96&d=mm&r=g","caption":"Jeanette"},"sameAs":["https:\/\/www.eldiario.net\/portal"],"url":"https:\/\/www.eldiario.net\/portal\/author\/jeanette\/"}]}},"_links":{"self":[{"href":"https:\/\/www.eldiario.net\/portal\/wp-json\/wp\/v2\/posts\/7605","targetHints":{"allow":["GET"]}}],"collection":[{"href":"https:\/\/www.eldiario.net\/portal\/wp-json\/wp\/v2\/posts"}],"about":[{"href":"https:\/\/www.eldiario.net\/portal\/wp-json\/wp\/v2\/types\/post"}],"author":[{"embeddable":true,"href":"https:\/\/www.eldiario.net\/portal\/wp-json\/wp\/v2\/users\/1"}],"replies":[{"embeddable":true,"href":"https:\/\/www.eldiario.net\/portal\/wp-json\/wp\/v2\/comments?post=7605"}],"version-history":[{"count":0,"href":"https:\/\/www.eldiario.net\/portal\/wp-json\/wp\/v2\/posts\/7605\/revisions"}],"wp:attachment":[{"href":"https:\/\/www.eldiario.net\/portal\/wp-json\/wp\/v2\/media?parent=7605"}],"wp:term":[{"taxonomy":"category","embeddable":true,"href":"https:\/\/www.eldiario.net\/portal\/wp-json\/wp\/v2\/categories?post=7605"},{"taxonomy":"post_tag","embeddable":true,"href":"https:\/\/www.eldiario.net\/portal\/wp-json\/wp\/v2\/tags?post=7605"}],"curies":[{"name":"wp","href":"https:\/\/api.w.org\/{rel}","templated":true}]}}