{"id":7602,"date":"2021-06-01T05:24:56","date_gmt":"2021-06-01T09:24:56","guid":{"rendered":"https:\/\/www.eldiario.net\/portal\/?p=7602"},"modified":"2021-06-01T05:24:56","modified_gmt":"2021-06-01T09:24:56","slug":"viacha-tiene-un-solo-hospital-para-mas-de-100-000-habitantes","status":"publish","type":"post","link":"https:\/\/www.eldiario.net\/portal\/2021\/06\/01\/viacha-tiene-un-solo-hospital-para-mas-de-100-000-habitantes\/","title":{"rendered":"Viacha tiene un solo hospital   para m\u00e1s de 100.000 habitantes"},"content":{"rendered":"<p>La localidad de Viacha, que tiene una poblaci\u00f3n de m\u00e1s de 100.000 habitantes, cuenta con un solo hospital de segundo nivel y sin condiciones necesarias para la atenci\u00f3n de pacientes Covid-19, por lo que autoridades municipales llaman a la conciencia ciudadana en el uso del barbijo, para prevenir los contagios.<\/p>\n<p>El presidente del Concejo Municipal de Viacha, Mart\u00edn Machicado, quien a pesar de las buenas intenciones que tienen junto al Alcalde de esa ciudad, uno de los principales problemas para equipar la Unidad de Terapia Intensiva (UTI) en dicho nosocomio, es el factor econ\u00f3mico.<\/p>\n<p>Sin embargo, a pesar de este problema se vienen realizando seminarios y talleres de concientizaci\u00f3n para el cumplimiento de todas las normas de bioseguridad y principalmente el uso del barbijo que es imprescindible para no contraer el virus y el alejamiento de las personas de aquellos lugares de masiva concurrencia, entro otros.<\/p>\n<p>\u201cNosotros continuamos trabajando realizamos talleres es en coordinaci\u00f3n con las organizaciones sociales, vecinales y de esta forma llegar a los m\u00e1s de 100.000 habitantes que tenemos en nuestra ciudad, adem\u00e1s de los padres de familia de todas unidades educativas\u201d, explic\u00f3 el presidente del Concejo Mart\u00edn Machicado.<\/p>\n<p>&nbsp;<\/p>\n<p>HOSPITAL<\/p>\n<p>En cuanto al hospital de segundo con que cuenta la poblaci\u00f3n de Viacha, a pesar de que reciben pacientes leves con coronavirus, en el momento no cuenta con la posibilidad de una internaci\u00f3n para aquellas personas graves, debido a que carece de camas y una sala para la UTI, adem\u00e1s de otros equipos de tecnolog\u00eda, como respiradores, donde los anteriores gobiernos municipales, no ha previsto este tema para contrarrestar la pandemia del Covid-19.<\/p>\n<p>En cuanto a las medidas a adoptarse en las pr\u00f3ximas horas, en coordinaci\u00f3n con la primera autoridad de Viacha, el alcalde Napole\u00f3n Yahuasi, se emitir\u00e1n algunas restricciones, pero sin llegar a la cuarentena r\u00edgida, debido a que seg\u00fan el presidente del Concejo, los pobladores de esta ciudad en su mayor\u00eda se dedica al comercio y ser\u00eda una decisi\u00f3n equivocada, el cual afectar\u00eda al sector.<\/p>\n","protected":false},"excerpt":{"rendered":"<p>La localidad de Viacha, que tiene una poblaci\u00f3n de m\u00e1s de 100.000 habitantes, cuenta con un solo hospital de segundo nivel y sin condiciones necesarias para la atenci\u00f3n de pacientes Covid-19, por lo que autoridades municipales llaman a la conciencia ciudadana en el uso del barbijo, para prevenir los contagios. El presidente del Concejo Municipal [&hellip;]<\/p>\n","protected":false},"author":1,"featured_media":7603,"comment_status":"closed","ping_status":"closed","sticky":false,"template":"","format":"standard","meta":{"_acf_changed":false,"footnotes":""},"categories":[12],"tags":[],"class_list":["post-7602","post","type-post","status-publish","format-standard","has-post-thumbnail","category-nacional"],"acf":{"antetitulo":""},"yoast_head":"<!-- This site is optimized with the Yoast SEO plugin v28.3 - https:\/\/yoast.com\/product\/yoast-seo-wordpress\/ -->\n<title>Viacha tiene un solo hospital  para m\u00e1s de 100.000 habitantes - El Diario - Bolivia<\/title>\n<meta name=\"robots\" content=\"index, follow, max-snippet:-1, max-image-preview:large, max-video-preview:-1\" \/>\n<link rel=\"canonical\" href=\"https:\/\/www.eldiario.net\/portal\/2021\/06\/01\/viacha-tiene-un-solo-hospital-para-mas-de-100-000-habitantes\/\" \/>\n<meta property=\"og:locale\" content=\"es_ES\" \/>\n<meta property=\"og:type\" content=\"article\" \/>\n<meta property=\"og:title\" content=\"Viacha tiene un solo hospital  para m\u00e1s de 100.000 habitantes - El Diario - Bolivia\" \/>\n<meta property=\"og:description\" content=\"La localidad de Viacha, que tiene una poblaci\u00f3n de m\u00e1s de 100.000 habitantes, cuenta con un solo hospital de segundo nivel y sin condiciones necesarias para la atenci\u00f3n de pacientes Covid-19, por lo que autoridades municipales llaman a la conciencia ciudadana en el uso del barbijo, para prevenir los contagios. El presidente del Concejo Municipal [&hellip;]\" \/>\n<meta property=\"og:url\" content=\"https:\/\/www.eldiario.net\/portal\/2021\/06\/01\/viacha-tiene-un-solo-hospital-para-mas-de-100-000-habitantes\/\" \/>\n<meta property=\"og:site_name\" content=\"El Diario - Bolivia\" \/>\n<meta property=\"article:publisher\" content=\"https:\/\/www.facebook.com\/eldiario.bolivia\/\" \/>\n<meta property=\"article:published_time\" content=\"2021-06-01T09:24:56+00:00\" \/>\n<meta name=\"author\" content=\"Jeanette\" \/>\n<meta name=\"twitter:card\" content=\"summary_large_image\" \/>\n<meta name=\"twitter:creator\" content=\"@eldiario_net\" \/>\n<meta name=\"twitter:site\" content=\"@eldiario_net\" \/>\n<meta name=\"twitter:label1\" content=\"Escrito por\" \/>\n\t<meta name=\"twitter:data1\" content=\"Jeanette\" \/>\n\t<meta name=\"twitter:label2\" content=\"Tiempo de lectura\" \/>\n\t<meta name=\"twitter:data2\" content=\"2 minutos\" \/>\n<script type=\"application\/ld+json\" class=\"yoast-schema-graph\">{\"@context\":\"https:\\\/\\\/schema.org\",\"@graph\":[{\"@type\":\"Article\",\"@id\":\"https:\\\/\\\/www.eldiario.net\\\/portal\\\/2021\\\/06\\\/01\\\/viacha-tiene-un-solo-hospital-para-mas-de-100-000-habitantes\\\/#article\",\"isPartOf\":{\"@id\":\"https:\\\/\\\/www.eldiario.net\\\/portal\\\/2021\\\/06\\\/01\\\/viacha-tiene-un-solo-hospital-para-mas-de-100-000-habitantes\\\/\"},\"author\":{\"name\":\"Jeanette\",\"@id\":\"https:\\\/\\\/www.eldiario.net\\\/portal\\\/#\\\/schema\\\/person\\\/f46445640444750d7d753ccd04ae01b7\"},\"headline\":\"Viacha tiene un solo hospital para m\u00e1s de 100.000 habitantes\",\"datePublished\":\"2021-06-01T09:24:56+00:00\",\"mainEntityOfPage\":{\"@id\":\"https:\\\/\\\/www.eldiario.net\\\/portal\\\/2021\\\/06\\\/01\\\/viacha-tiene-un-solo-hospital-para-mas-de-100-000-habitantes\\\/\"},\"wordCount\":363,\"publisher\":{\"@id\":\"https:\\\/\\\/www.eldiario.net\\\/portal\\\/#organization\"},\"image\":{\"@id\":\"https:\\\/\\\/www.eldiario.net\\\/portal\\\/2021\\\/06\\\/01\\\/viacha-tiene-un-solo-hospital-para-mas-de-100-000-habitantes\\\/#primaryimage\"},\"thumbnailUrl\":\"\",\"articleSection\":[\"Nacional\"],\"inLanguage\":\"es\"},{\"@type\":\"WebPage\",\"@id\":\"https:\\\/\\\/www.eldiario.net\\\/portal\\\/2021\\\/06\\\/01\\\/viacha-tiene-un-solo-hospital-para-mas-de-100-000-habitantes\\\/\",\"url\":\"https:\\\/\\\/www.eldiario.net\\\/portal\\\/2021\\\/06\\\/01\\\/viacha-tiene-un-solo-hospital-para-mas-de-100-000-habitantes\\\/\",\"name\":\"Viacha tiene un solo hospital para m\u00e1s de 100.000 habitantes - El Diario - Bolivia\",\"isPartOf\":{\"@id\":\"https:\\\/\\\/www.eldiario.net\\\/portal\\\/#website\"},\"primaryImageOfPage\":{\"@id\":\"https:\\\/\\\/www.eldiario.net\\\/portal\\\/2021\\\/06\\\/01\\\/viacha-tiene-un-solo-hospital-para-mas-de-100-000-habitantes\\\/#primaryimage\"},\"image\":{\"@id\":\"https:\\\/\\\/www.eldiario.net\\\/portal\\\/2021\\\/06\\\/01\\\/viacha-tiene-un-solo-hospital-para-mas-de-100-000-habitantes\\\/#primaryimage\"},\"thumbnailUrl\":\"\",\"datePublished\":\"2021-06-01T09:24:56+00:00\",\"breadcrumb\":{\"@id\":\"https:\\\/\\\/www.eldiario.net\\\/portal\\\/2021\\\/06\\\/01\\\/viacha-tiene-un-solo-hospital-para-mas-de-100-000-habitantes\\\/#breadcrumb\"},\"inLanguage\":\"es\",\"potentialAction\":[{\"@type\":\"ReadAction\",\"target\":[\"https:\\\/\\\/www.eldiario.net\\\/portal\\\/2021\\\/06\\\/01\\\/viacha-tiene-un-solo-hospital-para-mas-de-100-000-habitantes\\\/\"]}]},{\"@type\":\"ImageObject\",\"inLanguage\":\"es\",\"@id\":\"https:\\\/\\\/www.eldiario.net\\\/portal\\\/2021\\\/06\\\/01\\\/viacha-tiene-un-solo-hospital-para-mas-de-100-000-habitantes\\\/#primaryimage\",\"url\":\"\",\"contentUrl\":\"\"},{\"@type\":\"BreadcrumbList\",\"@id\":\"https:\\\/\\\/www.eldiario.net\\\/portal\\\/2021\\\/06\\\/01\\\/viacha-tiene-un-solo-hospital-para-mas-de-100-000-habitantes\\\/#breadcrumb\",\"itemListElement\":[{\"@type\":\"ListItem\",\"position\":1,\"name\":\"Portada\",\"item\":\"https:\\\/\\\/www.eldiario.net\\\/portal\\\/\"},{\"@type\":\"ListItem\",\"position\":2,\"name\":\"Viacha tiene un solo hospital para m\u00e1s de 100.000 habitantes\"}]},{\"@type\":\"WebSite\",\"@id\":\"https:\\\/\\\/www.eldiario.net\\\/portal\\\/#website\",\"url\":\"https:\\\/\\\/www.eldiario.net\\\/portal\\\/\",\"name\":\"El Diario - Decano de la prensa nacional\",\"description\":\"El Diario - Decano de la prensa nacional\",\"publisher\":{\"@id\":\"https:\\\/\\\/www.eldiario.net\\\/portal\\\/#organization\"},\"potentialAction\":[{\"@type\":\"SearchAction\",\"target\":{\"@type\":\"EntryPoint\",\"urlTemplate\":\"https:\\\/\\\/www.eldiario.net\\\/portal\\\/?s={search_term_string}\"},\"query-input\":{\"@type\":\"PropertyValueSpecification\",\"valueRequired\":true,\"valueName\":\"search_term_string\"}}],\"inLanguage\":\"es\"},{\"@type\":\"Organization\",\"@id\":\"https:\\\/\\\/www.eldiario.net\\\/portal\\\/#organization\",\"name\":\"El Diario - Decano de la prensa nacional\",\"url\":\"https:\\\/\\\/www.eldiario.net\\\/portal\\\/\",\"logo\":{\"@type\":\"ImageObject\",\"inLanguage\":\"es\",\"@id\":\"https:\\\/\\\/www.eldiario.net\\\/portal\\\/#\\\/schema\\\/logo\\\/image\\\/\",\"url\":\"https:\\\/\\\/www.eldiario.net\\\/portal\\\/wp-content\\\/uploads\\\/2023\\\/07\\\/logo_ED.jpg\",\"contentUrl\":\"https:\\\/\\\/www.eldiario.net\\\/portal\\\/wp-content\\\/uploads\\\/2023\\\/07\\\/logo_ED.jpg\",\"width\":272,\"height\":52,\"caption\":\"El Diario - Decano de la prensa nacional\"},\"image\":{\"@id\":\"https:\\\/\\\/www.eldiario.net\\\/portal\\\/#\\\/schema\\\/logo\\\/image\\\/\"},\"sameAs\":[\"https:\\\/\\\/www.facebook.com\\\/eldiario.bolivia\\\/\",\"https:\\\/\\\/x.com\\\/eldiario_net\"]},{\"@type\":\"Person\",\"@id\":\"https:\\\/\\\/www.eldiario.net\\\/portal\\\/#\\\/schema\\\/person\\\/f46445640444750d7d753ccd04ae01b7\",\"name\":\"Jeanette\",\"image\":{\"@type\":\"ImageObject\",\"inLanguage\":\"es\",\"@id\":\"https:\\\/\\\/secure.gravatar.com\\\/avatar\\\/3ea2118a5f7dad2b7138b1187a6b7ee55f160b9968b66013c3a3ef39dd7e5798?s=96&d=mm&r=g\",\"url\":\"https:\\\/\\\/secure.gravatar.com\\\/avatar\\\/3ea2118a5f7dad2b7138b1187a6b7ee55f160b9968b66013c3a3ef39dd7e5798?s=96&d=mm&r=g\",\"contentUrl\":\"https:\\\/\\\/secure.gravatar.com\\\/avatar\\\/3ea2118a5f7dad2b7138b1187a6b7ee55f160b9968b66013c3a3ef39dd7e5798?s=96&d=mm&r=g\",\"caption\":\"Jeanette\"},\"sameAs\":[\"https:\\\/\\\/www.eldiario.net\\\/portal\"],\"url\":\"https:\\\/\\\/www.eldiario.net\\\/portal\\\/author\\\/jeanette\\\/\"}]}<\/script>\n<!-- \/ Yoast SEO plugin. -->","yoast_head_json":{"title":"Viacha tiene un solo hospital  para m\u00e1s de 100.000 habitantes - El Diario - Bolivia","robots":{"index":"index","follow":"follow","max-snippet":"max-snippet:-1","max-image-preview":"max-image-preview:large","max-video-preview":"max-video-preview:-1"},"canonical":"https:\/\/www.eldiario.net\/portal\/2021\/06\/01\/viacha-tiene-un-solo-hospital-para-mas-de-100-000-habitantes\/","og_locale":"es_ES","og_type":"article","og_title":"Viacha tiene un solo hospital  para m\u00e1s de 100.000 habitantes - El Diario - Bolivia","og_description":"La localidad de Viacha, que tiene una poblaci\u00f3n de m\u00e1s de 100.000 habitantes, cuenta con un solo hospital de segundo nivel y sin condiciones necesarias para la atenci\u00f3n de pacientes Covid-19, por lo que autoridades municipales llaman a la conciencia ciudadana en el uso del barbijo, para prevenir los contagios. El presidente del Concejo Municipal [&hellip;]","og_url":"https:\/\/www.eldiario.net\/portal\/2021\/06\/01\/viacha-tiene-un-solo-hospital-para-mas-de-100-000-habitantes\/","og_site_name":"El Diario - Bolivia","article_publisher":"https:\/\/www.facebook.com\/eldiario.bolivia\/","article_published_time":"2021-06-01T09:24:56+00:00","author":"Jeanette","twitter_card":"summary_large_image","twitter_creator":"@eldiario_net","twitter_site":"@eldiario_net","twitter_misc":{"Escrito por":"Jeanette","Tiempo de lectura":"2 minutos"},"schema":{"@context":"https:\/\/schema.org","@graph":[{"@type":"Article","@id":"https:\/\/www.eldiario.net\/portal\/2021\/06\/01\/viacha-tiene-un-solo-hospital-para-mas-de-100-000-habitantes\/#article","isPartOf":{"@id":"https:\/\/www.eldiario.net\/portal\/2021\/06\/01\/viacha-tiene-un-solo-hospital-para-mas-de-100-000-habitantes\/"},"author":{"name":"Jeanette","@id":"https:\/\/www.eldiario.net\/portal\/#\/schema\/person\/f46445640444750d7d753ccd04ae01b7"},"headline":"Viacha tiene un solo hospital para m\u00e1s de 100.000 habitantes","datePublished":"2021-06-01T09:24:56+00:00","mainEntityOfPage":{"@id":"https:\/\/www.eldiario.net\/portal\/2021\/06\/01\/viacha-tiene-un-solo-hospital-para-mas-de-100-000-habitantes\/"},"wordCount":363,"publisher":{"@id":"https:\/\/www.eldiario.net\/portal\/#organization"},"image":{"@id":"https:\/\/www.eldiario.net\/portal\/2021\/06\/01\/viacha-tiene-un-solo-hospital-para-mas-de-100-000-habitantes\/#primaryimage"},"thumbnailUrl":"","articleSection":["Nacional"],"inLanguage":"es"},{"@type":"WebPage","@id":"https:\/\/www.eldiario.net\/portal\/2021\/06\/01\/viacha-tiene-un-solo-hospital-para-mas-de-100-000-habitantes\/","url":"https:\/\/www.eldiario.net\/portal\/2021\/06\/01\/viacha-tiene-un-solo-hospital-para-mas-de-100-000-habitantes\/","name":"Viacha tiene un solo hospital para m\u00e1s de 100.000 habitantes - El Diario - Bolivia","isPartOf":{"@id":"https:\/\/www.eldiario.net\/portal\/#website"},"primaryImageOfPage":{"@id":"https:\/\/www.eldiario.net\/portal\/2021\/06\/01\/viacha-tiene-un-solo-hospital-para-mas-de-100-000-habitantes\/#primaryimage"},"image":{"@id":"https:\/\/www.eldiario.net\/portal\/2021\/06\/01\/viacha-tiene-un-solo-hospital-para-mas-de-100-000-habitantes\/#primaryimage"},"thumbnailUrl":"","datePublished":"2021-06-01T09:24:56+00:00","breadcrumb":{"@id":"https:\/\/www.eldiario.net\/portal\/2021\/06\/01\/viacha-tiene-un-solo-hospital-para-mas-de-100-000-habitantes\/#breadcrumb"},"inLanguage":"es","potentialAction":[{"@type":"ReadAction","target":["https:\/\/www.eldiario.net\/portal\/2021\/06\/01\/viacha-tiene-un-solo-hospital-para-mas-de-100-000-habitantes\/"]}]},{"@type":"ImageObject","inLanguage":"es","@id":"https:\/\/www.eldiario.net\/portal\/2021\/06\/01\/viacha-tiene-un-solo-hospital-para-mas-de-100-000-habitantes\/#primaryimage","url":"","contentUrl":""},{"@type":"BreadcrumbList","@id":"https:\/\/www.eldiario.net\/portal\/2021\/06\/01\/viacha-tiene-un-solo-hospital-para-mas-de-100-000-habitantes\/#breadcrumb","itemListElement":[{"@type":"ListItem","position":1,"name":"Portada","item":"https:\/\/www.eldiario.net\/portal\/"},{"@type":"ListItem","position":2,"name":"Viacha tiene un solo hospital para m\u00e1s de 100.000 habitantes"}]},{"@type":"WebSite","@id":"https:\/\/www.eldiario.net\/portal\/#website","url":"https:\/\/www.eldiario.net\/portal\/","name":"El Diario - Decano de la prensa nacional","description":"El Diario - Decano de la prensa nacional","publisher":{"@id":"https:\/\/www.eldiario.net\/portal\/#organization"},"potentialAction":[{"@type":"SearchAction","target":{"@type":"EntryPoint","urlTemplate":"https:\/\/www.eldiario.net\/portal\/?s={search_term_string}"},"query-input":{"@type":"PropertyValueSpecification","valueRequired":true,"valueName":"search_term_string"}}],"inLanguage":"es"},{"@type":"Organization","@id":"https:\/\/www.eldiario.net\/portal\/#organization","name":"El Diario - Decano de la prensa nacional","url":"https:\/\/www.eldiario.net\/portal\/","logo":{"@type":"ImageObject","inLanguage":"es","@id":"https:\/\/www.eldiario.net\/portal\/#\/schema\/logo\/image\/","url":"https:\/\/www.eldiario.net\/portal\/wp-content\/uploads\/2023\/07\/logo_ED.jpg","contentUrl":"https:\/\/www.eldiario.net\/portal\/wp-content\/uploads\/2023\/07\/logo_ED.jpg","width":272,"height":52,"caption":"El Diario - Decano de la prensa nacional"},"image":{"@id":"https:\/\/www.eldiario.net\/portal\/#\/schema\/logo\/image\/"},"sameAs":["https:\/\/www.facebook.com\/eldiario.bolivia\/","https:\/\/x.com\/eldiario_net"]},{"@type":"Person","@id":"https:\/\/www.eldiario.net\/portal\/#\/schema\/person\/f46445640444750d7d753ccd04ae01b7","name":"Jeanette","image":{"@type":"ImageObject","inLanguage":"es","@id":"https:\/\/secure.gravatar.com\/avatar\/3ea2118a5f7dad2b7138b1187a6b7ee55f160b9968b66013c3a3ef39dd7e5798?s=96&d=mm&r=g","url":"https:\/\/secure.gravatar.com\/avatar\/3ea2118a5f7dad2b7138b1187a6b7ee55f160b9968b66013c3a3ef39dd7e5798?s=96&d=mm&r=g","contentUrl":"https:\/\/secure.gravatar.com\/avatar\/3ea2118a5f7dad2b7138b1187a6b7ee55f160b9968b66013c3a3ef39dd7e5798?s=96&d=mm&r=g","caption":"Jeanette"},"sameAs":["https:\/\/www.eldiario.net\/portal"],"url":"https:\/\/www.eldiario.net\/portal\/author\/jeanette\/"}]}},"_links":{"self":[{"href":"https:\/\/www.eldiario.net\/portal\/wp-json\/wp\/v2\/posts\/7602","targetHints":{"allow":["GET"]}}],"collection":[{"href":"https:\/\/www.eldiario.net\/portal\/wp-json\/wp\/v2\/posts"}],"about":[{"href":"https:\/\/www.eldiario.net\/portal\/wp-json\/wp\/v2\/types\/post"}],"author":[{"embeddable":true,"href":"https:\/\/www.eldiario.net\/portal\/wp-json\/wp\/v2\/users\/1"}],"replies":[{"embeddable":true,"href":"https:\/\/www.eldiario.net\/portal\/wp-json\/wp\/v2\/comments?post=7602"}],"version-history":[{"count":0,"href":"https:\/\/www.eldiario.net\/portal\/wp-json\/wp\/v2\/posts\/7602\/revisions"}],"wp:attachment":[{"href":"https:\/\/www.eldiario.net\/portal\/wp-json\/wp\/v2\/media?parent=7602"}],"wp:term":[{"taxonomy":"category","embeddable":true,"href":"https:\/\/www.eldiario.net\/portal\/wp-json\/wp\/v2\/categories?post=7602"},{"taxonomy":"post_tag","embeddable":true,"href":"https:\/\/www.eldiario.net\/portal\/wp-json\/wp\/v2\/tags?post=7602"}],"curies":[{"name":"wp","href":"https:\/\/api.w.org\/{rel}","templated":true}]}}