{"id":7599,"date":"2021-06-01T05:23:57","date_gmt":"2021-06-01T09:23:57","guid":{"rendered":"https:\/\/www.eldiario.net\/portal\/?p=7599"},"modified":"2021-06-01T05:23:57","modified_gmt":"2021-06-01T09:23:57","slug":"juez-suspende-reforma-de-ley-de-hidrocarburos","status":"publish","type":"post","link":"https:\/\/www.eldiario.net\/portal\/2021\/06\/01\/juez-suspende-reforma-de-ley-de-hidrocarburos\/","title":{"rendered":"Juez suspende reforma  de Ley de Hidrocarburos"},"content":{"rendered":"<p>Ciudad de M\u00e9xico.- Un juez de M\u00e9xico ha concedido la suspensi\u00f3n provisional a la reforma de la Ley de Hidrocarburos por la que se eliminaba la facultad que ten\u00eda la Comisi\u00f3n Reguladora de Energ\u00eda para sujetar a Pemex a principios de regulaci\u00f3n asim\u00e9trica como entregar informaci\u00f3n p\u00fablica de precios en el di\u00e9sel o la gasolina.<\/p>\n<p>En concreto, la sentencia del juez del Juzgado Segundo de Distrito en materia Administrativa Especializada en Competencia Econ\u00f3mica, Juan Pablo G\u00f3mez Fierro, ha concedido la suspensi\u00f3n \u00abpara el efecto que se suspendan todas las consecuencias derivadas del Decreto por el que se reforma el texto original del art\u00edculo d\u00e9cimo tercero transitorio de la Ley de Hidrocarburos\u00bb.<\/p>\n<p>\u00abDebe precisarse que los efectos de esta medida cautelar, a pesar de que se solicit\u00f3 solamente por una empresa que es titular de un permiso que la faculta para realizar una actividad regulada dentro del sector d hidrocarburos, debe tener efectos generales\u00bb, recoge el documento consultado por \u201cEl Financiero\u201d.<\/p>\n<p>La reforma part\u00eda de la base de que hab\u00eda logrado una mayor participaci\u00f3n de agentes econ\u00f3micos que propicien \u00abel desarrollo eficiente y competitivo de los mercados\u00bb. De este modo, decidi\u00f3 dejar sin efectos la facultad otorgada a la Comisi\u00f3n Reguladora de Energ\u00eda para sujetar a principios de regulaci\u00f3n asim\u00e9trica las ventas de primera mano de hidrocarburos, petrol\u00edferos o petroqu\u00edmicos, as\u00ed como la comercializaci\u00f3n que realice la empresa o sus filiales.<\/p>\n<p>As\u00ed, la petrolera estatal dejaba de estar ce\u00f1ida a criterios como la publicaci\u00f3n de sus tarifas de servicios, la no exclusividad en la venta de productos o mostrar informaci\u00f3n p\u00fablica relacionada con descuentos y los criterios para acceder a ellos con el fin de que no se otorgaran de manera discriminatoria.<\/p>\n<p>El juez G\u00f3mez Fierro ha explicado que el restablecimiento provisional de la regulaci\u00f3n a Pemex impactar\u00e1 necesariamente en todos los participantes del mercado de hidrocarburos, petroqu\u00edmicos y petrol\u00edferos.<\/p>\n<p>Asimismo, ha designado a la Comisi\u00f3n Reguladora de Energ\u00eda (CRE) como autoridad responsable de informar a la poblaci\u00f3n de que durante la vigencia de la cautelar se suspenden los efectos y consecuencias derivados del Decreto por el que se reforman y adicionan diversas disposiciones de la Ley de Hidrocarburos. (Europa Press)<\/p>\n","protected":false},"excerpt":{"rendered":"<p>Ciudad de M\u00e9xico.- Un juez de M\u00e9xico ha concedido la suspensi\u00f3n provisional a la reforma de la Ley de Hidrocarburos por la que se eliminaba la facultad que ten\u00eda la Comisi\u00f3n Reguladora de Energ\u00eda para sujetar a Pemex a principios de regulaci\u00f3n asim\u00e9trica como entregar informaci\u00f3n p\u00fablica de precios en el di\u00e9sel o la gasolina. [&hellip;]<\/p>\n","protected":false},"author":1,"featured_media":7600,"comment_status":"closed","ping_status":"closed","sticky":false,"template":"","format":"standard","meta":{"_acf_changed":false,"footnotes":""},"categories":[3],"tags":[],"class_list":["post-7599","post","type-post","status-publish","format-standard","has-post-thumbnail","category-internacional"],"acf":{"antetitulo":""},"yoast_head":"<!-- This site is optimized with the Yoast SEO plugin v28.3 - https:\/\/yoast.com\/product\/yoast-seo-wordpress\/ -->\n<title>Juez suspende reforma de Ley de Hidrocarburos - El Diario - Bolivia<\/title>\n<meta name=\"robots\" content=\"index, follow, max-snippet:-1, max-image-preview:large, max-video-preview:-1\" \/>\n<link rel=\"canonical\" href=\"https:\/\/www.eldiario.net\/portal\/2021\/06\/01\/juez-suspende-reforma-de-ley-de-hidrocarburos\/\" \/>\n<meta property=\"og:locale\" content=\"es_ES\" \/>\n<meta property=\"og:type\" content=\"article\" \/>\n<meta property=\"og:title\" content=\"Juez suspende reforma de Ley de Hidrocarburos - El Diario - Bolivia\" \/>\n<meta property=\"og:description\" content=\"Ciudad de M\u00e9xico.- Un juez de M\u00e9xico ha concedido la suspensi\u00f3n provisional a la reforma de la Ley de Hidrocarburos por la que se eliminaba la facultad que ten\u00eda la Comisi\u00f3n Reguladora de Energ\u00eda para sujetar a Pemex a principios de regulaci\u00f3n asim\u00e9trica como entregar informaci\u00f3n p\u00fablica de precios en el di\u00e9sel o la gasolina. [&hellip;]\" \/>\n<meta property=\"og:url\" content=\"https:\/\/www.eldiario.net\/portal\/2021\/06\/01\/juez-suspende-reforma-de-ley-de-hidrocarburos\/\" \/>\n<meta property=\"og:site_name\" content=\"El Diario - Bolivia\" \/>\n<meta property=\"article:publisher\" content=\"https:\/\/www.facebook.com\/eldiario.bolivia\/\" \/>\n<meta property=\"article:published_time\" content=\"2021-06-01T09:23:57+00:00\" \/>\n<meta name=\"author\" content=\"Jeanette\" \/>\n<meta name=\"twitter:card\" content=\"summary_large_image\" \/>\n<meta name=\"twitter:creator\" content=\"@eldiario_net\" \/>\n<meta name=\"twitter:site\" content=\"@eldiario_net\" \/>\n<meta name=\"twitter:label1\" content=\"Escrito por\" \/>\n\t<meta name=\"twitter:data1\" content=\"Jeanette\" \/>\n\t<meta name=\"twitter:label2\" content=\"Tiempo de lectura\" \/>\n\t<meta name=\"twitter:data2\" content=\"2 minutos\" \/>\n<script type=\"application\/ld+json\" class=\"yoast-schema-graph\">{\"@context\":\"https:\\\/\\\/schema.org\",\"@graph\":[{\"@type\":\"Article\",\"@id\":\"https:\\\/\\\/www.eldiario.net\\\/portal\\\/2021\\\/06\\\/01\\\/juez-suspende-reforma-de-ley-de-hidrocarburos\\\/#article\",\"isPartOf\":{\"@id\":\"https:\\\/\\\/www.eldiario.net\\\/portal\\\/2021\\\/06\\\/01\\\/juez-suspende-reforma-de-ley-de-hidrocarburos\\\/\"},\"author\":{\"name\":\"Jeanette\",\"@id\":\"https:\\\/\\\/www.eldiario.net\\\/portal\\\/#\\\/schema\\\/person\\\/f46445640444750d7d753ccd04ae01b7\"},\"headline\":\"Juez suspende reforma de Ley de Hidrocarburos\",\"datePublished\":\"2021-06-01T09:23:57+00:00\",\"mainEntityOfPage\":{\"@id\":\"https:\\\/\\\/www.eldiario.net\\\/portal\\\/2021\\\/06\\\/01\\\/juez-suspende-reforma-de-ley-de-hidrocarburos\\\/\"},\"wordCount\":406,\"publisher\":{\"@id\":\"https:\\\/\\\/www.eldiario.net\\\/portal\\\/#organization\"},\"image\":{\"@id\":\"https:\\\/\\\/www.eldiario.net\\\/portal\\\/2021\\\/06\\\/01\\\/juez-suspende-reforma-de-ley-de-hidrocarburos\\\/#primaryimage\"},\"thumbnailUrl\":\"\",\"articleSection\":[\"Internacional\"],\"inLanguage\":\"es\"},{\"@type\":\"WebPage\",\"@id\":\"https:\\\/\\\/www.eldiario.net\\\/portal\\\/2021\\\/06\\\/01\\\/juez-suspende-reforma-de-ley-de-hidrocarburos\\\/\",\"url\":\"https:\\\/\\\/www.eldiario.net\\\/portal\\\/2021\\\/06\\\/01\\\/juez-suspende-reforma-de-ley-de-hidrocarburos\\\/\",\"name\":\"Juez suspende reforma de Ley de Hidrocarburos - El Diario - Bolivia\",\"isPartOf\":{\"@id\":\"https:\\\/\\\/www.eldiario.net\\\/portal\\\/#website\"},\"primaryImageOfPage\":{\"@id\":\"https:\\\/\\\/www.eldiario.net\\\/portal\\\/2021\\\/06\\\/01\\\/juez-suspende-reforma-de-ley-de-hidrocarburos\\\/#primaryimage\"},\"image\":{\"@id\":\"https:\\\/\\\/www.eldiario.net\\\/portal\\\/2021\\\/06\\\/01\\\/juez-suspende-reforma-de-ley-de-hidrocarburos\\\/#primaryimage\"},\"thumbnailUrl\":\"\",\"datePublished\":\"2021-06-01T09:23:57+00:00\",\"breadcrumb\":{\"@id\":\"https:\\\/\\\/www.eldiario.net\\\/portal\\\/2021\\\/06\\\/01\\\/juez-suspende-reforma-de-ley-de-hidrocarburos\\\/#breadcrumb\"},\"inLanguage\":\"es\",\"potentialAction\":[{\"@type\":\"ReadAction\",\"target\":[\"https:\\\/\\\/www.eldiario.net\\\/portal\\\/2021\\\/06\\\/01\\\/juez-suspende-reforma-de-ley-de-hidrocarburos\\\/\"]}]},{\"@type\":\"ImageObject\",\"inLanguage\":\"es\",\"@id\":\"https:\\\/\\\/www.eldiario.net\\\/portal\\\/2021\\\/06\\\/01\\\/juez-suspende-reforma-de-ley-de-hidrocarburos\\\/#primaryimage\",\"url\":\"\",\"contentUrl\":\"\"},{\"@type\":\"BreadcrumbList\",\"@id\":\"https:\\\/\\\/www.eldiario.net\\\/portal\\\/2021\\\/06\\\/01\\\/juez-suspende-reforma-de-ley-de-hidrocarburos\\\/#breadcrumb\",\"itemListElement\":[{\"@type\":\"ListItem\",\"position\":1,\"name\":\"Portada\",\"item\":\"https:\\\/\\\/www.eldiario.net\\\/portal\\\/\"},{\"@type\":\"ListItem\",\"position\":2,\"name\":\"Juez suspende reforma de Ley de Hidrocarburos\"}]},{\"@type\":\"WebSite\",\"@id\":\"https:\\\/\\\/www.eldiario.net\\\/portal\\\/#website\",\"url\":\"https:\\\/\\\/www.eldiario.net\\\/portal\\\/\",\"name\":\"El Diario - Decano de la prensa nacional\",\"description\":\"El Diario - Decano de la prensa nacional\",\"publisher\":{\"@id\":\"https:\\\/\\\/www.eldiario.net\\\/portal\\\/#organization\"},\"potentialAction\":[{\"@type\":\"SearchAction\",\"target\":{\"@type\":\"EntryPoint\",\"urlTemplate\":\"https:\\\/\\\/www.eldiario.net\\\/portal\\\/?s={search_term_string}\"},\"query-input\":{\"@type\":\"PropertyValueSpecification\",\"valueRequired\":true,\"valueName\":\"search_term_string\"}}],\"inLanguage\":\"es\"},{\"@type\":\"Organization\",\"@id\":\"https:\\\/\\\/www.eldiario.net\\\/portal\\\/#organization\",\"name\":\"El Diario - Decano de la prensa nacional\",\"url\":\"https:\\\/\\\/www.eldiario.net\\\/portal\\\/\",\"logo\":{\"@type\":\"ImageObject\",\"inLanguage\":\"es\",\"@id\":\"https:\\\/\\\/www.eldiario.net\\\/portal\\\/#\\\/schema\\\/logo\\\/image\\\/\",\"url\":\"https:\\\/\\\/www.eldiario.net\\\/portal\\\/wp-content\\\/uploads\\\/2023\\\/07\\\/logo_ED.jpg\",\"contentUrl\":\"https:\\\/\\\/www.eldiario.net\\\/portal\\\/wp-content\\\/uploads\\\/2023\\\/07\\\/logo_ED.jpg\",\"width\":272,\"height\":52,\"caption\":\"El Diario - Decano de la prensa nacional\"},\"image\":{\"@id\":\"https:\\\/\\\/www.eldiario.net\\\/portal\\\/#\\\/schema\\\/logo\\\/image\\\/\"},\"sameAs\":[\"https:\\\/\\\/www.facebook.com\\\/eldiario.bolivia\\\/\",\"https:\\\/\\\/x.com\\\/eldiario_net\"]},{\"@type\":\"Person\",\"@id\":\"https:\\\/\\\/www.eldiario.net\\\/portal\\\/#\\\/schema\\\/person\\\/f46445640444750d7d753ccd04ae01b7\",\"name\":\"Jeanette\",\"image\":{\"@type\":\"ImageObject\",\"inLanguage\":\"es\",\"@id\":\"https:\\\/\\\/secure.gravatar.com\\\/avatar\\\/3ea2118a5f7dad2b7138b1187a6b7ee55f160b9968b66013c3a3ef39dd7e5798?s=96&d=mm&r=g\",\"url\":\"https:\\\/\\\/secure.gravatar.com\\\/avatar\\\/3ea2118a5f7dad2b7138b1187a6b7ee55f160b9968b66013c3a3ef39dd7e5798?s=96&d=mm&r=g\",\"contentUrl\":\"https:\\\/\\\/secure.gravatar.com\\\/avatar\\\/3ea2118a5f7dad2b7138b1187a6b7ee55f160b9968b66013c3a3ef39dd7e5798?s=96&d=mm&r=g\",\"caption\":\"Jeanette\"},\"sameAs\":[\"https:\\\/\\\/www.eldiario.net\\\/portal\"],\"url\":\"https:\\\/\\\/www.eldiario.net\\\/portal\\\/author\\\/jeanette\\\/\"}]}<\/script>\n<!-- \/ Yoast SEO plugin. -->","yoast_head_json":{"title":"Juez suspende reforma de Ley de Hidrocarburos - El Diario - Bolivia","robots":{"index":"index","follow":"follow","max-snippet":"max-snippet:-1","max-image-preview":"max-image-preview:large","max-video-preview":"max-video-preview:-1"},"canonical":"https:\/\/www.eldiario.net\/portal\/2021\/06\/01\/juez-suspende-reforma-de-ley-de-hidrocarburos\/","og_locale":"es_ES","og_type":"article","og_title":"Juez suspende reforma de Ley de Hidrocarburos - El Diario - Bolivia","og_description":"Ciudad de M\u00e9xico.- Un juez de M\u00e9xico ha concedido la suspensi\u00f3n provisional a la reforma de la Ley de Hidrocarburos por la que se eliminaba la facultad que ten\u00eda la Comisi\u00f3n Reguladora de Energ\u00eda para sujetar a Pemex a principios de regulaci\u00f3n asim\u00e9trica como entregar informaci\u00f3n p\u00fablica de precios en el di\u00e9sel o la gasolina. [&hellip;]","og_url":"https:\/\/www.eldiario.net\/portal\/2021\/06\/01\/juez-suspende-reforma-de-ley-de-hidrocarburos\/","og_site_name":"El Diario - Bolivia","article_publisher":"https:\/\/www.facebook.com\/eldiario.bolivia\/","article_published_time":"2021-06-01T09:23:57+00:00","author":"Jeanette","twitter_card":"summary_large_image","twitter_creator":"@eldiario_net","twitter_site":"@eldiario_net","twitter_misc":{"Escrito por":"Jeanette","Tiempo de lectura":"2 minutos"},"schema":{"@context":"https:\/\/schema.org","@graph":[{"@type":"Article","@id":"https:\/\/www.eldiario.net\/portal\/2021\/06\/01\/juez-suspende-reforma-de-ley-de-hidrocarburos\/#article","isPartOf":{"@id":"https:\/\/www.eldiario.net\/portal\/2021\/06\/01\/juez-suspende-reforma-de-ley-de-hidrocarburos\/"},"author":{"name":"Jeanette","@id":"https:\/\/www.eldiario.net\/portal\/#\/schema\/person\/f46445640444750d7d753ccd04ae01b7"},"headline":"Juez suspende reforma de Ley de Hidrocarburos","datePublished":"2021-06-01T09:23:57+00:00","mainEntityOfPage":{"@id":"https:\/\/www.eldiario.net\/portal\/2021\/06\/01\/juez-suspende-reforma-de-ley-de-hidrocarburos\/"},"wordCount":406,"publisher":{"@id":"https:\/\/www.eldiario.net\/portal\/#organization"},"image":{"@id":"https:\/\/www.eldiario.net\/portal\/2021\/06\/01\/juez-suspende-reforma-de-ley-de-hidrocarburos\/#primaryimage"},"thumbnailUrl":"","articleSection":["Internacional"],"inLanguage":"es"},{"@type":"WebPage","@id":"https:\/\/www.eldiario.net\/portal\/2021\/06\/01\/juez-suspende-reforma-de-ley-de-hidrocarburos\/","url":"https:\/\/www.eldiario.net\/portal\/2021\/06\/01\/juez-suspende-reforma-de-ley-de-hidrocarburos\/","name":"Juez suspende reforma de Ley de Hidrocarburos - El Diario - Bolivia","isPartOf":{"@id":"https:\/\/www.eldiario.net\/portal\/#website"},"primaryImageOfPage":{"@id":"https:\/\/www.eldiario.net\/portal\/2021\/06\/01\/juez-suspende-reforma-de-ley-de-hidrocarburos\/#primaryimage"},"image":{"@id":"https:\/\/www.eldiario.net\/portal\/2021\/06\/01\/juez-suspende-reforma-de-ley-de-hidrocarburos\/#primaryimage"},"thumbnailUrl":"","datePublished":"2021-06-01T09:23:57+00:00","breadcrumb":{"@id":"https:\/\/www.eldiario.net\/portal\/2021\/06\/01\/juez-suspende-reforma-de-ley-de-hidrocarburos\/#breadcrumb"},"inLanguage":"es","potentialAction":[{"@type":"ReadAction","target":["https:\/\/www.eldiario.net\/portal\/2021\/06\/01\/juez-suspende-reforma-de-ley-de-hidrocarburos\/"]}]},{"@type":"ImageObject","inLanguage":"es","@id":"https:\/\/www.eldiario.net\/portal\/2021\/06\/01\/juez-suspende-reforma-de-ley-de-hidrocarburos\/#primaryimage","url":"","contentUrl":""},{"@type":"BreadcrumbList","@id":"https:\/\/www.eldiario.net\/portal\/2021\/06\/01\/juez-suspende-reforma-de-ley-de-hidrocarburos\/#breadcrumb","itemListElement":[{"@type":"ListItem","position":1,"name":"Portada","item":"https:\/\/www.eldiario.net\/portal\/"},{"@type":"ListItem","position":2,"name":"Juez suspende reforma de Ley de Hidrocarburos"}]},{"@type":"WebSite","@id":"https:\/\/www.eldiario.net\/portal\/#website","url":"https:\/\/www.eldiario.net\/portal\/","name":"El Diario - Decano de la prensa nacional","description":"El Diario - Decano de la prensa nacional","publisher":{"@id":"https:\/\/www.eldiario.net\/portal\/#organization"},"potentialAction":[{"@type":"SearchAction","target":{"@type":"EntryPoint","urlTemplate":"https:\/\/www.eldiario.net\/portal\/?s={search_term_string}"},"query-input":{"@type":"PropertyValueSpecification","valueRequired":true,"valueName":"search_term_string"}}],"inLanguage":"es"},{"@type":"Organization","@id":"https:\/\/www.eldiario.net\/portal\/#organization","name":"El Diario - Decano de la prensa nacional","url":"https:\/\/www.eldiario.net\/portal\/","logo":{"@type":"ImageObject","inLanguage":"es","@id":"https:\/\/www.eldiario.net\/portal\/#\/schema\/logo\/image\/","url":"https:\/\/www.eldiario.net\/portal\/wp-content\/uploads\/2023\/07\/logo_ED.jpg","contentUrl":"https:\/\/www.eldiario.net\/portal\/wp-content\/uploads\/2023\/07\/logo_ED.jpg","width":272,"height":52,"caption":"El Diario - Decano de la prensa nacional"},"image":{"@id":"https:\/\/www.eldiario.net\/portal\/#\/schema\/logo\/image\/"},"sameAs":["https:\/\/www.facebook.com\/eldiario.bolivia\/","https:\/\/x.com\/eldiario_net"]},{"@type":"Person","@id":"https:\/\/www.eldiario.net\/portal\/#\/schema\/person\/f46445640444750d7d753ccd04ae01b7","name":"Jeanette","image":{"@type":"ImageObject","inLanguage":"es","@id":"https:\/\/secure.gravatar.com\/avatar\/3ea2118a5f7dad2b7138b1187a6b7ee55f160b9968b66013c3a3ef39dd7e5798?s=96&d=mm&r=g","url":"https:\/\/secure.gravatar.com\/avatar\/3ea2118a5f7dad2b7138b1187a6b7ee55f160b9968b66013c3a3ef39dd7e5798?s=96&d=mm&r=g","contentUrl":"https:\/\/secure.gravatar.com\/avatar\/3ea2118a5f7dad2b7138b1187a6b7ee55f160b9968b66013c3a3ef39dd7e5798?s=96&d=mm&r=g","caption":"Jeanette"},"sameAs":["https:\/\/www.eldiario.net\/portal"],"url":"https:\/\/www.eldiario.net\/portal\/author\/jeanette\/"}]}},"_links":{"self":[{"href":"https:\/\/www.eldiario.net\/portal\/wp-json\/wp\/v2\/posts\/7599","targetHints":{"allow":["GET"]}}],"collection":[{"href":"https:\/\/www.eldiario.net\/portal\/wp-json\/wp\/v2\/posts"}],"about":[{"href":"https:\/\/www.eldiario.net\/portal\/wp-json\/wp\/v2\/types\/post"}],"author":[{"embeddable":true,"href":"https:\/\/www.eldiario.net\/portal\/wp-json\/wp\/v2\/users\/1"}],"replies":[{"embeddable":true,"href":"https:\/\/www.eldiario.net\/portal\/wp-json\/wp\/v2\/comments?post=7599"}],"version-history":[{"count":0,"href":"https:\/\/www.eldiario.net\/portal\/wp-json\/wp\/v2\/posts\/7599\/revisions"}],"wp:attachment":[{"href":"https:\/\/www.eldiario.net\/portal\/wp-json\/wp\/v2\/media?parent=7599"}],"wp:term":[{"taxonomy":"category","embeddable":true,"href":"https:\/\/www.eldiario.net\/portal\/wp-json\/wp\/v2\/categories?post=7599"},{"taxonomy":"post_tag","embeddable":true,"href":"https:\/\/www.eldiario.net\/portal\/wp-json\/wp\/v2\/tags?post=7599"}],"curies":[{"name":"wp","href":"https:\/\/api.w.org\/{rel}","templated":true}]}}