{"id":7592,"date":"2021-06-01T05:21:40","date_gmt":"2021-06-01T09:21:40","guid":{"rendered":"https:\/\/www.eldiario.net\/portal\/?p=7592"},"modified":"2021-06-01T05:21:40","modified_gmt":"2021-06-01T09:21:40","slug":"anuncian-proceso-penal-contra-cocarico-y-patzi-por-proyecto","status":"publish","type":"post","link":"https:\/\/www.eldiario.net\/portal\/2021\/06\/01\/anuncian-proceso-penal-contra-cocarico-y-patzi-por-proyecto\/","title":{"rendered":"Anuncian proceso penal contra  Cocarico y Patzi por proyecto"},"content":{"rendered":"<p>Por el proyecto de la presa Wilanchita, en la provincia Aroma, cuyo incumplimiento deriv\u00f3 en da\u00f1o econ\u00f3mico de Bs 4,9 millones, la Gobernaci\u00f3n de La Paz anunci\u00f3 ayer acciones penales contra los exgobernadores C\u00e9sar Cocarico y F\u00e9lix Patzi.<\/p>\n<p>El gobernador Santos Quispe dijo que este proyecto no se ha cumplido hasta hoy, en medio de irregularidades y desaparici\u00f3n de dinero.<\/p>\n<p>Seg\u00fan los datos presentados, el convenio para el proyecto se realiz\u00f3 en 2009 en la gesti\u00f3n de Pablo Ramos por Bs 5 millones, pero en la gesti\u00f3n de Cocarico se hizo una enmienda para subir el monto a Bs 12 millones y en el periodo de Patzi se hizo otra adenda para fijar una cifra de Bs 14 millones.<\/p>\n<p>La secretaria departamental de Asuntos Jur\u00eddicos, Olivia Arratia, asever\u00f3 que Cocarico subi\u00f3 el monto de manera irresponsable, debido a que no exist\u00eda el dise\u00f1o final del proyecto entonces.<\/p>\n<p>Se revel\u00f3 tambi\u00e9n que entre 2015 a 2017 incluso ya hubo pagos por planillas y que en 2019 se determin\u00f3 resolver el contrato por la obra a la empresa EDALP por incumplimiento.<\/p>\n<p>El monto del da\u00f1o econ\u00f3mico de Bs 4,9 millones se divide en Bs 1,7 millones que corresponde al dinero que debe devolver EDALP a la Gobernaci\u00f3n por saldo no amortizado del anticipo y Bs 3,2 millones por el monto a devolver por vol\u00famenes de obras mal ejecutadas, reflej\u00f3 Erbol.<\/p>\n<p>La Secretaria Jur\u00eddica se\u00f1al\u00f3 que en abril la Gobernaci\u00f3n ya present\u00f3 una denuncia por este caso contra nueve funcionarios, pero no incluy\u00f3 a las exm\u00e1ximas autoridades departamentales.<\/p>\n<p>El responsable jur\u00eddico de la Secretar\u00eda de Obras, Edwin Quispe, indic\u00f3 que se presentar\u00e1 las acciones penales contra los exgobernadores Cocarico y Patzi por los tipos penales de incumplimiento de deberes, conducta antiecon\u00f3mica y posible enriquecimiento il\u00edcito.<\/p>\n<p>&nbsp;<\/p>\n","protected":false},"excerpt":{"rendered":"<p>Por el proyecto de la presa Wilanchita, en la provincia Aroma, cuyo incumplimiento deriv\u00f3 en da\u00f1o econ\u00f3mico de Bs 4,9 millones, la Gobernaci\u00f3n de La Paz anunci\u00f3 ayer acciones penales contra los exgobernadores C\u00e9sar Cocarico y F\u00e9lix Patzi. El gobernador Santos Quispe dijo que este proyecto no se ha cumplido hasta hoy, en medio de [&hellip;]<\/p>\n","protected":false},"author":1,"featured_media":7593,"comment_status":"closed","ping_status":"closed","sticky":false,"template":"","format":"standard","meta":{"_acf_changed":false,"footnotes":""},"categories":[12],"tags":[],"class_list":["post-7592","post","type-post","status-publish","format-standard","has-post-thumbnail","category-nacional"],"acf":{"antetitulo":""},"yoast_head":"<!-- This site is optimized with the Yoast SEO plugin v28.3 - https:\/\/yoast.com\/product\/yoast-seo-wordpress\/ -->\n<title>Anuncian proceso penal contra Cocarico y Patzi por proyecto - El Diario - Bolivia<\/title>\n<meta name=\"robots\" content=\"index, follow, max-snippet:-1, max-image-preview:large, max-video-preview:-1\" \/>\n<link rel=\"canonical\" href=\"https:\/\/www.eldiario.net\/portal\/2021\/06\/01\/anuncian-proceso-penal-contra-cocarico-y-patzi-por-proyecto\/\" \/>\n<meta property=\"og:locale\" content=\"es_ES\" \/>\n<meta property=\"og:type\" content=\"article\" \/>\n<meta property=\"og:title\" content=\"Anuncian proceso penal contra Cocarico y Patzi por proyecto - El Diario - Bolivia\" \/>\n<meta property=\"og:description\" content=\"Por el proyecto de la presa Wilanchita, en la provincia Aroma, cuyo incumplimiento deriv\u00f3 en da\u00f1o econ\u00f3mico de Bs 4,9 millones, la Gobernaci\u00f3n de La Paz anunci\u00f3 ayer acciones penales contra los exgobernadores C\u00e9sar Cocarico y F\u00e9lix Patzi. El gobernador Santos Quispe dijo que este proyecto no se ha cumplido hasta hoy, en medio de [&hellip;]\" \/>\n<meta property=\"og:url\" content=\"https:\/\/www.eldiario.net\/portal\/2021\/06\/01\/anuncian-proceso-penal-contra-cocarico-y-patzi-por-proyecto\/\" \/>\n<meta property=\"og:site_name\" content=\"El Diario - Bolivia\" \/>\n<meta property=\"article:publisher\" content=\"https:\/\/www.facebook.com\/eldiario.bolivia\/\" \/>\n<meta property=\"article:published_time\" content=\"2021-06-01T09:21:40+00:00\" \/>\n<meta name=\"author\" content=\"Jeanette\" \/>\n<meta name=\"twitter:card\" content=\"summary_large_image\" \/>\n<meta name=\"twitter:creator\" content=\"@eldiario_net\" \/>\n<meta name=\"twitter:site\" content=\"@eldiario_net\" \/>\n<meta name=\"twitter:label1\" content=\"Escrito por\" \/>\n\t<meta name=\"twitter:data1\" content=\"Jeanette\" \/>\n\t<meta name=\"twitter:label2\" content=\"Tiempo de lectura\" \/>\n\t<meta name=\"twitter:data2\" content=\"2 minutos\" \/>\n<script type=\"application\/ld+json\" class=\"yoast-schema-graph\">{\"@context\":\"https:\\\/\\\/schema.org\",\"@graph\":[{\"@type\":\"Article\",\"@id\":\"https:\\\/\\\/www.eldiario.net\\\/portal\\\/2021\\\/06\\\/01\\\/anuncian-proceso-penal-contra-cocarico-y-patzi-por-proyecto\\\/#article\",\"isPartOf\":{\"@id\":\"https:\\\/\\\/www.eldiario.net\\\/portal\\\/2021\\\/06\\\/01\\\/anuncian-proceso-penal-contra-cocarico-y-patzi-por-proyecto\\\/\"},\"author\":{\"name\":\"Jeanette\",\"@id\":\"https:\\\/\\\/www.eldiario.net\\\/portal\\\/#\\\/schema\\\/person\\\/f46445640444750d7d753ccd04ae01b7\"},\"headline\":\"Anuncian proceso penal contra Cocarico y Patzi por proyecto\",\"datePublished\":\"2021-06-01T09:21:40+00:00\",\"mainEntityOfPage\":{\"@id\":\"https:\\\/\\\/www.eldiario.net\\\/portal\\\/2021\\\/06\\\/01\\\/anuncian-proceso-penal-contra-cocarico-y-patzi-por-proyecto\\\/\"},\"wordCount\":316,\"publisher\":{\"@id\":\"https:\\\/\\\/www.eldiario.net\\\/portal\\\/#organization\"},\"image\":{\"@id\":\"https:\\\/\\\/www.eldiario.net\\\/portal\\\/2021\\\/06\\\/01\\\/anuncian-proceso-penal-contra-cocarico-y-patzi-por-proyecto\\\/#primaryimage\"},\"thumbnailUrl\":\"\",\"articleSection\":[\"Nacional\"],\"inLanguage\":\"es\"},{\"@type\":\"WebPage\",\"@id\":\"https:\\\/\\\/www.eldiario.net\\\/portal\\\/2021\\\/06\\\/01\\\/anuncian-proceso-penal-contra-cocarico-y-patzi-por-proyecto\\\/\",\"url\":\"https:\\\/\\\/www.eldiario.net\\\/portal\\\/2021\\\/06\\\/01\\\/anuncian-proceso-penal-contra-cocarico-y-patzi-por-proyecto\\\/\",\"name\":\"Anuncian proceso penal contra Cocarico y Patzi por proyecto - El Diario - Bolivia\",\"isPartOf\":{\"@id\":\"https:\\\/\\\/www.eldiario.net\\\/portal\\\/#website\"},\"primaryImageOfPage\":{\"@id\":\"https:\\\/\\\/www.eldiario.net\\\/portal\\\/2021\\\/06\\\/01\\\/anuncian-proceso-penal-contra-cocarico-y-patzi-por-proyecto\\\/#primaryimage\"},\"image\":{\"@id\":\"https:\\\/\\\/www.eldiario.net\\\/portal\\\/2021\\\/06\\\/01\\\/anuncian-proceso-penal-contra-cocarico-y-patzi-por-proyecto\\\/#primaryimage\"},\"thumbnailUrl\":\"\",\"datePublished\":\"2021-06-01T09:21:40+00:00\",\"breadcrumb\":{\"@id\":\"https:\\\/\\\/www.eldiario.net\\\/portal\\\/2021\\\/06\\\/01\\\/anuncian-proceso-penal-contra-cocarico-y-patzi-por-proyecto\\\/#breadcrumb\"},\"inLanguage\":\"es\",\"potentialAction\":[{\"@type\":\"ReadAction\",\"target\":[\"https:\\\/\\\/www.eldiario.net\\\/portal\\\/2021\\\/06\\\/01\\\/anuncian-proceso-penal-contra-cocarico-y-patzi-por-proyecto\\\/\"]}]},{\"@type\":\"ImageObject\",\"inLanguage\":\"es\",\"@id\":\"https:\\\/\\\/www.eldiario.net\\\/portal\\\/2021\\\/06\\\/01\\\/anuncian-proceso-penal-contra-cocarico-y-patzi-por-proyecto\\\/#primaryimage\",\"url\":\"\",\"contentUrl\":\"\"},{\"@type\":\"BreadcrumbList\",\"@id\":\"https:\\\/\\\/www.eldiario.net\\\/portal\\\/2021\\\/06\\\/01\\\/anuncian-proceso-penal-contra-cocarico-y-patzi-por-proyecto\\\/#breadcrumb\",\"itemListElement\":[{\"@type\":\"ListItem\",\"position\":1,\"name\":\"Portada\",\"item\":\"https:\\\/\\\/www.eldiario.net\\\/portal\\\/\"},{\"@type\":\"ListItem\",\"position\":2,\"name\":\"Anuncian proceso penal contra Cocarico y Patzi por proyecto\"}]},{\"@type\":\"WebSite\",\"@id\":\"https:\\\/\\\/www.eldiario.net\\\/portal\\\/#website\",\"url\":\"https:\\\/\\\/www.eldiario.net\\\/portal\\\/\",\"name\":\"El Diario - Decano de la prensa nacional\",\"description\":\"El Diario - Decano de la prensa nacional\",\"publisher\":{\"@id\":\"https:\\\/\\\/www.eldiario.net\\\/portal\\\/#organization\"},\"potentialAction\":[{\"@type\":\"SearchAction\",\"target\":{\"@type\":\"EntryPoint\",\"urlTemplate\":\"https:\\\/\\\/www.eldiario.net\\\/portal\\\/?s={search_term_string}\"},\"query-input\":{\"@type\":\"PropertyValueSpecification\",\"valueRequired\":true,\"valueName\":\"search_term_string\"}}],\"inLanguage\":\"es\"},{\"@type\":\"Organization\",\"@id\":\"https:\\\/\\\/www.eldiario.net\\\/portal\\\/#organization\",\"name\":\"El Diario - Decano de la prensa nacional\",\"url\":\"https:\\\/\\\/www.eldiario.net\\\/portal\\\/\",\"logo\":{\"@type\":\"ImageObject\",\"inLanguage\":\"es\",\"@id\":\"https:\\\/\\\/www.eldiario.net\\\/portal\\\/#\\\/schema\\\/logo\\\/image\\\/\",\"url\":\"https:\\\/\\\/www.eldiario.net\\\/portal\\\/wp-content\\\/uploads\\\/2023\\\/07\\\/logo_ED.jpg\",\"contentUrl\":\"https:\\\/\\\/www.eldiario.net\\\/portal\\\/wp-content\\\/uploads\\\/2023\\\/07\\\/logo_ED.jpg\",\"width\":272,\"height\":52,\"caption\":\"El Diario - Decano de la prensa nacional\"},\"image\":{\"@id\":\"https:\\\/\\\/www.eldiario.net\\\/portal\\\/#\\\/schema\\\/logo\\\/image\\\/\"},\"sameAs\":[\"https:\\\/\\\/www.facebook.com\\\/eldiario.bolivia\\\/\",\"https:\\\/\\\/x.com\\\/eldiario_net\"]},{\"@type\":\"Person\",\"@id\":\"https:\\\/\\\/www.eldiario.net\\\/portal\\\/#\\\/schema\\\/person\\\/f46445640444750d7d753ccd04ae01b7\",\"name\":\"Jeanette\",\"image\":{\"@type\":\"ImageObject\",\"inLanguage\":\"es\",\"@id\":\"https:\\\/\\\/secure.gravatar.com\\\/avatar\\\/3ea2118a5f7dad2b7138b1187a6b7ee55f160b9968b66013c3a3ef39dd7e5798?s=96&d=mm&r=g\",\"url\":\"https:\\\/\\\/secure.gravatar.com\\\/avatar\\\/3ea2118a5f7dad2b7138b1187a6b7ee55f160b9968b66013c3a3ef39dd7e5798?s=96&d=mm&r=g\",\"contentUrl\":\"https:\\\/\\\/secure.gravatar.com\\\/avatar\\\/3ea2118a5f7dad2b7138b1187a6b7ee55f160b9968b66013c3a3ef39dd7e5798?s=96&d=mm&r=g\",\"caption\":\"Jeanette\"},\"sameAs\":[\"https:\\\/\\\/www.eldiario.net\\\/portal\"],\"url\":\"https:\\\/\\\/www.eldiario.net\\\/portal\\\/author\\\/jeanette\\\/\"}]}<\/script>\n<!-- \/ Yoast SEO plugin. -->","yoast_head_json":{"title":"Anuncian proceso penal contra Cocarico y Patzi por proyecto - El Diario - Bolivia","robots":{"index":"index","follow":"follow","max-snippet":"max-snippet:-1","max-image-preview":"max-image-preview:large","max-video-preview":"max-video-preview:-1"},"canonical":"https:\/\/www.eldiario.net\/portal\/2021\/06\/01\/anuncian-proceso-penal-contra-cocarico-y-patzi-por-proyecto\/","og_locale":"es_ES","og_type":"article","og_title":"Anuncian proceso penal contra Cocarico y Patzi por proyecto - El Diario - Bolivia","og_description":"Por el proyecto de la presa Wilanchita, en la provincia Aroma, cuyo incumplimiento deriv\u00f3 en da\u00f1o econ\u00f3mico de Bs 4,9 millones, la Gobernaci\u00f3n de La Paz anunci\u00f3 ayer acciones penales contra los exgobernadores C\u00e9sar Cocarico y F\u00e9lix Patzi. El gobernador Santos Quispe dijo que este proyecto no se ha cumplido hasta hoy, en medio de [&hellip;]","og_url":"https:\/\/www.eldiario.net\/portal\/2021\/06\/01\/anuncian-proceso-penal-contra-cocarico-y-patzi-por-proyecto\/","og_site_name":"El Diario - Bolivia","article_publisher":"https:\/\/www.facebook.com\/eldiario.bolivia\/","article_published_time":"2021-06-01T09:21:40+00:00","author":"Jeanette","twitter_card":"summary_large_image","twitter_creator":"@eldiario_net","twitter_site":"@eldiario_net","twitter_misc":{"Escrito por":"Jeanette","Tiempo de lectura":"2 minutos"},"schema":{"@context":"https:\/\/schema.org","@graph":[{"@type":"Article","@id":"https:\/\/www.eldiario.net\/portal\/2021\/06\/01\/anuncian-proceso-penal-contra-cocarico-y-patzi-por-proyecto\/#article","isPartOf":{"@id":"https:\/\/www.eldiario.net\/portal\/2021\/06\/01\/anuncian-proceso-penal-contra-cocarico-y-patzi-por-proyecto\/"},"author":{"name":"Jeanette","@id":"https:\/\/www.eldiario.net\/portal\/#\/schema\/person\/f46445640444750d7d753ccd04ae01b7"},"headline":"Anuncian proceso penal contra Cocarico y Patzi por proyecto","datePublished":"2021-06-01T09:21:40+00:00","mainEntityOfPage":{"@id":"https:\/\/www.eldiario.net\/portal\/2021\/06\/01\/anuncian-proceso-penal-contra-cocarico-y-patzi-por-proyecto\/"},"wordCount":316,"publisher":{"@id":"https:\/\/www.eldiario.net\/portal\/#organization"},"image":{"@id":"https:\/\/www.eldiario.net\/portal\/2021\/06\/01\/anuncian-proceso-penal-contra-cocarico-y-patzi-por-proyecto\/#primaryimage"},"thumbnailUrl":"","articleSection":["Nacional"],"inLanguage":"es"},{"@type":"WebPage","@id":"https:\/\/www.eldiario.net\/portal\/2021\/06\/01\/anuncian-proceso-penal-contra-cocarico-y-patzi-por-proyecto\/","url":"https:\/\/www.eldiario.net\/portal\/2021\/06\/01\/anuncian-proceso-penal-contra-cocarico-y-patzi-por-proyecto\/","name":"Anuncian proceso penal contra Cocarico y Patzi por proyecto - El Diario - Bolivia","isPartOf":{"@id":"https:\/\/www.eldiario.net\/portal\/#website"},"primaryImageOfPage":{"@id":"https:\/\/www.eldiario.net\/portal\/2021\/06\/01\/anuncian-proceso-penal-contra-cocarico-y-patzi-por-proyecto\/#primaryimage"},"image":{"@id":"https:\/\/www.eldiario.net\/portal\/2021\/06\/01\/anuncian-proceso-penal-contra-cocarico-y-patzi-por-proyecto\/#primaryimage"},"thumbnailUrl":"","datePublished":"2021-06-01T09:21:40+00:00","breadcrumb":{"@id":"https:\/\/www.eldiario.net\/portal\/2021\/06\/01\/anuncian-proceso-penal-contra-cocarico-y-patzi-por-proyecto\/#breadcrumb"},"inLanguage":"es","potentialAction":[{"@type":"ReadAction","target":["https:\/\/www.eldiario.net\/portal\/2021\/06\/01\/anuncian-proceso-penal-contra-cocarico-y-patzi-por-proyecto\/"]}]},{"@type":"ImageObject","inLanguage":"es","@id":"https:\/\/www.eldiario.net\/portal\/2021\/06\/01\/anuncian-proceso-penal-contra-cocarico-y-patzi-por-proyecto\/#primaryimage","url":"","contentUrl":""},{"@type":"BreadcrumbList","@id":"https:\/\/www.eldiario.net\/portal\/2021\/06\/01\/anuncian-proceso-penal-contra-cocarico-y-patzi-por-proyecto\/#breadcrumb","itemListElement":[{"@type":"ListItem","position":1,"name":"Portada","item":"https:\/\/www.eldiario.net\/portal\/"},{"@type":"ListItem","position":2,"name":"Anuncian proceso penal contra Cocarico y Patzi por proyecto"}]},{"@type":"WebSite","@id":"https:\/\/www.eldiario.net\/portal\/#website","url":"https:\/\/www.eldiario.net\/portal\/","name":"El Diario - Decano de la prensa nacional","description":"El Diario - Decano de la prensa nacional","publisher":{"@id":"https:\/\/www.eldiario.net\/portal\/#organization"},"potentialAction":[{"@type":"SearchAction","target":{"@type":"EntryPoint","urlTemplate":"https:\/\/www.eldiario.net\/portal\/?s={search_term_string}"},"query-input":{"@type":"PropertyValueSpecification","valueRequired":true,"valueName":"search_term_string"}}],"inLanguage":"es"},{"@type":"Organization","@id":"https:\/\/www.eldiario.net\/portal\/#organization","name":"El Diario - Decano de la prensa nacional","url":"https:\/\/www.eldiario.net\/portal\/","logo":{"@type":"ImageObject","inLanguage":"es","@id":"https:\/\/www.eldiario.net\/portal\/#\/schema\/logo\/image\/","url":"https:\/\/www.eldiario.net\/portal\/wp-content\/uploads\/2023\/07\/logo_ED.jpg","contentUrl":"https:\/\/www.eldiario.net\/portal\/wp-content\/uploads\/2023\/07\/logo_ED.jpg","width":272,"height":52,"caption":"El Diario - Decano de la prensa nacional"},"image":{"@id":"https:\/\/www.eldiario.net\/portal\/#\/schema\/logo\/image\/"},"sameAs":["https:\/\/www.facebook.com\/eldiario.bolivia\/","https:\/\/x.com\/eldiario_net"]},{"@type":"Person","@id":"https:\/\/www.eldiario.net\/portal\/#\/schema\/person\/f46445640444750d7d753ccd04ae01b7","name":"Jeanette","image":{"@type":"ImageObject","inLanguage":"es","@id":"https:\/\/secure.gravatar.com\/avatar\/3ea2118a5f7dad2b7138b1187a6b7ee55f160b9968b66013c3a3ef39dd7e5798?s=96&d=mm&r=g","url":"https:\/\/secure.gravatar.com\/avatar\/3ea2118a5f7dad2b7138b1187a6b7ee55f160b9968b66013c3a3ef39dd7e5798?s=96&d=mm&r=g","contentUrl":"https:\/\/secure.gravatar.com\/avatar\/3ea2118a5f7dad2b7138b1187a6b7ee55f160b9968b66013c3a3ef39dd7e5798?s=96&d=mm&r=g","caption":"Jeanette"},"sameAs":["https:\/\/www.eldiario.net\/portal"],"url":"https:\/\/www.eldiario.net\/portal\/author\/jeanette\/"}]}},"_links":{"self":[{"href":"https:\/\/www.eldiario.net\/portal\/wp-json\/wp\/v2\/posts\/7592","targetHints":{"allow":["GET"]}}],"collection":[{"href":"https:\/\/www.eldiario.net\/portal\/wp-json\/wp\/v2\/posts"}],"about":[{"href":"https:\/\/www.eldiario.net\/portal\/wp-json\/wp\/v2\/types\/post"}],"author":[{"embeddable":true,"href":"https:\/\/www.eldiario.net\/portal\/wp-json\/wp\/v2\/users\/1"}],"replies":[{"embeddable":true,"href":"https:\/\/www.eldiario.net\/portal\/wp-json\/wp\/v2\/comments?post=7592"}],"version-history":[{"count":0,"href":"https:\/\/www.eldiario.net\/portal\/wp-json\/wp\/v2\/posts\/7592\/revisions"}],"wp:attachment":[{"href":"https:\/\/www.eldiario.net\/portal\/wp-json\/wp\/v2\/media?parent=7592"}],"wp:term":[{"taxonomy":"category","embeddable":true,"href":"https:\/\/www.eldiario.net\/portal\/wp-json\/wp\/v2\/categories?post=7592"},{"taxonomy":"post_tag","embeddable":true,"href":"https:\/\/www.eldiario.net\/portal\/wp-json\/wp\/v2\/tags?post=7592"}],"curies":[{"name":"wp","href":"https:\/\/api.w.org\/{rel}","templated":true}]}}