{"id":7583,"date":"2021-06-01T05:19:01","date_gmt":"2021-06-01T09:19:01","guid":{"rendered":"https:\/\/www.eldiario.net\/portal\/?p=7583"},"modified":"2021-06-01T05:19:01","modified_gmt":"2021-06-01T09:19:01","slug":"trabajos-de-san-jorge-kantutani-alcanzaron-un-avance-del-53","status":"publish","type":"post","link":"https:\/\/www.eldiario.net\/portal\/2021\/06\/01\/trabajos-de-san-jorge-kantutani-alcanzaron-un-avance-del-53\/","title":{"rendered":"Trabajos de San Jorge Kantutani alcanzaron un avance del 53%"},"content":{"rendered":"<p>Las obras de estabilizaci\u00f3n y prevenci\u00f3n que realiza la Alcald\u00eda de La Paz, en la zona de San Jorge Kantutani, donde hace dos a\u00f1os un deslizamiento afect\u00f3 a 64 inmuebles y cort\u00f3 el tr\u00e1fico de la avenida Libertad, tienen un avance del 53% con la construcci\u00f3n de sistemas de pilotes, muros de contenci\u00f3n y c\u00e1maras para captar aguas subterr\u00e1neas, entre otros.<\/p>\n<p>\u201cLa segunda fase se realiza en esta gesti\u00f3n y es el proyecto \u2018Estabilizaci\u00f3n y preservaci\u00f3n Kantutani\u2019, con un costo de 19,3 millones de bolivianos que asciende al 43% del total de la obra que est\u00e1 en la recta final de su ejecuci\u00f3n\u201d, explic\u00f3 el secretario municipal de Gesti\u00f3n Integral de Riesgos (SMGIR), Germ\u00e1n Quisbert.<\/p>\n<p>Record\u00f3 que la primera fase comprend\u00eda el 10% de obras en Bajo Kantutani, donde se estabilizaron los suelos con maquinaria pesada, luego del deslizamiento del 30 de abril de 2019. El lugar era un botadero y cerrado en los \u201990. Explic\u00f3 que dada la cuantificaci\u00f3n del avance de las obras, entre la primera y segunda fase, en la actualidad se cuenta con el 53% de avance de trabajos de estabilizaci\u00f3n.<\/p>\n<p>Quisbert dijo que una vez concluidas las obras se har\u00e1n evaluaciones peri\u00f3dicas a la consolidaci\u00f3n de suelos y a la habilitaci\u00f3n de la Av. Libertador, cerrada hace dos a\u00f1os. En esa l\u00ednea, detall\u00f3 que la primera fase tuvo una inversi\u00f3n de cuatro millones de bolivianos y para la tercera fase, el proyecto requerir\u00e1 cerca de 20,6 millones de bolivianos para completar el 47% de obras restante.<\/p>\n<p>La autoridad inform\u00f3 que el programa municipal Plan de Drenaje Pluvial (PDP) se encarga de gestionar el financiamiento con el Banco Mundial para el resto del proyecto de estabilizaci\u00f3n de San Jorge Kantutani.<\/p>\n<p>Quisbert explic\u00f3 que a la fecha se construyeron fundaciones del sistema de pilotajes, pozos austriacos, muros pantalla y la captaci\u00f3n de aguas subterr\u00e1neas, entre otros. Inform\u00f3 que esta zona est\u00e1 considerada de \u201cmuy alto riesgo\u201d debido a que antes albergaba un botadero y, despu\u00e9s, a la proliferaci\u00f3n de construcciones ilegales que se asentaron, pese a que sus propietarios fueron notificados con advertencias.<\/p>\n<p>&nbsp;<\/p>\n","protected":false},"excerpt":{"rendered":"<p>Las obras de estabilizaci\u00f3n y prevenci\u00f3n que realiza la Alcald\u00eda de La Paz, en la zona de San Jorge Kantutani, donde hace dos a\u00f1os un deslizamiento afect\u00f3 a 64 inmuebles y cort\u00f3 el tr\u00e1fico de la avenida Libertad, tienen un avance del 53% con la construcci\u00f3n de sistemas de pilotes, muros de contenci\u00f3n y c\u00e1maras [&hellip;]<\/p>\n","protected":false},"author":1,"featured_media":7584,"comment_status":"closed","ping_status":"closed","sticky":false,"template":"","format":"standard","meta":{"_acf_changed":false,"footnotes":""},"categories":[12],"tags":[],"class_list":["post-7583","post","type-post","status-publish","format-standard","has-post-thumbnail","category-nacional"],"acf":{"antetitulo":""},"yoast_head":"<!-- This site is optimized with the Yoast SEO plugin v28.4 - https:\/\/yoast.com\/product\/yoast-seo-wordpress\/ -->\n<title>Trabajos de San Jorge Kantutani alcanzaron un avance del 53% - El Diario - Bolivia<\/title>\n<meta name=\"robots\" content=\"index, follow, max-snippet:-1, max-image-preview:large, max-video-preview:-1\" \/>\n<link rel=\"canonical\" href=\"https:\/\/www.eldiario.net\/portal\/2021\/06\/01\/trabajos-de-san-jorge-kantutani-alcanzaron-un-avance-del-53\/\" \/>\n<meta property=\"og:locale\" content=\"es_ES\" \/>\n<meta property=\"og:type\" content=\"article\" \/>\n<meta property=\"og:title\" content=\"Trabajos de San Jorge Kantutani alcanzaron un avance del 53% - El Diario - Bolivia\" \/>\n<meta property=\"og:description\" content=\"Las obras de estabilizaci\u00f3n y prevenci\u00f3n que realiza la Alcald\u00eda de La Paz, en la zona de San Jorge Kantutani, donde hace dos a\u00f1os un deslizamiento afect\u00f3 a 64 inmuebles y cort\u00f3 el tr\u00e1fico de la avenida Libertad, tienen un avance del 53% con la construcci\u00f3n de sistemas de pilotes, muros de contenci\u00f3n y c\u00e1maras [&hellip;]\" \/>\n<meta property=\"og:url\" content=\"https:\/\/www.eldiario.net\/portal\/2021\/06\/01\/trabajos-de-san-jorge-kantutani-alcanzaron-un-avance-del-53\/\" \/>\n<meta property=\"og:site_name\" content=\"El Diario - Bolivia\" \/>\n<meta property=\"article:publisher\" content=\"https:\/\/www.facebook.com\/eldiario.bolivia\/\" \/>\n<meta property=\"article:published_time\" content=\"2021-06-01T09:19:01+00:00\" \/>\n<meta name=\"author\" content=\"Jeanette\" \/>\n<meta name=\"twitter:card\" content=\"summary_large_image\" \/>\n<meta name=\"twitter:creator\" content=\"@eldiario_net\" \/>\n<meta name=\"twitter:site\" content=\"@eldiario_net\" \/>\n<meta name=\"twitter:label1\" content=\"Escrito por\" \/>\n\t<meta name=\"twitter:data1\" content=\"Jeanette\" \/>\n\t<meta name=\"twitter:label2\" content=\"Tiempo de lectura\" \/>\n\t<meta name=\"twitter:data2\" content=\"2 minutos\" \/>\n<script type=\"application\/ld+json\" class=\"yoast-schema-graph\">{\"@context\":\"https:\\\/\\\/schema.org\",\"@graph\":[{\"@type\":\"Article\",\"@id\":\"https:\\\/\\\/www.eldiario.net\\\/portal\\\/2021\\\/06\\\/01\\\/trabajos-de-san-jorge-kantutani-alcanzaron-un-avance-del-53\\\/#article\",\"isPartOf\":{\"@id\":\"https:\\\/\\\/www.eldiario.net\\\/portal\\\/2021\\\/06\\\/01\\\/trabajos-de-san-jorge-kantutani-alcanzaron-un-avance-del-53\\\/\"},\"author\":{\"name\":\"Jeanette\",\"@id\":\"https:\\\/\\\/www.eldiario.net\\\/portal\\\/#\\\/schema\\\/person\\\/f46445640444750d7d753ccd04ae01b7\"},\"headline\":\"Trabajos de San Jorge Kantutani alcanzaron un avance del 53%\",\"datePublished\":\"2021-06-01T09:19:01+00:00\",\"mainEntityOfPage\":{\"@id\":\"https:\\\/\\\/www.eldiario.net\\\/portal\\\/2021\\\/06\\\/01\\\/trabajos-de-san-jorge-kantutani-alcanzaron-un-avance-del-53\\\/\"},\"wordCount\":375,\"publisher\":{\"@id\":\"https:\\\/\\\/www.eldiario.net\\\/portal\\\/#organization\"},\"image\":{\"@id\":\"https:\\\/\\\/www.eldiario.net\\\/portal\\\/2021\\\/06\\\/01\\\/trabajos-de-san-jorge-kantutani-alcanzaron-un-avance-del-53\\\/#primaryimage\"},\"thumbnailUrl\":\"\",\"articleSection\":[\"Nacional\"],\"inLanguage\":\"es\"},{\"@type\":\"WebPage\",\"@id\":\"https:\\\/\\\/www.eldiario.net\\\/portal\\\/2021\\\/06\\\/01\\\/trabajos-de-san-jorge-kantutani-alcanzaron-un-avance-del-53\\\/\",\"url\":\"https:\\\/\\\/www.eldiario.net\\\/portal\\\/2021\\\/06\\\/01\\\/trabajos-de-san-jorge-kantutani-alcanzaron-un-avance-del-53\\\/\",\"name\":\"Trabajos de San Jorge Kantutani alcanzaron un avance del 53% - El Diario - Bolivia\",\"isPartOf\":{\"@id\":\"https:\\\/\\\/www.eldiario.net\\\/portal\\\/#website\"},\"primaryImageOfPage\":{\"@id\":\"https:\\\/\\\/www.eldiario.net\\\/portal\\\/2021\\\/06\\\/01\\\/trabajos-de-san-jorge-kantutani-alcanzaron-un-avance-del-53\\\/#primaryimage\"},\"image\":{\"@id\":\"https:\\\/\\\/www.eldiario.net\\\/portal\\\/2021\\\/06\\\/01\\\/trabajos-de-san-jorge-kantutani-alcanzaron-un-avance-del-53\\\/#primaryimage\"},\"thumbnailUrl\":\"\",\"datePublished\":\"2021-06-01T09:19:01+00:00\",\"breadcrumb\":{\"@id\":\"https:\\\/\\\/www.eldiario.net\\\/portal\\\/2021\\\/06\\\/01\\\/trabajos-de-san-jorge-kantutani-alcanzaron-un-avance-del-53\\\/#breadcrumb\"},\"inLanguage\":\"es\",\"potentialAction\":[{\"@type\":\"ReadAction\",\"target\":[\"https:\\\/\\\/www.eldiario.net\\\/portal\\\/2021\\\/06\\\/01\\\/trabajos-de-san-jorge-kantutani-alcanzaron-un-avance-del-53\\\/\"]}]},{\"@type\":\"ImageObject\",\"inLanguage\":\"es\",\"@id\":\"https:\\\/\\\/www.eldiario.net\\\/portal\\\/2021\\\/06\\\/01\\\/trabajos-de-san-jorge-kantutani-alcanzaron-un-avance-del-53\\\/#primaryimage\",\"url\":\"\",\"contentUrl\":\"\"},{\"@type\":\"BreadcrumbList\",\"@id\":\"https:\\\/\\\/www.eldiario.net\\\/portal\\\/2021\\\/06\\\/01\\\/trabajos-de-san-jorge-kantutani-alcanzaron-un-avance-del-53\\\/#breadcrumb\",\"itemListElement\":[{\"@type\":\"ListItem\",\"position\":1,\"name\":\"Portada\",\"item\":\"https:\\\/\\\/www.eldiario.net\\\/portal\\\/\"},{\"@type\":\"ListItem\",\"position\":2,\"name\":\"Trabajos de San Jorge Kantutani alcanzaron un avance del 53%\"}]},{\"@type\":\"WebSite\",\"@id\":\"https:\\\/\\\/www.eldiario.net\\\/portal\\\/#website\",\"url\":\"https:\\\/\\\/www.eldiario.net\\\/portal\\\/\",\"name\":\"El Diario - Decano de la prensa nacional\",\"description\":\"El Diario - Decano de la prensa nacional\",\"publisher\":{\"@id\":\"https:\\\/\\\/www.eldiario.net\\\/portal\\\/#organization\"},\"potentialAction\":[{\"@type\":\"SearchAction\",\"target\":{\"@type\":\"EntryPoint\",\"urlTemplate\":\"https:\\\/\\\/www.eldiario.net\\\/portal\\\/?s={search_term_string}\"},\"query-input\":{\"@type\":\"PropertyValueSpecification\",\"valueRequired\":true,\"valueName\":\"search_term_string\"}}],\"inLanguage\":\"es\"},{\"@type\":\"Organization\",\"@id\":\"https:\\\/\\\/www.eldiario.net\\\/portal\\\/#organization\",\"name\":\"El Diario - Decano de la prensa nacional\",\"url\":\"https:\\\/\\\/www.eldiario.net\\\/portal\\\/\",\"logo\":{\"@type\":\"ImageObject\",\"inLanguage\":\"es\",\"@id\":\"https:\\\/\\\/www.eldiario.net\\\/portal\\\/#\\\/schema\\\/logo\\\/image\\\/\",\"url\":\"https:\\\/\\\/www.eldiario.net\\\/portal\\\/wp-content\\\/uploads\\\/2023\\\/07\\\/logo_ED.jpg\",\"contentUrl\":\"https:\\\/\\\/www.eldiario.net\\\/portal\\\/wp-content\\\/uploads\\\/2023\\\/07\\\/logo_ED.jpg\",\"width\":272,\"height\":52,\"caption\":\"El Diario - Decano de la prensa nacional\"},\"image\":{\"@id\":\"https:\\\/\\\/www.eldiario.net\\\/portal\\\/#\\\/schema\\\/logo\\\/image\\\/\"},\"sameAs\":[\"https:\\\/\\\/www.facebook.com\\\/eldiario.bolivia\\\/\",\"https:\\\/\\\/x.com\\\/eldiario_net\"]},{\"@type\":\"Person\",\"@id\":\"https:\\\/\\\/www.eldiario.net\\\/portal\\\/#\\\/schema\\\/person\\\/f46445640444750d7d753ccd04ae01b7\",\"name\":\"Jeanette\",\"image\":{\"@type\":\"ImageObject\",\"inLanguage\":\"es\",\"@id\":\"https:\\\/\\\/secure.gravatar.com\\\/avatar\\\/3ea2118a5f7dad2b7138b1187a6b7ee55f160b9968b66013c3a3ef39dd7e5798?s=96&d=mm&r=g\",\"url\":\"https:\\\/\\\/secure.gravatar.com\\\/avatar\\\/3ea2118a5f7dad2b7138b1187a6b7ee55f160b9968b66013c3a3ef39dd7e5798?s=96&d=mm&r=g\",\"contentUrl\":\"https:\\\/\\\/secure.gravatar.com\\\/avatar\\\/3ea2118a5f7dad2b7138b1187a6b7ee55f160b9968b66013c3a3ef39dd7e5798?s=96&d=mm&r=g\",\"caption\":\"Jeanette\"},\"sameAs\":[\"https:\\\/\\\/www.eldiario.net\\\/portal\"],\"url\":\"https:\\\/\\\/www.eldiario.net\\\/portal\\\/author\\\/jeanette\\\/\"}]}<\/script>\n<!-- \/ Yoast SEO plugin. -->","yoast_head_json":{"title":"Trabajos de San Jorge Kantutani alcanzaron un avance del 53% - El Diario - Bolivia","robots":{"index":"index","follow":"follow","max-snippet":"max-snippet:-1","max-image-preview":"max-image-preview:large","max-video-preview":"max-video-preview:-1"},"canonical":"https:\/\/www.eldiario.net\/portal\/2021\/06\/01\/trabajos-de-san-jorge-kantutani-alcanzaron-un-avance-del-53\/","og_locale":"es_ES","og_type":"article","og_title":"Trabajos de San Jorge Kantutani alcanzaron un avance del 53% - El Diario - Bolivia","og_description":"Las obras de estabilizaci\u00f3n y prevenci\u00f3n que realiza la Alcald\u00eda de La Paz, en la zona de San Jorge Kantutani, donde hace dos a\u00f1os un deslizamiento afect\u00f3 a 64 inmuebles y cort\u00f3 el tr\u00e1fico de la avenida Libertad, tienen un avance del 53% con la construcci\u00f3n de sistemas de pilotes, muros de contenci\u00f3n y c\u00e1maras [&hellip;]","og_url":"https:\/\/www.eldiario.net\/portal\/2021\/06\/01\/trabajos-de-san-jorge-kantutani-alcanzaron-un-avance-del-53\/","og_site_name":"El Diario - Bolivia","article_publisher":"https:\/\/www.facebook.com\/eldiario.bolivia\/","article_published_time":"2021-06-01T09:19:01+00:00","author":"Jeanette","twitter_card":"summary_large_image","twitter_creator":"@eldiario_net","twitter_site":"@eldiario_net","twitter_misc":{"Escrito por":"Jeanette","Tiempo de lectura":"2 minutos"},"schema":{"@context":"https:\/\/schema.org","@graph":[{"@type":"Article","@id":"https:\/\/www.eldiario.net\/portal\/2021\/06\/01\/trabajos-de-san-jorge-kantutani-alcanzaron-un-avance-del-53\/#article","isPartOf":{"@id":"https:\/\/www.eldiario.net\/portal\/2021\/06\/01\/trabajos-de-san-jorge-kantutani-alcanzaron-un-avance-del-53\/"},"author":{"name":"Jeanette","@id":"https:\/\/www.eldiario.net\/portal\/#\/schema\/person\/f46445640444750d7d753ccd04ae01b7"},"headline":"Trabajos de San Jorge Kantutani alcanzaron un avance del 53%","datePublished":"2021-06-01T09:19:01+00:00","mainEntityOfPage":{"@id":"https:\/\/www.eldiario.net\/portal\/2021\/06\/01\/trabajos-de-san-jorge-kantutani-alcanzaron-un-avance-del-53\/"},"wordCount":375,"publisher":{"@id":"https:\/\/www.eldiario.net\/portal\/#organization"},"image":{"@id":"https:\/\/www.eldiario.net\/portal\/2021\/06\/01\/trabajos-de-san-jorge-kantutani-alcanzaron-un-avance-del-53\/#primaryimage"},"thumbnailUrl":"","articleSection":["Nacional"],"inLanguage":"es"},{"@type":"WebPage","@id":"https:\/\/www.eldiario.net\/portal\/2021\/06\/01\/trabajos-de-san-jorge-kantutani-alcanzaron-un-avance-del-53\/","url":"https:\/\/www.eldiario.net\/portal\/2021\/06\/01\/trabajos-de-san-jorge-kantutani-alcanzaron-un-avance-del-53\/","name":"Trabajos de San Jorge Kantutani alcanzaron un avance del 53% - El Diario - Bolivia","isPartOf":{"@id":"https:\/\/www.eldiario.net\/portal\/#website"},"primaryImageOfPage":{"@id":"https:\/\/www.eldiario.net\/portal\/2021\/06\/01\/trabajos-de-san-jorge-kantutani-alcanzaron-un-avance-del-53\/#primaryimage"},"image":{"@id":"https:\/\/www.eldiario.net\/portal\/2021\/06\/01\/trabajos-de-san-jorge-kantutani-alcanzaron-un-avance-del-53\/#primaryimage"},"thumbnailUrl":"","datePublished":"2021-06-01T09:19:01+00:00","breadcrumb":{"@id":"https:\/\/www.eldiario.net\/portal\/2021\/06\/01\/trabajos-de-san-jorge-kantutani-alcanzaron-un-avance-del-53\/#breadcrumb"},"inLanguage":"es","potentialAction":[{"@type":"ReadAction","target":["https:\/\/www.eldiario.net\/portal\/2021\/06\/01\/trabajos-de-san-jorge-kantutani-alcanzaron-un-avance-del-53\/"]}]},{"@type":"ImageObject","inLanguage":"es","@id":"https:\/\/www.eldiario.net\/portal\/2021\/06\/01\/trabajos-de-san-jorge-kantutani-alcanzaron-un-avance-del-53\/#primaryimage","url":"","contentUrl":""},{"@type":"BreadcrumbList","@id":"https:\/\/www.eldiario.net\/portal\/2021\/06\/01\/trabajos-de-san-jorge-kantutani-alcanzaron-un-avance-del-53\/#breadcrumb","itemListElement":[{"@type":"ListItem","position":1,"name":"Portada","item":"https:\/\/www.eldiario.net\/portal\/"},{"@type":"ListItem","position":2,"name":"Trabajos de San Jorge Kantutani alcanzaron un avance del 53%"}]},{"@type":"WebSite","@id":"https:\/\/www.eldiario.net\/portal\/#website","url":"https:\/\/www.eldiario.net\/portal\/","name":"El Diario - Decano de la prensa nacional","description":"El Diario - Decano de la prensa nacional","publisher":{"@id":"https:\/\/www.eldiario.net\/portal\/#organization"},"potentialAction":[{"@type":"SearchAction","target":{"@type":"EntryPoint","urlTemplate":"https:\/\/www.eldiario.net\/portal\/?s={search_term_string}"},"query-input":{"@type":"PropertyValueSpecification","valueRequired":true,"valueName":"search_term_string"}}],"inLanguage":"es"},{"@type":"Organization","@id":"https:\/\/www.eldiario.net\/portal\/#organization","name":"El Diario - Decano de la prensa nacional","url":"https:\/\/www.eldiario.net\/portal\/","logo":{"@type":"ImageObject","inLanguage":"es","@id":"https:\/\/www.eldiario.net\/portal\/#\/schema\/logo\/image\/","url":"https:\/\/www.eldiario.net\/portal\/wp-content\/uploads\/2023\/07\/logo_ED.jpg","contentUrl":"https:\/\/www.eldiario.net\/portal\/wp-content\/uploads\/2023\/07\/logo_ED.jpg","width":272,"height":52,"caption":"El Diario - Decano de la prensa nacional"},"image":{"@id":"https:\/\/www.eldiario.net\/portal\/#\/schema\/logo\/image\/"},"sameAs":["https:\/\/www.facebook.com\/eldiario.bolivia\/","https:\/\/x.com\/eldiario_net"]},{"@type":"Person","@id":"https:\/\/www.eldiario.net\/portal\/#\/schema\/person\/f46445640444750d7d753ccd04ae01b7","name":"Jeanette","image":{"@type":"ImageObject","inLanguage":"es","@id":"https:\/\/secure.gravatar.com\/avatar\/3ea2118a5f7dad2b7138b1187a6b7ee55f160b9968b66013c3a3ef39dd7e5798?s=96&d=mm&r=g","url":"https:\/\/secure.gravatar.com\/avatar\/3ea2118a5f7dad2b7138b1187a6b7ee55f160b9968b66013c3a3ef39dd7e5798?s=96&d=mm&r=g","contentUrl":"https:\/\/secure.gravatar.com\/avatar\/3ea2118a5f7dad2b7138b1187a6b7ee55f160b9968b66013c3a3ef39dd7e5798?s=96&d=mm&r=g","caption":"Jeanette"},"sameAs":["https:\/\/www.eldiario.net\/portal"],"url":"https:\/\/www.eldiario.net\/portal\/author\/jeanette\/"}]}},"_links":{"self":[{"href":"https:\/\/www.eldiario.net\/portal\/wp-json\/wp\/v2\/posts\/7583","targetHints":{"allow":["GET"]}}],"collection":[{"href":"https:\/\/www.eldiario.net\/portal\/wp-json\/wp\/v2\/posts"}],"about":[{"href":"https:\/\/www.eldiario.net\/portal\/wp-json\/wp\/v2\/types\/post"}],"author":[{"embeddable":true,"href":"https:\/\/www.eldiario.net\/portal\/wp-json\/wp\/v2\/users\/1"}],"replies":[{"embeddable":true,"href":"https:\/\/www.eldiario.net\/portal\/wp-json\/wp\/v2\/comments?post=7583"}],"version-history":[{"count":0,"href":"https:\/\/www.eldiario.net\/portal\/wp-json\/wp\/v2\/posts\/7583\/revisions"}],"wp:attachment":[{"href":"https:\/\/www.eldiario.net\/portal\/wp-json\/wp\/v2\/media?parent=7583"}],"wp:term":[{"taxonomy":"category","embeddable":true,"href":"https:\/\/www.eldiario.net\/portal\/wp-json\/wp\/v2\/categories?post=7583"},{"taxonomy":"post_tag","embeddable":true,"href":"https:\/\/www.eldiario.net\/portal\/wp-json\/wp\/v2\/tags?post=7583"}],"curies":[{"name":"wp","href":"https:\/\/api.w.org\/{rel}","templated":true}]}}