{"id":7507,"date":"2021-05-31T06:40:40","date_gmt":"2021-05-31T10:40:40","guid":{"rendered":"https:\/\/www.eldiario.net\/portal\/?p=7507"},"modified":"2021-05-31T06:40:40","modified_gmt":"2021-05-31T10:40:40","slug":"piden-que-transito-controle-uso-del-barbijo-a-choferes","status":"publish","type":"post","link":"https:\/\/www.eldiario.net\/portal\/2021\/05\/31\/piden-que-transito-controle-uso-del-barbijo-a-choferes\/","title":{"rendered":"Piden que Tr\u00e1nsito controle uso del barbijo a choferes"},"content":{"rendered":"<p>La poblaci\u00f3n exige que el Organismo Operativo de Tr\u00e1nsito (OOT) sea el que controle el uso del barbijo a conductores del servicio p\u00fabico de minibuses, debido a que existe un total incumplimiento de la norma, a pesar de estar vigente el riesgo de salud al que exponen a los pasajeros.<br \/>\nComo todos los d\u00edas, en la ciudad de El Alto varios conductores salen desde sus paradas en las diferentes zonas desde muy tempranas horas, pero sin el barbijo puesto, lo que hace que el usuario tenga que pedir que cumplan con las normas de bioseguridad a estas personas, pero reciben como respuesta una agresi\u00f3n verbal o \u201csi quieres puedes bajarte\u201d.<br \/>\nLa ciudadan\u00eda cansada de este tipo de agresiones y el riesgo al que se expone al subir a estos motorizados, donde el conductor no lleva el barbijo puesto, tiene que estar resignado a exponerse a un contagio del virus del covid-19, a causa de esta irresponsabilidad.<br \/>\nComo si fuera poco, otra de las faltas que cometen los choferes del servicio p\u00fablico de minibuses es que desde hace mucho tiempo sus veh\u00edculos ya no llevan la mampara que separa entre el usuario y ellos mismos y si algunos todav\u00eda tienen, ya se encuentran en mal estado y falta de limpieza.<br \/>\nDe la misma forma, los asientos ya no est\u00e1n protegidos con el material impermeable, tal como es el requisito que contin\u00faa vigente, pero varios de los propietarios de estos motorizados ya lo sacaron y los que llevan puestos no cuentan con la limpieza como corresponde.<br \/>\nPor otro lado, varios de estos motorizados tienen las ventanas cerradas sin la posibilidad de que sean abiertas, tal como es una de las normas; pero mantienen abierta solo la ventana donde est\u00e1 el chofer, sin una ventilaci\u00f3n apropiada para todos.<br \/>\nA pesar de que, por parte de los dirigentes de la Federaci\u00f3n Andina de Choferes 1ro. de Mayo a la cabeza de su ejecutivo V\u00edctor Tarqui, se han comprometido ante las autoridades del municipio de cumplir con todos estos requisitos, hasta el momento, muy pocos conductores acatan las mismas, siendo que el resto no cuida su salud y la de los usuarios, poniendo de esta manera en riesgo de contagio masivo a sus pasajeros.<br \/>\nProducto de todas estas arbitrariedades que todav\u00eda se cometen por los conductores, la ciudadan\u00eda, cansada de esos abusos y la falta de respeto, adem\u00e1s de no contar con una instancia al cual denunciar, exige a las autoridades municipales que sean ellos los que coordinen con el Organismo Operativo de Tr\u00e1nsito, para que sean los que hagan cumplir estas normas de la bioseguridad.<br \/>\n\u201cAdvertimos que de continuar con este tipo de actitudes por parte de los choferes, coordinaremos con las juntas de vecinos de cada barrio para echarlos a estos sindicatos que no cumplan con estas normas de salud\u201d, se\u00f1al\u00f3 un vecino de la zona de Alto Lima.<\/p>\n","protected":false},"excerpt":{"rendered":"<p>La poblaci\u00f3n exige que el Organismo Operativo de Tr\u00e1nsito (OOT) sea el que controle el uso del barbijo a conductores del servicio p\u00fabico de minibuses, debido a que existe un total incumplimiento de la norma, a pesar de estar vigente el riesgo de salud al que exponen a los pasajeros. Como todos los d\u00edas, en [&hellip;]<\/p>\n","protected":false},"author":1,"featured_media":7508,"comment_status":"closed","ping_status":"closed","sticky":false,"template":"","format":"standard","meta":{"_acf_changed":false,"footnotes":""},"categories":[12],"tags":[],"class_list":["post-7507","post","type-post","status-publish","format-standard","has-post-thumbnail","category-nacional"],"acf":{"antetitulo":""},"yoast_head":"<!-- This site is optimized with the Yoast SEO plugin v28.3 - https:\/\/yoast.com\/product\/yoast-seo-wordpress\/ -->\n<title>Piden que Tr\u00e1nsito controle uso del barbijo a choferes - El Diario - Bolivia<\/title>\n<meta name=\"robots\" content=\"index, follow, max-snippet:-1, max-image-preview:large, max-video-preview:-1\" \/>\n<link rel=\"canonical\" href=\"https:\/\/www.eldiario.net\/portal\/2021\/05\/31\/piden-que-transito-controle-uso-del-barbijo-a-choferes\/\" \/>\n<meta property=\"og:locale\" content=\"es_ES\" \/>\n<meta property=\"og:type\" content=\"article\" \/>\n<meta property=\"og:title\" content=\"Piden que Tr\u00e1nsito controle uso del barbijo a choferes - El Diario - Bolivia\" \/>\n<meta property=\"og:description\" content=\"La poblaci\u00f3n exige que el Organismo Operativo de Tr\u00e1nsito (OOT) sea el que controle el uso del barbijo a conductores del servicio p\u00fabico de minibuses, debido a que existe un total incumplimiento de la norma, a pesar de estar vigente el riesgo de salud al que exponen a los pasajeros. Como todos los d\u00edas, en [&hellip;]\" \/>\n<meta property=\"og:url\" content=\"https:\/\/www.eldiario.net\/portal\/2021\/05\/31\/piden-que-transito-controle-uso-del-barbijo-a-choferes\/\" \/>\n<meta property=\"og:site_name\" content=\"El Diario - Bolivia\" \/>\n<meta property=\"article:publisher\" content=\"https:\/\/www.facebook.com\/eldiario.bolivia\/\" \/>\n<meta property=\"article:published_time\" content=\"2021-05-31T10:40:40+00:00\" \/>\n<meta name=\"author\" content=\"Jeanette\" \/>\n<meta name=\"twitter:card\" content=\"summary_large_image\" \/>\n<meta name=\"twitter:creator\" content=\"@eldiario_net\" \/>\n<meta name=\"twitter:site\" content=\"@eldiario_net\" \/>\n<meta name=\"twitter:label1\" content=\"Escrito por\" \/>\n\t<meta name=\"twitter:data1\" content=\"Jeanette\" \/>\n\t<meta name=\"twitter:label2\" content=\"Tiempo de lectura\" \/>\n\t<meta name=\"twitter:data2\" content=\"3 minutos\" \/>\n<script type=\"application\/ld+json\" class=\"yoast-schema-graph\">{\"@context\":\"https:\\\/\\\/schema.org\",\"@graph\":[{\"@type\":\"Article\",\"@id\":\"https:\\\/\\\/www.eldiario.net\\\/portal\\\/2021\\\/05\\\/31\\\/piden-que-transito-controle-uso-del-barbijo-a-choferes\\\/#article\",\"isPartOf\":{\"@id\":\"https:\\\/\\\/www.eldiario.net\\\/portal\\\/2021\\\/05\\\/31\\\/piden-que-transito-controle-uso-del-barbijo-a-choferes\\\/\"},\"author\":{\"name\":\"Jeanette\",\"@id\":\"https:\\\/\\\/www.eldiario.net\\\/portal\\\/#\\\/schema\\\/person\\\/f46445640444750d7d753ccd04ae01b7\"},\"headline\":\"Piden que Tr\u00e1nsito controle uso del barbijo a choferes\",\"datePublished\":\"2021-05-31T10:40:40+00:00\",\"mainEntityOfPage\":{\"@id\":\"https:\\\/\\\/www.eldiario.net\\\/portal\\\/2021\\\/05\\\/31\\\/piden-que-transito-controle-uso-del-barbijo-a-choferes\\\/\"},\"wordCount\":505,\"publisher\":{\"@id\":\"https:\\\/\\\/www.eldiario.net\\\/portal\\\/#organization\"},\"image\":{\"@id\":\"https:\\\/\\\/www.eldiario.net\\\/portal\\\/2021\\\/05\\\/31\\\/piden-que-transito-controle-uso-del-barbijo-a-choferes\\\/#primaryimage\"},\"thumbnailUrl\":\"\",\"articleSection\":[\"Nacional\"],\"inLanguage\":\"es\"},{\"@type\":\"WebPage\",\"@id\":\"https:\\\/\\\/www.eldiario.net\\\/portal\\\/2021\\\/05\\\/31\\\/piden-que-transito-controle-uso-del-barbijo-a-choferes\\\/\",\"url\":\"https:\\\/\\\/www.eldiario.net\\\/portal\\\/2021\\\/05\\\/31\\\/piden-que-transito-controle-uso-del-barbijo-a-choferes\\\/\",\"name\":\"Piden que Tr\u00e1nsito controle uso del barbijo a choferes - El Diario - Bolivia\",\"isPartOf\":{\"@id\":\"https:\\\/\\\/www.eldiario.net\\\/portal\\\/#website\"},\"primaryImageOfPage\":{\"@id\":\"https:\\\/\\\/www.eldiario.net\\\/portal\\\/2021\\\/05\\\/31\\\/piden-que-transito-controle-uso-del-barbijo-a-choferes\\\/#primaryimage\"},\"image\":{\"@id\":\"https:\\\/\\\/www.eldiario.net\\\/portal\\\/2021\\\/05\\\/31\\\/piden-que-transito-controle-uso-del-barbijo-a-choferes\\\/#primaryimage\"},\"thumbnailUrl\":\"\",\"datePublished\":\"2021-05-31T10:40:40+00:00\",\"breadcrumb\":{\"@id\":\"https:\\\/\\\/www.eldiario.net\\\/portal\\\/2021\\\/05\\\/31\\\/piden-que-transito-controle-uso-del-barbijo-a-choferes\\\/#breadcrumb\"},\"inLanguage\":\"es\",\"potentialAction\":[{\"@type\":\"ReadAction\",\"target\":[\"https:\\\/\\\/www.eldiario.net\\\/portal\\\/2021\\\/05\\\/31\\\/piden-que-transito-controle-uso-del-barbijo-a-choferes\\\/\"]}]},{\"@type\":\"ImageObject\",\"inLanguage\":\"es\",\"@id\":\"https:\\\/\\\/www.eldiario.net\\\/portal\\\/2021\\\/05\\\/31\\\/piden-que-transito-controle-uso-del-barbijo-a-choferes\\\/#primaryimage\",\"url\":\"\",\"contentUrl\":\"\"},{\"@type\":\"BreadcrumbList\",\"@id\":\"https:\\\/\\\/www.eldiario.net\\\/portal\\\/2021\\\/05\\\/31\\\/piden-que-transito-controle-uso-del-barbijo-a-choferes\\\/#breadcrumb\",\"itemListElement\":[{\"@type\":\"ListItem\",\"position\":1,\"name\":\"Portada\",\"item\":\"https:\\\/\\\/www.eldiario.net\\\/portal\\\/\"},{\"@type\":\"ListItem\",\"position\":2,\"name\":\"Piden que Tr\u00e1nsito controle uso del barbijo a choferes\"}]},{\"@type\":\"WebSite\",\"@id\":\"https:\\\/\\\/www.eldiario.net\\\/portal\\\/#website\",\"url\":\"https:\\\/\\\/www.eldiario.net\\\/portal\\\/\",\"name\":\"El Diario - Decano de la prensa nacional\",\"description\":\"El Diario - Decano de la prensa nacional\",\"publisher\":{\"@id\":\"https:\\\/\\\/www.eldiario.net\\\/portal\\\/#organization\"},\"potentialAction\":[{\"@type\":\"SearchAction\",\"target\":{\"@type\":\"EntryPoint\",\"urlTemplate\":\"https:\\\/\\\/www.eldiario.net\\\/portal\\\/?s={search_term_string}\"},\"query-input\":{\"@type\":\"PropertyValueSpecification\",\"valueRequired\":true,\"valueName\":\"search_term_string\"}}],\"inLanguage\":\"es\"},{\"@type\":\"Organization\",\"@id\":\"https:\\\/\\\/www.eldiario.net\\\/portal\\\/#organization\",\"name\":\"El Diario - Decano de la prensa nacional\",\"url\":\"https:\\\/\\\/www.eldiario.net\\\/portal\\\/\",\"logo\":{\"@type\":\"ImageObject\",\"inLanguage\":\"es\",\"@id\":\"https:\\\/\\\/www.eldiario.net\\\/portal\\\/#\\\/schema\\\/logo\\\/image\\\/\",\"url\":\"https:\\\/\\\/www.eldiario.net\\\/portal\\\/wp-content\\\/uploads\\\/2023\\\/07\\\/logo_ED.jpg\",\"contentUrl\":\"https:\\\/\\\/www.eldiario.net\\\/portal\\\/wp-content\\\/uploads\\\/2023\\\/07\\\/logo_ED.jpg\",\"width\":272,\"height\":52,\"caption\":\"El Diario - Decano de la prensa nacional\"},\"image\":{\"@id\":\"https:\\\/\\\/www.eldiario.net\\\/portal\\\/#\\\/schema\\\/logo\\\/image\\\/\"},\"sameAs\":[\"https:\\\/\\\/www.facebook.com\\\/eldiario.bolivia\\\/\",\"https:\\\/\\\/x.com\\\/eldiario_net\"]},{\"@type\":\"Person\",\"@id\":\"https:\\\/\\\/www.eldiario.net\\\/portal\\\/#\\\/schema\\\/person\\\/f46445640444750d7d753ccd04ae01b7\",\"name\":\"Jeanette\",\"image\":{\"@type\":\"ImageObject\",\"inLanguage\":\"es\",\"@id\":\"https:\\\/\\\/secure.gravatar.com\\\/avatar\\\/3ea2118a5f7dad2b7138b1187a6b7ee55f160b9968b66013c3a3ef39dd7e5798?s=96&d=mm&r=g\",\"url\":\"https:\\\/\\\/secure.gravatar.com\\\/avatar\\\/3ea2118a5f7dad2b7138b1187a6b7ee55f160b9968b66013c3a3ef39dd7e5798?s=96&d=mm&r=g\",\"contentUrl\":\"https:\\\/\\\/secure.gravatar.com\\\/avatar\\\/3ea2118a5f7dad2b7138b1187a6b7ee55f160b9968b66013c3a3ef39dd7e5798?s=96&d=mm&r=g\",\"caption\":\"Jeanette\"},\"sameAs\":[\"https:\\\/\\\/www.eldiario.net\\\/portal\"],\"url\":\"https:\\\/\\\/www.eldiario.net\\\/portal\\\/author\\\/jeanette\\\/\"}]}<\/script>\n<!-- \/ Yoast SEO plugin. -->","yoast_head_json":{"title":"Piden que Tr\u00e1nsito controle uso del barbijo a choferes - El Diario - Bolivia","robots":{"index":"index","follow":"follow","max-snippet":"max-snippet:-1","max-image-preview":"max-image-preview:large","max-video-preview":"max-video-preview:-1"},"canonical":"https:\/\/www.eldiario.net\/portal\/2021\/05\/31\/piden-que-transito-controle-uso-del-barbijo-a-choferes\/","og_locale":"es_ES","og_type":"article","og_title":"Piden que Tr\u00e1nsito controle uso del barbijo a choferes - El Diario - Bolivia","og_description":"La poblaci\u00f3n exige que el Organismo Operativo de Tr\u00e1nsito (OOT) sea el que controle el uso del barbijo a conductores del servicio p\u00fabico de minibuses, debido a que existe un total incumplimiento de la norma, a pesar de estar vigente el riesgo de salud al que exponen a los pasajeros. Como todos los d\u00edas, en [&hellip;]","og_url":"https:\/\/www.eldiario.net\/portal\/2021\/05\/31\/piden-que-transito-controle-uso-del-barbijo-a-choferes\/","og_site_name":"El Diario - Bolivia","article_publisher":"https:\/\/www.facebook.com\/eldiario.bolivia\/","article_published_time":"2021-05-31T10:40:40+00:00","author":"Jeanette","twitter_card":"summary_large_image","twitter_creator":"@eldiario_net","twitter_site":"@eldiario_net","twitter_misc":{"Escrito por":"Jeanette","Tiempo de lectura":"3 minutos"},"schema":{"@context":"https:\/\/schema.org","@graph":[{"@type":"Article","@id":"https:\/\/www.eldiario.net\/portal\/2021\/05\/31\/piden-que-transito-controle-uso-del-barbijo-a-choferes\/#article","isPartOf":{"@id":"https:\/\/www.eldiario.net\/portal\/2021\/05\/31\/piden-que-transito-controle-uso-del-barbijo-a-choferes\/"},"author":{"name":"Jeanette","@id":"https:\/\/www.eldiario.net\/portal\/#\/schema\/person\/f46445640444750d7d753ccd04ae01b7"},"headline":"Piden que Tr\u00e1nsito controle uso del barbijo a choferes","datePublished":"2021-05-31T10:40:40+00:00","mainEntityOfPage":{"@id":"https:\/\/www.eldiario.net\/portal\/2021\/05\/31\/piden-que-transito-controle-uso-del-barbijo-a-choferes\/"},"wordCount":505,"publisher":{"@id":"https:\/\/www.eldiario.net\/portal\/#organization"},"image":{"@id":"https:\/\/www.eldiario.net\/portal\/2021\/05\/31\/piden-que-transito-controle-uso-del-barbijo-a-choferes\/#primaryimage"},"thumbnailUrl":"","articleSection":["Nacional"],"inLanguage":"es"},{"@type":"WebPage","@id":"https:\/\/www.eldiario.net\/portal\/2021\/05\/31\/piden-que-transito-controle-uso-del-barbijo-a-choferes\/","url":"https:\/\/www.eldiario.net\/portal\/2021\/05\/31\/piden-que-transito-controle-uso-del-barbijo-a-choferes\/","name":"Piden que Tr\u00e1nsito controle uso del barbijo a choferes - El Diario - Bolivia","isPartOf":{"@id":"https:\/\/www.eldiario.net\/portal\/#website"},"primaryImageOfPage":{"@id":"https:\/\/www.eldiario.net\/portal\/2021\/05\/31\/piden-que-transito-controle-uso-del-barbijo-a-choferes\/#primaryimage"},"image":{"@id":"https:\/\/www.eldiario.net\/portal\/2021\/05\/31\/piden-que-transito-controle-uso-del-barbijo-a-choferes\/#primaryimage"},"thumbnailUrl":"","datePublished":"2021-05-31T10:40:40+00:00","breadcrumb":{"@id":"https:\/\/www.eldiario.net\/portal\/2021\/05\/31\/piden-que-transito-controle-uso-del-barbijo-a-choferes\/#breadcrumb"},"inLanguage":"es","potentialAction":[{"@type":"ReadAction","target":["https:\/\/www.eldiario.net\/portal\/2021\/05\/31\/piden-que-transito-controle-uso-del-barbijo-a-choferes\/"]}]},{"@type":"ImageObject","inLanguage":"es","@id":"https:\/\/www.eldiario.net\/portal\/2021\/05\/31\/piden-que-transito-controle-uso-del-barbijo-a-choferes\/#primaryimage","url":"","contentUrl":""},{"@type":"BreadcrumbList","@id":"https:\/\/www.eldiario.net\/portal\/2021\/05\/31\/piden-que-transito-controle-uso-del-barbijo-a-choferes\/#breadcrumb","itemListElement":[{"@type":"ListItem","position":1,"name":"Portada","item":"https:\/\/www.eldiario.net\/portal\/"},{"@type":"ListItem","position":2,"name":"Piden que Tr\u00e1nsito controle uso del barbijo a choferes"}]},{"@type":"WebSite","@id":"https:\/\/www.eldiario.net\/portal\/#website","url":"https:\/\/www.eldiario.net\/portal\/","name":"El Diario - Decano de la prensa nacional","description":"El Diario - Decano de la prensa nacional","publisher":{"@id":"https:\/\/www.eldiario.net\/portal\/#organization"},"potentialAction":[{"@type":"SearchAction","target":{"@type":"EntryPoint","urlTemplate":"https:\/\/www.eldiario.net\/portal\/?s={search_term_string}"},"query-input":{"@type":"PropertyValueSpecification","valueRequired":true,"valueName":"search_term_string"}}],"inLanguage":"es"},{"@type":"Organization","@id":"https:\/\/www.eldiario.net\/portal\/#organization","name":"El Diario - Decano de la prensa nacional","url":"https:\/\/www.eldiario.net\/portal\/","logo":{"@type":"ImageObject","inLanguage":"es","@id":"https:\/\/www.eldiario.net\/portal\/#\/schema\/logo\/image\/","url":"https:\/\/www.eldiario.net\/portal\/wp-content\/uploads\/2023\/07\/logo_ED.jpg","contentUrl":"https:\/\/www.eldiario.net\/portal\/wp-content\/uploads\/2023\/07\/logo_ED.jpg","width":272,"height":52,"caption":"El Diario - Decano de la prensa nacional"},"image":{"@id":"https:\/\/www.eldiario.net\/portal\/#\/schema\/logo\/image\/"},"sameAs":["https:\/\/www.facebook.com\/eldiario.bolivia\/","https:\/\/x.com\/eldiario_net"]},{"@type":"Person","@id":"https:\/\/www.eldiario.net\/portal\/#\/schema\/person\/f46445640444750d7d753ccd04ae01b7","name":"Jeanette","image":{"@type":"ImageObject","inLanguage":"es","@id":"https:\/\/secure.gravatar.com\/avatar\/3ea2118a5f7dad2b7138b1187a6b7ee55f160b9968b66013c3a3ef39dd7e5798?s=96&d=mm&r=g","url":"https:\/\/secure.gravatar.com\/avatar\/3ea2118a5f7dad2b7138b1187a6b7ee55f160b9968b66013c3a3ef39dd7e5798?s=96&d=mm&r=g","contentUrl":"https:\/\/secure.gravatar.com\/avatar\/3ea2118a5f7dad2b7138b1187a6b7ee55f160b9968b66013c3a3ef39dd7e5798?s=96&d=mm&r=g","caption":"Jeanette"},"sameAs":["https:\/\/www.eldiario.net\/portal"],"url":"https:\/\/www.eldiario.net\/portal\/author\/jeanette\/"}]}},"_links":{"self":[{"href":"https:\/\/www.eldiario.net\/portal\/wp-json\/wp\/v2\/posts\/7507","targetHints":{"allow":["GET"]}}],"collection":[{"href":"https:\/\/www.eldiario.net\/portal\/wp-json\/wp\/v2\/posts"}],"about":[{"href":"https:\/\/www.eldiario.net\/portal\/wp-json\/wp\/v2\/types\/post"}],"author":[{"embeddable":true,"href":"https:\/\/www.eldiario.net\/portal\/wp-json\/wp\/v2\/users\/1"}],"replies":[{"embeddable":true,"href":"https:\/\/www.eldiario.net\/portal\/wp-json\/wp\/v2\/comments?post=7507"}],"version-history":[{"count":0,"href":"https:\/\/www.eldiario.net\/portal\/wp-json\/wp\/v2\/posts\/7507\/revisions"}],"wp:attachment":[{"href":"https:\/\/www.eldiario.net\/portal\/wp-json\/wp\/v2\/media?parent=7507"}],"wp:term":[{"taxonomy":"category","embeddable":true,"href":"https:\/\/www.eldiario.net\/portal\/wp-json\/wp\/v2\/categories?post=7507"},{"taxonomy":"post_tag","embeddable":true,"href":"https:\/\/www.eldiario.net\/portal\/wp-json\/wp\/v2\/tags?post=7507"}],"curies":[{"name":"wp","href":"https:\/\/api.w.org\/{rel}","templated":true}]}}