{"id":7504,"date":"2021-05-31T06:39:41","date_gmt":"2021-05-31T10:39:41","guid":{"rendered":"https:\/\/www.eldiario.net\/portal\/?p=7504"},"modified":"2021-05-31T06:39:41","modified_gmt":"2021-05-31T10:39:41","slug":"vecinos-preocupados-por-filtraciones-de-agua","status":"publish","type":"post","link":"https:\/\/www.eldiario.net\/portal\/2021\/05\/31\/vecinos-preocupados-por-filtraciones-de-agua\/","title":{"rendered":"Vecinos preocupados  por filtraciones de agua"},"content":{"rendered":"<p>Los vecinos de la urbanizaci\u00f3n Chacarismal del Distrito 1 de la urbe alte\u00f1a piden a las autoridades de los gobiernos municipales de La Paz y El Alto, que solucionen la inestabilidad del suelo que existe en la zona a causa de la cuenca Alpacoma.<br \/>\nLa preocupaci\u00f3n de los habitantes de este sector de la urbe alte\u00f1a, no solo es por su barrio, sino otros colindantes como Ciudad Sat\u00e9lite y Alpacoma, donde producto de conexiones clandestinas y, en otros casos, el mismo alcantarillado pluvial muchas casas de estos barrios corren el peligro de un deslizamiento.<br \/>\n\u201cEs lamentable que las autoridades de los municipios de La Paz y El Alto no puedan solucionar este problema que no es reciente, porque tanto Alpacoma del sector de la sede de Gobierno, tambi\u00e9n presenta estos problemas, donde incluso las filtraciones vienen de aguas servidas de estas conexiones clandestinas\u201d, manifest\u00f3 el presidente de Chacarismal, Daniel Pari.<br \/>\nLa preocupaci\u00f3n de los vecinos de este barrio, tambi\u00e9n denunciaron que todos estos problemas est\u00e1n provocando problemas de salud en sus habitantes, debido a la contaminaci\u00f3n ambiental que provocan estas filtraciones de aguas servidas, lo que en ciertas horas del d\u00eda los olores fuertes y f\u00e9tidos incomodan a los habitantes.<br \/>\nPor otro lado, de manera constante se corre el riesgo de que en estas zonas del Distrito 1, se d\u00e9 un deslizamiento y peor a\u00fan en \u00e9poca de lluvia, donde el riesgo es m\u00e1s inminente, por el remojo de la tierra que sufre a causa de estas temporadas de lluvias de cada a\u00f1o.<br \/>\nAl momento, seg\u00fan el dirigente, son ocho zonas las que estar\u00edan viviendo este tema de la inestabilidad del suelo, adem\u00e1s otros barrios de Alpacoma bajo que pertenecen a la ciudad de La Paz, pero que hasta el momento ninguna autoridad municipal de ambas ciudades se ha puesto a trabajar para solucionar este problema.<br \/>\nLa molestia y preocupaci\u00f3n de los vecinos sobre estos problemas es que han acudido ante el Subalcalde del Distrito 1, Elvin Linares, en varias oportunidades, pero a pesar del compromiso de reunirse para solucionar este problema, hasta la fecha no existe ninguna coordinaci\u00f3n ni respuesta sobre el tema.<br \/>\n\u201cEstamos esperando la respuesta de dicha autoridad, porque no se deja encontrar, a pesar de que se ha comprometido en atender este problema, pero hasta la fecha no podemos reunirnos con el Subalcalde, parece que quiere rehuir esta responsabilidad, pero nosotros seguiremos insistiendo, porque es su obligaci\u00f3n solucionar este problema\u201d, dijo el dirigente Pari.<br \/>\nLa preocupaci\u00f3n de m\u00e1s de 400 habitantes de esta urbanizaci\u00f3n Chacarismal, del Distrito 1 de la urbe alte\u00f1a, es de todos los d\u00edas, porque de la misma forma los olores que salen del alcantarillado sanitario provocan en los vecinos problemas de salud, como la falta de respiraci\u00f3n y otros.<br \/>\nFinalmente, y en caso de no ser atendidos por el Subalcalde su petici\u00f3n se har\u00e1 conocer a la Alcald\u00eda central de la ciudad de El Alto, sin descartar medidas de protesta, en caso de continuar con esta falta de inter\u00e9s de solucionar este problema.<\/p>\n","protected":false},"excerpt":{"rendered":"<p>Los vecinos de la urbanizaci\u00f3n Chacarismal del Distrito 1 de la urbe alte\u00f1a piden a las autoridades de los gobiernos municipales de La Paz y El Alto, que solucionen la inestabilidad del suelo que existe en la zona a causa de la cuenca Alpacoma. La preocupaci\u00f3n de los habitantes de este sector de la urbe [&hellip;]<\/p>\n","protected":false},"author":1,"featured_media":7505,"comment_status":"closed","ping_status":"closed","sticky":false,"template":"","format":"standard","meta":{"_acf_changed":false,"footnotes":""},"categories":[12],"tags":[],"class_list":["post-7504","post","type-post","status-publish","format-standard","has-post-thumbnail","category-nacional"],"acf":{"antetitulo":""},"yoast_head":"<!-- This site is optimized with the Yoast SEO plugin v28.3 - https:\/\/yoast.com\/product\/yoast-seo-wordpress\/ -->\n<title>Vecinos preocupados por filtraciones de agua - El Diario - Bolivia<\/title>\n<meta name=\"robots\" content=\"index, follow, max-snippet:-1, max-image-preview:large, max-video-preview:-1\" \/>\n<link rel=\"canonical\" href=\"https:\/\/www.eldiario.net\/portal\/2021\/05\/31\/vecinos-preocupados-por-filtraciones-de-agua\/\" \/>\n<meta property=\"og:locale\" content=\"es_ES\" \/>\n<meta property=\"og:type\" content=\"article\" \/>\n<meta property=\"og:title\" content=\"Vecinos preocupados por filtraciones de agua - El Diario - Bolivia\" \/>\n<meta property=\"og:description\" content=\"Los vecinos de la urbanizaci\u00f3n Chacarismal del Distrito 1 de la urbe alte\u00f1a piden a las autoridades de los gobiernos municipales de La Paz y El Alto, que solucionen la inestabilidad del suelo que existe en la zona a causa de la cuenca Alpacoma. La preocupaci\u00f3n de los habitantes de este sector de la urbe [&hellip;]\" \/>\n<meta property=\"og:url\" content=\"https:\/\/www.eldiario.net\/portal\/2021\/05\/31\/vecinos-preocupados-por-filtraciones-de-agua\/\" \/>\n<meta property=\"og:site_name\" content=\"El Diario - Bolivia\" \/>\n<meta property=\"article:publisher\" content=\"https:\/\/www.facebook.com\/eldiario.bolivia\/\" \/>\n<meta property=\"article:published_time\" content=\"2021-05-31T10:39:41+00:00\" \/>\n<meta name=\"author\" content=\"Jeanette\" \/>\n<meta name=\"twitter:card\" content=\"summary_large_image\" \/>\n<meta name=\"twitter:creator\" content=\"@eldiario_net\" \/>\n<meta name=\"twitter:site\" content=\"@eldiario_net\" \/>\n<meta name=\"twitter:label1\" content=\"Escrito por\" \/>\n\t<meta name=\"twitter:data1\" content=\"Jeanette\" \/>\n\t<meta name=\"twitter:label2\" content=\"Tiempo de lectura\" \/>\n\t<meta name=\"twitter:data2\" content=\"3 minutos\" \/>\n<script type=\"application\/ld+json\" class=\"yoast-schema-graph\">{\"@context\":\"https:\\\/\\\/schema.org\",\"@graph\":[{\"@type\":\"Article\",\"@id\":\"https:\\\/\\\/www.eldiario.net\\\/portal\\\/2021\\\/05\\\/31\\\/vecinos-preocupados-por-filtraciones-de-agua\\\/#article\",\"isPartOf\":{\"@id\":\"https:\\\/\\\/www.eldiario.net\\\/portal\\\/2021\\\/05\\\/31\\\/vecinos-preocupados-por-filtraciones-de-agua\\\/\"},\"author\":{\"name\":\"Jeanette\",\"@id\":\"https:\\\/\\\/www.eldiario.net\\\/portal\\\/#\\\/schema\\\/person\\\/f46445640444750d7d753ccd04ae01b7\"},\"headline\":\"Vecinos preocupados por filtraciones de agua\",\"datePublished\":\"2021-05-31T10:39:41+00:00\",\"mainEntityOfPage\":{\"@id\":\"https:\\\/\\\/www.eldiario.net\\\/portal\\\/2021\\\/05\\\/31\\\/vecinos-preocupados-por-filtraciones-de-agua\\\/\"},\"wordCount\":532,\"publisher\":{\"@id\":\"https:\\\/\\\/www.eldiario.net\\\/portal\\\/#organization\"},\"image\":{\"@id\":\"https:\\\/\\\/www.eldiario.net\\\/portal\\\/2021\\\/05\\\/31\\\/vecinos-preocupados-por-filtraciones-de-agua\\\/#primaryimage\"},\"thumbnailUrl\":\"\",\"articleSection\":[\"Nacional\"],\"inLanguage\":\"es\"},{\"@type\":\"WebPage\",\"@id\":\"https:\\\/\\\/www.eldiario.net\\\/portal\\\/2021\\\/05\\\/31\\\/vecinos-preocupados-por-filtraciones-de-agua\\\/\",\"url\":\"https:\\\/\\\/www.eldiario.net\\\/portal\\\/2021\\\/05\\\/31\\\/vecinos-preocupados-por-filtraciones-de-agua\\\/\",\"name\":\"Vecinos preocupados por filtraciones de agua - El Diario - Bolivia\",\"isPartOf\":{\"@id\":\"https:\\\/\\\/www.eldiario.net\\\/portal\\\/#website\"},\"primaryImageOfPage\":{\"@id\":\"https:\\\/\\\/www.eldiario.net\\\/portal\\\/2021\\\/05\\\/31\\\/vecinos-preocupados-por-filtraciones-de-agua\\\/#primaryimage\"},\"image\":{\"@id\":\"https:\\\/\\\/www.eldiario.net\\\/portal\\\/2021\\\/05\\\/31\\\/vecinos-preocupados-por-filtraciones-de-agua\\\/#primaryimage\"},\"thumbnailUrl\":\"\",\"datePublished\":\"2021-05-31T10:39:41+00:00\",\"breadcrumb\":{\"@id\":\"https:\\\/\\\/www.eldiario.net\\\/portal\\\/2021\\\/05\\\/31\\\/vecinos-preocupados-por-filtraciones-de-agua\\\/#breadcrumb\"},\"inLanguage\":\"es\",\"potentialAction\":[{\"@type\":\"ReadAction\",\"target\":[\"https:\\\/\\\/www.eldiario.net\\\/portal\\\/2021\\\/05\\\/31\\\/vecinos-preocupados-por-filtraciones-de-agua\\\/\"]}]},{\"@type\":\"ImageObject\",\"inLanguage\":\"es\",\"@id\":\"https:\\\/\\\/www.eldiario.net\\\/portal\\\/2021\\\/05\\\/31\\\/vecinos-preocupados-por-filtraciones-de-agua\\\/#primaryimage\",\"url\":\"\",\"contentUrl\":\"\"},{\"@type\":\"BreadcrumbList\",\"@id\":\"https:\\\/\\\/www.eldiario.net\\\/portal\\\/2021\\\/05\\\/31\\\/vecinos-preocupados-por-filtraciones-de-agua\\\/#breadcrumb\",\"itemListElement\":[{\"@type\":\"ListItem\",\"position\":1,\"name\":\"Portada\",\"item\":\"https:\\\/\\\/www.eldiario.net\\\/portal\\\/\"},{\"@type\":\"ListItem\",\"position\":2,\"name\":\"Vecinos preocupados por filtraciones de agua\"}]},{\"@type\":\"WebSite\",\"@id\":\"https:\\\/\\\/www.eldiario.net\\\/portal\\\/#website\",\"url\":\"https:\\\/\\\/www.eldiario.net\\\/portal\\\/\",\"name\":\"El Diario - Decano de la prensa nacional\",\"description\":\"El Diario - Decano de la prensa nacional\",\"publisher\":{\"@id\":\"https:\\\/\\\/www.eldiario.net\\\/portal\\\/#organization\"},\"potentialAction\":[{\"@type\":\"SearchAction\",\"target\":{\"@type\":\"EntryPoint\",\"urlTemplate\":\"https:\\\/\\\/www.eldiario.net\\\/portal\\\/?s={search_term_string}\"},\"query-input\":{\"@type\":\"PropertyValueSpecification\",\"valueRequired\":true,\"valueName\":\"search_term_string\"}}],\"inLanguage\":\"es\"},{\"@type\":\"Organization\",\"@id\":\"https:\\\/\\\/www.eldiario.net\\\/portal\\\/#organization\",\"name\":\"El Diario - Decano de la prensa nacional\",\"url\":\"https:\\\/\\\/www.eldiario.net\\\/portal\\\/\",\"logo\":{\"@type\":\"ImageObject\",\"inLanguage\":\"es\",\"@id\":\"https:\\\/\\\/www.eldiario.net\\\/portal\\\/#\\\/schema\\\/logo\\\/image\\\/\",\"url\":\"https:\\\/\\\/www.eldiario.net\\\/portal\\\/wp-content\\\/uploads\\\/2023\\\/07\\\/logo_ED.jpg\",\"contentUrl\":\"https:\\\/\\\/www.eldiario.net\\\/portal\\\/wp-content\\\/uploads\\\/2023\\\/07\\\/logo_ED.jpg\",\"width\":272,\"height\":52,\"caption\":\"El Diario - Decano de la prensa nacional\"},\"image\":{\"@id\":\"https:\\\/\\\/www.eldiario.net\\\/portal\\\/#\\\/schema\\\/logo\\\/image\\\/\"},\"sameAs\":[\"https:\\\/\\\/www.facebook.com\\\/eldiario.bolivia\\\/\",\"https:\\\/\\\/x.com\\\/eldiario_net\"]},{\"@type\":\"Person\",\"@id\":\"https:\\\/\\\/www.eldiario.net\\\/portal\\\/#\\\/schema\\\/person\\\/f46445640444750d7d753ccd04ae01b7\",\"name\":\"Jeanette\",\"image\":{\"@type\":\"ImageObject\",\"inLanguage\":\"es\",\"@id\":\"https:\\\/\\\/secure.gravatar.com\\\/avatar\\\/3ea2118a5f7dad2b7138b1187a6b7ee55f160b9968b66013c3a3ef39dd7e5798?s=96&d=mm&r=g\",\"url\":\"https:\\\/\\\/secure.gravatar.com\\\/avatar\\\/3ea2118a5f7dad2b7138b1187a6b7ee55f160b9968b66013c3a3ef39dd7e5798?s=96&d=mm&r=g\",\"contentUrl\":\"https:\\\/\\\/secure.gravatar.com\\\/avatar\\\/3ea2118a5f7dad2b7138b1187a6b7ee55f160b9968b66013c3a3ef39dd7e5798?s=96&d=mm&r=g\",\"caption\":\"Jeanette\"},\"sameAs\":[\"https:\\\/\\\/www.eldiario.net\\\/portal\"],\"url\":\"https:\\\/\\\/www.eldiario.net\\\/portal\\\/author\\\/jeanette\\\/\"}]}<\/script>\n<!-- \/ Yoast SEO plugin. -->","yoast_head_json":{"title":"Vecinos preocupados por filtraciones de agua - El Diario - Bolivia","robots":{"index":"index","follow":"follow","max-snippet":"max-snippet:-1","max-image-preview":"max-image-preview:large","max-video-preview":"max-video-preview:-1"},"canonical":"https:\/\/www.eldiario.net\/portal\/2021\/05\/31\/vecinos-preocupados-por-filtraciones-de-agua\/","og_locale":"es_ES","og_type":"article","og_title":"Vecinos preocupados por filtraciones de agua - El Diario - Bolivia","og_description":"Los vecinos de la urbanizaci\u00f3n Chacarismal del Distrito 1 de la urbe alte\u00f1a piden a las autoridades de los gobiernos municipales de La Paz y El Alto, que solucionen la inestabilidad del suelo que existe en la zona a causa de la cuenca Alpacoma. La preocupaci\u00f3n de los habitantes de este sector de la urbe [&hellip;]","og_url":"https:\/\/www.eldiario.net\/portal\/2021\/05\/31\/vecinos-preocupados-por-filtraciones-de-agua\/","og_site_name":"El Diario - Bolivia","article_publisher":"https:\/\/www.facebook.com\/eldiario.bolivia\/","article_published_time":"2021-05-31T10:39:41+00:00","author":"Jeanette","twitter_card":"summary_large_image","twitter_creator":"@eldiario_net","twitter_site":"@eldiario_net","twitter_misc":{"Escrito por":"Jeanette","Tiempo de lectura":"3 minutos"},"schema":{"@context":"https:\/\/schema.org","@graph":[{"@type":"Article","@id":"https:\/\/www.eldiario.net\/portal\/2021\/05\/31\/vecinos-preocupados-por-filtraciones-de-agua\/#article","isPartOf":{"@id":"https:\/\/www.eldiario.net\/portal\/2021\/05\/31\/vecinos-preocupados-por-filtraciones-de-agua\/"},"author":{"name":"Jeanette","@id":"https:\/\/www.eldiario.net\/portal\/#\/schema\/person\/f46445640444750d7d753ccd04ae01b7"},"headline":"Vecinos preocupados por filtraciones de agua","datePublished":"2021-05-31T10:39:41+00:00","mainEntityOfPage":{"@id":"https:\/\/www.eldiario.net\/portal\/2021\/05\/31\/vecinos-preocupados-por-filtraciones-de-agua\/"},"wordCount":532,"publisher":{"@id":"https:\/\/www.eldiario.net\/portal\/#organization"},"image":{"@id":"https:\/\/www.eldiario.net\/portal\/2021\/05\/31\/vecinos-preocupados-por-filtraciones-de-agua\/#primaryimage"},"thumbnailUrl":"","articleSection":["Nacional"],"inLanguage":"es"},{"@type":"WebPage","@id":"https:\/\/www.eldiario.net\/portal\/2021\/05\/31\/vecinos-preocupados-por-filtraciones-de-agua\/","url":"https:\/\/www.eldiario.net\/portal\/2021\/05\/31\/vecinos-preocupados-por-filtraciones-de-agua\/","name":"Vecinos preocupados por filtraciones de agua - El Diario - Bolivia","isPartOf":{"@id":"https:\/\/www.eldiario.net\/portal\/#website"},"primaryImageOfPage":{"@id":"https:\/\/www.eldiario.net\/portal\/2021\/05\/31\/vecinos-preocupados-por-filtraciones-de-agua\/#primaryimage"},"image":{"@id":"https:\/\/www.eldiario.net\/portal\/2021\/05\/31\/vecinos-preocupados-por-filtraciones-de-agua\/#primaryimage"},"thumbnailUrl":"","datePublished":"2021-05-31T10:39:41+00:00","breadcrumb":{"@id":"https:\/\/www.eldiario.net\/portal\/2021\/05\/31\/vecinos-preocupados-por-filtraciones-de-agua\/#breadcrumb"},"inLanguage":"es","potentialAction":[{"@type":"ReadAction","target":["https:\/\/www.eldiario.net\/portal\/2021\/05\/31\/vecinos-preocupados-por-filtraciones-de-agua\/"]}]},{"@type":"ImageObject","inLanguage":"es","@id":"https:\/\/www.eldiario.net\/portal\/2021\/05\/31\/vecinos-preocupados-por-filtraciones-de-agua\/#primaryimage","url":"","contentUrl":""},{"@type":"BreadcrumbList","@id":"https:\/\/www.eldiario.net\/portal\/2021\/05\/31\/vecinos-preocupados-por-filtraciones-de-agua\/#breadcrumb","itemListElement":[{"@type":"ListItem","position":1,"name":"Portada","item":"https:\/\/www.eldiario.net\/portal\/"},{"@type":"ListItem","position":2,"name":"Vecinos preocupados por filtraciones de agua"}]},{"@type":"WebSite","@id":"https:\/\/www.eldiario.net\/portal\/#website","url":"https:\/\/www.eldiario.net\/portal\/","name":"El Diario - Decano de la prensa nacional","description":"El Diario - Decano de la prensa nacional","publisher":{"@id":"https:\/\/www.eldiario.net\/portal\/#organization"},"potentialAction":[{"@type":"SearchAction","target":{"@type":"EntryPoint","urlTemplate":"https:\/\/www.eldiario.net\/portal\/?s={search_term_string}"},"query-input":{"@type":"PropertyValueSpecification","valueRequired":true,"valueName":"search_term_string"}}],"inLanguage":"es"},{"@type":"Organization","@id":"https:\/\/www.eldiario.net\/portal\/#organization","name":"El Diario - Decano de la prensa nacional","url":"https:\/\/www.eldiario.net\/portal\/","logo":{"@type":"ImageObject","inLanguage":"es","@id":"https:\/\/www.eldiario.net\/portal\/#\/schema\/logo\/image\/","url":"https:\/\/www.eldiario.net\/portal\/wp-content\/uploads\/2023\/07\/logo_ED.jpg","contentUrl":"https:\/\/www.eldiario.net\/portal\/wp-content\/uploads\/2023\/07\/logo_ED.jpg","width":272,"height":52,"caption":"El Diario - Decano de la prensa nacional"},"image":{"@id":"https:\/\/www.eldiario.net\/portal\/#\/schema\/logo\/image\/"},"sameAs":["https:\/\/www.facebook.com\/eldiario.bolivia\/","https:\/\/x.com\/eldiario_net"]},{"@type":"Person","@id":"https:\/\/www.eldiario.net\/portal\/#\/schema\/person\/f46445640444750d7d753ccd04ae01b7","name":"Jeanette","image":{"@type":"ImageObject","inLanguage":"es","@id":"https:\/\/secure.gravatar.com\/avatar\/3ea2118a5f7dad2b7138b1187a6b7ee55f160b9968b66013c3a3ef39dd7e5798?s=96&d=mm&r=g","url":"https:\/\/secure.gravatar.com\/avatar\/3ea2118a5f7dad2b7138b1187a6b7ee55f160b9968b66013c3a3ef39dd7e5798?s=96&d=mm&r=g","contentUrl":"https:\/\/secure.gravatar.com\/avatar\/3ea2118a5f7dad2b7138b1187a6b7ee55f160b9968b66013c3a3ef39dd7e5798?s=96&d=mm&r=g","caption":"Jeanette"},"sameAs":["https:\/\/www.eldiario.net\/portal"],"url":"https:\/\/www.eldiario.net\/portal\/author\/jeanette\/"}]}},"_links":{"self":[{"href":"https:\/\/www.eldiario.net\/portal\/wp-json\/wp\/v2\/posts\/7504","targetHints":{"allow":["GET"]}}],"collection":[{"href":"https:\/\/www.eldiario.net\/portal\/wp-json\/wp\/v2\/posts"}],"about":[{"href":"https:\/\/www.eldiario.net\/portal\/wp-json\/wp\/v2\/types\/post"}],"author":[{"embeddable":true,"href":"https:\/\/www.eldiario.net\/portal\/wp-json\/wp\/v2\/users\/1"}],"replies":[{"embeddable":true,"href":"https:\/\/www.eldiario.net\/portal\/wp-json\/wp\/v2\/comments?post=7504"}],"version-history":[{"count":0,"href":"https:\/\/www.eldiario.net\/portal\/wp-json\/wp\/v2\/posts\/7504\/revisions"}],"wp:attachment":[{"href":"https:\/\/www.eldiario.net\/portal\/wp-json\/wp\/v2\/media?parent=7504"}],"wp:term":[{"taxonomy":"category","embeddable":true,"href":"https:\/\/www.eldiario.net\/portal\/wp-json\/wp\/v2\/categories?post=7504"},{"taxonomy":"post_tag","embeddable":true,"href":"https:\/\/www.eldiario.net\/portal\/wp-json\/wp\/v2\/tags?post=7504"}],"curies":[{"name":"wp","href":"https:\/\/api.w.org\/{rel}","templated":true}]}}