{"id":7501,"date":"2021-05-31T06:38:47","date_gmt":"2021-05-31T10:38:47","guid":{"rendered":"https:\/\/www.eldiario.net\/portal\/?p=7501"},"modified":"2021-05-31T06:38:47","modified_gmt":"2021-05-31T10:38:47","slug":"masiva-afluencia-para-prueba-antigeno-nasal","status":"publish","type":"post","link":"https:\/\/www.eldiario.net\/portal\/2021\/05\/31\/masiva-afluencia-para-prueba-antigeno-nasal\/","title":{"rendered":"Masiva afluencia para prueba ant\u00edgeno nasal"},"content":{"rendered":"<p>Hubo ayer masiva concurrencia de la poblaci\u00f3n al punto m\u00f3vil del Gobierno Aut\u00f3nomo Municipal de El Alto (Gamea) que se instal\u00f3 en la feria 16 de Julio, para realizarse la prueba ant\u00edgeno nasal para la detecci\u00f3n del covid-19.<br \/>\nAlrededor de un centenar de personas se congregaron en el transcurso de la jornada, en el consultorio m\u00f3vil que se instal\u00f3 en la avenida Juan Pablo II, altura de la Cruz Papal. Similar situaci\u00f3n se vivi\u00f3 el s\u00e1bado en la exparada 8 del Distrito 14, donde tambi\u00e9n existi\u00f3 una buena cantidad de personas que acudieron para realizarse la prueba.<br \/>\nSeg\u00fan el director de salud del Gamea, Freddy Balanza, diariamente se realizan alrededor de 300 pruebas entre los consultorios m\u00f3viles y los centros de salud de la urbe alte\u00f1a.<br \/>\nLas personas solamente deben acercarse al punto m\u00f3vil con una fotocopia de su carnet de identidad y despu\u00e9s de 15 minutos podr\u00e1n conocer el resultado de la prueba, de ser negativa se les recomienda continuar con las medidas de bioseguridad y en caso de que alg\u00fan vecino resulte positivo se lo remite a uno de los centros de salud covid-19, que existen en la ciudad.<br \/>\nEn la oportunidad, el personal de salud tambi\u00e9n hizo una campa\u00f1a para el uso correcto del barbijo, el distanciamiento f\u00edsico y el uso del alcohol en gel o l\u00edquido como medidas de protecci\u00f3n para evitar la propagaci\u00f3n del virus.<br \/>\nHace unas semanas, el Concejo Municipal aprob\u00f3 la ley de uso obligatorio del barbijo y otras medidas de bioseguridad sanitaria, mientras que el Centro de Operaciones de Emergencia Departamental dio a conocer restricciones que se aplicar\u00e1n a partir de este lunes.<br \/>\nSe proh\u00edben las fiestas con o sin consumo de bebidas alcoh\u00f3licas, se proh\u00edbe el funcionamiento de locales nocturnos, las actividades p\u00fablicas solamente pueden ser al 50 % del aforo y sin consumo de bebidas alcoh\u00f3licas, mientras que la venta de bebidas alcoh\u00f3licas en licorer\u00edas, tiendas de barrio y supermercados solo puede ser hasta las 22 horas. Estas restricciones se aplicar\u00e1n desde el 31 de mayo hasta el 7 de junio.<\/p>\n","protected":false},"excerpt":{"rendered":"<p>Hubo ayer masiva concurrencia de la poblaci\u00f3n al punto m\u00f3vil del Gobierno Aut\u00f3nomo Municipal de El Alto (Gamea) que se instal\u00f3 en la feria 16 de Julio, para realizarse la prueba ant\u00edgeno nasal para la detecci\u00f3n del covid-19. Alrededor de un centenar de personas se congregaron en el transcurso de la jornada, en el consultorio [&hellip;]<\/p>\n","protected":false},"author":1,"featured_media":7502,"comment_status":"closed","ping_status":"closed","sticky":false,"template":"","format":"standard","meta":{"_acf_changed":false,"footnotes":""},"categories":[12],"tags":[],"class_list":["post-7501","post","type-post","status-publish","format-standard","has-post-thumbnail","category-nacional"],"acf":{"antetitulo":""},"yoast_head":"<!-- This site is optimized with the Yoast SEO plugin v28.3 - https:\/\/yoast.com\/product\/yoast-seo-wordpress\/ -->\n<title>Masiva afluencia para prueba ant\u00edgeno nasal - El Diario - Bolivia<\/title>\n<meta name=\"robots\" content=\"index, follow, max-snippet:-1, max-image-preview:large, max-video-preview:-1\" \/>\n<link rel=\"canonical\" href=\"https:\/\/www.eldiario.net\/portal\/2021\/05\/31\/masiva-afluencia-para-prueba-antigeno-nasal\/\" \/>\n<meta property=\"og:locale\" content=\"es_ES\" \/>\n<meta property=\"og:type\" content=\"article\" \/>\n<meta property=\"og:title\" content=\"Masiva afluencia para prueba ant\u00edgeno nasal - El Diario - Bolivia\" \/>\n<meta property=\"og:description\" content=\"Hubo ayer masiva concurrencia de la poblaci\u00f3n al punto m\u00f3vil del Gobierno Aut\u00f3nomo Municipal de El Alto (Gamea) que se instal\u00f3 en la feria 16 de Julio, para realizarse la prueba ant\u00edgeno nasal para la detecci\u00f3n del covid-19. Alrededor de un centenar de personas se congregaron en el transcurso de la jornada, en el consultorio [&hellip;]\" \/>\n<meta property=\"og:url\" content=\"https:\/\/www.eldiario.net\/portal\/2021\/05\/31\/masiva-afluencia-para-prueba-antigeno-nasal\/\" \/>\n<meta property=\"og:site_name\" content=\"El Diario - Bolivia\" \/>\n<meta property=\"article:publisher\" content=\"https:\/\/www.facebook.com\/eldiario.bolivia\/\" \/>\n<meta property=\"article:published_time\" content=\"2021-05-31T10:38:47+00:00\" \/>\n<meta name=\"author\" content=\"Jeanette\" \/>\n<meta name=\"twitter:card\" content=\"summary_large_image\" \/>\n<meta name=\"twitter:creator\" content=\"@eldiario_net\" \/>\n<meta name=\"twitter:site\" content=\"@eldiario_net\" \/>\n<meta name=\"twitter:label1\" content=\"Escrito por\" \/>\n\t<meta name=\"twitter:data1\" content=\"Jeanette\" \/>\n\t<meta name=\"twitter:label2\" content=\"Tiempo de lectura\" \/>\n\t<meta name=\"twitter:data2\" content=\"2 minutos\" \/>\n<script type=\"application\/ld+json\" class=\"yoast-schema-graph\">{\"@context\":\"https:\\\/\\\/schema.org\",\"@graph\":[{\"@type\":\"Article\",\"@id\":\"https:\\\/\\\/www.eldiario.net\\\/portal\\\/2021\\\/05\\\/31\\\/masiva-afluencia-para-prueba-antigeno-nasal\\\/#article\",\"isPartOf\":{\"@id\":\"https:\\\/\\\/www.eldiario.net\\\/portal\\\/2021\\\/05\\\/31\\\/masiva-afluencia-para-prueba-antigeno-nasal\\\/\"},\"author\":{\"name\":\"Jeanette\",\"@id\":\"https:\\\/\\\/www.eldiario.net\\\/portal\\\/#\\\/schema\\\/person\\\/f46445640444750d7d753ccd04ae01b7\"},\"headline\":\"Masiva afluencia para prueba ant\u00edgeno nasal\",\"datePublished\":\"2021-05-31T10:38:47+00:00\",\"mainEntityOfPage\":{\"@id\":\"https:\\\/\\\/www.eldiario.net\\\/portal\\\/2021\\\/05\\\/31\\\/masiva-afluencia-para-prueba-antigeno-nasal\\\/\"},\"wordCount\":369,\"publisher\":{\"@id\":\"https:\\\/\\\/www.eldiario.net\\\/portal\\\/#organization\"},\"image\":{\"@id\":\"https:\\\/\\\/www.eldiario.net\\\/portal\\\/2021\\\/05\\\/31\\\/masiva-afluencia-para-prueba-antigeno-nasal\\\/#primaryimage\"},\"thumbnailUrl\":\"\",\"articleSection\":[\"Nacional\"],\"inLanguage\":\"es\"},{\"@type\":\"WebPage\",\"@id\":\"https:\\\/\\\/www.eldiario.net\\\/portal\\\/2021\\\/05\\\/31\\\/masiva-afluencia-para-prueba-antigeno-nasal\\\/\",\"url\":\"https:\\\/\\\/www.eldiario.net\\\/portal\\\/2021\\\/05\\\/31\\\/masiva-afluencia-para-prueba-antigeno-nasal\\\/\",\"name\":\"Masiva afluencia para prueba ant\u00edgeno nasal - El Diario - Bolivia\",\"isPartOf\":{\"@id\":\"https:\\\/\\\/www.eldiario.net\\\/portal\\\/#website\"},\"primaryImageOfPage\":{\"@id\":\"https:\\\/\\\/www.eldiario.net\\\/portal\\\/2021\\\/05\\\/31\\\/masiva-afluencia-para-prueba-antigeno-nasal\\\/#primaryimage\"},\"image\":{\"@id\":\"https:\\\/\\\/www.eldiario.net\\\/portal\\\/2021\\\/05\\\/31\\\/masiva-afluencia-para-prueba-antigeno-nasal\\\/#primaryimage\"},\"thumbnailUrl\":\"\",\"datePublished\":\"2021-05-31T10:38:47+00:00\",\"breadcrumb\":{\"@id\":\"https:\\\/\\\/www.eldiario.net\\\/portal\\\/2021\\\/05\\\/31\\\/masiva-afluencia-para-prueba-antigeno-nasal\\\/#breadcrumb\"},\"inLanguage\":\"es\",\"potentialAction\":[{\"@type\":\"ReadAction\",\"target\":[\"https:\\\/\\\/www.eldiario.net\\\/portal\\\/2021\\\/05\\\/31\\\/masiva-afluencia-para-prueba-antigeno-nasal\\\/\"]}]},{\"@type\":\"ImageObject\",\"inLanguage\":\"es\",\"@id\":\"https:\\\/\\\/www.eldiario.net\\\/portal\\\/2021\\\/05\\\/31\\\/masiva-afluencia-para-prueba-antigeno-nasal\\\/#primaryimage\",\"url\":\"\",\"contentUrl\":\"\"},{\"@type\":\"BreadcrumbList\",\"@id\":\"https:\\\/\\\/www.eldiario.net\\\/portal\\\/2021\\\/05\\\/31\\\/masiva-afluencia-para-prueba-antigeno-nasal\\\/#breadcrumb\",\"itemListElement\":[{\"@type\":\"ListItem\",\"position\":1,\"name\":\"Portada\",\"item\":\"https:\\\/\\\/www.eldiario.net\\\/portal\\\/\"},{\"@type\":\"ListItem\",\"position\":2,\"name\":\"Masiva afluencia para prueba ant\u00edgeno nasal\"}]},{\"@type\":\"WebSite\",\"@id\":\"https:\\\/\\\/www.eldiario.net\\\/portal\\\/#website\",\"url\":\"https:\\\/\\\/www.eldiario.net\\\/portal\\\/\",\"name\":\"El Diario - Decano de la prensa nacional\",\"description\":\"El Diario - Decano de la prensa nacional\",\"publisher\":{\"@id\":\"https:\\\/\\\/www.eldiario.net\\\/portal\\\/#organization\"},\"potentialAction\":[{\"@type\":\"SearchAction\",\"target\":{\"@type\":\"EntryPoint\",\"urlTemplate\":\"https:\\\/\\\/www.eldiario.net\\\/portal\\\/?s={search_term_string}\"},\"query-input\":{\"@type\":\"PropertyValueSpecification\",\"valueRequired\":true,\"valueName\":\"search_term_string\"}}],\"inLanguage\":\"es\"},{\"@type\":\"Organization\",\"@id\":\"https:\\\/\\\/www.eldiario.net\\\/portal\\\/#organization\",\"name\":\"El Diario - Decano de la prensa nacional\",\"url\":\"https:\\\/\\\/www.eldiario.net\\\/portal\\\/\",\"logo\":{\"@type\":\"ImageObject\",\"inLanguage\":\"es\",\"@id\":\"https:\\\/\\\/www.eldiario.net\\\/portal\\\/#\\\/schema\\\/logo\\\/image\\\/\",\"url\":\"https:\\\/\\\/www.eldiario.net\\\/portal\\\/wp-content\\\/uploads\\\/2023\\\/07\\\/logo_ED.jpg\",\"contentUrl\":\"https:\\\/\\\/www.eldiario.net\\\/portal\\\/wp-content\\\/uploads\\\/2023\\\/07\\\/logo_ED.jpg\",\"width\":272,\"height\":52,\"caption\":\"El Diario - Decano de la prensa nacional\"},\"image\":{\"@id\":\"https:\\\/\\\/www.eldiario.net\\\/portal\\\/#\\\/schema\\\/logo\\\/image\\\/\"},\"sameAs\":[\"https:\\\/\\\/www.facebook.com\\\/eldiario.bolivia\\\/\",\"https:\\\/\\\/x.com\\\/eldiario_net\"]},{\"@type\":\"Person\",\"@id\":\"https:\\\/\\\/www.eldiario.net\\\/portal\\\/#\\\/schema\\\/person\\\/f46445640444750d7d753ccd04ae01b7\",\"name\":\"Jeanette\",\"image\":{\"@type\":\"ImageObject\",\"inLanguage\":\"es\",\"@id\":\"https:\\\/\\\/secure.gravatar.com\\\/avatar\\\/3ea2118a5f7dad2b7138b1187a6b7ee55f160b9968b66013c3a3ef39dd7e5798?s=96&d=mm&r=g\",\"url\":\"https:\\\/\\\/secure.gravatar.com\\\/avatar\\\/3ea2118a5f7dad2b7138b1187a6b7ee55f160b9968b66013c3a3ef39dd7e5798?s=96&d=mm&r=g\",\"contentUrl\":\"https:\\\/\\\/secure.gravatar.com\\\/avatar\\\/3ea2118a5f7dad2b7138b1187a6b7ee55f160b9968b66013c3a3ef39dd7e5798?s=96&d=mm&r=g\",\"caption\":\"Jeanette\"},\"sameAs\":[\"https:\\\/\\\/www.eldiario.net\\\/portal\"],\"url\":\"https:\\\/\\\/www.eldiario.net\\\/portal\\\/author\\\/jeanette\\\/\"}]}<\/script>\n<!-- \/ Yoast SEO plugin. -->","yoast_head_json":{"title":"Masiva afluencia para prueba ant\u00edgeno nasal - El Diario - Bolivia","robots":{"index":"index","follow":"follow","max-snippet":"max-snippet:-1","max-image-preview":"max-image-preview:large","max-video-preview":"max-video-preview:-1"},"canonical":"https:\/\/www.eldiario.net\/portal\/2021\/05\/31\/masiva-afluencia-para-prueba-antigeno-nasal\/","og_locale":"es_ES","og_type":"article","og_title":"Masiva afluencia para prueba ant\u00edgeno nasal - El Diario - Bolivia","og_description":"Hubo ayer masiva concurrencia de la poblaci\u00f3n al punto m\u00f3vil del Gobierno Aut\u00f3nomo Municipal de El Alto (Gamea) que se instal\u00f3 en la feria 16 de Julio, para realizarse la prueba ant\u00edgeno nasal para la detecci\u00f3n del covid-19. Alrededor de un centenar de personas se congregaron en el transcurso de la jornada, en el consultorio [&hellip;]","og_url":"https:\/\/www.eldiario.net\/portal\/2021\/05\/31\/masiva-afluencia-para-prueba-antigeno-nasal\/","og_site_name":"El Diario - Bolivia","article_publisher":"https:\/\/www.facebook.com\/eldiario.bolivia\/","article_published_time":"2021-05-31T10:38:47+00:00","author":"Jeanette","twitter_card":"summary_large_image","twitter_creator":"@eldiario_net","twitter_site":"@eldiario_net","twitter_misc":{"Escrito por":"Jeanette","Tiempo de lectura":"2 minutos"},"schema":{"@context":"https:\/\/schema.org","@graph":[{"@type":"Article","@id":"https:\/\/www.eldiario.net\/portal\/2021\/05\/31\/masiva-afluencia-para-prueba-antigeno-nasal\/#article","isPartOf":{"@id":"https:\/\/www.eldiario.net\/portal\/2021\/05\/31\/masiva-afluencia-para-prueba-antigeno-nasal\/"},"author":{"name":"Jeanette","@id":"https:\/\/www.eldiario.net\/portal\/#\/schema\/person\/f46445640444750d7d753ccd04ae01b7"},"headline":"Masiva afluencia para prueba ant\u00edgeno nasal","datePublished":"2021-05-31T10:38:47+00:00","mainEntityOfPage":{"@id":"https:\/\/www.eldiario.net\/portal\/2021\/05\/31\/masiva-afluencia-para-prueba-antigeno-nasal\/"},"wordCount":369,"publisher":{"@id":"https:\/\/www.eldiario.net\/portal\/#organization"},"image":{"@id":"https:\/\/www.eldiario.net\/portal\/2021\/05\/31\/masiva-afluencia-para-prueba-antigeno-nasal\/#primaryimage"},"thumbnailUrl":"","articleSection":["Nacional"],"inLanguage":"es"},{"@type":"WebPage","@id":"https:\/\/www.eldiario.net\/portal\/2021\/05\/31\/masiva-afluencia-para-prueba-antigeno-nasal\/","url":"https:\/\/www.eldiario.net\/portal\/2021\/05\/31\/masiva-afluencia-para-prueba-antigeno-nasal\/","name":"Masiva afluencia para prueba ant\u00edgeno nasal - El Diario - Bolivia","isPartOf":{"@id":"https:\/\/www.eldiario.net\/portal\/#website"},"primaryImageOfPage":{"@id":"https:\/\/www.eldiario.net\/portal\/2021\/05\/31\/masiva-afluencia-para-prueba-antigeno-nasal\/#primaryimage"},"image":{"@id":"https:\/\/www.eldiario.net\/portal\/2021\/05\/31\/masiva-afluencia-para-prueba-antigeno-nasal\/#primaryimage"},"thumbnailUrl":"","datePublished":"2021-05-31T10:38:47+00:00","breadcrumb":{"@id":"https:\/\/www.eldiario.net\/portal\/2021\/05\/31\/masiva-afluencia-para-prueba-antigeno-nasal\/#breadcrumb"},"inLanguage":"es","potentialAction":[{"@type":"ReadAction","target":["https:\/\/www.eldiario.net\/portal\/2021\/05\/31\/masiva-afluencia-para-prueba-antigeno-nasal\/"]}]},{"@type":"ImageObject","inLanguage":"es","@id":"https:\/\/www.eldiario.net\/portal\/2021\/05\/31\/masiva-afluencia-para-prueba-antigeno-nasal\/#primaryimage","url":"","contentUrl":""},{"@type":"BreadcrumbList","@id":"https:\/\/www.eldiario.net\/portal\/2021\/05\/31\/masiva-afluencia-para-prueba-antigeno-nasal\/#breadcrumb","itemListElement":[{"@type":"ListItem","position":1,"name":"Portada","item":"https:\/\/www.eldiario.net\/portal\/"},{"@type":"ListItem","position":2,"name":"Masiva afluencia para prueba ant\u00edgeno nasal"}]},{"@type":"WebSite","@id":"https:\/\/www.eldiario.net\/portal\/#website","url":"https:\/\/www.eldiario.net\/portal\/","name":"El Diario - Decano de la prensa nacional","description":"El Diario - Decano de la prensa nacional","publisher":{"@id":"https:\/\/www.eldiario.net\/portal\/#organization"},"potentialAction":[{"@type":"SearchAction","target":{"@type":"EntryPoint","urlTemplate":"https:\/\/www.eldiario.net\/portal\/?s={search_term_string}"},"query-input":{"@type":"PropertyValueSpecification","valueRequired":true,"valueName":"search_term_string"}}],"inLanguage":"es"},{"@type":"Organization","@id":"https:\/\/www.eldiario.net\/portal\/#organization","name":"El Diario - Decano de la prensa nacional","url":"https:\/\/www.eldiario.net\/portal\/","logo":{"@type":"ImageObject","inLanguage":"es","@id":"https:\/\/www.eldiario.net\/portal\/#\/schema\/logo\/image\/","url":"https:\/\/www.eldiario.net\/portal\/wp-content\/uploads\/2023\/07\/logo_ED.jpg","contentUrl":"https:\/\/www.eldiario.net\/portal\/wp-content\/uploads\/2023\/07\/logo_ED.jpg","width":272,"height":52,"caption":"El Diario - Decano de la prensa nacional"},"image":{"@id":"https:\/\/www.eldiario.net\/portal\/#\/schema\/logo\/image\/"},"sameAs":["https:\/\/www.facebook.com\/eldiario.bolivia\/","https:\/\/x.com\/eldiario_net"]},{"@type":"Person","@id":"https:\/\/www.eldiario.net\/portal\/#\/schema\/person\/f46445640444750d7d753ccd04ae01b7","name":"Jeanette","image":{"@type":"ImageObject","inLanguage":"es","@id":"https:\/\/secure.gravatar.com\/avatar\/3ea2118a5f7dad2b7138b1187a6b7ee55f160b9968b66013c3a3ef39dd7e5798?s=96&d=mm&r=g","url":"https:\/\/secure.gravatar.com\/avatar\/3ea2118a5f7dad2b7138b1187a6b7ee55f160b9968b66013c3a3ef39dd7e5798?s=96&d=mm&r=g","contentUrl":"https:\/\/secure.gravatar.com\/avatar\/3ea2118a5f7dad2b7138b1187a6b7ee55f160b9968b66013c3a3ef39dd7e5798?s=96&d=mm&r=g","caption":"Jeanette"},"sameAs":["https:\/\/www.eldiario.net\/portal"],"url":"https:\/\/www.eldiario.net\/portal\/author\/jeanette\/"}]}},"_links":{"self":[{"href":"https:\/\/www.eldiario.net\/portal\/wp-json\/wp\/v2\/posts\/7501","targetHints":{"allow":["GET"]}}],"collection":[{"href":"https:\/\/www.eldiario.net\/portal\/wp-json\/wp\/v2\/posts"}],"about":[{"href":"https:\/\/www.eldiario.net\/portal\/wp-json\/wp\/v2\/types\/post"}],"author":[{"embeddable":true,"href":"https:\/\/www.eldiario.net\/portal\/wp-json\/wp\/v2\/users\/1"}],"replies":[{"embeddable":true,"href":"https:\/\/www.eldiario.net\/portal\/wp-json\/wp\/v2\/comments?post=7501"}],"version-history":[{"count":0,"href":"https:\/\/www.eldiario.net\/portal\/wp-json\/wp\/v2\/posts\/7501\/revisions"}],"wp:attachment":[{"href":"https:\/\/www.eldiario.net\/portal\/wp-json\/wp\/v2\/media?parent=7501"}],"wp:term":[{"taxonomy":"category","embeddable":true,"href":"https:\/\/www.eldiario.net\/portal\/wp-json\/wp\/v2\/categories?post=7501"},{"taxonomy":"post_tag","embeddable":true,"href":"https:\/\/www.eldiario.net\/portal\/wp-json\/wp\/v2\/tags?post=7501"}],"curies":[{"name":"wp","href":"https:\/\/api.w.org\/{rel}","templated":true}]}}