{"id":7499,"date":"2021-05-31T06:37:58","date_gmt":"2021-05-31T10:37:58","guid":{"rendered":"https:\/\/www.eldiario.net\/portal\/?p=7499"},"modified":"2021-05-31T06:37:58","modified_gmt":"2021-05-31T10:37:58","slug":"fiscalia-solicita-seis-meses-de-carcel-para-militar-que-causo-accidente","status":"publish","type":"post","link":"https:\/\/www.eldiario.net\/portal\/2021\/05\/31\/fiscalia-solicita-seis-meses-de-carcel-para-militar-que-causo-accidente\/","title":{"rendered":"Fiscal\u00eda solicita seis meses de c\u00e1rcel  para militar que caus\u00f3 accidente"},"content":{"rendered":"<p>La Fiscal\u00eda de la ciudad de El Alto pide seis meses de detenci\u00f3n para el oficial de la Fuerza A\u00e9rea (FAB) que provoc\u00f3 un accidente en inmediaciones del aeropuerto, donde falleci\u00f3 una persona y cuatro resultaron heridas, por lo que pidi\u00f3 su imputaci\u00f3n por homicidio y uso indebido de bienes del Estado.<br \/>\nEl protagonista de este accidente es el teniente de aviaci\u00f3n Jos\u00e9 O.P., quien la noche del viernes y en completo estado de ebriedad, envisti\u00f3 con su motorizado a las cinco personas, de los cuales una de sexo femenino falleci\u00f3 en el momento de ser trasladada a un hospital de la ciudad de El Alto.<br \/>\nEl hecho ocurri\u00f3, aproximadamente, a las 19.15, en la avenida Km. 7, en inmediaciones de la calle 6 de la zona Villa Bol\u00edvar \u201cA\u201d, cercan\u00edas del aeropuerto, cuando este grupo de personas esperaba abordar un bus que les llevar\u00eda hasta el departamento de Tarija.<br \/>\nDe acuerdo con las investigaciones y las versiones de las autoridades nacionales, el oficial de la Fuerza A\u00e9rea estaba al mando de un motorizado oficial perteneciente al Ministerio de la Presidencia.<br \/>\nProducto de este accidente, el Ministerio P\u00fablico ha imputado al infractor, de acuerdo con el art\u00edculo 261 del C\u00f3digo Penal 210, lo que quiere decir que el protagonista de este hecho se encontraba en conducci\u00f3n peligrosa, seguido de muerte.<br \/>\nLas autoridades de la Fiscal\u00eda garantizaron que el protagonista de este accidente con muerte, ser\u00e1 procesado por delito de corrupci\u00f3n p\u00fablica, adem\u00e1s por destrucci\u00f3n de bienes del Estado, un delito mayor que no le permitir\u00e1 acogerse a ning\u00fan tipo de beneficio, durante el proceso.<br \/>\nLa ma\u00f1ana del domingo, en inmediaciones de la Fiscal\u00eda en la ciudad de El Alto, un grupo de familiares y allegados a las v\u00edctimas de este accidente protestaron, exigiendo a que el culpable de este accidente con muerte pueda ser imputado por todos los delitos que ha cometido y que nadie interfiera, con la intenci\u00f3n de poderlo liberar.<br \/>\nPor su parte, la defensa de las v\u00edctimas pidi\u00f3 a que el infractor sea recluido en el penal de San Pedro de La Paz, adem\u00e1s de pedir que se ampl\u00ede el delito para evitar a que salga en libertad, luego de algunos meses.<br \/>\nMientras el Organismo Operativo de Tr\u00e1nsito (OOT) investiga el hecho, a pesar de que se conoce el principal motivo del hecho, por conducci\u00f3n en estado de ebriedad, se conoci\u00f3 que est\u00e1 dispuesto a indagar otros pormenores de este accidente.<\/p>\n","protected":false},"excerpt":{"rendered":"<p>La Fiscal\u00eda de la ciudad de El Alto pide seis meses de detenci\u00f3n para el oficial de la Fuerza A\u00e9rea (FAB) que provoc\u00f3 un accidente en inmediaciones del aeropuerto, donde falleci\u00f3 una persona y cuatro resultaron heridas, por lo que pidi\u00f3 su imputaci\u00f3n por homicidio y uso indebido de bienes del Estado. El protagonista de [&hellip;]<\/p>\n","protected":false},"author":1,"featured_media":0,"comment_status":"closed","ping_status":"closed","sticky":false,"template":"","format":"standard","meta":{"_acf_changed":false,"footnotes":""},"categories":[12],"tags":[],"class_list":["post-7499","post","type-post","status-publish","format-standard","category-nacional"],"acf":{"antetitulo":""},"yoast_head":"<!-- This site is optimized with the Yoast SEO plugin v28.3 - https:\/\/yoast.com\/product\/yoast-seo-wordpress\/ -->\n<title>Fiscal\u00eda solicita seis meses de c\u00e1rcel para militar que caus\u00f3 accidente - El Diario - Bolivia<\/title>\n<meta name=\"robots\" content=\"index, follow, max-snippet:-1, max-image-preview:large, max-video-preview:-1\" \/>\n<link rel=\"canonical\" href=\"https:\/\/www.eldiario.net\/portal\/2021\/05\/31\/fiscalia-solicita-seis-meses-de-carcel-para-militar-que-causo-accidente\/\" \/>\n<meta property=\"og:locale\" content=\"es_ES\" \/>\n<meta property=\"og:type\" content=\"article\" \/>\n<meta property=\"og:title\" content=\"Fiscal\u00eda solicita seis meses de c\u00e1rcel para militar que caus\u00f3 accidente - El Diario - Bolivia\" \/>\n<meta property=\"og:description\" content=\"La Fiscal\u00eda de la ciudad de El Alto pide seis meses de detenci\u00f3n para el oficial de la Fuerza A\u00e9rea (FAB) que provoc\u00f3 un accidente en inmediaciones del aeropuerto, donde falleci\u00f3 una persona y cuatro resultaron heridas, por lo que pidi\u00f3 su imputaci\u00f3n por homicidio y uso indebido de bienes del Estado. El protagonista de [&hellip;]\" \/>\n<meta property=\"og:url\" content=\"https:\/\/www.eldiario.net\/portal\/2021\/05\/31\/fiscalia-solicita-seis-meses-de-carcel-para-militar-que-causo-accidente\/\" \/>\n<meta property=\"og:site_name\" content=\"El Diario - Bolivia\" \/>\n<meta property=\"article:publisher\" content=\"https:\/\/www.facebook.com\/eldiario.bolivia\/\" \/>\n<meta property=\"article:published_time\" content=\"2021-05-31T10:37:58+00:00\" \/>\n<meta name=\"author\" content=\"Jeanette\" \/>\n<meta name=\"twitter:card\" content=\"summary_large_image\" \/>\n<meta name=\"twitter:creator\" content=\"@eldiario_net\" \/>\n<meta name=\"twitter:site\" content=\"@eldiario_net\" \/>\n<meta name=\"twitter:label1\" content=\"Escrito por\" \/>\n\t<meta name=\"twitter:data1\" content=\"Jeanette\" \/>\n\t<meta name=\"twitter:label2\" content=\"Tiempo de lectura\" \/>\n\t<meta name=\"twitter:data2\" content=\"2 minutos\" \/>\n<script type=\"application\/ld+json\" class=\"yoast-schema-graph\">{\"@context\":\"https:\\\/\\\/schema.org\",\"@graph\":[{\"@type\":\"Article\",\"@id\":\"https:\\\/\\\/www.eldiario.net\\\/portal\\\/2021\\\/05\\\/31\\\/fiscalia-solicita-seis-meses-de-carcel-para-militar-que-causo-accidente\\\/#article\",\"isPartOf\":{\"@id\":\"https:\\\/\\\/www.eldiario.net\\\/portal\\\/2021\\\/05\\\/31\\\/fiscalia-solicita-seis-meses-de-carcel-para-militar-que-causo-accidente\\\/\"},\"author\":{\"name\":\"Jeanette\",\"@id\":\"https:\\\/\\\/www.eldiario.net\\\/portal\\\/#\\\/schema\\\/person\\\/f46445640444750d7d753ccd04ae01b7\"},\"headline\":\"Fiscal\u00eda solicita seis meses de c\u00e1rcel para militar que caus\u00f3 accidente\",\"datePublished\":\"2021-05-31T10:37:58+00:00\",\"mainEntityOfPage\":{\"@id\":\"https:\\\/\\\/www.eldiario.net\\\/portal\\\/2021\\\/05\\\/31\\\/fiscalia-solicita-seis-meses-de-carcel-para-militar-que-causo-accidente\\\/\"},\"wordCount\":441,\"publisher\":{\"@id\":\"https:\\\/\\\/www.eldiario.net\\\/portal\\\/#organization\"},\"articleSection\":[\"Nacional\"],\"inLanguage\":\"es\"},{\"@type\":\"WebPage\",\"@id\":\"https:\\\/\\\/www.eldiario.net\\\/portal\\\/2021\\\/05\\\/31\\\/fiscalia-solicita-seis-meses-de-carcel-para-militar-que-causo-accidente\\\/\",\"url\":\"https:\\\/\\\/www.eldiario.net\\\/portal\\\/2021\\\/05\\\/31\\\/fiscalia-solicita-seis-meses-de-carcel-para-militar-que-causo-accidente\\\/\",\"name\":\"Fiscal\u00eda solicita seis meses de c\u00e1rcel para militar que caus\u00f3 accidente - El Diario - Bolivia\",\"isPartOf\":{\"@id\":\"https:\\\/\\\/www.eldiario.net\\\/portal\\\/#website\"},\"datePublished\":\"2021-05-31T10:37:58+00:00\",\"breadcrumb\":{\"@id\":\"https:\\\/\\\/www.eldiario.net\\\/portal\\\/2021\\\/05\\\/31\\\/fiscalia-solicita-seis-meses-de-carcel-para-militar-que-causo-accidente\\\/#breadcrumb\"},\"inLanguage\":\"es\",\"potentialAction\":[{\"@type\":\"ReadAction\",\"target\":[\"https:\\\/\\\/www.eldiario.net\\\/portal\\\/2021\\\/05\\\/31\\\/fiscalia-solicita-seis-meses-de-carcel-para-militar-que-causo-accidente\\\/\"]}]},{\"@type\":\"BreadcrumbList\",\"@id\":\"https:\\\/\\\/www.eldiario.net\\\/portal\\\/2021\\\/05\\\/31\\\/fiscalia-solicita-seis-meses-de-carcel-para-militar-que-causo-accidente\\\/#breadcrumb\",\"itemListElement\":[{\"@type\":\"ListItem\",\"position\":1,\"name\":\"Portada\",\"item\":\"https:\\\/\\\/www.eldiario.net\\\/portal\\\/\"},{\"@type\":\"ListItem\",\"position\":2,\"name\":\"Fiscal\u00eda solicita seis meses de c\u00e1rcel para militar que caus\u00f3 accidente\"}]},{\"@type\":\"WebSite\",\"@id\":\"https:\\\/\\\/www.eldiario.net\\\/portal\\\/#website\",\"url\":\"https:\\\/\\\/www.eldiario.net\\\/portal\\\/\",\"name\":\"El Diario - Decano de la prensa nacional\",\"description\":\"El Diario - Decano de la prensa nacional\",\"publisher\":{\"@id\":\"https:\\\/\\\/www.eldiario.net\\\/portal\\\/#organization\"},\"potentialAction\":[{\"@type\":\"SearchAction\",\"target\":{\"@type\":\"EntryPoint\",\"urlTemplate\":\"https:\\\/\\\/www.eldiario.net\\\/portal\\\/?s={search_term_string}\"},\"query-input\":{\"@type\":\"PropertyValueSpecification\",\"valueRequired\":true,\"valueName\":\"search_term_string\"}}],\"inLanguage\":\"es\"},{\"@type\":\"Organization\",\"@id\":\"https:\\\/\\\/www.eldiario.net\\\/portal\\\/#organization\",\"name\":\"El Diario - Decano de la prensa nacional\",\"url\":\"https:\\\/\\\/www.eldiario.net\\\/portal\\\/\",\"logo\":{\"@type\":\"ImageObject\",\"inLanguage\":\"es\",\"@id\":\"https:\\\/\\\/www.eldiario.net\\\/portal\\\/#\\\/schema\\\/logo\\\/image\\\/\",\"url\":\"https:\\\/\\\/www.eldiario.net\\\/portal\\\/wp-content\\\/uploads\\\/2023\\\/07\\\/logo_ED.jpg\",\"contentUrl\":\"https:\\\/\\\/www.eldiario.net\\\/portal\\\/wp-content\\\/uploads\\\/2023\\\/07\\\/logo_ED.jpg\",\"width\":272,\"height\":52,\"caption\":\"El Diario - Decano de la prensa nacional\"},\"image\":{\"@id\":\"https:\\\/\\\/www.eldiario.net\\\/portal\\\/#\\\/schema\\\/logo\\\/image\\\/\"},\"sameAs\":[\"https:\\\/\\\/www.facebook.com\\\/eldiario.bolivia\\\/\",\"https:\\\/\\\/x.com\\\/eldiario_net\"]},{\"@type\":\"Person\",\"@id\":\"https:\\\/\\\/www.eldiario.net\\\/portal\\\/#\\\/schema\\\/person\\\/f46445640444750d7d753ccd04ae01b7\",\"name\":\"Jeanette\",\"image\":{\"@type\":\"ImageObject\",\"inLanguage\":\"es\",\"@id\":\"https:\\\/\\\/secure.gravatar.com\\\/avatar\\\/3ea2118a5f7dad2b7138b1187a6b7ee55f160b9968b66013c3a3ef39dd7e5798?s=96&d=mm&r=g\",\"url\":\"https:\\\/\\\/secure.gravatar.com\\\/avatar\\\/3ea2118a5f7dad2b7138b1187a6b7ee55f160b9968b66013c3a3ef39dd7e5798?s=96&d=mm&r=g\",\"contentUrl\":\"https:\\\/\\\/secure.gravatar.com\\\/avatar\\\/3ea2118a5f7dad2b7138b1187a6b7ee55f160b9968b66013c3a3ef39dd7e5798?s=96&d=mm&r=g\",\"caption\":\"Jeanette\"},\"sameAs\":[\"https:\\\/\\\/www.eldiario.net\\\/portal\"],\"url\":\"https:\\\/\\\/www.eldiario.net\\\/portal\\\/author\\\/jeanette\\\/\"}]}<\/script>\n<!-- \/ Yoast SEO plugin. -->","yoast_head_json":{"title":"Fiscal\u00eda solicita seis meses de c\u00e1rcel para militar que caus\u00f3 accidente - El Diario - Bolivia","robots":{"index":"index","follow":"follow","max-snippet":"max-snippet:-1","max-image-preview":"max-image-preview:large","max-video-preview":"max-video-preview:-1"},"canonical":"https:\/\/www.eldiario.net\/portal\/2021\/05\/31\/fiscalia-solicita-seis-meses-de-carcel-para-militar-que-causo-accidente\/","og_locale":"es_ES","og_type":"article","og_title":"Fiscal\u00eda solicita seis meses de c\u00e1rcel para militar que caus\u00f3 accidente - El Diario - Bolivia","og_description":"La Fiscal\u00eda de la ciudad de El Alto pide seis meses de detenci\u00f3n para el oficial de la Fuerza A\u00e9rea (FAB) que provoc\u00f3 un accidente en inmediaciones del aeropuerto, donde falleci\u00f3 una persona y cuatro resultaron heridas, por lo que pidi\u00f3 su imputaci\u00f3n por homicidio y uso indebido de bienes del Estado. El protagonista de [&hellip;]","og_url":"https:\/\/www.eldiario.net\/portal\/2021\/05\/31\/fiscalia-solicita-seis-meses-de-carcel-para-militar-que-causo-accidente\/","og_site_name":"El Diario - Bolivia","article_publisher":"https:\/\/www.facebook.com\/eldiario.bolivia\/","article_published_time":"2021-05-31T10:37:58+00:00","author":"Jeanette","twitter_card":"summary_large_image","twitter_creator":"@eldiario_net","twitter_site":"@eldiario_net","twitter_misc":{"Escrito por":"Jeanette","Tiempo de lectura":"2 minutos"},"schema":{"@context":"https:\/\/schema.org","@graph":[{"@type":"Article","@id":"https:\/\/www.eldiario.net\/portal\/2021\/05\/31\/fiscalia-solicita-seis-meses-de-carcel-para-militar-que-causo-accidente\/#article","isPartOf":{"@id":"https:\/\/www.eldiario.net\/portal\/2021\/05\/31\/fiscalia-solicita-seis-meses-de-carcel-para-militar-que-causo-accidente\/"},"author":{"name":"Jeanette","@id":"https:\/\/www.eldiario.net\/portal\/#\/schema\/person\/f46445640444750d7d753ccd04ae01b7"},"headline":"Fiscal\u00eda solicita seis meses de c\u00e1rcel para militar que caus\u00f3 accidente","datePublished":"2021-05-31T10:37:58+00:00","mainEntityOfPage":{"@id":"https:\/\/www.eldiario.net\/portal\/2021\/05\/31\/fiscalia-solicita-seis-meses-de-carcel-para-militar-que-causo-accidente\/"},"wordCount":441,"publisher":{"@id":"https:\/\/www.eldiario.net\/portal\/#organization"},"articleSection":["Nacional"],"inLanguage":"es"},{"@type":"WebPage","@id":"https:\/\/www.eldiario.net\/portal\/2021\/05\/31\/fiscalia-solicita-seis-meses-de-carcel-para-militar-que-causo-accidente\/","url":"https:\/\/www.eldiario.net\/portal\/2021\/05\/31\/fiscalia-solicita-seis-meses-de-carcel-para-militar-que-causo-accidente\/","name":"Fiscal\u00eda solicita seis meses de c\u00e1rcel para militar que caus\u00f3 accidente - El Diario - Bolivia","isPartOf":{"@id":"https:\/\/www.eldiario.net\/portal\/#website"},"datePublished":"2021-05-31T10:37:58+00:00","breadcrumb":{"@id":"https:\/\/www.eldiario.net\/portal\/2021\/05\/31\/fiscalia-solicita-seis-meses-de-carcel-para-militar-que-causo-accidente\/#breadcrumb"},"inLanguage":"es","potentialAction":[{"@type":"ReadAction","target":["https:\/\/www.eldiario.net\/portal\/2021\/05\/31\/fiscalia-solicita-seis-meses-de-carcel-para-militar-que-causo-accidente\/"]}]},{"@type":"BreadcrumbList","@id":"https:\/\/www.eldiario.net\/portal\/2021\/05\/31\/fiscalia-solicita-seis-meses-de-carcel-para-militar-que-causo-accidente\/#breadcrumb","itemListElement":[{"@type":"ListItem","position":1,"name":"Portada","item":"https:\/\/www.eldiario.net\/portal\/"},{"@type":"ListItem","position":2,"name":"Fiscal\u00eda solicita seis meses de c\u00e1rcel para militar que caus\u00f3 accidente"}]},{"@type":"WebSite","@id":"https:\/\/www.eldiario.net\/portal\/#website","url":"https:\/\/www.eldiario.net\/portal\/","name":"El Diario - Decano de la prensa nacional","description":"El Diario - Decano de la prensa nacional","publisher":{"@id":"https:\/\/www.eldiario.net\/portal\/#organization"},"potentialAction":[{"@type":"SearchAction","target":{"@type":"EntryPoint","urlTemplate":"https:\/\/www.eldiario.net\/portal\/?s={search_term_string}"},"query-input":{"@type":"PropertyValueSpecification","valueRequired":true,"valueName":"search_term_string"}}],"inLanguage":"es"},{"@type":"Organization","@id":"https:\/\/www.eldiario.net\/portal\/#organization","name":"El Diario - Decano de la prensa nacional","url":"https:\/\/www.eldiario.net\/portal\/","logo":{"@type":"ImageObject","inLanguage":"es","@id":"https:\/\/www.eldiario.net\/portal\/#\/schema\/logo\/image\/","url":"https:\/\/www.eldiario.net\/portal\/wp-content\/uploads\/2023\/07\/logo_ED.jpg","contentUrl":"https:\/\/www.eldiario.net\/portal\/wp-content\/uploads\/2023\/07\/logo_ED.jpg","width":272,"height":52,"caption":"El Diario - Decano de la prensa nacional"},"image":{"@id":"https:\/\/www.eldiario.net\/portal\/#\/schema\/logo\/image\/"},"sameAs":["https:\/\/www.facebook.com\/eldiario.bolivia\/","https:\/\/x.com\/eldiario_net"]},{"@type":"Person","@id":"https:\/\/www.eldiario.net\/portal\/#\/schema\/person\/f46445640444750d7d753ccd04ae01b7","name":"Jeanette","image":{"@type":"ImageObject","inLanguage":"es","@id":"https:\/\/secure.gravatar.com\/avatar\/3ea2118a5f7dad2b7138b1187a6b7ee55f160b9968b66013c3a3ef39dd7e5798?s=96&d=mm&r=g","url":"https:\/\/secure.gravatar.com\/avatar\/3ea2118a5f7dad2b7138b1187a6b7ee55f160b9968b66013c3a3ef39dd7e5798?s=96&d=mm&r=g","contentUrl":"https:\/\/secure.gravatar.com\/avatar\/3ea2118a5f7dad2b7138b1187a6b7ee55f160b9968b66013c3a3ef39dd7e5798?s=96&d=mm&r=g","caption":"Jeanette"},"sameAs":["https:\/\/www.eldiario.net\/portal"],"url":"https:\/\/www.eldiario.net\/portal\/author\/jeanette\/"}]}},"_links":{"self":[{"href":"https:\/\/www.eldiario.net\/portal\/wp-json\/wp\/v2\/posts\/7499","targetHints":{"allow":["GET"]}}],"collection":[{"href":"https:\/\/www.eldiario.net\/portal\/wp-json\/wp\/v2\/posts"}],"about":[{"href":"https:\/\/www.eldiario.net\/portal\/wp-json\/wp\/v2\/types\/post"}],"author":[{"embeddable":true,"href":"https:\/\/www.eldiario.net\/portal\/wp-json\/wp\/v2\/users\/1"}],"replies":[{"embeddable":true,"href":"https:\/\/www.eldiario.net\/portal\/wp-json\/wp\/v2\/comments?post=7499"}],"version-history":[{"count":0,"href":"https:\/\/www.eldiario.net\/portal\/wp-json\/wp\/v2\/posts\/7499\/revisions"}],"wp:attachment":[{"href":"https:\/\/www.eldiario.net\/portal\/wp-json\/wp\/v2\/media?parent=7499"}],"wp:term":[{"taxonomy":"category","embeddable":true,"href":"https:\/\/www.eldiario.net\/portal\/wp-json\/wp\/v2\/categories?post=7499"},{"taxonomy":"post_tag","embeddable":true,"href":"https:\/\/www.eldiario.net\/portal\/wp-json\/wp\/v2\/tags?post=7499"}],"curies":[{"name":"wp","href":"https:\/\/api.w.org\/{rel}","templated":true}]}}