{"id":74564,"date":"2022-04-05T06:08:01","date_gmt":"2022-04-05T10:08:01","guid":{"rendered":"https:\/\/www.eldiario.net\/portal\/?p=74564"},"modified":"2022-04-05T06:08:01","modified_gmt":"2022-04-05T10:08:01","slug":"la-importancia-del-lenguaje-cuando-hablamos-del-cancer","status":"publish","type":"post","link":"https:\/\/www.eldiario.net\/portal\/2022\/04\/05\/la-importancia-del-lenguaje-cuando-hablamos-del-cancer\/","title":{"rendered":"La importancia del lenguaje cuando hablamos del c\u00e1ncer"},"content":{"rendered":"<p><strong>Por: Equipo editor<\/strong><\/p>\n<p>&nbsp;<\/p>\n<p>En este n\u00famero presentamos un art\u00edculo del Magister Joan Vilallonga, especialista en psicolog\u00eda y en el apoyo y la terapia a personas con c\u00e1ncer, familiares, y profesionales de la salud y la oncolog\u00eda. Publicado en el blog \u201cCon psicolog\u00eda en c\u00e1ncer\u201d.<\/p>\n<p>&nbsp;<\/p>\n<p><strong>La importancia del lenguaje cuando hablamos del c\u00e1ncer<\/strong><\/p>\n<p>&nbsp;<\/p>\n<p>El c\u00e1ncer est\u00e1 tan presente en nuestra sociedad que todo el mundo habla de \u00e9l. Nos referimos al c\u00e1ncer directamente, con eufemismos, con met\u00e1foras y hasta sin nombrarlo. El lenguaje que utilizamos en relaci\u00f3n a la oncolog\u00eda contribuye a modificar la imagen que tenemos del c\u00e1ncer. Por eso es importante cuidar el vocabulario que usamos y c\u00f3mo lo usamos.<\/p>\n<p>&nbsp;<\/p>\n<p><strong>Tener cuidado con el lenguaje que utilizamos sobre el c\u00e1ncer<\/strong><\/p>\n<p>&nbsp;<\/p>\n<p>En una encuesta que hice en el \u00faltimo a\u00f1o de mi licenciatura universitaria en Psicolog\u00eda, en 2008, el 90 % de los participantes (100 personas) afirmaron que alguien muy pr\u00f3ximo a ellos (amigo o familiar) ten\u00eda o hab\u00eda tenido un c\u00e1ncer. Las enfermedades oncol\u00f3gicas son muy frecuentes. Y eso, sumado a la avalancha de descubrimientos cient\u00edficos sobre la su evoluci\u00f3n y tratamiento, hace que hablemos de ello muy a menudo.<\/p>\n<p>&nbsp;<\/p>\n<p>Pero, no obstante,\u00a0a\u00fan no hemos logrado hablar del tema con normalidad. La imagen que tenemos del c\u00e1ncer es, l\u00f3gicamente, muy negativa. Lo asociamos al sufrimiento, al cambio, y -cada vez menos- a la muerte. Tal vez eso contribuye a reflejar en el lenguaje la percepci\u00f3n que tenemos de la enfermedad.<\/p>\n<p>&nbsp;<\/p>\n<p>Este art\u00edculo no se dirige espec\u00edficamente a los medios de comunicaci\u00f3n. Pero es evidente que estos\u00a0son un reflejo y, a la vez, un modelo para la sociedad. Por lo tanto tienen un papel destacado en la construcci\u00f3n del lenguaje que, finalmente, utilizamos todos cuando hablamos del c\u00e1ncer.<\/p>\n<p>&nbsp;<\/p>\n<p><strong>Llamar \u201cc\u00e1ncer\u201d a aquello que no lo es<\/strong><\/p>\n<p>&nbsp;<\/p>\n<p>\u201cEl terrorismo es el c\u00e1ncer de la sociedad\u201c. \u201cLa corrupci\u00f3n es el c\u00e1ncer de la pol\u00edtica\u201c. Son frases que vemos y utilizamos a menudo. Como asociamos el c\u00e1ncer con algo que crece dentro de un cuerpo, poniendo en riesgo el cuerpo entero, lo comparamos con fen\u00f3menos sociales que creemos que tienen un comportamiento similar.<\/p>\n<p>&nbsp;<\/p>\n<p>Pasa algo parecido con otras patolog\u00edas, como la\u00a0esquizofrenia\u00a0(que usamos para referirnos a dos situaciones aparentemente incompatibles pero que se producen a la vez) o con\u00a0esto produce\u00a0urticaria\u00a0(que utilizamos para explicar una reacci\u00f3n repentina de rechazo).<\/p>\n<p>&nbsp;<\/p>\n<p>El c\u00e1ncer es una enfermedad. Y las personas que la tienen, sufren. Algunas de ellas sufren mucho. Pueden ver como una frivolidad que se compare su proceso con determinados fen\u00f3menos sociales que nos indignan. Sobre todo porque ser un corrupto o un terrorista son opciones elegidas; tener un c\u00e1ncer, no.<\/p>\n<p>&nbsp;<\/p>\n<p><strong>Esquivar la palabra \u201cc\u00e1ncer\u201d con un eufemismo<\/strong><\/p>\n<p>&nbsp;<\/p>\n<p>Pronunciar la palabra \u201cc\u00e1ncer\u201d a veces da miedo. Especialmente cuando\u00a0<a href=\"https:\/\/psicologiaencancer.com\/es\/afrontar-diagnostico-de-cancer\/\">se lo han diagnosticado<\/a>\u00a0a alguien muy cercano. Es decir, es m\u00e1s f\u00e1cil hablar del c\u00e1ncer cuando podemos hacerlo tomando distancia. En algunas personas hay un componente de superstici\u00f3n: piensan que utilitzar la palabra es una manera de llamar a la enfermedad para que venga.<\/p>\n<p>&nbsp;<\/p>\n<p>Por eso es habitual utilizar eufemismos. Los m\u00e1s frecuentes son \u201ctumor\u201c, \u201cbulto\u201c, \u201cn\u00f3dulo\u201c, \u201ccosa\u201c, \u201clarga enfermedad\u201d o, en catal\u00e1n, \u201cmal lleig\u201d (\u201cmal feo\u201d). Llamar el c\u00e1ncer por su nombre ayuda a normalizarlo y a perderle el miedo. Cuando usamos un lenguaje alternativo, el problema no est\u00e1 en la palabra que escogemos: est\u00e1 en el hecho de escogerla para esquivar el miedo. El miedo al c\u00e1ncer tiende a aumentar cuando evitamos esta palabra y la sustituimos por otra.<\/p>\n<p>&nbsp;<\/p>\n<p>Aqu\u00ed s\u00ed que hay que tener en cuenta un elemento importante. Y es que hay personas con c\u00e1ncer que necesitan un tiempo para asumir el diagn\u00f3stico. Mientras tanto se pueden negar a ellas mismas que tienen c\u00e1ncer, o pueden rechazar utilizar la palabra. En estos casos conviene ir con cuidado y\u00a0no verbalizar el c\u00e1ncer delante de esta persona hasta que est\u00e9 preparada para aceptarlo. Sabremos que est\u00e1 preparada cuando sea ella misma quien la use.<\/p>\n<p>&nbsp;<\/p>\n<p>Recuerdo a una se\u00f1ora a quien visitaba a domicilio, que ten\u00eda\u00a0<a href=\"https:\/\/psicologiaencancer.com\/es\/cancer-de-mama\/\">c\u00e1ncer de mama<\/a>. Sab\u00eda que ten\u00eda esta enfermedad y lo hab\u00eda aceptado. Pero\u00a0me pidi\u00f3 que us\u00e1ramos la palabra \u201ctumor\u201d en lugar de \u201cc\u00e1ncer\u201d, porque le era m\u00e1s f\u00e1cil. Yo estuve de acuerdo porque era ella quien ten\u00eda la enfermedad (y es el paciente quien escoge como quiere ser tratado) y porque vi que forzar el uso de la palabra \u201cc\u00e1ncer\u201d contra su voluntad bloquear\u00eda la\u00a0comunicaci\u00f3n fluida, un elemento fundamental en la pr\u00e1ctica de la psico-oncolog\u00eda.<\/p>\n<p>&nbsp;<\/p>\n<p><strong>Las comparaciones que alimentan el estigma<\/strong><\/p>\n<p>&nbsp;<\/p>\n<p><strong>Primera pregunta:<\/strong> \u00bf<a href=\"https:\/\/psicologiaencancer.com\/es\/como-afrontar-el-cancer\/\">El c\u00e1ncer es una batalla<\/a>? Depende de para quien. No sabemos si lo era para la persona a la que se refiere esta noticia.\u00a0Vivirlo com una batalla es totalmente respetable; y lo contrario, tambi\u00e9n.<\/p>\n<p>&nbsp;<\/p>\n<p><strong>Segunda pregunta:<\/strong> \u00bfMorir de c\u00e1ncer significa que se ha perdido la batalla? Es posible tener un proceso de\u00a0<a href=\"https:\/\/psicologiaencancer.com\/es\/paciente-cancer-final-vida\/\">final de vida<\/a>\u00a0aceptado, haciendo un balance positivo del legado que se deja, acompa\u00f1ado por las personas queridas y habiendo arreglado todo lo que se quer\u00eda arreglar antes de morir.\u00a0Es posible morir de c\u00e1ncer sinti\u00e9ndose ganador. Eso no significa que, en estos casos, la muerte sea f\u00e1cil o bonita, sino que nos da la opci\u00f3n, a veces, de vivir el proceso como queramos.<\/p>\n<p>&nbsp;<\/p>\n<p>Dar por hecho que una persona que sabe que morir\u00e1 de c\u00e1ncer \u201cperder\u00e1\u201d la hace sentirse abandonada. Conlleva que su entorno piense que no se puede hacer nada por ella. Y siempre se pueden hacer cosas, aunque no incluyan la curaci\u00f3n de la enfermedad. Siempre se puede aliviar y acompa\u00f1ar.\u00a0No nos conviene, como sociedad, calificar de \u201cperdedores\u201d a las personas que mueren de c\u00e1ncer. Utilizar este lenguaje hace aumentar el\u00a0<a href=\"https:\/\/psicologiaencancer.com\/es\/cancer-y-estigma\/\">estigma<\/a>.<\/p>\n\n","protected":false},"excerpt":{"rendered":"<p>Por: Equipo editor &nbsp; En este n\u00famero presentamos un art\u00edculo del Magister Joan Vilallonga, especialista en psicolog\u00eda y en el apoyo y la terapia a personas con c\u00e1ncer, familiares, y profesionales de la salud y la oncolog\u00eda. Publicado en el blog \u201cCon psicolog\u00eda en c\u00e1ncer\u201d. &nbsp; La importancia del lenguaje cuando hablamos del c\u00e1ncer &nbsp; [&hellip;]<\/p>\n","protected":false},"author":1,"featured_media":74565,"comment_status":"closed","ping_status":"closed","sticky":false,"template":"","format":"standard","meta":{"_acf_changed":false,"footnotes":""},"categories":[43],"tags":[],"class_list":["post-74564","post","type-post","status-publish","format-standard","has-post-thumbnail","category-nuevos-horizontes"],"acf":{"antetitulo":""},"yoast_head":"<!-- This site is optimized with the Yoast SEO plugin v28.4 - https:\/\/yoast.com\/product\/yoast-seo-wordpress\/ -->\n<title>La importancia del lenguaje cuando hablamos del c\u00e1ncer - El Diario - Bolivia<\/title>\n<meta name=\"robots\" content=\"index, follow, max-snippet:-1, max-image-preview:large, max-video-preview:-1\" \/>\n<link rel=\"canonical\" href=\"https:\/\/www.eldiario.net\/portal\/2022\/04\/05\/la-importancia-del-lenguaje-cuando-hablamos-del-cancer\/\" \/>\n<meta property=\"og:locale\" content=\"es_ES\" \/>\n<meta property=\"og:type\" content=\"article\" \/>\n<meta property=\"og:title\" content=\"La importancia del lenguaje cuando hablamos del c\u00e1ncer - El Diario - Bolivia\" \/>\n<meta property=\"og:description\" content=\"Por: Equipo editor &nbsp; En este n\u00famero presentamos un art\u00edculo del Magister Joan Vilallonga, especialista en psicolog\u00eda y en el apoyo y la terapia a personas con c\u00e1ncer, familiares, y profesionales de la salud y la oncolog\u00eda. Publicado en el blog \u201cCon psicolog\u00eda en c\u00e1ncer\u201d. &nbsp; La importancia del lenguaje cuando hablamos del c\u00e1ncer &nbsp; [&hellip;]\" \/>\n<meta property=\"og:url\" content=\"https:\/\/www.eldiario.net\/portal\/2022\/04\/05\/la-importancia-del-lenguaje-cuando-hablamos-del-cancer\/\" \/>\n<meta property=\"og:site_name\" content=\"El Diario - Bolivia\" \/>\n<meta property=\"article:publisher\" content=\"https:\/\/www.facebook.com\/eldiario.bolivia\/\" \/>\n<meta property=\"article:published_time\" content=\"2022-04-05T10:08:01+00:00\" \/>\n<meta name=\"author\" content=\"Jeanette\" \/>\n<meta name=\"twitter:card\" content=\"summary_large_image\" \/>\n<meta name=\"twitter:creator\" content=\"@eldiario_net\" \/>\n<meta name=\"twitter:site\" content=\"@eldiario_net\" \/>\n<meta name=\"twitter:label1\" content=\"Escrito por\" \/>\n\t<meta name=\"twitter:data1\" content=\"Jeanette\" \/>\n\t<meta name=\"twitter:label2\" content=\"Tiempo de lectura\" \/>\n\t<meta name=\"twitter:data2\" content=\"5 minutos\" \/>\n<script type=\"application\/ld+json\" class=\"yoast-schema-graph\">{\"@context\":\"https:\\\/\\\/schema.org\",\"@graph\":[{\"@type\":\"Article\",\"@id\":\"https:\\\/\\\/www.eldiario.net\\\/portal\\\/2022\\\/04\\\/05\\\/la-importancia-del-lenguaje-cuando-hablamos-del-cancer\\\/#article\",\"isPartOf\":{\"@id\":\"https:\\\/\\\/www.eldiario.net\\\/portal\\\/2022\\\/04\\\/05\\\/la-importancia-del-lenguaje-cuando-hablamos-del-cancer\\\/\"},\"author\":{\"name\":\"Jeanette\",\"@id\":\"https:\\\/\\\/www.eldiario.net\\\/portal\\\/#\\\/schema\\\/person\\\/2c57cf2b7a7ae032e449e4c9b1019eac\"},\"headline\":\"La importancia del lenguaje cuando hablamos del c\u00e1ncer\",\"datePublished\":\"2022-04-05T10:08:01+00:00\",\"mainEntityOfPage\":{\"@id\":\"https:\\\/\\\/www.eldiario.net\\\/portal\\\/2022\\\/04\\\/05\\\/la-importancia-del-lenguaje-cuando-hablamos-del-cancer\\\/\"},\"wordCount\":1060,\"publisher\":{\"@id\":\"https:\\\/\\\/www.eldiario.net\\\/portal\\\/#organization\"},\"image\":{\"@id\":\"https:\\\/\\\/www.eldiario.net\\\/portal\\\/2022\\\/04\\\/05\\\/la-importancia-del-lenguaje-cuando-hablamos-del-cancer\\\/#primaryimage\"},\"thumbnailUrl\":\"\",\"articleSection\":[\"Nuevos Horizontes\"],\"inLanguage\":\"es\"},{\"@type\":\"WebPage\",\"@id\":\"https:\\\/\\\/www.eldiario.net\\\/portal\\\/2022\\\/04\\\/05\\\/la-importancia-del-lenguaje-cuando-hablamos-del-cancer\\\/\",\"url\":\"https:\\\/\\\/www.eldiario.net\\\/portal\\\/2022\\\/04\\\/05\\\/la-importancia-del-lenguaje-cuando-hablamos-del-cancer\\\/\",\"name\":\"La importancia del lenguaje cuando hablamos del c\u00e1ncer - El Diario - Bolivia\",\"isPartOf\":{\"@id\":\"https:\\\/\\\/www.eldiario.net\\\/portal\\\/#website\"},\"primaryImageOfPage\":{\"@id\":\"https:\\\/\\\/www.eldiario.net\\\/portal\\\/2022\\\/04\\\/05\\\/la-importancia-del-lenguaje-cuando-hablamos-del-cancer\\\/#primaryimage\"},\"image\":{\"@id\":\"https:\\\/\\\/www.eldiario.net\\\/portal\\\/2022\\\/04\\\/05\\\/la-importancia-del-lenguaje-cuando-hablamos-del-cancer\\\/#primaryimage\"},\"thumbnailUrl\":\"\",\"datePublished\":\"2022-04-05T10:08:01+00:00\",\"breadcrumb\":{\"@id\":\"https:\\\/\\\/www.eldiario.net\\\/portal\\\/2022\\\/04\\\/05\\\/la-importancia-del-lenguaje-cuando-hablamos-del-cancer\\\/#breadcrumb\"},\"inLanguage\":\"es\",\"potentialAction\":[{\"@type\":\"ReadAction\",\"target\":[\"https:\\\/\\\/www.eldiario.net\\\/portal\\\/2022\\\/04\\\/05\\\/la-importancia-del-lenguaje-cuando-hablamos-del-cancer\\\/\"]}]},{\"@type\":\"ImageObject\",\"inLanguage\":\"es\",\"@id\":\"https:\\\/\\\/www.eldiario.net\\\/portal\\\/2022\\\/04\\\/05\\\/la-importancia-del-lenguaje-cuando-hablamos-del-cancer\\\/#primaryimage\",\"url\":\"\",\"contentUrl\":\"\"},{\"@type\":\"BreadcrumbList\",\"@id\":\"https:\\\/\\\/www.eldiario.net\\\/portal\\\/2022\\\/04\\\/05\\\/la-importancia-del-lenguaje-cuando-hablamos-del-cancer\\\/#breadcrumb\",\"itemListElement\":[{\"@type\":\"ListItem\",\"position\":1,\"name\":\"Portada\",\"item\":\"https:\\\/\\\/www.eldiario.net\\\/portal\\\/\"},{\"@type\":\"ListItem\",\"position\":2,\"name\":\"La importancia del lenguaje cuando hablamos del c\u00e1ncer\"}]},{\"@type\":\"WebSite\",\"@id\":\"https:\\\/\\\/www.eldiario.net\\\/portal\\\/#website\",\"url\":\"https:\\\/\\\/www.eldiario.net\\\/portal\\\/\",\"name\":\"El Diario - Decano de la prensa nacional\",\"description\":\"El Diario - Decano de la prensa nacional\",\"publisher\":{\"@id\":\"https:\\\/\\\/www.eldiario.net\\\/portal\\\/#organization\"},\"potentialAction\":[{\"@type\":\"SearchAction\",\"target\":{\"@type\":\"EntryPoint\",\"urlTemplate\":\"https:\\\/\\\/www.eldiario.net\\\/portal\\\/?s={search_term_string}\"},\"query-input\":{\"@type\":\"PropertyValueSpecification\",\"valueRequired\":true,\"valueName\":\"search_term_string\"}}],\"inLanguage\":\"es\"},{\"@type\":\"Organization\",\"@id\":\"https:\\\/\\\/www.eldiario.net\\\/portal\\\/#organization\",\"name\":\"El Diario - Decano de la prensa nacional\",\"url\":\"https:\\\/\\\/www.eldiario.net\\\/portal\\\/\",\"logo\":{\"@type\":\"ImageObject\",\"inLanguage\":\"es\",\"@id\":\"https:\\\/\\\/www.eldiario.net\\\/portal\\\/#\\\/schema\\\/logo\\\/image\\\/\",\"url\":\"https:\\\/\\\/www.eldiario.net\\\/portal\\\/wp-content\\\/uploads\\\/2023\\\/07\\\/logo_ED.jpg\",\"contentUrl\":\"https:\\\/\\\/www.eldiario.net\\\/portal\\\/wp-content\\\/uploads\\\/2023\\\/07\\\/logo_ED.jpg\",\"width\":272,\"height\":52,\"caption\":\"El Diario - Decano de la prensa nacional\"},\"image\":{\"@id\":\"https:\\\/\\\/www.eldiario.net\\\/portal\\\/#\\\/schema\\\/logo\\\/image\\\/\"},\"sameAs\":[\"https:\\\/\\\/www.facebook.com\\\/eldiario.bolivia\\\/\",\"https:\\\/\\\/x.com\\\/eldiario_net\"]},{\"@type\":\"Person\",\"@id\":\"https:\\\/\\\/www.eldiario.net\\\/portal\\\/#\\\/schema\\\/person\\\/2c57cf2b7a7ae032e449e4c9b1019eac\",\"name\":\"Jeanette\",\"image\":{\"@type\":\"ImageObject\",\"inLanguage\":\"es\",\"@id\":\"https:\\\/\\\/secure.gravatar.com\\\/avatar\\\/3ea2118a5f7dad2b7138b1187a6b7ee55f160b9968b66013c3a3ef39dd7e5798?s=96&d=mm&r=g\",\"url\":\"https:\\\/\\\/secure.gravatar.com\\\/avatar\\\/3ea2118a5f7dad2b7138b1187a6b7ee55f160b9968b66013c3a3ef39dd7e5798?s=96&d=mm&r=g\",\"contentUrl\":\"https:\\\/\\\/secure.gravatar.com\\\/avatar\\\/3ea2118a5f7dad2b7138b1187a6b7ee55f160b9968b66013c3a3ef39dd7e5798?s=96&d=mm&r=g\",\"caption\":\"Jeanette\"},\"sameAs\":[\"https:\\\/\\\/www.eldiario.net\\\/portal\"],\"url\":\"https:\\\/\\\/www.eldiario.net\\\/portal\\\/author\\\/jeanette\\\/\"}]}<\/script>\n<!-- \/ Yoast SEO plugin. -->","yoast_head_json":{"title":"La importancia del lenguaje cuando hablamos del c\u00e1ncer - El Diario - Bolivia","robots":{"index":"index","follow":"follow","max-snippet":"max-snippet:-1","max-image-preview":"max-image-preview:large","max-video-preview":"max-video-preview:-1"},"canonical":"https:\/\/www.eldiario.net\/portal\/2022\/04\/05\/la-importancia-del-lenguaje-cuando-hablamos-del-cancer\/","og_locale":"es_ES","og_type":"article","og_title":"La importancia del lenguaje cuando hablamos del c\u00e1ncer - El Diario - Bolivia","og_description":"Por: Equipo editor &nbsp; En este n\u00famero presentamos un art\u00edculo del Magister Joan Vilallonga, especialista en psicolog\u00eda y en el apoyo y la terapia a personas con c\u00e1ncer, familiares, y profesionales de la salud y la oncolog\u00eda. Publicado en el blog \u201cCon psicolog\u00eda en c\u00e1ncer\u201d. &nbsp; La importancia del lenguaje cuando hablamos del c\u00e1ncer &nbsp; [&hellip;]","og_url":"https:\/\/www.eldiario.net\/portal\/2022\/04\/05\/la-importancia-del-lenguaje-cuando-hablamos-del-cancer\/","og_site_name":"El Diario - Bolivia","article_publisher":"https:\/\/www.facebook.com\/eldiario.bolivia\/","article_published_time":"2022-04-05T10:08:01+00:00","author":"Jeanette","twitter_card":"summary_large_image","twitter_creator":"@eldiario_net","twitter_site":"@eldiario_net","twitter_misc":{"Escrito por":"Jeanette","Tiempo de lectura":"5 minutos"},"schema":{"@context":"https:\/\/schema.org","@graph":[{"@type":"Article","@id":"https:\/\/www.eldiario.net\/portal\/2022\/04\/05\/la-importancia-del-lenguaje-cuando-hablamos-del-cancer\/#article","isPartOf":{"@id":"https:\/\/www.eldiario.net\/portal\/2022\/04\/05\/la-importancia-del-lenguaje-cuando-hablamos-del-cancer\/"},"author":{"name":"Jeanette","@id":"https:\/\/www.eldiario.net\/portal\/#\/schema\/person\/2c57cf2b7a7ae032e449e4c9b1019eac"},"headline":"La importancia del lenguaje cuando hablamos del c\u00e1ncer","datePublished":"2022-04-05T10:08:01+00:00","mainEntityOfPage":{"@id":"https:\/\/www.eldiario.net\/portal\/2022\/04\/05\/la-importancia-del-lenguaje-cuando-hablamos-del-cancer\/"},"wordCount":1060,"publisher":{"@id":"https:\/\/www.eldiario.net\/portal\/#organization"},"image":{"@id":"https:\/\/www.eldiario.net\/portal\/2022\/04\/05\/la-importancia-del-lenguaje-cuando-hablamos-del-cancer\/#primaryimage"},"thumbnailUrl":"","articleSection":["Nuevos Horizontes"],"inLanguage":"es"},{"@type":"WebPage","@id":"https:\/\/www.eldiario.net\/portal\/2022\/04\/05\/la-importancia-del-lenguaje-cuando-hablamos-del-cancer\/","url":"https:\/\/www.eldiario.net\/portal\/2022\/04\/05\/la-importancia-del-lenguaje-cuando-hablamos-del-cancer\/","name":"La importancia del lenguaje cuando hablamos del c\u00e1ncer - El Diario - Bolivia","isPartOf":{"@id":"https:\/\/www.eldiario.net\/portal\/#website"},"primaryImageOfPage":{"@id":"https:\/\/www.eldiario.net\/portal\/2022\/04\/05\/la-importancia-del-lenguaje-cuando-hablamos-del-cancer\/#primaryimage"},"image":{"@id":"https:\/\/www.eldiario.net\/portal\/2022\/04\/05\/la-importancia-del-lenguaje-cuando-hablamos-del-cancer\/#primaryimage"},"thumbnailUrl":"","datePublished":"2022-04-05T10:08:01+00:00","breadcrumb":{"@id":"https:\/\/www.eldiario.net\/portal\/2022\/04\/05\/la-importancia-del-lenguaje-cuando-hablamos-del-cancer\/#breadcrumb"},"inLanguage":"es","potentialAction":[{"@type":"ReadAction","target":["https:\/\/www.eldiario.net\/portal\/2022\/04\/05\/la-importancia-del-lenguaje-cuando-hablamos-del-cancer\/"]}]},{"@type":"ImageObject","inLanguage":"es","@id":"https:\/\/www.eldiario.net\/portal\/2022\/04\/05\/la-importancia-del-lenguaje-cuando-hablamos-del-cancer\/#primaryimage","url":"","contentUrl":""},{"@type":"BreadcrumbList","@id":"https:\/\/www.eldiario.net\/portal\/2022\/04\/05\/la-importancia-del-lenguaje-cuando-hablamos-del-cancer\/#breadcrumb","itemListElement":[{"@type":"ListItem","position":1,"name":"Portada","item":"https:\/\/www.eldiario.net\/portal\/"},{"@type":"ListItem","position":2,"name":"La importancia del lenguaje cuando hablamos del c\u00e1ncer"}]},{"@type":"WebSite","@id":"https:\/\/www.eldiario.net\/portal\/#website","url":"https:\/\/www.eldiario.net\/portal\/","name":"El Diario - Decano de la prensa nacional","description":"El Diario - Decano de la prensa nacional","publisher":{"@id":"https:\/\/www.eldiario.net\/portal\/#organization"},"potentialAction":[{"@type":"SearchAction","target":{"@type":"EntryPoint","urlTemplate":"https:\/\/www.eldiario.net\/portal\/?s={search_term_string}"},"query-input":{"@type":"PropertyValueSpecification","valueRequired":true,"valueName":"search_term_string"}}],"inLanguage":"es"},{"@type":"Organization","@id":"https:\/\/www.eldiario.net\/portal\/#organization","name":"El Diario - Decano de la prensa nacional","url":"https:\/\/www.eldiario.net\/portal\/","logo":{"@type":"ImageObject","inLanguage":"es","@id":"https:\/\/www.eldiario.net\/portal\/#\/schema\/logo\/image\/","url":"https:\/\/www.eldiario.net\/portal\/wp-content\/uploads\/2023\/07\/logo_ED.jpg","contentUrl":"https:\/\/www.eldiario.net\/portal\/wp-content\/uploads\/2023\/07\/logo_ED.jpg","width":272,"height":52,"caption":"El Diario - Decano de la prensa nacional"},"image":{"@id":"https:\/\/www.eldiario.net\/portal\/#\/schema\/logo\/image\/"},"sameAs":["https:\/\/www.facebook.com\/eldiario.bolivia\/","https:\/\/x.com\/eldiario_net"]},{"@type":"Person","@id":"https:\/\/www.eldiario.net\/portal\/#\/schema\/person\/2c57cf2b7a7ae032e449e4c9b1019eac","name":"Jeanette","image":{"@type":"ImageObject","inLanguage":"es","@id":"https:\/\/secure.gravatar.com\/avatar\/3ea2118a5f7dad2b7138b1187a6b7ee55f160b9968b66013c3a3ef39dd7e5798?s=96&d=mm&r=g","url":"https:\/\/secure.gravatar.com\/avatar\/3ea2118a5f7dad2b7138b1187a6b7ee55f160b9968b66013c3a3ef39dd7e5798?s=96&d=mm&r=g","contentUrl":"https:\/\/secure.gravatar.com\/avatar\/3ea2118a5f7dad2b7138b1187a6b7ee55f160b9968b66013c3a3ef39dd7e5798?s=96&d=mm&r=g","caption":"Jeanette"},"sameAs":["https:\/\/www.eldiario.net\/portal"],"url":"https:\/\/www.eldiario.net\/portal\/author\/jeanette\/"}]}},"_links":{"self":[{"href":"https:\/\/www.eldiario.net\/portal\/wp-json\/wp\/v2\/posts\/74564","targetHints":{"allow":["GET"]}}],"collection":[{"href":"https:\/\/www.eldiario.net\/portal\/wp-json\/wp\/v2\/posts"}],"about":[{"href":"https:\/\/www.eldiario.net\/portal\/wp-json\/wp\/v2\/types\/post"}],"author":[{"embeddable":true,"href":"https:\/\/www.eldiario.net\/portal\/wp-json\/wp\/v2\/users\/1"}],"replies":[{"embeddable":true,"href":"https:\/\/www.eldiario.net\/portal\/wp-json\/wp\/v2\/comments?post=74564"}],"version-history":[{"count":0,"href":"https:\/\/www.eldiario.net\/portal\/wp-json\/wp\/v2\/posts\/74564\/revisions"}],"wp:attachment":[{"href":"https:\/\/www.eldiario.net\/portal\/wp-json\/wp\/v2\/media?parent=74564"}],"wp:term":[{"taxonomy":"category","embeddable":true,"href":"https:\/\/www.eldiario.net\/portal\/wp-json\/wp\/v2\/categories?post=74564"},{"taxonomy":"post_tag","embeddable":true,"href":"https:\/\/www.eldiario.net\/portal\/wp-json\/wp\/v2\/tags?post=74564"}],"curies":[{"name":"wp","href":"https:\/\/api.w.org\/{rel}","templated":true}]}}