{"id":74560,"date":"2022-04-05T06:06:28","date_gmt":"2022-04-05T10:06:28","guid":{"rendered":"https:\/\/www.eldiario.net\/portal\/?p=74560"},"modified":"2022-04-05T06:06:28","modified_gmt":"2022-04-05T10:06:28","slug":"la-relacion-salud-emociones-realidad-o-ficcion-las-alergias-3ra-parte","status":"publish","type":"post","link":"https:\/\/www.eldiario.net\/portal\/2022\/04\/05\/la-relacion-salud-emociones-realidad-o-ficcion-las-alergias-3ra-parte\/","title":{"rendered":"La relaci\u00f3n Salud &#8211; Emociones \u00bfrealidad o ficci\u00f3n? Las alergias 3ra Parte"},"content":{"rendered":"<p><strong>Autor: Grupo Editor<\/strong><\/p>\n<p>&nbsp;<\/p>\n<p>En este n\u00famero presentamos algunos consejos para prevenir o hacer frente a las alergias m\u00e1s comunes desde la comodidad de nuestros hogares. Cosas tan simples pero importantes como cuidar la alimentaci\u00f3n y hacer ejercicio pueden ayudar ante este malestar. Veamos cu\u00e1les son estos consejos.<\/p>\n<p>&nbsp;<\/p>\n<p><strong>Saber es poder (conoce tus alergias)<\/strong><\/p>\n<p>&nbsp;<\/p>\n<p>En la mayor parte de los casos de alergia que aparecen en primavera, el al\u00e9rgeno responsable es el polen, pero hay muchas clases alergias que afectan a nuestra salud. Saber qu\u00e9 provoca nuestra alergias es muy importante, para esto lo mejor siempre ser\u00e1 ponerse en manos de un especialista y conversar con la familia para saber esta informaci\u00f3n.<\/p>\n<p>&nbsp;<\/p>\n<p><strong>Actualiza tu agenda y tu vida<\/strong><\/p>\n<p>&nbsp;<\/p>\n<p>Es muy importante adem\u00e1s de conocer cu\u00e1les alergias tenemos para reorganizar nuestra vida y actividades con la finalidad de estar tranquilos y seguros. Si por ejemplo, una persona tiene alergia al polen, la misma deber\u00e1 aprender cu\u00e1les son las horas de m\u00e1xima emisi\u00f3n de cada planta, y olv\u00eddate de salir al exterior en esos momentos cr\u00edticos, especialmente si sale a correr o hacer deporte al aire libre. Es mejor hacer ejercicio en un gimnasio limpio con el aire filtrado o nadar en la piscina tratada con ozono en vez de cloro. El deporte siempre ayudar\u00e1 a mantener en forma el sistema inmunol\u00f3gico, siempre que se practique a la intensidad adecuada y sin pasarse con la duraci\u00f3n.<\/p>\n<p>&nbsp;<\/p>\n<p><strong>Contralar la alimentaci\u00f3n como regla de vida<\/strong><\/p>\n<p>&nbsp;<\/p>\n<p>Algunos alimentos provocan reacciones al\u00e9rgicas en las personas con este malestar. En el caso de las frutas y verduras, basta no comer estas crudas y comerlas cocinadas si se tiene alg\u00fan tipo de reacci\u00f3n a cualquiera de ellas; sin embargo, repetimos que siempre debe trabajarse junto con el especialista y consultar cualquier acci\u00f3n que facilite sobrellevar nuestras alergias.<\/p>\n<p>&nbsp;<\/p>\n<p><strong>Ventilaci\u00f3n constante<\/strong><\/p>\n<p>&nbsp;<\/p>\n<p>La mejor hora para airear la casa es la primera hora de la tarde, as\u00ed como tambi\u00e9n es m\u00e1s efectivo hacerlo los d\u00edas lluviosos, y se debe procurar no estar en casa en caso de haber usado alg\u00fan producto que pueda activad nuestras alergias como por ejemplo aerosoles con aroma.<\/p>\n<p>&nbsp;<\/p>\n<p><strong>Convivir con plantas para purificar<\/strong><\/p>\n<p>&nbsp;<\/p>\n<p>No todas las plantas producen alergia, existen en realidad algunas que purifican el aire y filtran al\u00e9rgenos y sustancias contaminantes del aire como benceno, mon\u00f3xido de carbono, formaldeh\u00eddo y tricloroetileno. Si no tienes alergia al moho, puedes utilizar arecas, singonios, helechos, datileros, hiedra, poto, espatifilo, cintas y dr\u00e1cenas, cabe resaltar que esta acci\u00f3n no es exclusiva para tratar alergias al polen, ya que su finalidad es facilitar la purificaci\u00f3n del ambiente donde nos encontremos.<\/p>\n<p>&nbsp;<\/p>\n<p><strong>Consumir m\u00e1s pescado<\/strong><\/p>\n<p>&nbsp;<\/p>\n<p>Los pescados azules son ricos en \u00e1cidos grasos omega-3, que tienen un efecto antiinflamatorio, y est\u00e1 comprobado que reducen los s\u00edntomas de alergia y asma. Si no se gusta del pescado, se puede tomar alimentos enriquecidos o c\u00e1psulas con omega-3 cada d\u00eda.<\/p>\n<p>&nbsp;<\/p>\n<p><strong>Convertir al magnesio en aliado<\/strong><\/p>\n<p>&nbsp;<\/p>\n<p>El magnesio es un mineral que ayuda a relajar las paredes de los m\u00fasculos lisos y reduce la intensidad de los ataques de asma, haciendo que se respire mejor. Las dosis de magnesio necesarias var\u00edan en cada persona, en general los deportistas necesitan m\u00e1s por las p\u00e9rdidas con el sudor y la demanda que produce el trabajo muscular, y pueden llegar a tomar hasta 1.000 mg dos veces al d\u00eda, pero esta cantidad varia de persona a persona.<\/p>\n<p>&nbsp;<\/p>\n<p><strong>Controlar las interacciones<\/strong><\/p>\n<p>&nbsp;<\/p>\n<p>Algunos de los medicamentos que se recetan contra la alergia como la teofilina se alteran en su absorci\u00f3n cuando se combinan con otros alimentos como caf\u00e9, cacao, t\u00e9, carnes y verduras de la familia de la col. El pomelo tambi\u00e9n puede alterar la absorci\u00f3n de algunos medicamentos. Intenta evitar estos alimentos mientras tomas el tratamiento para la alergia.<\/p>\n<p>&nbsp;<\/p>\n<p><strong>Aumentar la vitamina C<\/strong><\/p>\n<p>&nbsp;<\/p>\n<p>Los alimentos ricos en vitamina C tienen una acci\u00f3n antihistam\u00ednica, puede tomarse esta vitamina en suplementos o comer alimentos ricos en ella como el kiwi, la papaya, las bayas, los pimientos y las coles, entre otros.<\/p>\n<p>&nbsp;<\/p>\n<p><strong>Abre las llaves de la hidrataci\u00f3n<\/strong><\/p>\n<p>&nbsp;<\/p>\n<p>No es extra\u00f1o que las alergias conlleven a la p\u00e9rdida de l\u00edquido extra, algunos medicamentos para alergia tambi\u00e9n act\u00faan como diur\u00e9ticos. Si adem\u00e1s se hace deporte no ser\u00e1 suficiente con dos litros de agua al d\u00eda, en realidad se tendr\u00e1 que beber tres o m\u00e1s para evitar deshidratarte: Siempre consultando con el especialista para no afectar nuestra salud y observando el estilo de vida que se lleva.<\/p>\n<p>&nbsp;<\/p>\n<p><strong>Un buen ba\u00f1o de pies<\/strong><\/p>\n<p>&nbsp;<\/p>\n<p>Aunque te parezca una tonter\u00eda, sumergir los pies en agua caliente puede reducir los s\u00edntomas de rinitis al\u00e9rgicas, incluso en presencia del al\u00e9rgeno, seg\u00fan han demostrado en la Universidad de Chicago.<\/p>\n<p>&nbsp;<\/p>\n<p><strong>Aprende a respirar<\/strong><\/p>\n<p>&nbsp;<\/p>\n<p>En yoga existen pr\u00e1cticas de respiraci\u00f3n profunda que ayudan a eliminar el aire viciado y las toxinas de los pulmones, previniendo y reduciendo los s\u00edntomas de alergia; pero principalmente ayudan a conseguir paz y tranquilidad. Para los maestros de yoga, las alergias se deben a la falta de prana (fuerza vital respiratoria), y al respirar profundamente, con ejercicios como el \u00abujjayi\u00bb, aumenta el prana y se refuerza el sistema inmunol\u00f3gico. Bastan 10 minutos por la ma\u00f1ana y 10 por la noche para practicar \u00abujjayi\u00bb: consiste en inspirar imaginando que tu cuerpo y mente se ampl\u00edan, notando c\u00f3mo el aire atraviesa la garganta y llega a los pulmones, sintiendo el movimiento con el vientre. Mientras el cuerpo y la mente se relajan se debe repetir esta respiraci\u00f3n alargando inspiraciones y espiraciones contando los segundos.<\/p>\n<p>&nbsp;<\/p>\n<p>Existen muchas t\u00e9cnicas y actividades para enfrentar a las alergias desde el hogar; sin embargo, ser\u00eda muy irresponsable ponerlas todas en esta presentaci\u00f3n ya que muchas de ellas requiere un seguimiento por parte de un profesional o de una personalidad muy disciplinada ya que salirse de las indicaciones o alterar su ejecuci\u00f3n puede conducir a otros altercados en la estabilidad de la salud. Por ello, reiteramos enf\u00e1ticamente, que todas nuestra actividades y remedios deben ser orientados, asesorados o consultados con especialistas para hacerlos mejor y m\u00e1s efectivos.<\/p>\n<p><a href=\"https:\/\/www.eldiario.net\/portal\/wp-content\/uploads\/2022\/04\/IE-Alrgia-y-Asma.webp\"><img loading=\"lazy\" decoding=\"async\" class=\"aligncenter wp-image-74562 size-full\" src=\"https:\/\/www.eldiario.net\/portal\/wp-content\/uploads\/2022\/04\/IE-Alrgia-y-Asma.webp\" alt=\"\" width=\"300\" height=\"188\" \/><\/a><\/p>\n","protected":false},"excerpt":{"rendered":"<p>Autor: Grupo Editor &nbsp; En este n\u00famero presentamos algunos consejos para prevenir o hacer frente a las alergias m\u00e1s comunes desde la comodidad de nuestros hogares. Cosas tan simples pero importantes como cuidar la alimentaci\u00f3n y hacer ejercicio pueden ayudar ante este malestar. Veamos cu\u00e1les son estos consejos. &nbsp; Saber es poder (conoce tus alergias) [&hellip;]<\/p>\n","protected":false},"author":1,"featured_media":74561,"comment_status":"closed","ping_status":"closed","sticky":false,"template":"","format":"standard","meta":{"_acf_changed":false,"footnotes":""},"categories":[43],"tags":[],"class_list":["post-74560","post","type-post","status-publish","format-standard","has-post-thumbnail","category-nuevos-horizontes"],"acf":{"antetitulo":""},"yoast_head":"<!-- This site is optimized with the Yoast SEO plugin v28.4 - https:\/\/yoast.com\/product\/yoast-seo-wordpress\/ -->\n<title>La relaci\u00f3n Salud - Emociones \u00bfrealidad o ficci\u00f3n? Las alergias 3ra Parte - El Diario - Bolivia<\/title>\n<meta name=\"robots\" content=\"index, follow, max-snippet:-1, max-image-preview:large, max-video-preview:-1\" \/>\n<link rel=\"canonical\" href=\"https:\/\/www.eldiario.net\/portal\/2022\/04\/05\/la-relacion-salud-emociones-realidad-o-ficcion-las-alergias-3ra-parte\/\" \/>\n<meta property=\"og:locale\" content=\"es_ES\" \/>\n<meta property=\"og:type\" content=\"article\" \/>\n<meta property=\"og:title\" content=\"La relaci\u00f3n Salud - Emociones \u00bfrealidad o ficci\u00f3n? Las alergias 3ra Parte - El Diario - Bolivia\" \/>\n<meta property=\"og:description\" content=\"Autor: Grupo Editor &nbsp; En este n\u00famero presentamos algunos consejos para prevenir o hacer frente a las alergias m\u00e1s comunes desde la comodidad de nuestros hogares. Cosas tan simples pero importantes como cuidar la alimentaci\u00f3n y hacer ejercicio pueden ayudar ante este malestar. Veamos cu\u00e1les son estos consejos. &nbsp; Saber es poder (conoce tus alergias) [&hellip;]\" \/>\n<meta property=\"og:url\" content=\"https:\/\/www.eldiario.net\/portal\/2022\/04\/05\/la-relacion-salud-emociones-realidad-o-ficcion-las-alergias-3ra-parte\/\" \/>\n<meta property=\"og:site_name\" content=\"El Diario - Bolivia\" \/>\n<meta property=\"article:publisher\" content=\"https:\/\/www.facebook.com\/eldiario.bolivia\/\" \/>\n<meta property=\"article:published_time\" content=\"2022-04-05T10:06:28+00:00\" \/>\n<meta name=\"author\" content=\"Jeanette\" \/>\n<meta name=\"twitter:card\" content=\"summary_large_image\" \/>\n<meta name=\"twitter:creator\" content=\"@eldiario_net\" \/>\n<meta name=\"twitter:site\" content=\"@eldiario_net\" \/>\n<meta name=\"twitter:label1\" content=\"Escrito por\" \/>\n\t<meta name=\"twitter:data1\" content=\"Jeanette\" \/>\n\t<meta name=\"twitter:label2\" content=\"Tiempo de lectura\" \/>\n\t<meta name=\"twitter:data2\" content=\"5 minutos\" \/>\n<script type=\"application\/ld+json\" class=\"yoast-schema-graph\">{\"@context\":\"https:\\\/\\\/schema.org\",\"@graph\":[{\"@type\":\"Article\",\"@id\":\"https:\\\/\\\/www.eldiario.net\\\/portal\\\/2022\\\/04\\\/05\\\/la-relacion-salud-emociones-realidad-o-ficcion-las-alergias-3ra-parte\\\/#article\",\"isPartOf\":{\"@id\":\"https:\\\/\\\/www.eldiario.net\\\/portal\\\/2022\\\/04\\\/05\\\/la-relacion-salud-emociones-realidad-o-ficcion-las-alergias-3ra-parte\\\/\"},\"author\":{\"name\":\"Jeanette\",\"@id\":\"https:\\\/\\\/www.eldiario.net\\\/portal\\\/#\\\/schema\\\/person\\\/2c57cf2b7a7ae032e449e4c9b1019eac\"},\"headline\":\"La relaci\u00f3n Salud &#8211; Emociones \u00bfrealidad o ficci\u00f3n? Las alergias 3ra Parte\",\"datePublished\":\"2022-04-05T10:06:28+00:00\",\"mainEntityOfPage\":{\"@id\":\"https:\\\/\\\/www.eldiario.net\\\/portal\\\/2022\\\/04\\\/05\\\/la-relacion-salud-emociones-realidad-o-ficcion-las-alergias-3ra-parte\\\/\"},\"wordCount\":1102,\"publisher\":{\"@id\":\"https:\\\/\\\/www.eldiario.net\\\/portal\\\/#organization\"},\"image\":{\"@id\":\"https:\\\/\\\/www.eldiario.net\\\/portal\\\/2022\\\/04\\\/05\\\/la-relacion-salud-emociones-realidad-o-ficcion-las-alergias-3ra-parte\\\/#primaryimage\"},\"thumbnailUrl\":\"\",\"articleSection\":[\"Nuevos Horizontes\"],\"inLanguage\":\"es\"},{\"@type\":\"WebPage\",\"@id\":\"https:\\\/\\\/www.eldiario.net\\\/portal\\\/2022\\\/04\\\/05\\\/la-relacion-salud-emociones-realidad-o-ficcion-las-alergias-3ra-parte\\\/\",\"url\":\"https:\\\/\\\/www.eldiario.net\\\/portal\\\/2022\\\/04\\\/05\\\/la-relacion-salud-emociones-realidad-o-ficcion-las-alergias-3ra-parte\\\/\",\"name\":\"La relaci\u00f3n Salud - Emociones \u00bfrealidad o ficci\u00f3n? Las alergias 3ra Parte - El Diario - Bolivia\",\"isPartOf\":{\"@id\":\"https:\\\/\\\/www.eldiario.net\\\/portal\\\/#website\"},\"primaryImageOfPage\":{\"@id\":\"https:\\\/\\\/www.eldiario.net\\\/portal\\\/2022\\\/04\\\/05\\\/la-relacion-salud-emociones-realidad-o-ficcion-las-alergias-3ra-parte\\\/#primaryimage\"},\"image\":{\"@id\":\"https:\\\/\\\/www.eldiario.net\\\/portal\\\/2022\\\/04\\\/05\\\/la-relacion-salud-emociones-realidad-o-ficcion-las-alergias-3ra-parte\\\/#primaryimage\"},\"thumbnailUrl\":\"\",\"datePublished\":\"2022-04-05T10:06:28+00:00\",\"breadcrumb\":{\"@id\":\"https:\\\/\\\/www.eldiario.net\\\/portal\\\/2022\\\/04\\\/05\\\/la-relacion-salud-emociones-realidad-o-ficcion-las-alergias-3ra-parte\\\/#breadcrumb\"},\"inLanguage\":\"es\",\"potentialAction\":[{\"@type\":\"ReadAction\",\"target\":[\"https:\\\/\\\/www.eldiario.net\\\/portal\\\/2022\\\/04\\\/05\\\/la-relacion-salud-emociones-realidad-o-ficcion-las-alergias-3ra-parte\\\/\"]}]},{\"@type\":\"ImageObject\",\"inLanguage\":\"es\",\"@id\":\"https:\\\/\\\/www.eldiario.net\\\/portal\\\/2022\\\/04\\\/05\\\/la-relacion-salud-emociones-realidad-o-ficcion-las-alergias-3ra-parte\\\/#primaryimage\",\"url\":\"\",\"contentUrl\":\"\"},{\"@type\":\"BreadcrumbList\",\"@id\":\"https:\\\/\\\/www.eldiario.net\\\/portal\\\/2022\\\/04\\\/05\\\/la-relacion-salud-emociones-realidad-o-ficcion-las-alergias-3ra-parte\\\/#breadcrumb\",\"itemListElement\":[{\"@type\":\"ListItem\",\"position\":1,\"name\":\"Portada\",\"item\":\"https:\\\/\\\/www.eldiario.net\\\/portal\\\/\"},{\"@type\":\"ListItem\",\"position\":2,\"name\":\"La relaci\u00f3n Salud &#8211; Emociones \u00bfrealidad o ficci\u00f3n? Las alergias 3ra Parte\"}]},{\"@type\":\"WebSite\",\"@id\":\"https:\\\/\\\/www.eldiario.net\\\/portal\\\/#website\",\"url\":\"https:\\\/\\\/www.eldiario.net\\\/portal\\\/\",\"name\":\"El Diario - Decano de la prensa nacional\",\"description\":\"El Diario - Decano de la prensa nacional\",\"publisher\":{\"@id\":\"https:\\\/\\\/www.eldiario.net\\\/portal\\\/#organization\"},\"potentialAction\":[{\"@type\":\"SearchAction\",\"target\":{\"@type\":\"EntryPoint\",\"urlTemplate\":\"https:\\\/\\\/www.eldiario.net\\\/portal\\\/?s={search_term_string}\"},\"query-input\":{\"@type\":\"PropertyValueSpecification\",\"valueRequired\":true,\"valueName\":\"search_term_string\"}}],\"inLanguage\":\"es\"},{\"@type\":\"Organization\",\"@id\":\"https:\\\/\\\/www.eldiario.net\\\/portal\\\/#organization\",\"name\":\"El Diario - Decano de la prensa nacional\",\"url\":\"https:\\\/\\\/www.eldiario.net\\\/portal\\\/\",\"logo\":{\"@type\":\"ImageObject\",\"inLanguage\":\"es\",\"@id\":\"https:\\\/\\\/www.eldiario.net\\\/portal\\\/#\\\/schema\\\/logo\\\/image\\\/\",\"url\":\"https:\\\/\\\/www.eldiario.net\\\/portal\\\/wp-content\\\/uploads\\\/2023\\\/07\\\/logo_ED.jpg\",\"contentUrl\":\"https:\\\/\\\/www.eldiario.net\\\/portal\\\/wp-content\\\/uploads\\\/2023\\\/07\\\/logo_ED.jpg\",\"width\":272,\"height\":52,\"caption\":\"El Diario - Decano de la prensa nacional\"},\"image\":{\"@id\":\"https:\\\/\\\/www.eldiario.net\\\/portal\\\/#\\\/schema\\\/logo\\\/image\\\/\"},\"sameAs\":[\"https:\\\/\\\/www.facebook.com\\\/eldiario.bolivia\\\/\",\"https:\\\/\\\/x.com\\\/eldiario_net\"]},{\"@type\":\"Person\",\"@id\":\"https:\\\/\\\/www.eldiario.net\\\/portal\\\/#\\\/schema\\\/person\\\/2c57cf2b7a7ae032e449e4c9b1019eac\",\"name\":\"Jeanette\",\"image\":{\"@type\":\"ImageObject\",\"inLanguage\":\"es\",\"@id\":\"https:\\\/\\\/secure.gravatar.com\\\/avatar\\\/3ea2118a5f7dad2b7138b1187a6b7ee55f160b9968b66013c3a3ef39dd7e5798?s=96&d=mm&r=g\",\"url\":\"https:\\\/\\\/secure.gravatar.com\\\/avatar\\\/3ea2118a5f7dad2b7138b1187a6b7ee55f160b9968b66013c3a3ef39dd7e5798?s=96&d=mm&r=g\",\"contentUrl\":\"https:\\\/\\\/secure.gravatar.com\\\/avatar\\\/3ea2118a5f7dad2b7138b1187a6b7ee55f160b9968b66013c3a3ef39dd7e5798?s=96&d=mm&r=g\",\"caption\":\"Jeanette\"},\"sameAs\":[\"https:\\\/\\\/www.eldiario.net\\\/portal\"],\"url\":\"https:\\\/\\\/www.eldiario.net\\\/portal\\\/author\\\/jeanette\\\/\"}]}<\/script>\n<!-- \/ Yoast SEO plugin. -->","yoast_head_json":{"title":"La relaci\u00f3n Salud - Emociones \u00bfrealidad o ficci\u00f3n? Las alergias 3ra Parte - El Diario - Bolivia","robots":{"index":"index","follow":"follow","max-snippet":"max-snippet:-1","max-image-preview":"max-image-preview:large","max-video-preview":"max-video-preview:-1"},"canonical":"https:\/\/www.eldiario.net\/portal\/2022\/04\/05\/la-relacion-salud-emociones-realidad-o-ficcion-las-alergias-3ra-parte\/","og_locale":"es_ES","og_type":"article","og_title":"La relaci\u00f3n Salud - Emociones \u00bfrealidad o ficci\u00f3n? Las alergias 3ra Parte - El Diario - Bolivia","og_description":"Autor: Grupo Editor &nbsp; En este n\u00famero presentamos algunos consejos para prevenir o hacer frente a las alergias m\u00e1s comunes desde la comodidad de nuestros hogares. Cosas tan simples pero importantes como cuidar la alimentaci\u00f3n y hacer ejercicio pueden ayudar ante este malestar. Veamos cu\u00e1les son estos consejos. &nbsp; Saber es poder (conoce tus alergias) [&hellip;]","og_url":"https:\/\/www.eldiario.net\/portal\/2022\/04\/05\/la-relacion-salud-emociones-realidad-o-ficcion-las-alergias-3ra-parte\/","og_site_name":"El Diario - Bolivia","article_publisher":"https:\/\/www.facebook.com\/eldiario.bolivia\/","article_published_time":"2022-04-05T10:06:28+00:00","author":"Jeanette","twitter_card":"summary_large_image","twitter_creator":"@eldiario_net","twitter_site":"@eldiario_net","twitter_misc":{"Escrito por":"Jeanette","Tiempo de lectura":"5 minutos"},"schema":{"@context":"https:\/\/schema.org","@graph":[{"@type":"Article","@id":"https:\/\/www.eldiario.net\/portal\/2022\/04\/05\/la-relacion-salud-emociones-realidad-o-ficcion-las-alergias-3ra-parte\/#article","isPartOf":{"@id":"https:\/\/www.eldiario.net\/portal\/2022\/04\/05\/la-relacion-salud-emociones-realidad-o-ficcion-las-alergias-3ra-parte\/"},"author":{"name":"Jeanette","@id":"https:\/\/www.eldiario.net\/portal\/#\/schema\/person\/2c57cf2b7a7ae032e449e4c9b1019eac"},"headline":"La relaci\u00f3n Salud &#8211; Emociones \u00bfrealidad o ficci\u00f3n? Las alergias 3ra Parte","datePublished":"2022-04-05T10:06:28+00:00","mainEntityOfPage":{"@id":"https:\/\/www.eldiario.net\/portal\/2022\/04\/05\/la-relacion-salud-emociones-realidad-o-ficcion-las-alergias-3ra-parte\/"},"wordCount":1102,"publisher":{"@id":"https:\/\/www.eldiario.net\/portal\/#organization"},"image":{"@id":"https:\/\/www.eldiario.net\/portal\/2022\/04\/05\/la-relacion-salud-emociones-realidad-o-ficcion-las-alergias-3ra-parte\/#primaryimage"},"thumbnailUrl":"","articleSection":["Nuevos Horizontes"],"inLanguage":"es"},{"@type":"WebPage","@id":"https:\/\/www.eldiario.net\/portal\/2022\/04\/05\/la-relacion-salud-emociones-realidad-o-ficcion-las-alergias-3ra-parte\/","url":"https:\/\/www.eldiario.net\/portal\/2022\/04\/05\/la-relacion-salud-emociones-realidad-o-ficcion-las-alergias-3ra-parte\/","name":"La relaci\u00f3n Salud - Emociones \u00bfrealidad o ficci\u00f3n? Las alergias 3ra Parte - El Diario - Bolivia","isPartOf":{"@id":"https:\/\/www.eldiario.net\/portal\/#website"},"primaryImageOfPage":{"@id":"https:\/\/www.eldiario.net\/portal\/2022\/04\/05\/la-relacion-salud-emociones-realidad-o-ficcion-las-alergias-3ra-parte\/#primaryimage"},"image":{"@id":"https:\/\/www.eldiario.net\/portal\/2022\/04\/05\/la-relacion-salud-emociones-realidad-o-ficcion-las-alergias-3ra-parte\/#primaryimage"},"thumbnailUrl":"","datePublished":"2022-04-05T10:06:28+00:00","breadcrumb":{"@id":"https:\/\/www.eldiario.net\/portal\/2022\/04\/05\/la-relacion-salud-emociones-realidad-o-ficcion-las-alergias-3ra-parte\/#breadcrumb"},"inLanguage":"es","potentialAction":[{"@type":"ReadAction","target":["https:\/\/www.eldiario.net\/portal\/2022\/04\/05\/la-relacion-salud-emociones-realidad-o-ficcion-las-alergias-3ra-parte\/"]}]},{"@type":"ImageObject","inLanguage":"es","@id":"https:\/\/www.eldiario.net\/portal\/2022\/04\/05\/la-relacion-salud-emociones-realidad-o-ficcion-las-alergias-3ra-parte\/#primaryimage","url":"","contentUrl":""},{"@type":"BreadcrumbList","@id":"https:\/\/www.eldiario.net\/portal\/2022\/04\/05\/la-relacion-salud-emociones-realidad-o-ficcion-las-alergias-3ra-parte\/#breadcrumb","itemListElement":[{"@type":"ListItem","position":1,"name":"Portada","item":"https:\/\/www.eldiario.net\/portal\/"},{"@type":"ListItem","position":2,"name":"La relaci\u00f3n Salud &#8211; Emociones \u00bfrealidad o ficci\u00f3n? Las alergias 3ra Parte"}]},{"@type":"WebSite","@id":"https:\/\/www.eldiario.net\/portal\/#website","url":"https:\/\/www.eldiario.net\/portal\/","name":"El Diario - Decano de la prensa nacional","description":"El Diario - Decano de la prensa nacional","publisher":{"@id":"https:\/\/www.eldiario.net\/portal\/#organization"},"potentialAction":[{"@type":"SearchAction","target":{"@type":"EntryPoint","urlTemplate":"https:\/\/www.eldiario.net\/portal\/?s={search_term_string}"},"query-input":{"@type":"PropertyValueSpecification","valueRequired":true,"valueName":"search_term_string"}}],"inLanguage":"es"},{"@type":"Organization","@id":"https:\/\/www.eldiario.net\/portal\/#organization","name":"El Diario - Decano de la prensa nacional","url":"https:\/\/www.eldiario.net\/portal\/","logo":{"@type":"ImageObject","inLanguage":"es","@id":"https:\/\/www.eldiario.net\/portal\/#\/schema\/logo\/image\/","url":"https:\/\/www.eldiario.net\/portal\/wp-content\/uploads\/2023\/07\/logo_ED.jpg","contentUrl":"https:\/\/www.eldiario.net\/portal\/wp-content\/uploads\/2023\/07\/logo_ED.jpg","width":272,"height":52,"caption":"El Diario - Decano de la prensa nacional"},"image":{"@id":"https:\/\/www.eldiario.net\/portal\/#\/schema\/logo\/image\/"},"sameAs":["https:\/\/www.facebook.com\/eldiario.bolivia\/","https:\/\/x.com\/eldiario_net"]},{"@type":"Person","@id":"https:\/\/www.eldiario.net\/portal\/#\/schema\/person\/2c57cf2b7a7ae032e449e4c9b1019eac","name":"Jeanette","image":{"@type":"ImageObject","inLanguage":"es","@id":"https:\/\/secure.gravatar.com\/avatar\/3ea2118a5f7dad2b7138b1187a6b7ee55f160b9968b66013c3a3ef39dd7e5798?s=96&d=mm&r=g","url":"https:\/\/secure.gravatar.com\/avatar\/3ea2118a5f7dad2b7138b1187a6b7ee55f160b9968b66013c3a3ef39dd7e5798?s=96&d=mm&r=g","contentUrl":"https:\/\/secure.gravatar.com\/avatar\/3ea2118a5f7dad2b7138b1187a6b7ee55f160b9968b66013c3a3ef39dd7e5798?s=96&d=mm&r=g","caption":"Jeanette"},"sameAs":["https:\/\/www.eldiario.net\/portal"],"url":"https:\/\/www.eldiario.net\/portal\/author\/jeanette\/"}]}},"_links":{"self":[{"href":"https:\/\/www.eldiario.net\/portal\/wp-json\/wp\/v2\/posts\/74560","targetHints":{"allow":["GET"]}}],"collection":[{"href":"https:\/\/www.eldiario.net\/portal\/wp-json\/wp\/v2\/posts"}],"about":[{"href":"https:\/\/www.eldiario.net\/portal\/wp-json\/wp\/v2\/types\/post"}],"author":[{"embeddable":true,"href":"https:\/\/www.eldiario.net\/portal\/wp-json\/wp\/v2\/users\/1"}],"replies":[{"embeddable":true,"href":"https:\/\/www.eldiario.net\/portal\/wp-json\/wp\/v2\/comments?post=74560"}],"version-history":[{"count":0,"href":"https:\/\/www.eldiario.net\/portal\/wp-json\/wp\/v2\/posts\/74560\/revisions"}],"wp:attachment":[{"href":"https:\/\/www.eldiario.net\/portal\/wp-json\/wp\/v2\/media?parent=74560"}],"wp:term":[{"taxonomy":"category","embeddable":true,"href":"https:\/\/www.eldiario.net\/portal\/wp-json\/wp\/v2\/categories?post=74560"},{"taxonomy":"post_tag","embeddable":true,"href":"https:\/\/www.eldiario.net\/portal\/wp-json\/wp\/v2\/tags?post=74560"}],"curies":[{"name":"wp","href":"https:\/\/api.w.org\/{rel}","templated":true}]}}