{"id":7396,"date":"2021-05-31T05:48:07","date_gmt":"2021-05-31T09:48:07","guid":{"rendered":"https:\/\/www.eldiario.net\/portal\/?p=7396"},"modified":"2021-05-31T05:48:07","modified_gmt":"2021-05-31T09:48:07","slug":"tres-instituciones-sellan-alianza-para-capacitar-a-estudiantes-con-deseos-de-emprender","status":"publish","type":"post","link":"https:\/\/www.eldiario.net\/portal\/2021\/05\/31\/tres-instituciones-sellan-alianza-para-capacitar-a-estudiantes-con-deseos-de-emprender\/","title":{"rendered":"Tres instituciones sellan alianza para capacitar  a estudiantes con deseos de emprender"},"content":{"rendered":"<p>Nacional Seguros, Universidad Salesiana y APP Credit, avalada por el Grupo Nueva Econom\u00eda, se unieron en una importante alianza con el fin de capacitar a 470 estudiantes y 30 docentes del sistema universitario salesiano Don Bosco, a trav\u00e9s del financiamiento del programa E-plus, mediante el cual tendr\u00e1n acceso al curso virtual \u201cEmprendedor global\u201d, as\u00ed como tambi\u00e9n a la plataforma APP-Credit.<br \/>\nEl objetivo de este Programa, que capacitar\u00e1 medio millar de beneficiarios, es encaminar a los becarios en el mundo del emprendimiento de manera pr\u00e1ctica y efectiva, incorporando conocimientos y habilidades financieras y de seguros para la creaci\u00f3n de modelos exitosos de negocio. Al finalizar, los participantes obtendr\u00e1n su Certificado de \u201cEmprendedor Global\u201d.<br \/>\n\u201cLa participaci\u00f3n de Nacional Seguros en esta iniciativa se inscribe en nuestros valores de respeto, honestidad, transparencia, responsabilidad, compromiso, confianza y solidaridad, que se traducen en nuestra pol\u00edtica de RSE, basada en cuatro pilares fundamentales: salud, deporte, educaci\u00f3n y desarrollo social, con especial \u00e9nfasis en los ni\u00f1os y j\u00f3venes, as\u00ed como en la construcci\u00f3n de alianzas con otras organizaciones\u201d, explic\u00f3 Jos\u00e9 Luis Camacho, presidente del Grupo Nacional Vida.<br \/>\n\u201cEn Nacional Seguros creemos que es muy importante el fortalecimiento de las capacidades emprendedoras de los j\u00f3venes y de todos los bolivianos. Desde esta perspectiva, hemos visto una gran oportunidad en apoyar el programa E-plus para capacitar a estudiantes y docentes del sistema universitario salesiano Don Bosco, promoviendo as\u00ed su bienestar y el de sus familias, al ofrecerles formaci\u00f3n en educaci\u00f3n financiera y conocimientos en seguros\u201d, indic\u00f3 el ejecutivo.<br \/>\nEl programa E-Plus brindar\u00e1 tambi\u00e9n a los becarios asesoramiento continuo durante el programa, a trav\u00e9s de chat online y WhatsApp; as\u00ed como acceso a la Red Nueva Empresa de peque\u00f1os empresarios y emprendedores de Latinoam\u00e9rica.<\/p>\n<figure id=\"attachment_7398\" aria-describedby=\"caption-attachment-7398\" style=\"width: 300px\" class=\"wp-caption aligncenter\"><img loading=\"lazy\" decoding=\"async\" class=\"size-medium wp-image-7398\" src=\"https:\/\/www.eldiario.net\/portal\/wp-content\/uploads\/2021\/05\/Jose-Luis-Camacho-durante-la-firma-del-convenio-300x200.jpg\" alt=\"\" width=\"300\" height=\"200\" \/><figcaption id=\"caption-attachment-7398\" class=\"wp-caption-text\">Jos\u00e9 Luis Camacho durante la firma del<br \/>convenio.<\/figcaption><\/figure>\n","protected":false},"excerpt":{"rendered":"<p>Nacional Seguros, Universidad Salesiana y APP Credit, avalada por el Grupo Nueva Econom\u00eda, se unieron en una importante alianza con el fin de capacitar a 470 estudiantes y 30 docentes del sistema universitario salesiano Don Bosco, a trav\u00e9s del financiamiento del programa E-plus, mediante el cual tendr\u00e1n acceso al curso virtual \u201cEmprendedor global\u201d, as\u00ed como [&hellip;]<\/p>\n","protected":false},"author":1,"featured_media":7397,"comment_status":"closed","ping_status":"closed","sticky":false,"template":"","format":"standard","meta":{"_acf_changed":false,"footnotes":""},"categories":[40],"tags":[],"class_list":["post-7396","post","type-post","status-publish","format-standard","has-post-thumbnail","category-sociales"],"acf":{"antetitulo":""},"yoast_head":"<!-- This site is optimized with the Yoast SEO plugin v28.4 - https:\/\/yoast.com\/product\/yoast-seo-wordpress\/ -->\n<title>Tres instituciones sellan alianza para capacitar a estudiantes con deseos de emprender - El Diario - Bolivia<\/title>\n<meta name=\"robots\" content=\"index, follow, max-snippet:-1, max-image-preview:large, max-video-preview:-1\" \/>\n<link rel=\"canonical\" href=\"https:\/\/www.eldiario.net\/portal\/2021\/05\/31\/tres-instituciones-sellan-alianza-para-capacitar-a-estudiantes-con-deseos-de-emprender\/\" \/>\n<meta property=\"og:locale\" content=\"es_ES\" \/>\n<meta property=\"og:type\" content=\"article\" \/>\n<meta property=\"og:title\" content=\"Tres instituciones sellan alianza para capacitar a estudiantes con deseos de emprender - El Diario - Bolivia\" \/>\n<meta property=\"og:description\" content=\"Nacional Seguros, Universidad Salesiana y APP Credit, avalada por el Grupo Nueva Econom\u00eda, se unieron en una importante alianza con el fin de capacitar a 470 estudiantes y 30 docentes del sistema universitario salesiano Don Bosco, a trav\u00e9s del financiamiento del programa E-plus, mediante el cual tendr\u00e1n acceso al curso virtual \u201cEmprendedor global\u201d, as\u00ed como [&hellip;]\" \/>\n<meta property=\"og:url\" content=\"https:\/\/www.eldiario.net\/portal\/2021\/05\/31\/tres-instituciones-sellan-alianza-para-capacitar-a-estudiantes-con-deseos-de-emprender\/\" \/>\n<meta property=\"og:site_name\" content=\"El Diario - Bolivia\" \/>\n<meta property=\"article:publisher\" content=\"https:\/\/www.facebook.com\/eldiario.bolivia\/\" \/>\n<meta property=\"article:published_time\" content=\"2021-05-31T09:48:07+00:00\" \/>\n<meta name=\"author\" content=\"Jeanette\" \/>\n<meta name=\"twitter:card\" content=\"summary_large_image\" \/>\n<meta name=\"twitter:creator\" content=\"@eldiario_net\" \/>\n<meta name=\"twitter:site\" content=\"@eldiario_net\" \/>\n<meta name=\"twitter:label1\" content=\"Escrito por\" \/>\n\t<meta name=\"twitter:data1\" content=\"Jeanette\" \/>\n\t<meta name=\"twitter:label2\" content=\"Tiempo de lectura\" \/>\n\t<meta name=\"twitter:data2\" content=\"2 minutos\" \/>\n<script type=\"application\/ld+json\" class=\"yoast-schema-graph\">{\"@context\":\"https:\\\/\\\/schema.org\",\"@graph\":[{\"@type\":\"Article\",\"@id\":\"https:\\\/\\\/www.eldiario.net\\\/portal\\\/2021\\\/05\\\/31\\\/tres-instituciones-sellan-alianza-para-capacitar-a-estudiantes-con-deseos-de-emprender\\\/#article\",\"isPartOf\":{\"@id\":\"https:\\\/\\\/www.eldiario.net\\\/portal\\\/2021\\\/05\\\/31\\\/tres-instituciones-sellan-alianza-para-capacitar-a-estudiantes-con-deseos-de-emprender\\\/\"},\"author\":{\"name\":\"Jeanette\",\"@id\":\"https:\\\/\\\/www.eldiario.net\\\/portal\\\/#\\\/schema\\\/person\\\/2c57cf2b7a7ae032e449e4c9b1019eac\"},\"headline\":\"Tres instituciones sellan alianza para capacitar a estudiantes con deseos de emprender\",\"datePublished\":\"2021-05-31T09:48:07+00:00\",\"mainEntityOfPage\":{\"@id\":\"https:\\\/\\\/www.eldiario.net\\\/portal\\\/2021\\\/05\\\/31\\\/tres-instituciones-sellan-alianza-para-capacitar-a-estudiantes-con-deseos-de-emprender\\\/\"},\"wordCount\":328,\"publisher\":{\"@id\":\"https:\\\/\\\/www.eldiario.net\\\/portal\\\/#organization\"},\"image\":{\"@id\":\"https:\\\/\\\/www.eldiario.net\\\/portal\\\/2021\\\/05\\\/31\\\/tres-instituciones-sellan-alianza-para-capacitar-a-estudiantes-con-deseos-de-emprender\\\/#primaryimage\"},\"thumbnailUrl\":\"\",\"articleSection\":[\"Sociales\"],\"inLanguage\":\"es\"},{\"@type\":\"WebPage\",\"@id\":\"https:\\\/\\\/www.eldiario.net\\\/portal\\\/2021\\\/05\\\/31\\\/tres-instituciones-sellan-alianza-para-capacitar-a-estudiantes-con-deseos-de-emprender\\\/\",\"url\":\"https:\\\/\\\/www.eldiario.net\\\/portal\\\/2021\\\/05\\\/31\\\/tres-instituciones-sellan-alianza-para-capacitar-a-estudiantes-con-deseos-de-emprender\\\/\",\"name\":\"Tres instituciones sellan alianza para capacitar a estudiantes con deseos de emprender - El Diario - Bolivia\",\"isPartOf\":{\"@id\":\"https:\\\/\\\/www.eldiario.net\\\/portal\\\/#website\"},\"primaryImageOfPage\":{\"@id\":\"https:\\\/\\\/www.eldiario.net\\\/portal\\\/2021\\\/05\\\/31\\\/tres-instituciones-sellan-alianza-para-capacitar-a-estudiantes-con-deseos-de-emprender\\\/#primaryimage\"},\"image\":{\"@id\":\"https:\\\/\\\/www.eldiario.net\\\/portal\\\/2021\\\/05\\\/31\\\/tres-instituciones-sellan-alianza-para-capacitar-a-estudiantes-con-deseos-de-emprender\\\/#primaryimage\"},\"thumbnailUrl\":\"\",\"datePublished\":\"2021-05-31T09:48:07+00:00\",\"breadcrumb\":{\"@id\":\"https:\\\/\\\/www.eldiario.net\\\/portal\\\/2021\\\/05\\\/31\\\/tres-instituciones-sellan-alianza-para-capacitar-a-estudiantes-con-deseos-de-emprender\\\/#breadcrumb\"},\"inLanguage\":\"es\",\"potentialAction\":[{\"@type\":\"ReadAction\",\"target\":[\"https:\\\/\\\/www.eldiario.net\\\/portal\\\/2021\\\/05\\\/31\\\/tres-instituciones-sellan-alianza-para-capacitar-a-estudiantes-con-deseos-de-emprender\\\/\"]}]},{\"@type\":\"ImageObject\",\"inLanguage\":\"es\",\"@id\":\"https:\\\/\\\/www.eldiario.net\\\/portal\\\/2021\\\/05\\\/31\\\/tres-instituciones-sellan-alianza-para-capacitar-a-estudiantes-con-deseos-de-emprender\\\/#primaryimage\",\"url\":\"\",\"contentUrl\":\"\"},{\"@type\":\"BreadcrumbList\",\"@id\":\"https:\\\/\\\/www.eldiario.net\\\/portal\\\/2021\\\/05\\\/31\\\/tres-instituciones-sellan-alianza-para-capacitar-a-estudiantes-con-deseos-de-emprender\\\/#breadcrumb\",\"itemListElement\":[{\"@type\":\"ListItem\",\"position\":1,\"name\":\"Portada\",\"item\":\"https:\\\/\\\/www.eldiario.net\\\/portal\\\/\"},{\"@type\":\"ListItem\",\"position\":2,\"name\":\"Tres instituciones sellan alianza para capacitar a estudiantes con deseos de emprender\"}]},{\"@type\":\"WebSite\",\"@id\":\"https:\\\/\\\/www.eldiario.net\\\/portal\\\/#website\",\"url\":\"https:\\\/\\\/www.eldiario.net\\\/portal\\\/\",\"name\":\"El Diario - Decano de la prensa nacional\",\"description\":\"El Diario - Decano de la prensa nacional\",\"publisher\":{\"@id\":\"https:\\\/\\\/www.eldiario.net\\\/portal\\\/#organization\"},\"potentialAction\":[{\"@type\":\"SearchAction\",\"target\":{\"@type\":\"EntryPoint\",\"urlTemplate\":\"https:\\\/\\\/www.eldiario.net\\\/portal\\\/?s={search_term_string}\"},\"query-input\":{\"@type\":\"PropertyValueSpecification\",\"valueRequired\":true,\"valueName\":\"search_term_string\"}}],\"inLanguage\":\"es\"},{\"@type\":\"Organization\",\"@id\":\"https:\\\/\\\/www.eldiario.net\\\/portal\\\/#organization\",\"name\":\"El Diario - Decano de la prensa nacional\",\"url\":\"https:\\\/\\\/www.eldiario.net\\\/portal\\\/\",\"logo\":{\"@type\":\"ImageObject\",\"inLanguage\":\"es\",\"@id\":\"https:\\\/\\\/www.eldiario.net\\\/portal\\\/#\\\/schema\\\/logo\\\/image\\\/\",\"url\":\"https:\\\/\\\/www.eldiario.net\\\/portal\\\/wp-content\\\/uploads\\\/2023\\\/07\\\/logo_ED.jpg\",\"contentUrl\":\"https:\\\/\\\/www.eldiario.net\\\/portal\\\/wp-content\\\/uploads\\\/2023\\\/07\\\/logo_ED.jpg\",\"width\":272,\"height\":52,\"caption\":\"El Diario - Decano de la prensa nacional\"},\"image\":{\"@id\":\"https:\\\/\\\/www.eldiario.net\\\/portal\\\/#\\\/schema\\\/logo\\\/image\\\/\"},\"sameAs\":[\"https:\\\/\\\/www.facebook.com\\\/eldiario.bolivia\\\/\",\"https:\\\/\\\/x.com\\\/eldiario_net\"]},{\"@type\":\"Person\",\"@id\":\"https:\\\/\\\/www.eldiario.net\\\/portal\\\/#\\\/schema\\\/person\\\/2c57cf2b7a7ae032e449e4c9b1019eac\",\"name\":\"Jeanette\",\"image\":{\"@type\":\"ImageObject\",\"inLanguage\":\"es\",\"@id\":\"https:\\\/\\\/secure.gravatar.com\\\/avatar\\\/3ea2118a5f7dad2b7138b1187a6b7ee55f160b9968b66013c3a3ef39dd7e5798?s=96&d=mm&r=g\",\"url\":\"https:\\\/\\\/secure.gravatar.com\\\/avatar\\\/3ea2118a5f7dad2b7138b1187a6b7ee55f160b9968b66013c3a3ef39dd7e5798?s=96&d=mm&r=g\",\"contentUrl\":\"https:\\\/\\\/secure.gravatar.com\\\/avatar\\\/3ea2118a5f7dad2b7138b1187a6b7ee55f160b9968b66013c3a3ef39dd7e5798?s=96&d=mm&r=g\",\"caption\":\"Jeanette\"},\"sameAs\":[\"https:\\\/\\\/www.eldiario.net\\\/portal\"],\"url\":\"https:\\\/\\\/www.eldiario.net\\\/portal\\\/author\\\/jeanette\\\/\"}]}<\/script>\n<!-- \/ Yoast SEO plugin. -->","yoast_head_json":{"title":"Tres instituciones sellan alianza para capacitar a estudiantes con deseos de emprender - El Diario - Bolivia","robots":{"index":"index","follow":"follow","max-snippet":"max-snippet:-1","max-image-preview":"max-image-preview:large","max-video-preview":"max-video-preview:-1"},"canonical":"https:\/\/www.eldiario.net\/portal\/2021\/05\/31\/tres-instituciones-sellan-alianza-para-capacitar-a-estudiantes-con-deseos-de-emprender\/","og_locale":"es_ES","og_type":"article","og_title":"Tres instituciones sellan alianza para capacitar a estudiantes con deseos de emprender - El Diario - Bolivia","og_description":"Nacional Seguros, Universidad Salesiana y APP Credit, avalada por el Grupo Nueva Econom\u00eda, se unieron en una importante alianza con el fin de capacitar a 470 estudiantes y 30 docentes del sistema universitario salesiano Don Bosco, a trav\u00e9s del financiamiento del programa E-plus, mediante el cual tendr\u00e1n acceso al curso virtual \u201cEmprendedor global\u201d, as\u00ed como [&hellip;]","og_url":"https:\/\/www.eldiario.net\/portal\/2021\/05\/31\/tres-instituciones-sellan-alianza-para-capacitar-a-estudiantes-con-deseos-de-emprender\/","og_site_name":"El Diario - Bolivia","article_publisher":"https:\/\/www.facebook.com\/eldiario.bolivia\/","article_published_time":"2021-05-31T09:48:07+00:00","author":"Jeanette","twitter_card":"summary_large_image","twitter_creator":"@eldiario_net","twitter_site":"@eldiario_net","twitter_misc":{"Escrito por":"Jeanette","Tiempo de lectura":"2 minutos"},"schema":{"@context":"https:\/\/schema.org","@graph":[{"@type":"Article","@id":"https:\/\/www.eldiario.net\/portal\/2021\/05\/31\/tres-instituciones-sellan-alianza-para-capacitar-a-estudiantes-con-deseos-de-emprender\/#article","isPartOf":{"@id":"https:\/\/www.eldiario.net\/portal\/2021\/05\/31\/tres-instituciones-sellan-alianza-para-capacitar-a-estudiantes-con-deseos-de-emprender\/"},"author":{"name":"Jeanette","@id":"https:\/\/www.eldiario.net\/portal\/#\/schema\/person\/2c57cf2b7a7ae032e449e4c9b1019eac"},"headline":"Tres instituciones sellan alianza para capacitar a estudiantes con deseos de emprender","datePublished":"2021-05-31T09:48:07+00:00","mainEntityOfPage":{"@id":"https:\/\/www.eldiario.net\/portal\/2021\/05\/31\/tres-instituciones-sellan-alianza-para-capacitar-a-estudiantes-con-deseos-de-emprender\/"},"wordCount":328,"publisher":{"@id":"https:\/\/www.eldiario.net\/portal\/#organization"},"image":{"@id":"https:\/\/www.eldiario.net\/portal\/2021\/05\/31\/tres-instituciones-sellan-alianza-para-capacitar-a-estudiantes-con-deseos-de-emprender\/#primaryimage"},"thumbnailUrl":"","articleSection":["Sociales"],"inLanguage":"es"},{"@type":"WebPage","@id":"https:\/\/www.eldiario.net\/portal\/2021\/05\/31\/tres-instituciones-sellan-alianza-para-capacitar-a-estudiantes-con-deseos-de-emprender\/","url":"https:\/\/www.eldiario.net\/portal\/2021\/05\/31\/tres-instituciones-sellan-alianza-para-capacitar-a-estudiantes-con-deseos-de-emprender\/","name":"Tres instituciones sellan alianza para capacitar a estudiantes con deseos de emprender - El Diario - Bolivia","isPartOf":{"@id":"https:\/\/www.eldiario.net\/portal\/#website"},"primaryImageOfPage":{"@id":"https:\/\/www.eldiario.net\/portal\/2021\/05\/31\/tres-instituciones-sellan-alianza-para-capacitar-a-estudiantes-con-deseos-de-emprender\/#primaryimage"},"image":{"@id":"https:\/\/www.eldiario.net\/portal\/2021\/05\/31\/tres-instituciones-sellan-alianza-para-capacitar-a-estudiantes-con-deseos-de-emprender\/#primaryimage"},"thumbnailUrl":"","datePublished":"2021-05-31T09:48:07+00:00","breadcrumb":{"@id":"https:\/\/www.eldiario.net\/portal\/2021\/05\/31\/tres-instituciones-sellan-alianza-para-capacitar-a-estudiantes-con-deseos-de-emprender\/#breadcrumb"},"inLanguage":"es","potentialAction":[{"@type":"ReadAction","target":["https:\/\/www.eldiario.net\/portal\/2021\/05\/31\/tres-instituciones-sellan-alianza-para-capacitar-a-estudiantes-con-deseos-de-emprender\/"]}]},{"@type":"ImageObject","inLanguage":"es","@id":"https:\/\/www.eldiario.net\/portal\/2021\/05\/31\/tres-instituciones-sellan-alianza-para-capacitar-a-estudiantes-con-deseos-de-emprender\/#primaryimage","url":"","contentUrl":""},{"@type":"BreadcrumbList","@id":"https:\/\/www.eldiario.net\/portal\/2021\/05\/31\/tres-instituciones-sellan-alianza-para-capacitar-a-estudiantes-con-deseos-de-emprender\/#breadcrumb","itemListElement":[{"@type":"ListItem","position":1,"name":"Portada","item":"https:\/\/www.eldiario.net\/portal\/"},{"@type":"ListItem","position":2,"name":"Tres instituciones sellan alianza para capacitar a estudiantes con deseos de emprender"}]},{"@type":"WebSite","@id":"https:\/\/www.eldiario.net\/portal\/#website","url":"https:\/\/www.eldiario.net\/portal\/","name":"El Diario - Decano de la prensa nacional","description":"El Diario - Decano de la prensa nacional","publisher":{"@id":"https:\/\/www.eldiario.net\/portal\/#organization"},"potentialAction":[{"@type":"SearchAction","target":{"@type":"EntryPoint","urlTemplate":"https:\/\/www.eldiario.net\/portal\/?s={search_term_string}"},"query-input":{"@type":"PropertyValueSpecification","valueRequired":true,"valueName":"search_term_string"}}],"inLanguage":"es"},{"@type":"Organization","@id":"https:\/\/www.eldiario.net\/portal\/#organization","name":"El Diario - Decano de la prensa nacional","url":"https:\/\/www.eldiario.net\/portal\/","logo":{"@type":"ImageObject","inLanguage":"es","@id":"https:\/\/www.eldiario.net\/portal\/#\/schema\/logo\/image\/","url":"https:\/\/www.eldiario.net\/portal\/wp-content\/uploads\/2023\/07\/logo_ED.jpg","contentUrl":"https:\/\/www.eldiario.net\/portal\/wp-content\/uploads\/2023\/07\/logo_ED.jpg","width":272,"height":52,"caption":"El Diario - Decano de la prensa nacional"},"image":{"@id":"https:\/\/www.eldiario.net\/portal\/#\/schema\/logo\/image\/"},"sameAs":["https:\/\/www.facebook.com\/eldiario.bolivia\/","https:\/\/x.com\/eldiario_net"]},{"@type":"Person","@id":"https:\/\/www.eldiario.net\/portal\/#\/schema\/person\/2c57cf2b7a7ae032e449e4c9b1019eac","name":"Jeanette","image":{"@type":"ImageObject","inLanguage":"es","@id":"https:\/\/secure.gravatar.com\/avatar\/3ea2118a5f7dad2b7138b1187a6b7ee55f160b9968b66013c3a3ef39dd7e5798?s=96&d=mm&r=g","url":"https:\/\/secure.gravatar.com\/avatar\/3ea2118a5f7dad2b7138b1187a6b7ee55f160b9968b66013c3a3ef39dd7e5798?s=96&d=mm&r=g","contentUrl":"https:\/\/secure.gravatar.com\/avatar\/3ea2118a5f7dad2b7138b1187a6b7ee55f160b9968b66013c3a3ef39dd7e5798?s=96&d=mm&r=g","caption":"Jeanette"},"sameAs":["https:\/\/www.eldiario.net\/portal"],"url":"https:\/\/www.eldiario.net\/portal\/author\/jeanette\/"}]}},"_links":{"self":[{"href":"https:\/\/www.eldiario.net\/portal\/wp-json\/wp\/v2\/posts\/7396","targetHints":{"allow":["GET"]}}],"collection":[{"href":"https:\/\/www.eldiario.net\/portal\/wp-json\/wp\/v2\/posts"}],"about":[{"href":"https:\/\/www.eldiario.net\/portal\/wp-json\/wp\/v2\/types\/post"}],"author":[{"embeddable":true,"href":"https:\/\/www.eldiario.net\/portal\/wp-json\/wp\/v2\/users\/1"}],"replies":[{"embeddable":true,"href":"https:\/\/www.eldiario.net\/portal\/wp-json\/wp\/v2\/comments?post=7396"}],"version-history":[{"count":0,"href":"https:\/\/www.eldiario.net\/portal\/wp-json\/wp\/v2\/posts\/7396\/revisions"}],"wp:attachment":[{"href":"https:\/\/www.eldiario.net\/portal\/wp-json\/wp\/v2\/media?parent=7396"}],"wp:term":[{"taxonomy":"category","embeddable":true,"href":"https:\/\/www.eldiario.net\/portal\/wp-json\/wp\/v2\/categories?post=7396"},{"taxonomy":"post_tag","embeddable":true,"href":"https:\/\/www.eldiario.net\/portal\/wp-json\/wp\/v2\/tags?post=7396"}],"curies":[{"name":"wp","href":"https:\/\/api.w.org\/{rel}","templated":true}]}}