{"id":7358,"date":"2021-05-31T05:34:16","date_gmt":"2021-05-31T09:34:16","guid":{"rendered":"https:\/\/www.eldiario.net\/portal\/?p=7358"},"modified":"2021-05-31T05:34:16","modified_gmt":"2021-05-31T09:34:16","slug":"qualcomm-anuncia-su-nueva-plataforma-movil-snapdragon-778g-5g","status":"publish","type":"post","link":"https:\/\/www.eldiario.net\/portal\/2021\/05\/31\/qualcomm-anuncia-su-nueva-plataforma-movil-snapdragon-778g-5g\/","title":{"rendered":"Qualcomm anuncia su nueva plataforma m\u00f3vil Snapdragon 778G 5G"},"content":{"rendered":"<p>Durante el evento anual Qualcomm 5G Summit, Qualcomm Technologies, Inc. anunci\u00f3 su nueva plataforma m\u00f3vil Qualcomm\u00ae Snapdragon\u2122 778G 5G, que est\u00e1 programada para poder empoderar los pr\u00f3ximos tel\u00e9fonos inteligentes premium de Honor, iQOO, Motorola, OPPO, Realme y Xiaomi. Snapdragon 778G est\u00e1 dise\u00f1ada para juegos m\u00f3viles de vanguardia e inteligencia artificial acelerada (IA) para ofrecer una experiencia impresionante en fotos y video.<br \/>\n\u201cSnapdragon 778G fue desarrollado para abordar la creciente demanda de OEMs globales para obtener m\u00e1s opciones de plataforma en el nivel superior\u201d, dijo Kedar Kondap, vicepresidente de gesti\u00f3n de productos de Qualcomm Technologies, Inc. \u201cSnapdragon 778G trae muchas de las \u00faltimas tecnolog\u00edas y caracter\u00edsticas premium en el nivel superior para ayudar a hacer m\u00e1s accesible las experiencias de pr\u00f3xima generaci\u00f3n\u201d.<br \/>\n&#8211; C\u00e1mara: Snapdragon 778G cuenta con triple ISP para capturar tres fotos o videos simult\u00e1neamente, incluyendo ancho, ultra ancho y zoom. Ahora los usuarios pueden grabar desde tres lentes a la vez, lo que les permite capturar los mejores aspectos de cada uno y fusionarlos autom\u00e1ticamente en un video de calidad profesional. Tambi\u00e9n Permite realizar capturas como un profesional con video 4K HDR10 + capturando m\u00e1s de un bill\u00f3n de tonos de color. Snapdragon 778G adem\u00e1s es compatible con sensores de imagen HDR escalonados para que pueda capturar video HDR computacional que proporciona grandes mejoras en el color, contraste y detalles al capturar videos.<br \/>\n&#8211; AI: Snapdragon 778G cuenta con la \u00faltima 6\u00aa generaci\u00f3n Qualcomm\u00ae AI Engine con el procesador Hexagon\u2122 770 que entrega hasta 12 TOP y rendimiento 2X con una mejora en la utilidad por Watt en comparaci\u00f3n con su predecesor. Ahora, pr\u00e1cticamente todas las conexiones, videollamadas y llamadas telef\u00f3nicas est\u00e1n mejoradas por IA para permitir casos de uso como supresi\u00f3n de ruido y mejores experiencias de c\u00e1maras basadas en IA. La plataforma es mejorada a\u00fan m\u00e1s por la segunda generaci\u00f3n Qualcomm\u00ae Sensing Hub, que integra un procesador de IA de baja potencia para casos de uso de conocimiento contextual.<br \/>\n&#8211; Gaming: Esta plataforma ofrece caracter\u00edsticas selectas de Qualcomm\u00ae Snapdragon Elite Gaming\u2122, incluyendo Variable Rate Shading (VRS) y Qualcomm\u00ae Game Quick Touch, dos nuevas y emocionantes caracter\u00edsticas que ahora est\u00e1n desbloqueadas en la serie 7. Habilitado por la GPU Qualcomm\u00ae Adreno\u2122 642L, VRS permite a los desarrolladores especificar y agrupar los p\u00edxeles que se sombrean dentro de diferentes escenas del juego para ayudar a reducir la carga de trabajo de la GPU para proporcionar un mayor ahorro de energ\u00eda, manteniendo al mismo tiempo la m\u00e1s alta fidelidad visual.<br \/>\nQualcomm Game Quick Touch ofrece una respuesta de entrada hasta un 20% m\u00e1s r\u00e1pida para una latencia t\u00e1ctil que permite una experiencia de nivel de jugador profesional.<\/p>\n","protected":false},"excerpt":{"rendered":"<p>Durante el evento anual Qualcomm 5G Summit, Qualcomm Technologies, Inc. anunci\u00f3 su nueva plataforma m\u00f3vil Qualcomm\u00ae Snapdragon\u2122 778G 5G, que est\u00e1 programada para poder empoderar los pr\u00f3ximos tel\u00e9fonos inteligentes premium de Honor, iQOO, Motorola, OPPO, Realme y Xiaomi. Snapdragon 778G est\u00e1 dise\u00f1ada para juegos m\u00f3viles de vanguardia e inteligencia artificial acelerada (IA) para ofrecer una [&hellip;]<\/p>\n","protected":false},"author":1,"featured_media":7359,"comment_status":"closed","ping_status":"closed","sticky":false,"template":"","format":"standard","meta":{"_acf_changed":false,"footnotes":""},"categories":[46],"tags":[],"class_list":["post-7358","post","type-post","status-publish","format-standard","has-post-thumbnail","category-ciencia-computacion"],"acf":{"antetitulo":""},"yoast_head":"<!-- This site is optimized with the Yoast SEO plugin v28.4 - https:\/\/yoast.com\/product\/yoast-seo-wordpress\/ -->\n<title>Qualcomm anuncia su nueva plataforma m\u00f3vil Snapdragon 778G 5G - El Diario - Bolivia<\/title>\n<meta name=\"robots\" content=\"index, follow, max-snippet:-1, max-image-preview:large, max-video-preview:-1\" \/>\n<link rel=\"canonical\" href=\"https:\/\/www.eldiario.net\/portal\/2021\/05\/31\/qualcomm-anuncia-su-nueva-plataforma-movil-snapdragon-778g-5g\/\" \/>\n<meta property=\"og:locale\" content=\"es_ES\" \/>\n<meta property=\"og:type\" content=\"article\" \/>\n<meta property=\"og:title\" content=\"Qualcomm anuncia su nueva plataforma m\u00f3vil Snapdragon 778G 5G - El Diario - Bolivia\" \/>\n<meta property=\"og:description\" content=\"Durante el evento anual Qualcomm 5G Summit, Qualcomm Technologies, Inc. anunci\u00f3 su nueva plataforma m\u00f3vil Qualcomm\u00ae Snapdragon\u2122 778G 5G, que est\u00e1 programada para poder empoderar los pr\u00f3ximos tel\u00e9fonos inteligentes premium de Honor, iQOO, Motorola, OPPO, Realme y Xiaomi. Snapdragon 778G est\u00e1 dise\u00f1ada para juegos m\u00f3viles de vanguardia e inteligencia artificial acelerada (IA) para ofrecer una [&hellip;]\" \/>\n<meta property=\"og:url\" content=\"https:\/\/www.eldiario.net\/portal\/2021\/05\/31\/qualcomm-anuncia-su-nueva-plataforma-movil-snapdragon-778g-5g\/\" \/>\n<meta property=\"og:site_name\" content=\"El Diario - Bolivia\" \/>\n<meta property=\"article:publisher\" content=\"https:\/\/www.facebook.com\/eldiario.bolivia\/\" \/>\n<meta property=\"article:published_time\" content=\"2021-05-31T09:34:16+00:00\" \/>\n<meta name=\"author\" content=\"Jeanette\" \/>\n<meta name=\"twitter:card\" content=\"summary_large_image\" \/>\n<meta name=\"twitter:creator\" content=\"@eldiario_net\" \/>\n<meta name=\"twitter:site\" content=\"@eldiario_net\" \/>\n<meta name=\"twitter:label1\" content=\"Escrito por\" \/>\n\t<meta name=\"twitter:data1\" content=\"Jeanette\" \/>\n\t<meta name=\"twitter:label2\" content=\"Tiempo de lectura\" \/>\n\t<meta name=\"twitter:data2\" content=\"2 minutos\" \/>\n<script type=\"application\/ld+json\" class=\"yoast-schema-graph\">{\"@context\":\"https:\\\/\\\/schema.org\",\"@graph\":[{\"@type\":\"Article\",\"@id\":\"https:\\\/\\\/www.eldiario.net\\\/portal\\\/2021\\\/05\\\/31\\\/qualcomm-anuncia-su-nueva-plataforma-movil-snapdragon-778g-5g\\\/#article\",\"isPartOf\":{\"@id\":\"https:\\\/\\\/www.eldiario.net\\\/portal\\\/2021\\\/05\\\/31\\\/qualcomm-anuncia-su-nueva-plataforma-movil-snapdragon-778g-5g\\\/\"},\"author\":{\"name\":\"Jeanette\",\"@id\":\"https:\\\/\\\/www.eldiario.net\\\/portal\\\/#\\\/schema\\\/person\\\/2c57cf2b7a7ae032e449e4c9b1019eac\"},\"headline\":\"Qualcomm anuncia su nueva plataforma m\u00f3vil Snapdragon 778G 5G\",\"datePublished\":\"2021-05-31T09:34:16+00:00\",\"mainEntityOfPage\":{\"@id\":\"https:\\\/\\\/www.eldiario.net\\\/portal\\\/2021\\\/05\\\/31\\\/qualcomm-anuncia-su-nueva-plataforma-movil-snapdragon-778g-5g\\\/\"},\"wordCount\":480,\"publisher\":{\"@id\":\"https:\\\/\\\/www.eldiario.net\\\/portal\\\/#organization\"},\"image\":{\"@id\":\"https:\\\/\\\/www.eldiario.net\\\/portal\\\/2021\\\/05\\\/31\\\/qualcomm-anuncia-su-nueva-plataforma-movil-snapdragon-778g-5g\\\/#primaryimage\"},\"thumbnailUrl\":\"\",\"articleSection\":[\"Ciencia y Computaci\u00f3n\"],\"inLanguage\":\"es\"},{\"@type\":\"WebPage\",\"@id\":\"https:\\\/\\\/www.eldiario.net\\\/portal\\\/2021\\\/05\\\/31\\\/qualcomm-anuncia-su-nueva-plataforma-movil-snapdragon-778g-5g\\\/\",\"url\":\"https:\\\/\\\/www.eldiario.net\\\/portal\\\/2021\\\/05\\\/31\\\/qualcomm-anuncia-su-nueva-plataforma-movil-snapdragon-778g-5g\\\/\",\"name\":\"Qualcomm anuncia su nueva plataforma m\u00f3vil Snapdragon 778G 5G - El Diario - Bolivia\",\"isPartOf\":{\"@id\":\"https:\\\/\\\/www.eldiario.net\\\/portal\\\/#website\"},\"primaryImageOfPage\":{\"@id\":\"https:\\\/\\\/www.eldiario.net\\\/portal\\\/2021\\\/05\\\/31\\\/qualcomm-anuncia-su-nueva-plataforma-movil-snapdragon-778g-5g\\\/#primaryimage\"},\"image\":{\"@id\":\"https:\\\/\\\/www.eldiario.net\\\/portal\\\/2021\\\/05\\\/31\\\/qualcomm-anuncia-su-nueva-plataforma-movil-snapdragon-778g-5g\\\/#primaryimage\"},\"thumbnailUrl\":\"\",\"datePublished\":\"2021-05-31T09:34:16+00:00\",\"breadcrumb\":{\"@id\":\"https:\\\/\\\/www.eldiario.net\\\/portal\\\/2021\\\/05\\\/31\\\/qualcomm-anuncia-su-nueva-plataforma-movil-snapdragon-778g-5g\\\/#breadcrumb\"},\"inLanguage\":\"es\",\"potentialAction\":[{\"@type\":\"ReadAction\",\"target\":[\"https:\\\/\\\/www.eldiario.net\\\/portal\\\/2021\\\/05\\\/31\\\/qualcomm-anuncia-su-nueva-plataforma-movil-snapdragon-778g-5g\\\/\"]}]},{\"@type\":\"ImageObject\",\"inLanguage\":\"es\",\"@id\":\"https:\\\/\\\/www.eldiario.net\\\/portal\\\/2021\\\/05\\\/31\\\/qualcomm-anuncia-su-nueva-plataforma-movil-snapdragon-778g-5g\\\/#primaryimage\",\"url\":\"\",\"contentUrl\":\"\"},{\"@type\":\"BreadcrumbList\",\"@id\":\"https:\\\/\\\/www.eldiario.net\\\/portal\\\/2021\\\/05\\\/31\\\/qualcomm-anuncia-su-nueva-plataforma-movil-snapdragon-778g-5g\\\/#breadcrumb\",\"itemListElement\":[{\"@type\":\"ListItem\",\"position\":1,\"name\":\"Portada\",\"item\":\"https:\\\/\\\/www.eldiario.net\\\/portal\\\/\"},{\"@type\":\"ListItem\",\"position\":2,\"name\":\"Qualcomm anuncia su nueva plataforma m\u00f3vil Snapdragon 778G 5G\"}]},{\"@type\":\"WebSite\",\"@id\":\"https:\\\/\\\/www.eldiario.net\\\/portal\\\/#website\",\"url\":\"https:\\\/\\\/www.eldiario.net\\\/portal\\\/\",\"name\":\"El Diario - Decano de la prensa nacional\",\"description\":\"El Diario - Decano de la prensa nacional\",\"publisher\":{\"@id\":\"https:\\\/\\\/www.eldiario.net\\\/portal\\\/#organization\"},\"potentialAction\":[{\"@type\":\"SearchAction\",\"target\":{\"@type\":\"EntryPoint\",\"urlTemplate\":\"https:\\\/\\\/www.eldiario.net\\\/portal\\\/?s={search_term_string}\"},\"query-input\":{\"@type\":\"PropertyValueSpecification\",\"valueRequired\":true,\"valueName\":\"search_term_string\"}}],\"inLanguage\":\"es\"},{\"@type\":\"Organization\",\"@id\":\"https:\\\/\\\/www.eldiario.net\\\/portal\\\/#organization\",\"name\":\"El Diario - Decano de la prensa nacional\",\"url\":\"https:\\\/\\\/www.eldiario.net\\\/portal\\\/\",\"logo\":{\"@type\":\"ImageObject\",\"inLanguage\":\"es\",\"@id\":\"https:\\\/\\\/www.eldiario.net\\\/portal\\\/#\\\/schema\\\/logo\\\/image\\\/\",\"url\":\"https:\\\/\\\/www.eldiario.net\\\/portal\\\/wp-content\\\/uploads\\\/2023\\\/07\\\/logo_ED.jpg\",\"contentUrl\":\"https:\\\/\\\/www.eldiario.net\\\/portal\\\/wp-content\\\/uploads\\\/2023\\\/07\\\/logo_ED.jpg\",\"width\":272,\"height\":52,\"caption\":\"El Diario - Decano de la prensa nacional\"},\"image\":{\"@id\":\"https:\\\/\\\/www.eldiario.net\\\/portal\\\/#\\\/schema\\\/logo\\\/image\\\/\"},\"sameAs\":[\"https:\\\/\\\/www.facebook.com\\\/eldiario.bolivia\\\/\",\"https:\\\/\\\/x.com\\\/eldiario_net\"]},{\"@type\":\"Person\",\"@id\":\"https:\\\/\\\/www.eldiario.net\\\/portal\\\/#\\\/schema\\\/person\\\/2c57cf2b7a7ae032e449e4c9b1019eac\",\"name\":\"Jeanette\",\"image\":{\"@type\":\"ImageObject\",\"inLanguage\":\"es\",\"@id\":\"https:\\\/\\\/secure.gravatar.com\\\/avatar\\\/3ea2118a5f7dad2b7138b1187a6b7ee55f160b9968b66013c3a3ef39dd7e5798?s=96&d=mm&r=g\",\"url\":\"https:\\\/\\\/secure.gravatar.com\\\/avatar\\\/3ea2118a5f7dad2b7138b1187a6b7ee55f160b9968b66013c3a3ef39dd7e5798?s=96&d=mm&r=g\",\"contentUrl\":\"https:\\\/\\\/secure.gravatar.com\\\/avatar\\\/3ea2118a5f7dad2b7138b1187a6b7ee55f160b9968b66013c3a3ef39dd7e5798?s=96&d=mm&r=g\",\"caption\":\"Jeanette\"},\"sameAs\":[\"https:\\\/\\\/www.eldiario.net\\\/portal\"],\"url\":\"https:\\\/\\\/www.eldiario.net\\\/portal\\\/author\\\/jeanette\\\/\"}]}<\/script>\n<!-- \/ Yoast SEO plugin. -->","yoast_head_json":{"title":"Qualcomm anuncia su nueva plataforma m\u00f3vil Snapdragon 778G 5G - El Diario - Bolivia","robots":{"index":"index","follow":"follow","max-snippet":"max-snippet:-1","max-image-preview":"max-image-preview:large","max-video-preview":"max-video-preview:-1"},"canonical":"https:\/\/www.eldiario.net\/portal\/2021\/05\/31\/qualcomm-anuncia-su-nueva-plataforma-movil-snapdragon-778g-5g\/","og_locale":"es_ES","og_type":"article","og_title":"Qualcomm anuncia su nueva plataforma m\u00f3vil Snapdragon 778G 5G - El Diario - Bolivia","og_description":"Durante el evento anual Qualcomm 5G Summit, Qualcomm Technologies, Inc. anunci\u00f3 su nueva plataforma m\u00f3vil Qualcomm\u00ae Snapdragon\u2122 778G 5G, que est\u00e1 programada para poder empoderar los pr\u00f3ximos tel\u00e9fonos inteligentes premium de Honor, iQOO, Motorola, OPPO, Realme y Xiaomi. Snapdragon 778G est\u00e1 dise\u00f1ada para juegos m\u00f3viles de vanguardia e inteligencia artificial acelerada (IA) para ofrecer una [&hellip;]","og_url":"https:\/\/www.eldiario.net\/portal\/2021\/05\/31\/qualcomm-anuncia-su-nueva-plataforma-movil-snapdragon-778g-5g\/","og_site_name":"El Diario - Bolivia","article_publisher":"https:\/\/www.facebook.com\/eldiario.bolivia\/","article_published_time":"2021-05-31T09:34:16+00:00","author":"Jeanette","twitter_card":"summary_large_image","twitter_creator":"@eldiario_net","twitter_site":"@eldiario_net","twitter_misc":{"Escrito por":"Jeanette","Tiempo de lectura":"2 minutos"},"schema":{"@context":"https:\/\/schema.org","@graph":[{"@type":"Article","@id":"https:\/\/www.eldiario.net\/portal\/2021\/05\/31\/qualcomm-anuncia-su-nueva-plataforma-movil-snapdragon-778g-5g\/#article","isPartOf":{"@id":"https:\/\/www.eldiario.net\/portal\/2021\/05\/31\/qualcomm-anuncia-su-nueva-plataforma-movil-snapdragon-778g-5g\/"},"author":{"name":"Jeanette","@id":"https:\/\/www.eldiario.net\/portal\/#\/schema\/person\/2c57cf2b7a7ae032e449e4c9b1019eac"},"headline":"Qualcomm anuncia su nueva plataforma m\u00f3vil Snapdragon 778G 5G","datePublished":"2021-05-31T09:34:16+00:00","mainEntityOfPage":{"@id":"https:\/\/www.eldiario.net\/portal\/2021\/05\/31\/qualcomm-anuncia-su-nueva-plataforma-movil-snapdragon-778g-5g\/"},"wordCount":480,"publisher":{"@id":"https:\/\/www.eldiario.net\/portal\/#organization"},"image":{"@id":"https:\/\/www.eldiario.net\/portal\/2021\/05\/31\/qualcomm-anuncia-su-nueva-plataforma-movil-snapdragon-778g-5g\/#primaryimage"},"thumbnailUrl":"","articleSection":["Ciencia y Computaci\u00f3n"],"inLanguage":"es"},{"@type":"WebPage","@id":"https:\/\/www.eldiario.net\/portal\/2021\/05\/31\/qualcomm-anuncia-su-nueva-plataforma-movil-snapdragon-778g-5g\/","url":"https:\/\/www.eldiario.net\/portal\/2021\/05\/31\/qualcomm-anuncia-su-nueva-plataforma-movil-snapdragon-778g-5g\/","name":"Qualcomm anuncia su nueva plataforma m\u00f3vil Snapdragon 778G 5G - El Diario - Bolivia","isPartOf":{"@id":"https:\/\/www.eldiario.net\/portal\/#website"},"primaryImageOfPage":{"@id":"https:\/\/www.eldiario.net\/portal\/2021\/05\/31\/qualcomm-anuncia-su-nueva-plataforma-movil-snapdragon-778g-5g\/#primaryimage"},"image":{"@id":"https:\/\/www.eldiario.net\/portal\/2021\/05\/31\/qualcomm-anuncia-su-nueva-plataforma-movil-snapdragon-778g-5g\/#primaryimage"},"thumbnailUrl":"","datePublished":"2021-05-31T09:34:16+00:00","breadcrumb":{"@id":"https:\/\/www.eldiario.net\/portal\/2021\/05\/31\/qualcomm-anuncia-su-nueva-plataforma-movil-snapdragon-778g-5g\/#breadcrumb"},"inLanguage":"es","potentialAction":[{"@type":"ReadAction","target":["https:\/\/www.eldiario.net\/portal\/2021\/05\/31\/qualcomm-anuncia-su-nueva-plataforma-movil-snapdragon-778g-5g\/"]}]},{"@type":"ImageObject","inLanguage":"es","@id":"https:\/\/www.eldiario.net\/portal\/2021\/05\/31\/qualcomm-anuncia-su-nueva-plataforma-movil-snapdragon-778g-5g\/#primaryimage","url":"","contentUrl":""},{"@type":"BreadcrumbList","@id":"https:\/\/www.eldiario.net\/portal\/2021\/05\/31\/qualcomm-anuncia-su-nueva-plataforma-movil-snapdragon-778g-5g\/#breadcrumb","itemListElement":[{"@type":"ListItem","position":1,"name":"Portada","item":"https:\/\/www.eldiario.net\/portal\/"},{"@type":"ListItem","position":2,"name":"Qualcomm anuncia su nueva plataforma m\u00f3vil Snapdragon 778G 5G"}]},{"@type":"WebSite","@id":"https:\/\/www.eldiario.net\/portal\/#website","url":"https:\/\/www.eldiario.net\/portal\/","name":"El Diario - Decano de la prensa nacional","description":"El Diario - Decano de la prensa nacional","publisher":{"@id":"https:\/\/www.eldiario.net\/portal\/#organization"},"potentialAction":[{"@type":"SearchAction","target":{"@type":"EntryPoint","urlTemplate":"https:\/\/www.eldiario.net\/portal\/?s={search_term_string}"},"query-input":{"@type":"PropertyValueSpecification","valueRequired":true,"valueName":"search_term_string"}}],"inLanguage":"es"},{"@type":"Organization","@id":"https:\/\/www.eldiario.net\/portal\/#organization","name":"El Diario - Decano de la prensa nacional","url":"https:\/\/www.eldiario.net\/portal\/","logo":{"@type":"ImageObject","inLanguage":"es","@id":"https:\/\/www.eldiario.net\/portal\/#\/schema\/logo\/image\/","url":"https:\/\/www.eldiario.net\/portal\/wp-content\/uploads\/2023\/07\/logo_ED.jpg","contentUrl":"https:\/\/www.eldiario.net\/portal\/wp-content\/uploads\/2023\/07\/logo_ED.jpg","width":272,"height":52,"caption":"El Diario - Decano de la prensa nacional"},"image":{"@id":"https:\/\/www.eldiario.net\/portal\/#\/schema\/logo\/image\/"},"sameAs":["https:\/\/www.facebook.com\/eldiario.bolivia\/","https:\/\/x.com\/eldiario_net"]},{"@type":"Person","@id":"https:\/\/www.eldiario.net\/portal\/#\/schema\/person\/2c57cf2b7a7ae032e449e4c9b1019eac","name":"Jeanette","image":{"@type":"ImageObject","inLanguage":"es","@id":"https:\/\/secure.gravatar.com\/avatar\/3ea2118a5f7dad2b7138b1187a6b7ee55f160b9968b66013c3a3ef39dd7e5798?s=96&d=mm&r=g","url":"https:\/\/secure.gravatar.com\/avatar\/3ea2118a5f7dad2b7138b1187a6b7ee55f160b9968b66013c3a3ef39dd7e5798?s=96&d=mm&r=g","contentUrl":"https:\/\/secure.gravatar.com\/avatar\/3ea2118a5f7dad2b7138b1187a6b7ee55f160b9968b66013c3a3ef39dd7e5798?s=96&d=mm&r=g","caption":"Jeanette"},"sameAs":["https:\/\/www.eldiario.net\/portal"],"url":"https:\/\/www.eldiario.net\/portal\/author\/jeanette\/"}]}},"_links":{"self":[{"href":"https:\/\/www.eldiario.net\/portal\/wp-json\/wp\/v2\/posts\/7358","targetHints":{"allow":["GET"]}}],"collection":[{"href":"https:\/\/www.eldiario.net\/portal\/wp-json\/wp\/v2\/posts"}],"about":[{"href":"https:\/\/www.eldiario.net\/portal\/wp-json\/wp\/v2\/types\/post"}],"author":[{"embeddable":true,"href":"https:\/\/www.eldiario.net\/portal\/wp-json\/wp\/v2\/users\/1"}],"replies":[{"embeddable":true,"href":"https:\/\/www.eldiario.net\/portal\/wp-json\/wp\/v2\/comments?post=7358"}],"version-history":[{"count":0,"href":"https:\/\/www.eldiario.net\/portal\/wp-json\/wp\/v2\/posts\/7358\/revisions"}],"wp:attachment":[{"href":"https:\/\/www.eldiario.net\/portal\/wp-json\/wp\/v2\/media?parent=7358"}],"wp:term":[{"taxonomy":"category","embeddable":true,"href":"https:\/\/www.eldiario.net\/portal\/wp-json\/wp\/v2\/categories?post=7358"},{"taxonomy":"post_tag","embeddable":true,"href":"https:\/\/www.eldiario.net\/portal\/wp-json\/wp\/v2\/tags?post=7358"}],"curies":[{"name":"wp","href":"https:\/\/api.w.org\/{rel}","templated":true}]}}