{"id":7349,"date":"2021-05-31T05:29:29","date_gmt":"2021-05-31T09:29:29","guid":{"rendered":"https:\/\/www.eldiario.net\/portal\/?p=7349"},"modified":"2021-05-31T05:29:29","modified_gmt":"2021-05-31T09:29:29","slug":"el-matadormamani-peleara-de-nuevo-en-mexico","status":"publish","type":"post","link":"https:\/\/www.eldiario.net\/portal\/2021\/05\/31\/el-matadormamani-peleara-de-nuevo-en-mexico\/","title":{"rendered":"El \u201cMatador\u201dMamani  pelear\u00e1  de nuevo en M\u00e9xico"},"content":{"rendered":"<p>Confirmado. El ex retador al t\u00edtulo del mundo WBC, Franklin \u201cMatador\u201d Mamani, volver\u00e1 nuevamente a pelear en territorio azteca, entre el 10 al 14 de junio, seg\u00fan confirmaron allegados al boxeador internacional. De esta manera, Mamani tendr\u00e1 otro combate de talla internacional y mundialista, como sucedi\u00f3 en Sonora, M\u00e9xico, donde se enfrent\u00f3 a un guerrero azteca, a fines del pasado mes de abril. En esa oportunidad, Mamani mostr\u00f3 su vigencia internacional al superar al pugil mexicano Alvaro R\u00edos D\u00edaz, al que super\u00f3 por decisi\u00f3n un\u00e1nime. Esta fue su primera pelea de Mamani en la categor\u00eda mediano, en la cual, seg\u00fan mencion\u00f3 en una entrevista con Deportes El Diario, se mostr\u00f3 bastante c\u00f3modo. En esa oportunidad, como tuvo alguna contusi\u00f3n en la cabeza, Mamani volvi\u00f3 a La Paz para recuperarse del mismo, con la posibilidad de volver a M\u00e9xico o a Estados Unidos, en procura de nuevos derroteros. Una vez que volvi\u00f3 a La Paz, Mamani dio una conferencia de prensa, donde evidenci\u00f3 su satisfacci\u00f3n porque hab\u00eda podido salir airoso de esa contienda internacional en Sonora y ante uno boxeador mexicano. Por eso es que una vez retorn\u00f3 a La Paz, y tras unos d\u00edas, volvi\u00f3 a entrenarse con la misma intensidad que lo hizo para su incursi\u00f3n en territorio mexicano. Por este motivo es que Mamani est\u00e1 en excelentes condiciones, listopara esta nueva incursi\u00f3n internacional en M\u00e9xico DF, donde pelear\u00e1 ante otro de los cr\u00e9ditos locales (entre el 10 y 14 de junio). Tomando en cuenta esta situaci\u00f3n, el \u201cMatador\u201d lleva adelante un plan de trabajo sistem\u00e1tico que combina con su profesi\u00f3n de oficial polic\u00eda (subteniente). Mamani est\u00e1 entusiasmado en torno a esta nueva chance de pelea internacional.<\/p>\n<p>2016 es el a\u00f1o en que Mamani pele\u00f3 ante Dejan Zlaticanin, por el cetro mundial WBC ligero,<\/p>\n","protected":false},"excerpt":{"rendered":"<p>Confirmado. El ex retador al t\u00edtulo del mundo WBC, Franklin \u201cMatador\u201d Mamani, volver\u00e1 nuevamente a pelear en territorio azteca, entre el 10 al 14 de junio, seg\u00fan confirmaron allegados al boxeador internacional. De esta manera, Mamani tendr\u00e1 otro combate de talla internacional y mundialista, como sucedi\u00f3 en Sonora, M\u00e9xico, donde se enfrent\u00f3 a un guerrero [&hellip;]<\/p>\n","protected":false},"author":1,"featured_media":7350,"comment_status":"closed","ping_status":"closed","sticky":false,"template":"","format":"standard","meta":{"_acf_changed":false,"footnotes":""},"categories":[6],"tags":[],"class_list":["post-7349","post","type-post","status-publish","format-standard","has-post-thumbnail","category-deportes"],"acf":{"antetitulo":""},"yoast_head":"<!-- This site is optimized with the Yoast SEO plugin v28.4 - https:\/\/yoast.com\/product\/yoast-seo-wordpress\/ -->\n<title>El \u201cMatador\u201dMamani pelear\u00e1 de nuevo en M\u00e9xico - El Diario - Bolivia<\/title>\n<meta name=\"robots\" content=\"index, follow, max-snippet:-1, max-image-preview:large, max-video-preview:-1\" \/>\n<link rel=\"canonical\" href=\"https:\/\/www.eldiario.net\/portal\/2021\/05\/31\/el-matadormamani-peleara-de-nuevo-en-mexico\/\" \/>\n<meta property=\"og:locale\" content=\"es_ES\" \/>\n<meta property=\"og:type\" content=\"article\" \/>\n<meta property=\"og:title\" content=\"El \u201cMatador\u201dMamani pelear\u00e1 de nuevo en M\u00e9xico - El Diario - Bolivia\" \/>\n<meta property=\"og:description\" content=\"Confirmado. El ex retador al t\u00edtulo del mundo WBC, Franklin \u201cMatador\u201d Mamani, volver\u00e1 nuevamente a pelear en territorio azteca, entre el 10 al 14 de junio, seg\u00fan confirmaron allegados al boxeador internacional. De esta manera, Mamani tendr\u00e1 otro combate de talla internacional y mundialista, como sucedi\u00f3 en Sonora, M\u00e9xico, donde se enfrent\u00f3 a un guerrero [&hellip;]\" \/>\n<meta property=\"og:url\" content=\"https:\/\/www.eldiario.net\/portal\/2021\/05\/31\/el-matadormamani-peleara-de-nuevo-en-mexico\/\" \/>\n<meta property=\"og:site_name\" content=\"El Diario - Bolivia\" \/>\n<meta property=\"article:publisher\" content=\"https:\/\/www.facebook.com\/eldiario.bolivia\/\" \/>\n<meta property=\"article:published_time\" content=\"2021-05-31T09:29:29+00:00\" \/>\n<meta property=\"og:image\" content=\"https:\/\/www.eldiario.net\/portal\/wp-content\/uploads\/2021\/05\/PAG-6-FOTO-1-2.jpg\" \/>\n\t<meta property=\"og:image:width\" content=\"846\" \/>\n\t<meta property=\"og:image:height\" content=\"440\" \/>\n\t<meta property=\"og:image:type\" content=\"image\/jpeg\" \/>\n<meta name=\"author\" content=\"Jeanette\" \/>\n<meta name=\"twitter:card\" content=\"summary_large_image\" \/>\n<meta name=\"twitter:creator\" content=\"@eldiario_net\" \/>\n<meta name=\"twitter:site\" content=\"@eldiario_net\" \/>\n<meta name=\"twitter:label1\" content=\"Escrito por\" \/>\n\t<meta name=\"twitter:data1\" content=\"Jeanette\" \/>\n\t<meta name=\"twitter:label2\" content=\"Tiempo de lectura\" \/>\n\t<meta name=\"twitter:data2\" content=\"2 minutos\" \/>\n<script type=\"application\/ld+json\" class=\"yoast-schema-graph\">{\"@context\":\"https:\\\/\\\/schema.org\",\"@graph\":[{\"@type\":\"Article\",\"@id\":\"https:\\\/\\\/www.eldiario.net\\\/portal\\\/2021\\\/05\\\/31\\\/el-matadormamani-peleara-de-nuevo-en-mexico\\\/#article\",\"isPartOf\":{\"@id\":\"https:\\\/\\\/www.eldiario.net\\\/portal\\\/2021\\\/05\\\/31\\\/el-matadormamani-peleara-de-nuevo-en-mexico\\\/\"},\"author\":{\"name\":\"Jeanette\",\"@id\":\"https:\\\/\\\/www.eldiario.net\\\/portal\\\/#\\\/schema\\\/person\\\/2c57cf2b7a7ae032e449e4c9b1019eac\"},\"headline\":\"El \u201cMatador\u201dMamani pelear\u00e1 de nuevo en M\u00e9xico\",\"datePublished\":\"2021-05-31T09:29:29+00:00\",\"mainEntityOfPage\":{\"@id\":\"https:\\\/\\\/www.eldiario.net\\\/portal\\\/2021\\\/05\\\/31\\\/el-matadormamani-peleara-de-nuevo-en-mexico\\\/\"},\"wordCount\":323,\"publisher\":{\"@id\":\"https:\\\/\\\/www.eldiario.net\\\/portal\\\/#organization\"},\"image\":{\"@id\":\"https:\\\/\\\/www.eldiario.net\\\/portal\\\/2021\\\/05\\\/31\\\/el-matadormamani-peleara-de-nuevo-en-mexico\\\/#primaryimage\"},\"thumbnailUrl\":\"https:\\\/\\\/www.eldiario.net\\\/portal\\\/wp-content\\\/uploads\\\/2021\\\/05\\\/PAG-6-FOTO-1-2.jpg\",\"articleSection\":[\"Deportes\"],\"inLanguage\":\"es\"},{\"@type\":\"WebPage\",\"@id\":\"https:\\\/\\\/www.eldiario.net\\\/portal\\\/2021\\\/05\\\/31\\\/el-matadormamani-peleara-de-nuevo-en-mexico\\\/\",\"url\":\"https:\\\/\\\/www.eldiario.net\\\/portal\\\/2021\\\/05\\\/31\\\/el-matadormamani-peleara-de-nuevo-en-mexico\\\/\",\"name\":\"El \u201cMatador\u201dMamani pelear\u00e1 de nuevo en M\u00e9xico - El Diario - Bolivia\",\"isPartOf\":{\"@id\":\"https:\\\/\\\/www.eldiario.net\\\/portal\\\/#website\"},\"primaryImageOfPage\":{\"@id\":\"https:\\\/\\\/www.eldiario.net\\\/portal\\\/2021\\\/05\\\/31\\\/el-matadormamani-peleara-de-nuevo-en-mexico\\\/#primaryimage\"},\"image\":{\"@id\":\"https:\\\/\\\/www.eldiario.net\\\/portal\\\/2021\\\/05\\\/31\\\/el-matadormamani-peleara-de-nuevo-en-mexico\\\/#primaryimage\"},\"thumbnailUrl\":\"https:\\\/\\\/www.eldiario.net\\\/portal\\\/wp-content\\\/uploads\\\/2021\\\/05\\\/PAG-6-FOTO-1-2.jpg\",\"datePublished\":\"2021-05-31T09:29:29+00:00\",\"breadcrumb\":{\"@id\":\"https:\\\/\\\/www.eldiario.net\\\/portal\\\/2021\\\/05\\\/31\\\/el-matadormamani-peleara-de-nuevo-en-mexico\\\/#breadcrumb\"},\"inLanguage\":\"es\",\"potentialAction\":[{\"@type\":\"ReadAction\",\"target\":[\"https:\\\/\\\/www.eldiario.net\\\/portal\\\/2021\\\/05\\\/31\\\/el-matadormamani-peleara-de-nuevo-en-mexico\\\/\"]}]},{\"@type\":\"ImageObject\",\"inLanguage\":\"es\",\"@id\":\"https:\\\/\\\/www.eldiario.net\\\/portal\\\/2021\\\/05\\\/31\\\/el-matadormamani-peleara-de-nuevo-en-mexico\\\/#primaryimage\",\"url\":\"https:\\\/\\\/www.eldiario.net\\\/portal\\\/wp-content\\\/uploads\\\/2021\\\/05\\\/PAG-6-FOTO-1-2.jpg\",\"contentUrl\":\"https:\\\/\\\/www.eldiario.net\\\/portal\\\/wp-content\\\/uploads\\\/2021\\\/05\\\/PAG-6-FOTO-1-2.jpg\",\"width\":846,\"height\":440},{\"@type\":\"BreadcrumbList\",\"@id\":\"https:\\\/\\\/www.eldiario.net\\\/portal\\\/2021\\\/05\\\/31\\\/el-matadormamani-peleara-de-nuevo-en-mexico\\\/#breadcrumb\",\"itemListElement\":[{\"@type\":\"ListItem\",\"position\":1,\"name\":\"Portada\",\"item\":\"https:\\\/\\\/www.eldiario.net\\\/portal\\\/\"},{\"@type\":\"ListItem\",\"position\":2,\"name\":\"El \u201cMatador\u201dMamani pelear\u00e1 de nuevo en M\u00e9xico\"}]},{\"@type\":\"WebSite\",\"@id\":\"https:\\\/\\\/www.eldiario.net\\\/portal\\\/#website\",\"url\":\"https:\\\/\\\/www.eldiario.net\\\/portal\\\/\",\"name\":\"El Diario - Decano de la prensa nacional\",\"description\":\"El Diario - Decano de la prensa nacional\",\"publisher\":{\"@id\":\"https:\\\/\\\/www.eldiario.net\\\/portal\\\/#organization\"},\"potentialAction\":[{\"@type\":\"SearchAction\",\"target\":{\"@type\":\"EntryPoint\",\"urlTemplate\":\"https:\\\/\\\/www.eldiario.net\\\/portal\\\/?s={search_term_string}\"},\"query-input\":{\"@type\":\"PropertyValueSpecification\",\"valueRequired\":true,\"valueName\":\"search_term_string\"}}],\"inLanguage\":\"es\"},{\"@type\":\"Organization\",\"@id\":\"https:\\\/\\\/www.eldiario.net\\\/portal\\\/#organization\",\"name\":\"El Diario - Decano de la prensa nacional\",\"url\":\"https:\\\/\\\/www.eldiario.net\\\/portal\\\/\",\"logo\":{\"@type\":\"ImageObject\",\"inLanguage\":\"es\",\"@id\":\"https:\\\/\\\/www.eldiario.net\\\/portal\\\/#\\\/schema\\\/logo\\\/image\\\/\",\"url\":\"https:\\\/\\\/www.eldiario.net\\\/portal\\\/wp-content\\\/uploads\\\/2023\\\/07\\\/logo_ED.jpg\",\"contentUrl\":\"https:\\\/\\\/www.eldiario.net\\\/portal\\\/wp-content\\\/uploads\\\/2023\\\/07\\\/logo_ED.jpg\",\"width\":272,\"height\":52,\"caption\":\"El Diario - Decano de la prensa nacional\"},\"image\":{\"@id\":\"https:\\\/\\\/www.eldiario.net\\\/portal\\\/#\\\/schema\\\/logo\\\/image\\\/\"},\"sameAs\":[\"https:\\\/\\\/www.facebook.com\\\/eldiario.bolivia\\\/\",\"https:\\\/\\\/x.com\\\/eldiario_net\"]},{\"@type\":\"Person\",\"@id\":\"https:\\\/\\\/www.eldiario.net\\\/portal\\\/#\\\/schema\\\/person\\\/2c57cf2b7a7ae032e449e4c9b1019eac\",\"name\":\"Jeanette\",\"image\":{\"@type\":\"ImageObject\",\"inLanguage\":\"es\",\"@id\":\"https:\\\/\\\/secure.gravatar.com\\\/avatar\\\/3ea2118a5f7dad2b7138b1187a6b7ee55f160b9968b66013c3a3ef39dd7e5798?s=96&d=mm&r=g\",\"url\":\"https:\\\/\\\/secure.gravatar.com\\\/avatar\\\/3ea2118a5f7dad2b7138b1187a6b7ee55f160b9968b66013c3a3ef39dd7e5798?s=96&d=mm&r=g\",\"contentUrl\":\"https:\\\/\\\/secure.gravatar.com\\\/avatar\\\/3ea2118a5f7dad2b7138b1187a6b7ee55f160b9968b66013c3a3ef39dd7e5798?s=96&d=mm&r=g\",\"caption\":\"Jeanette\"},\"sameAs\":[\"https:\\\/\\\/www.eldiario.net\\\/portal\"],\"url\":\"https:\\\/\\\/www.eldiario.net\\\/portal\\\/author\\\/jeanette\\\/\"}]}<\/script>\n<!-- \/ Yoast SEO plugin. -->","yoast_head_json":{"title":"El \u201cMatador\u201dMamani pelear\u00e1 de nuevo en M\u00e9xico - El Diario - Bolivia","robots":{"index":"index","follow":"follow","max-snippet":"max-snippet:-1","max-image-preview":"max-image-preview:large","max-video-preview":"max-video-preview:-1"},"canonical":"https:\/\/www.eldiario.net\/portal\/2021\/05\/31\/el-matadormamani-peleara-de-nuevo-en-mexico\/","og_locale":"es_ES","og_type":"article","og_title":"El \u201cMatador\u201dMamani pelear\u00e1 de nuevo en M\u00e9xico - El Diario - Bolivia","og_description":"Confirmado. El ex retador al t\u00edtulo del mundo WBC, Franklin \u201cMatador\u201d Mamani, volver\u00e1 nuevamente a pelear en territorio azteca, entre el 10 al 14 de junio, seg\u00fan confirmaron allegados al boxeador internacional. De esta manera, Mamani tendr\u00e1 otro combate de talla internacional y mundialista, como sucedi\u00f3 en Sonora, M\u00e9xico, donde se enfrent\u00f3 a un guerrero [&hellip;]","og_url":"https:\/\/www.eldiario.net\/portal\/2021\/05\/31\/el-matadormamani-peleara-de-nuevo-en-mexico\/","og_site_name":"El Diario - Bolivia","article_publisher":"https:\/\/www.facebook.com\/eldiario.bolivia\/","article_published_time":"2021-05-31T09:29:29+00:00","og_image":[{"width":846,"height":440,"url":"https:\/\/www.eldiario.net\/portal\/wp-content\/uploads\/2021\/05\/PAG-6-FOTO-1-2.jpg","type":"image\/jpeg"}],"author":"Jeanette","twitter_card":"summary_large_image","twitter_creator":"@eldiario_net","twitter_site":"@eldiario_net","twitter_misc":{"Escrito por":"Jeanette","Tiempo de lectura":"2 minutos"},"schema":{"@context":"https:\/\/schema.org","@graph":[{"@type":"Article","@id":"https:\/\/www.eldiario.net\/portal\/2021\/05\/31\/el-matadormamani-peleara-de-nuevo-en-mexico\/#article","isPartOf":{"@id":"https:\/\/www.eldiario.net\/portal\/2021\/05\/31\/el-matadormamani-peleara-de-nuevo-en-mexico\/"},"author":{"name":"Jeanette","@id":"https:\/\/www.eldiario.net\/portal\/#\/schema\/person\/2c57cf2b7a7ae032e449e4c9b1019eac"},"headline":"El \u201cMatador\u201dMamani pelear\u00e1 de nuevo en M\u00e9xico","datePublished":"2021-05-31T09:29:29+00:00","mainEntityOfPage":{"@id":"https:\/\/www.eldiario.net\/portal\/2021\/05\/31\/el-matadormamani-peleara-de-nuevo-en-mexico\/"},"wordCount":323,"publisher":{"@id":"https:\/\/www.eldiario.net\/portal\/#organization"},"image":{"@id":"https:\/\/www.eldiario.net\/portal\/2021\/05\/31\/el-matadormamani-peleara-de-nuevo-en-mexico\/#primaryimage"},"thumbnailUrl":"https:\/\/www.eldiario.net\/portal\/wp-content\/uploads\/2021\/05\/PAG-6-FOTO-1-2.jpg","articleSection":["Deportes"],"inLanguage":"es"},{"@type":"WebPage","@id":"https:\/\/www.eldiario.net\/portal\/2021\/05\/31\/el-matadormamani-peleara-de-nuevo-en-mexico\/","url":"https:\/\/www.eldiario.net\/portal\/2021\/05\/31\/el-matadormamani-peleara-de-nuevo-en-mexico\/","name":"El \u201cMatador\u201dMamani pelear\u00e1 de nuevo en M\u00e9xico - El Diario - Bolivia","isPartOf":{"@id":"https:\/\/www.eldiario.net\/portal\/#website"},"primaryImageOfPage":{"@id":"https:\/\/www.eldiario.net\/portal\/2021\/05\/31\/el-matadormamani-peleara-de-nuevo-en-mexico\/#primaryimage"},"image":{"@id":"https:\/\/www.eldiario.net\/portal\/2021\/05\/31\/el-matadormamani-peleara-de-nuevo-en-mexico\/#primaryimage"},"thumbnailUrl":"https:\/\/www.eldiario.net\/portal\/wp-content\/uploads\/2021\/05\/PAG-6-FOTO-1-2.jpg","datePublished":"2021-05-31T09:29:29+00:00","breadcrumb":{"@id":"https:\/\/www.eldiario.net\/portal\/2021\/05\/31\/el-matadormamani-peleara-de-nuevo-en-mexico\/#breadcrumb"},"inLanguage":"es","potentialAction":[{"@type":"ReadAction","target":["https:\/\/www.eldiario.net\/portal\/2021\/05\/31\/el-matadormamani-peleara-de-nuevo-en-mexico\/"]}]},{"@type":"ImageObject","inLanguage":"es","@id":"https:\/\/www.eldiario.net\/portal\/2021\/05\/31\/el-matadormamani-peleara-de-nuevo-en-mexico\/#primaryimage","url":"https:\/\/www.eldiario.net\/portal\/wp-content\/uploads\/2021\/05\/PAG-6-FOTO-1-2.jpg","contentUrl":"https:\/\/www.eldiario.net\/portal\/wp-content\/uploads\/2021\/05\/PAG-6-FOTO-1-2.jpg","width":846,"height":440},{"@type":"BreadcrumbList","@id":"https:\/\/www.eldiario.net\/portal\/2021\/05\/31\/el-matadormamani-peleara-de-nuevo-en-mexico\/#breadcrumb","itemListElement":[{"@type":"ListItem","position":1,"name":"Portada","item":"https:\/\/www.eldiario.net\/portal\/"},{"@type":"ListItem","position":2,"name":"El \u201cMatador\u201dMamani pelear\u00e1 de nuevo en M\u00e9xico"}]},{"@type":"WebSite","@id":"https:\/\/www.eldiario.net\/portal\/#website","url":"https:\/\/www.eldiario.net\/portal\/","name":"El Diario - Decano de la prensa nacional","description":"El Diario - Decano de la prensa nacional","publisher":{"@id":"https:\/\/www.eldiario.net\/portal\/#organization"},"potentialAction":[{"@type":"SearchAction","target":{"@type":"EntryPoint","urlTemplate":"https:\/\/www.eldiario.net\/portal\/?s={search_term_string}"},"query-input":{"@type":"PropertyValueSpecification","valueRequired":true,"valueName":"search_term_string"}}],"inLanguage":"es"},{"@type":"Organization","@id":"https:\/\/www.eldiario.net\/portal\/#organization","name":"El Diario - Decano de la prensa nacional","url":"https:\/\/www.eldiario.net\/portal\/","logo":{"@type":"ImageObject","inLanguage":"es","@id":"https:\/\/www.eldiario.net\/portal\/#\/schema\/logo\/image\/","url":"https:\/\/www.eldiario.net\/portal\/wp-content\/uploads\/2023\/07\/logo_ED.jpg","contentUrl":"https:\/\/www.eldiario.net\/portal\/wp-content\/uploads\/2023\/07\/logo_ED.jpg","width":272,"height":52,"caption":"El Diario - Decano de la prensa nacional"},"image":{"@id":"https:\/\/www.eldiario.net\/portal\/#\/schema\/logo\/image\/"},"sameAs":["https:\/\/www.facebook.com\/eldiario.bolivia\/","https:\/\/x.com\/eldiario_net"]},{"@type":"Person","@id":"https:\/\/www.eldiario.net\/portal\/#\/schema\/person\/2c57cf2b7a7ae032e449e4c9b1019eac","name":"Jeanette","image":{"@type":"ImageObject","inLanguage":"es","@id":"https:\/\/secure.gravatar.com\/avatar\/3ea2118a5f7dad2b7138b1187a6b7ee55f160b9968b66013c3a3ef39dd7e5798?s=96&d=mm&r=g","url":"https:\/\/secure.gravatar.com\/avatar\/3ea2118a5f7dad2b7138b1187a6b7ee55f160b9968b66013c3a3ef39dd7e5798?s=96&d=mm&r=g","contentUrl":"https:\/\/secure.gravatar.com\/avatar\/3ea2118a5f7dad2b7138b1187a6b7ee55f160b9968b66013c3a3ef39dd7e5798?s=96&d=mm&r=g","caption":"Jeanette"},"sameAs":["https:\/\/www.eldiario.net\/portal"],"url":"https:\/\/www.eldiario.net\/portal\/author\/jeanette\/"}]}},"_links":{"self":[{"href":"https:\/\/www.eldiario.net\/portal\/wp-json\/wp\/v2\/posts\/7349","targetHints":{"allow":["GET"]}}],"collection":[{"href":"https:\/\/www.eldiario.net\/portal\/wp-json\/wp\/v2\/posts"}],"about":[{"href":"https:\/\/www.eldiario.net\/portal\/wp-json\/wp\/v2\/types\/post"}],"author":[{"embeddable":true,"href":"https:\/\/www.eldiario.net\/portal\/wp-json\/wp\/v2\/users\/1"}],"replies":[{"embeddable":true,"href":"https:\/\/www.eldiario.net\/portal\/wp-json\/wp\/v2\/comments?post=7349"}],"version-history":[{"count":0,"href":"https:\/\/www.eldiario.net\/portal\/wp-json\/wp\/v2\/posts\/7349\/revisions"}],"wp:featuredmedia":[{"embeddable":true,"href":"https:\/\/www.eldiario.net\/portal\/wp-json\/wp\/v2\/media\/7350"}],"wp:attachment":[{"href":"https:\/\/www.eldiario.net\/portal\/wp-json\/wp\/v2\/media?parent=7349"}],"wp:term":[{"taxonomy":"category","embeddable":true,"href":"https:\/\/www.eldiario.net\/portal\/wp-json\/wp\/v2\/categories?post=7349"},{"taxonomy":"post_tag","embeddable":true,"href":"https:\/\/www.eldiario.net\/portal\/wp-json\/wp\/v2\/tags?post=7349"}],"curies":[{"name":"wp","href":"https:\/\/api.w.org\/{rel}","templated":true}]}}