{"id":7346,"date":"2021-05-31T05:28:19","date_gmt":"2021-05-31T09:28:19","guid":{"rendered":"https:\/\/www.eldiario.net\/portal\/?p=7346"},"modified":"2021-05-31T05:28:19","modified_gmt":"2021-05-31T09:28:19","slug":"bernal-alcanza-la-gloria-gano-el-giro-de-italia","status":"publish","type":"post","link":"https:\/\/www.eldiario.net\/portal\/2021\/05\/31\/bernal-alcanza-la-gloria-gano-el-giro-de-italia\/","title":{"rendered":"Bernal alcanza la gloria, gan\u00f3 el Giro de Italia"},"content":{"rendered":"<p>Egan Bernal volvi\u00f3 a hacer historia para el deporte colombiano y, luego de 12 d\u00edas vistiendo la \u2018Maglia Rosa\u2019 de l\u00edder, logr\u00f3 alzarse con su primer t\u00edtulo en el Giro de Italia. El ciclista nacional lleg\u00f3 a la contrarreloj individual de la etapa 21 con 1:59\u2033 de diferencia sobre el italiano Damiano Caruso y 3:23\u2033 frente al brit\u00e1nico Simon Yates (3\u00ba). Bernal marc\u00f3 el tiempo necesario con sus rivales en la \u00faltima jornada para consagrarse campe\u00f3n en Mil\u00e1n, capital italiana. Y con ello, el corredor del equipo INEOS Grenadiers levant\u00f3 su segunda corona en Grandes Vueltas tras la consagraci\u00f3n en el Tour de Francia 2019 e igual\u00f3 a Nairo Quintana como el latinoamericano con m\u00e1s t\u00edtulos en carreras de tres semanas. El zipaquire\u00f1o arrib\u00f3 con el tiempo 24\u00ba registro m\u00e1s alto y tan solo perdi\u00f3 30 segundos con Caruso, que hizo una buena contrarreloj y finalmente termin\u00f3 segundo en la clasificaci\u00f3n general a 1:29\u2033. Para el europeo es, lejos, su mejor resultado desde que es ciclista profesional, adem\u00e1s, entendiendo que lleg\u00f3 al Giro siendo gregario del espa\u00f1ol Mikel Landa, el cual debi\u00f3 abandonar por una ca\u00edda. Simon Yates, de gran tercera semana, culmin\u00f3 tercero en la general (4:15\u2033), siendo su segundo podio en este tipo de carreras.<br \/>\nCon la nueva consagraci\u00f3n, Egan, de 24 a\u00f1os cumplidos este a\u00f1o, se convirti\u00f3 en el tercer ciclista m\u00e1s joven de la historia en ser campe\u00f3n del Tour y el Giro, tan solo superado por dos hitos del deporte como el italiano Gino Bartali y el belga Eddy Merckx.<br \/>\nDaniel Felipe Mart\u00ednez (INEOS Grenadiers) tambi\u00e9n cerr\u00f3 un gran Giro de Italia, pues, tras finalizar con el 14\u00ba mejor tiempo de la jornada, pudo ascender hasta la quinta casilla en la clasificaci\u00f3n siendo gregario y completando as\u00ed su mejor resultado en una Gran Vuelta. Si bien el nacido en Soacha, Cundinamarca, qued\u00f3 con los mismos minutos y segundos que el portugu\u00e9s Jo\u00e3o Almeida, el colombiano lo super\u00f3 por las mil\u00e9simas. El italiano Flippo Ganna (INEOS Grenadiers) dio c\u00e1tedra una vez m\u00e1s de sus capacidades corriendo contra el reloj y se llev\u00f3 el triunfo de etapa con un registro final de 0:33:48\u2033. Y cabe destacar que el tambi\u00e9n campe\u00f3n del mundo en esta modalidad sufri\u00f3 un pinchazo en el tramo final de la jornada.<\/p>\n<p><strong>\u201cFUE UNA EMOCI\u00d3N DEMASIADO GRANDE\u201d<\/strong><\/p>\n<p>\u201cFue dif\u00edcil. Hab\u00eda zonas en las que ten\u00eda que estar muy concentrado. Sobre todo estaba muy pendiente de las curvas. Sin embargo, puedo decir que fue una contrarreloj que pude disfrutar, fue algo muy bonito\u201d, estas fueron las primeras palabras de Egan Bernal tras cruzar la l\u00ednea de meta.<br \/>\n\u201cHab\u00eda muchas banderas colombianas apoy\u00e1ndome y gritando mi nombre cuando estaba llegando a la meta. Cuando me acerqu\u00e9 ah\u00ed ya sabia que ya hab\u00eda ganado gracias a la gente. Eso me motiv\u00f3 a\u00fan m\u00e1s\u201d, agreg\u00f3. Egan Bernal, quien ha sido caracterizado en este certamen por tener un esp\u00edritu tranquilo, defini\u00f3 su triunfo como \u201cuna emoci\u00f3n demasiado grande\u201d y, adem\u00e1s, asegur\u00f3 que esta victoria es su regreso al primer nivel del ciclismo mundial.<\/p>\n<p>24 a\u00f1os tiene Bernal, que ayer se confirm\u00f3 como el tercer ciclista joven en ganar la prueba internacional.<\/p>\n","protected":false},"excerpt":{"rendered":"<p>Egan Bernal volvi\u00f3 a hacer historia para el deporte colombiano y, luego de 12 d\u00edas vistiendo la \u2018Maglia Rosa\u2019 de l\u00edder, logr\u00f3 alzarse con su primer t\u00edtulo en el Giro de Italia. El ciclista nacional lleg\u00f3 a la contrarreloj individual de la etapa 21 con 1:59\u2033 de diferencia sobre el italiano Damiano Caruso y 3:23\u2033 [&hellip;]<\/p>\n","protected":false},"author":1,"featured_media":7347,"comment_status":"closed","ping_status":"closed","sticky":false,"template":"","format":"standard","meta":{"_acf_changed":false,"footnotes":""},"categories":[6],"tags":[],"class_list":["post-7346","post","type-post","status-publish","format-standard","has-post-thumbnail","category-deportes"],"acf":{"antetitulo":""},"yoast_head":"<!-- This site is optimized with the Yoast SEO plugin v28.4 - https:\/\/yoast.com\/product\/yoast-seo-wordpress\/ -->\n<title>Bernal alcanza la gloria, gan\u00f3 el Giro de Italia - El Diario - Bolivia<\/title>\n<meta name=\"robots\" content=\"index, follow, max-snippet:-1, max-image-preview:large, max-video-preview:-1\" \/>\n<link rel=\"canonical\" href=\"https:\/\/www.eldiario.net\/portal\/2021\/05\/31\/bernal-alcanza-la-gloria-gano-el-giro-de-italia\/\" \/>\n<meta property=\"og:locale\" content=\"es_ES\" \/>\n<meta property=\"og:type\" content=\"article\" \/>\n<meta property=\"og:title\" content=\"Bernal alcanza la gloria, gan\u00f3 el Giro de Italia - El Diario - Bolivia\" \/>\n<meta property=\"og:description\" content=\"Egan Bernal volvi\u00f3 a hacer historia para el deporte colombiano y, luego de 12 d\u00edas vistiendo la \u2018Maglia Rosa\u2019 de l\u00edder, logr\u00f3 alzarse con su primer t\u00edtulo en el Giro de Italia. El ciclista nacional lleg\u00f3 a la contrarreloj individual de la etapa 21 con 1:59\u2033 de diferencia sobre el italiano Damiano Caruso y 3:23\u2033 [&hellip;]\" \/>\n<meta property=\"og:url\" content=\"https:\/\/www.eldiario.net\/portal\/2021\/05\/31\/bernal-alcanza-la-gloria-gano-el-giro-de-italia\/\" \/>\n<meta property=\"og:site_name\" content=\"El Diario - Bolivia\" \/>\n<meta property=\"article:publisher\" content=\"https:\/\/www.facebook.com\/eldiario.bolivia\/\" \/>\n<meta property=\"article:published_time\" content=\"2021-05-31T09:28:19+00:00\" \/>\n<meta property=\"og:image\" content=\"https:\/\/www.eldiario.net\/portal\/wp-content\/uploads\/2021\/05\/pag-7-foto-1-1.jpg\" \/>\n\t<meta property=\"og:image:width\" content=\"1280\" \/>\n\t<meta property=\"og:image:height\" content=\"640\" \/>\n\t<meta property=\"og:image:type\" content=\"image\/jpeg\" \/>\n<meta name=\"author\" content=\"Jeanette\" \/>\n<meta name=\"twitter:card\" content=\"summary_large_image\" \/>\n<meta name=\"twitter:creator\" content=\"@eldiario_net\" \/>\n<meta name=\"twitter:site\" content=\"@eldiario_net\" \/>\n<meta name=\"twitter:label1\" content=\"Escrito por\" \/>\n\t<meta name=\"twitter:data1\" content=\"Jeanette\" \/>\n\t<meta name=\"twitter:label2\" content=\"Tiempo de lectura\" \/>\n\t<meta name=\"twitter:data2\" content=\"3 minutos\" \/>\n<script type=\"application\/ld+json\" class=\"yoast-schema-graph\">{\"@context\":\"https:\\\/\\\/schema.org\",\"@graph\":[{\"@type\":\"Article\",\"@id\":\"https:\\\/\\\/www.eldiario.net\\\/portal\\\/2021\\\/05\\\/31\\\/bernal-alcanza-la-gloria-gano-el-giro-de-italia\\\/#article\",\"isPartOf\":{\"@id\":\"https:\\\/\\\/www.eldiario.net\\\/portal\\\/2021\\\/05\\\/31\\\/bernal-alcanza-la-gloria-gano-el-giro-de-italia\\\/\"},\"author\":{\"name\":\"Jeanette\",\"@id\":\"https:\\\/\\\/www.eldiario.net\\\/portal\\\/#\\\/schema\\\/person\\\/2c57cf2b7a7ae032e449e4c9b1019eac\"},\"headline\":\"Bernal alcanza la gloria, gan\u00f3 el Giro de Italia\",\"datePublished\":\"2021-05-31T09:28:19+00:00\",\"mainEntityOfPage\":{\"@id\":\"https:\\\/\\\/www.eldiario.net\\\/portal\\\/2021\\\/05\\\/31\\\/bernal-alcanza-la-gloria-gano-el-giro-de-italia\\\/\"},\"wordCount\":561,\"publisher\":{\"@id\":\"https:\\\/\\\/www.eldiario.net\\\/portal\\\/#organization\"},\"image\":{\"@id\":\"https:\\\/\\\/www.eldiario.net\\\/portal\\\/2021\\\/05\\\/31\\\/bernal-alcanza-la-gloria-gano-el-giro-de-italia\\\/#primaryimage\"},\"thumbnailUrl\":\"https:\\\/\\\/www.eldiario.net\\\/portal\\\/wp-content\\\/uploads\\\/2021\\\/05\\\/pag-7-foto-1-1.jpg\",\"articleSection\":[\"Deportes\"],\"inLanguage\":\"es\"},{\"@type\":\"WebPage\",\"@id\":\"https:\\\/\\\/www.eldiario.net\\\/portal\\\/2021\\\/05\\\/31\\\/bernal-alcanza-la-gloria-gano-el-giro-de-italia\\\/\",\"url\":\"https:\\\/\\\/www.eldiario.net\\\/portal\\\/2021\\\/05\\\/31\\\/bernal-alcanza-la-gloria-gano-el-giro-de-italia\\\/\",\"name\":\"Bernal alcanza la gloria, gan\u00f3 el Giro de Italia - El Diario - Bolivia\",\"isPartOf\":{\"@id\":\"https:\\\/\\\/www.eldiario.net\\\/portal\\\/#website\"},\"primaryImageOfPage\":{\"@id\":\"https:\\\/\\\/www.eldiario.net\\\/portal\\\/2021\\\/05\\\/31\\\/bernal-alcanza-la-gloria-gano-el-giro-de-italia\\\/#primaryimage\"},\"image\":{\"@id\":\"https:\\\/\\\/www.eldiario.net\\\/portal\\\/2021\\\/05\\\/31\\\/bernal-alcanza-la-gloria-gano-el-giro-de-italia\\\/#primaryimage\"},\"thumbnailUrl\":\"https:\\\/\\\/www.eldiario.net\\\/portal\\\/wp-content\\\/uploads\\\/2021\\\/05\\\/pag-7-foto-1-1.jpg\",\"datePublished\":\"2021-05-31T09:28:19+00:00\",\"breadcrumb\":{\"@id\":\"https:\\\/\\\/www.eldiario.net\\\/portal\\\/2021\\\/05\\\/31\\\/bernal-alcanza-la-gloria-gano-el-giro-de-italia\\\/#breadcrumb\"},\"inLanguage\":\"es\",\"potentialAction\":[{\"@type\":\"ReadAction\",\"target\":[\"https:\\\/\\\/www.eldiario.net\\\/portal\\\/2021\\\/05\\\/31\\\/bernal-alcanza-la-gloria-gano-el-giro-de-italia\\\/\"]}]},{\"@type\":\"ImageObject\",\"inLanguage\":\"es\",\"@id\":\"https:\\\/\\\/www.eldiario.net\\\/portal\\\/2021\\\/05\\\/31\\\/bernal-alcanza-la-gloria-gano-el-giro-de-italia\\\/#primaryimage\",\"url\":\"https:\\\/\\\/www.eldiario.net\\\/portal\\\/wp-content\\\/uploads\\\/2021\\\/05\\\/pag-7-foto-1-1.jpg\",\"contentUrl\":\"https:\\\/\\\/www.eldiario.net\\\/portal\\\/wp-content\\\/uploads\\\/2021\\\/05\\\/pag-7-foto-1-1.jpg\",\"width\":1280,\"height\":640},{\"@type\":\"BreadcrumbList\",\"@id\":\"https:\\\/\\\/www.eldiario.net\\\/portal\\\/2021\\\/05\\\/31\\\/bernal-alcanza-la-gloria-gano-el-giro-de-italia\\\/#breadcrumb\",\"itemListElement\":[{\"@type\":\"ListItem\",\"position\":1,\"name\":\"Portada\",\"item\":\"https:\\\/\\\/www.eldiario.net\\\/portal\\\/\"},{\"@type\":\"ListItem\",\"position\":2,\"name\":\"Bernal alcanza la gloria, gan\u00f3 el Giro de Italia\"}]},{\"@type\":\"WebSite\",\"@id\":\"https:\\\/\\\/www.eldiario.net\\\/portal\\\/#website\",\"url\":\"https:\\\/\\\/www.eldiario.net\\\/portal\\\/\",\"name\":\"El Diario - Decano de la prensa nacional\",\"description\":\"El Diario - Decano de la prensa nacional\",\"publisher\":{\"@id\":\"https:\\\/\\\/www.eldiario.net\\\/portal\\\/#organization\"},\"potentialAction\":[{\"@type\":\"SearchAction\",\"target\":{\"@type\":\"EntryPoint\",\"urlTemplate\":\"https:\\\/\\\/www.eldiario.net\\\/portal\\\/?s={search_term_string}\"},\"query-input\":{\"@type\":\"PropertyValueSpecification\",\"valueRequired\":true,\"valueName\":\"search_term_string\"}}],\"inLanguage\":\"es\"},{\"@type\":\"Organization\",\"@id\":\"https:\\\/\\\/www.eldiario.net\\\/portal\\\/#organization\",\"name\":\"El Diario - Decano de la prensa nacional\",\"url\":\"https:\\\/\\\/www.eldiario.net\\\/portal\\\/\",\"logo\":{\"@type\":\"ImageObject\",\"inLanguage\":\"es\",\"@id\":\"https:\\\/\\\/www.eldiario.net\\\/portal\\\/#\\\/schema\\\/logo\\\/image\\\/\",\"url\":\"https:\\\/\\\/www.eldiario.net\\\/portal\\\/wp-content\\\/uploads\\\/2023\\\/07\\\/logo_ED.jpg\",\"contentUrl\":\"https:\\\/\\\/www.eldiario.net\\\/portal\\\/wp-content\\\/uploads\\\/2023\\\/07\\\/logo_ED.jpg\",\"width\":272,\"height\":52,\"caption\":\"El Diario - Decano de la prensa nacional\"},\"image\":{\"@id\":\"https:\\\/\\\/www.eldiario.net\\\/portal\\\/#\\\/schema\\\/logo\\\/image\\\/\"},\"sameAs\":[\"https:\\\/\\\/www.facebook.com\\\/eldiario.bolivia\\\/\",\"https:\\\/\\\/x.com\\\/eldiario_net\"]},{\"@type\":\"Person\",\"@id\":\"https:\\\/\\\/www.eldiario.net\\\/portal\\\/#\\\/schema\\\/person\\\/2c57cf2b7a7ae032e449e4c9b1019eac\",\"name\":\"Jeanette\",\"image\":{\"@type\":\"ImageObject\",\"inLanguage\":\"es\",\"@id\":\"https:\\\/\\\/secure.gravatar.com\\\/avatar\\\/3ea2118a5f7dad2b7138b1187a6b7ee55f160b9968b66013c3a3ef39dd7e5798?s=96&d=mm&r=g\",\"url\":\"https:\\\/\\\/secure.gravatar.com\\\/avatar\\\/3ea2118a5f7dad2b7138b1187a6b7ee55f160b9968b66013c3a3ef39dd7e5798?s=96&d=mm&r=g\",\"contentUrl\":\"https:\\\/\\\/secure.gravatar.com\\\/avatar\\\/3ea2118a5f7dad2b7138b1187a6b7ee55f160b9968b66013c3a3ef39dd7e5798?s=96&d=mm&r=g\",\"caption\":\"Jeanette\"},\"sameAs\":[\"https:\\\/\\\/www.eldiario.net\\\/portal\"],\"url\":\"https:\\\/\\\/www.eldiario.net\\\/portal\\\/author\\\/jeanette\\\/\"}]}<\/script>\n<!-- \/ Yoast SEO plugin. -->","yoast_head_json":{"title":"Bernal alcanza la gloria, gan\u00f3 el Giro de Italia - El Diario - Bolivia","robots":{"index":"index","follow":"follow","max-snippet":"max-snippet:-1","max-image-preview":"max-image-preview:large","max-video-preview":"max-video-preview:-1"},"canonical":"https:\/\/www.eldiario.net\/portal\/2021\/05\/31\/bernal-alcanza-la-gloria-gano-el-giro-de-italia\/","og_locale":"es_ES","og_type":"article","og_title":"Bernal alcanza la gloria, gan\u00f3 el Giro de Italia - El Diario - Bolivia","og_description":"Egan Bernal volvi\u00f3 a hacer historia para el deporte colombiano y, luego de 12 d\u00edas vistiendo la \u2018Maglia Rosa\u2019 de l\u00edder, logr\u00f3 alzarse con su primer t\u00edtulo en el Giro de Italia. El ciclista nacional lleg\u00f3 a la contrarreloj individual de la etapa 21 con 1:59\u2033 de diferencia sobre el italiano Damiano Caruso y 3:23\u2033 [&hellip;]","og_url":"https:\/\/www.eldiario.net\/portal\/2021\/05\/31\/bernal-alcanza-la-gloria-gano-el-giro-de-italia\/","og_site_name":"El Diario - Bolivia","article_publisher":"https:\/\/www.facebook.com\/eldiario.bolivia\/","article_published_time":"2021-05-31T09:28:19+00:00","og_image":[{"width":1280,"height":640,"url":"https:\/\/www.eldiario.net\/portal\/wp-content\/uploads\/2021\/05\/pag-7-foto-1-1.jpg","type":"image\/jpeg"}],"author":"Jeanette","twitter_card":"summary_large_image","twitter_creator":"@eldiario_net","twitter_site":"@eldiario_net","twitter_misc":{"Escrito por":"Jeanette","Tiempo de lectura":"3 minutos"},"schema":{"@context":"https:\/\/schema.org","@graph":[{"@type":"Article","@id":"https:\/\/www.eldiario.net\/portal\/2021\/05\/31\/bernal-alcanza-la-gloria-gano-el-giro-de-italia\/#article","isPartOf":{"@id":"https:\/\/www.eldiario.net\/portal\/2021\/05\/31\/bernal-alcanza-la-gloria-gano-el-giro-de-italia\/"},"author":{"name":"Jeanette","@id":"https:\/\/www.eldiario.net\/portal\/#\/schema\/person\/2c57cf2b7a7ae032e449e4c9b1019eac"},"headline":"Bernal alcanza la gloria, gan\u00f3 el Giro de Italia","datePublished":"2021-05-31T09:28:19+00:00","mainEntityOfPage":{"@id":"https:\/\/www.eldiario.net\/portal\/2021\/05\/31\/bernal-alcanza-la-gloria-gano-el-giro-de-italia\/"},"wordCount":561,"publisher":{"@id":"https:\/\/www.eldiario.net\/portal\/#organization"},"image":{"@id":"https:\/\/www.eldiario.net\/portal\/2021\/05\/31\/bernal-alcanza-la-gloria-gano-el-giro-de-italia\/#primaryimage"},"thumbnailUrl":"https:\/\/www.eldiario.net\/portal\/wp-content\/uploads\/2021\/05\/pag-7-foto-1-1.jpg","articleSection":["Deportes"],"inLanguage":"es"},{"@type":"WebPage","@id":"https:\/\/www.eldiario.net\/portal\/2021\/05\/31\/bernal-alcanza-la-gloria-gano-el-giro-de-italia\/","url":"https:\/\/www.eldiario.net\/portal\/2021\/05\/31\/bernal-alcanza-la-gloria-gano-el-giro-de-italia\/","name":"Bernal alcanza la gloria, gan\u00f3 el Giro de Italia - El Diario - Bolivia","isPartOf":{"@id":"https:\/\/www.eldiario.net\/portal\/#website"},"primaryImageOfPage":{"@id":"https:\/\/www.eldiario.net\/portal\/2021\/05\/31\/bernal-alcanza-la-gloria-gano-el-giro-de-italia\/#primaryimage"},"image":{"@id":"https:\/\/www.eldiario.net\/portal\/2021\/05\/31\/bernal-alcanza-la-gloria-gano-el-giro-de-italia\/#primaryimage"},"thumbnailUrl":"https:\/\/www.eldiario.net\/portal\/wp-content\/uploads\/2021\/05\/pag-7-foto-1-1.jpg","datePublished":"2021-05-31T09:28:19+00:00","breadcrumb":{"@id":"https:\/\/www.eldiario.net\/portal\/2021\/05\/31\/bernal-alcanza-la-gloria-gano-el-giro-de-italia\/#breadcrumb"},"inLanguage":"es","potentialAction":[{"@type":"ReadAction","target":["https:\/\/www.eldiario.net\/portal\/2021\/05\/31\/bernal-alcanza-la-gloria-gano-el-giro-de-italia\/"]}]},{"@type":"ImageObject","inLanguage":"es","@id":"https:\/\/www.eldiario.net\/portal\/2021\/05\/31\/bernal-alcanza-la-gloria-gano-el-giro-de-italia\/#primaryimage","url":"https:\/\/www.eldiario.net\/portal\/wp-content\/uploads\/2021\/05\/pag-7-foto-1-1.jpg","contentUrl":"https:\/\/www.eldiario.net\/portal\/wp-content\/uploads\/2021\/05\/pag-7-foto-1-1.jpg","width":1280,"height":640},{"@type":"BreadcrumbList","@id":"https:\/\/www.eldiario.net\/portal\/2021\/05\/31\/bernal-alcanza-la-gloria-gano-el-giro-de-italia\/#breadcrumb","itemListElement":[{"@type":"ListItem","position":1,"name":"Portada","item":"https:\/\/www.eldiario.net\/portal\/"},{"@type":"ListItem","position":2,"name":"Bernal alcanza la gloria, gan\u00f3 el Giro de Italia"}]},{"@type":"WebSite","@id":"https:\/\/www.eldiario.net\/portal\/#website","url":"https:\/\/www.eldiario.net\/portal\/","name":"El Diario - Decano de la prensa nacional","description":"El Diario - Decano de la prensa nacional","publisher":{"@id":"https:\/\/www.eldiario.net\/portal\/#organization"},"potentialAction":[{"@type":"SearchAction","target":{"@type":"EntryPoint","urlTemplate":"https:\/\/www.eldiario.net\/portal\/?s={search_term_string}"},"query-input":{"@type":"PropertyValueSpecification","valueRequired":true,"valueName":"search_term_string"}}],"inLanguage":"es"},{"@type":"Organization","@id":"https:\/\/www.eldiario.net\/portal\/#organization","name":"El Diario - Decano de la prensa nacional","url":"https:\/\/www.eldiario.net\/portal\/","logo":{"@type":"ImageObject","inLanguage":"es","@id":"https:\/\/www.eldiario.net\/portal\/#\/schema\/logo\/image\/","url":"https:\/\/www.eldiario.net\/portal\/wp-content\/uploads\/2023\/07\/logo_ED.jpg","contentUrl":"https:\/\/www.eldiario.net\/portal\/wp-content\/uploads\/2023\/07\/logo_ED.jpg","width":272,"height":52,"caption":"El Diario - Decano de la prensa nacional"},"image":{"@id":"https:\/\/www.eldiario.net\/portal\/#\/schema\/logo\/image\/"},"sameAs":["https:\/\/www.facebook.com\/eldiario.bolivia\/","https:\/\/x.com\/eldiario_net"]},{"@type":"Person","@id":"https:\/\/www.eldiario.net\/portal\/#\/schema\/person\/2c57cf2b7a7ae032e449e4c9b1019eac","name":"Jeanette","image":{"@type":"ImageObject","inLanguage":"es","@id":"https:\/\/secure.gravatar.com\/avatar\/3ea2118a5f7dad2b7138b1187a6b7ee55f160b9968b66013c3a3ef39dd7e5798?s=96&d=mm&r=g","url":"https:\/\/secure.gravatar.com\/avatar\/3ea2118a5f7dad2b7138b1187a6b7ee55f160b9968b66013c3a3ef39dd7e5798?s=96&d=mm&r=g","contentUrl":"https:\/\/secure.gravatar.com\/avatar\/3ea2118a5f7dad2b7138b1187a6b7ee55f160b9968b66013c3a3ef39dd7e5798?s=96&d=mm&r=g","caption":"Jeanette"},"sameAs":["https:\/\/www.eldiario.net\/portal"],"url":"https:\/\/www.eldiario.net\/portal\/author\/jeanette\/"}]}},"_links":{"self":[{"href":"https:\/\/www.eldiario.net\/portal\/wp-json\/wp\/v2\/posts\/7346","targetHints":{"allow":["GET"]}}],"collection":[{"href":"https:\/\/www.eldiario.net\/portal\/wp-json\/wp\/v2\/posts"}],"about":[{"href":"https:\/\/www.eldiario.net\/portal\/wp-json\/wp\/v2\/types\/post"}],"author":[{"embeddable":true,"href":"https:\/\/www.eldiario.net\/portal\/wp-json\/wp\/v2\/users\/1"}],"replies":[{"embeddable":true,"href":"https:\/\/www.eldiario.net\/portal\/wp-json\/wp\/v2\/comments?post=7346"}],"version-history":[{"count":0,"href":"https:\/\/www.eldiario.net\/portal\/wp-json\/wp\/v2\/posts\/7346\/revisions"}],"wp:featuredmedia":[{"embeddable":true,"href":"https:\/\/www.eldiario.net\/portal\/wp-json\/wp\/v2\/media\/7347"}],"wp:attachment":[{"href":"https:\/\/www.eldiario.net\/portal\/wp-json\/wp\/v2\/media?parent=7346"}],"wp:term":[{"taxonomy":"category","embeddable":true,"href":"https:\/\/www.eldiario.net\/portal\/wp-json\/wp\/v2\/categories?post=7346"},{"taxonomy":"post_tag","embeddable":true,"href":"https:\/\/www.eldiario.net\/portal\/wp-json\/wp\/v2\/tags?post=7346"}],"curies":[{"name":"wp","href":"https:\/\/api.w.org\/{rel}","templated":true}]}}