{"id":73223,"date":"2022-03-30T06:33:19","date_gmt":"2022-03-30T10:33:19","guid":{"rendered":"https:\/\/www.eldiario.net\/portal\/?p=73223"},"modified":"2022-03-30T06:33:19","modified_gmt":"2022-03-30T10:33:19","slug":"cuaresma-2","status":"publish","type":"post","link":"https:\/\/www.eldiario.net\/portal\/2022\/03\/30\/cuaresma-2\/","title":{"rendered":"Cuaresma"},"content":{"rendered":"<p>Nuestra amada quinua, reina de los andes, es un alimento ancestral apreciado por todos los bolivianos y muy requerida actualmente a nivel mundial.<\/p>\n<p>Esta receta se puede elaborar para uno de estos viernes de cuaresma, es ideal para sustituir por la carne, recordamos que la quinua real (Chenopodium quinoa) tiene las siguientes propiedades por cada 100 gramos:<\/p>\n<p>Valor energ\u00e9tico 377 cal. \u2013 11. 84 gr.<\/p>\n<p>Prote\u00edna \u2013 69.68 gr.<\/p>\n<p>Carbohidratos \u2013 51 mg.<\/p>\n<p>Calcio \u2013 414 mg.<\/p>\n<p>F\u00f3sforo \u2013 9.7 mg.<\/p>\n<p>Hierro.<\/p>\n<p>Disfruten de esta maravillosa sugerencia culinaria.<\/p>\n<p>&nbsp;<\/p>\n<p><strong>Quinua arco iris<\/strong><\/p>\n<p>&nbsp;<\/p>\n<p>Ingredientes:<\/p>\n<p>2 tazas de quinua blanca<\/p>\n<p>1 u. cebolla roja mediana<\/p>\n<p>2 u. tomate<\/p>\n<p>2 u. zanahorias grandes<\/p>\n<p>1 u. zucchini mediano<\/p>\n<p>1 lb. arvejas peladas<\/p>\n<p>1 lb. vainitas<\/p>\n<p>10 u. papas medianas peladas<\/p>\n<p>2 u. dientes de ajo<\/p>\n<p>5 cucharadas de aceite<\/p>\n<p>\u00bd cucharilla de or\u00e9gano<\/p>\n<p>3 cucharadas de perejil picado fino<\/p>\n<p>Jugo de medio lim\u00f3n<\/p>\n<p>1 1\/2 lt. fondo de verduras<\/p>\n<p>Sal<\/p>\n<p>Pimienta<\/p>\n<p>Comino<\/p>\n<p>&nbsp;<\/p>\n<p><strong>Preparaci\u00f3n:<\/strong><\/p>\n<p>La quinua se lava y se escurre bien unas tres veces.<\/p>\n<p>En una cacerola con aceite caliente dorar la quinua agregando la cebolla y el ajo picados finos hasta que tomen un color perlado. Agregar la zanahoria picada en cuadrados peque\u00f1os, el tomate pelado y picado, las vainitas cortadas en sifflet (corte diagonal) y el zuccini en cuadrados peque\u00f1os.<\/p>\n<p>Una vez retostados, se coloca 1 lt. de fondo de verduras, sal, pimienta y comino al gusto. Agregar de a poco el fondo seg\u00fan pida la cocci\u00f3n.<\/p>\n<p>A media cocci\u00f3n agregar las papas peladas y cortadas en dados medianos, agregar el jugo de lim\u00f3n.<\/p>\n<p>Una vez cocida la quinua y los dem\u00e1s ingredientes, rectificar el sabor y agregar el or\u00e9gano para el \u00faltimo toque.<\/p>\n<p><strong>Emplatado:<\/strong><\/p>\n<p>Servir en un plato plano y espolvorear el perejil picado a gusto.<\/p>\n<p>&nbsp;<\/p>\n<p>Queridos lectores nos vemos en una siguiente receta y no olviden que:<\/p>\n<p>\u201cLa comida hecha con amor, f\u00edsica, qu\u00edmica y biol\u00f3gicamente sabe mejor\u201d<\/p>\n<p>Chef Franz R. Arandia Belmonte<\/p>\n<p>Gastr\u00f3nomo Profesional e Investigador Gastron\u00f3mico<\/p>\n\n","protected":false},"excerpt":{"rendered":"<p>Nuestra amada quinua, reina de los andes, es un alimento ancestral apreciado por todos los bolivianos y muy requerida actualmente a nivel mundial. Esta receta se puede elaborar para uno de estos viernes de cuaresma, es ideal para sustituir por la carne, recordamos que la quinua real (Chenopodium quinoa) tiene las siguientes propiedades por cada [&hellip;]<\/p>\n","protected":false},"author":1,"featured_media":73224,"comment_status":"closed","ping_status":"closed","sticky":false,"template":"","format":"standard","meta":{"_acf_changed":false,"footnotes":""},"categories":[42],"tags":[],"class_list":["post-73223","post","type-post","status-publish","format-standard","has-post-thumbnail","category-femenina"],"acf":{"antetitulo":""},"yoast_head":"<!-- This site is optimized with the Yoast SEO plugin v28.3 - https:\/\/yoast.com\/product\/yoast-seo-wordpress\/ -->\n<title>Cuaresma - El Diario - Bolivia<\/title>\n<meta name=\"robots\" content=\"index, follow, max-snippet:-1, max-image-preview:large, max-video-preview:-1\" \/>\n<link rel=\"canonical\" href=\"https:\/\/www.eldiario.net\/portal\/2022\/03\/30\/cuaresma-2\/\" \/>\n<meta property=\"og:locale\" content=\"es_ES\" \/>\n<meta property=\"og:type\" content=\"article\" \/>\n<meta property=\"og:title\" content=\"Cuaresma - El Diario - Bolivia\" \/>\n<meta property=\"og:description\" content=\"Nuestra amada quinua, reina de los andes, es un alimento ancestral apreciado por todos los bolivianos y muy requerida actualmente a nivel mundial. Esta receta se puede elaborar para uno de estos viernes de cuaresma, es ideal para sustituir por la carne, recordamos que la quinua real (Chenopodium quinoa) tiene las siguientes propiedades por cada [&hellip;]\" \/>\n<meta property=\"og:url\" content=\"https:\/\/www.eldiario.net\/portal\/2022\/03\/30\/cuaresma-2\/\" \/>\n<meta property=\"og:site_name\" content=\"El Diario - Bolivia\" \/>\n<meta property=\"article:publisher\" content=\"https:\/\/www.facebook.com\/eldiario.bolivia\/\" \/>\n<meta property=\"article:published_time\" content=\"2022-03-30T10:33:19+00:00\" \/>\n<meta name=\"author\" content=\"Jeanette\" \/>\n<meta name=\"twitter:card\" content=\"summary_large_image\" \/>\n<meta name=\"twitter:creator\" content=\"@eldiario_net\" \/>\n<meta name=\"twitter:site\" content=\"@eldiario_net\" \/>\n<meta name=\"twitter:label1\" content=\"Escrito por\" \/>\n\t<meta name=\"twitter:data1\" content=\"Jeanette\" \/>\n\t<meta name=\"twitter:label2\" content=\"Tiempo de lectura\" \/>\n\t<meta name=\"twitter:data2\" content=\"2 minutos\" \/>\n<script type=\"application\/ld+json\" class=\"yoast-schema-graph\">{\"@context\":\"https:\\\/\\\/schema.org\",\"@graph\":[{\"@type\":\"Article\",\"@id\":\"https:\\\/\\\/www.eldiario.net\\\/portal\\\/2022\\\/03\\\/30\\\/cuaresma-2\\\/#article\",\"isPartOf\":{\"@id\":\"https:\\\/\\\/www.eldiario.net\\\/portal\\\/2022\\\/03\\\/30\\\/cuaresma-2\\\/\"},\"author\":{\"name\":\"Jeanette\",\"@id\":\"https:\\\/\\\/www.eldiario.net\\\/portal\\\/#\\\/schema\\\/person\\\/f46445640444750d7d753ccd04ae01b7\"},\"headline\":\"Cuaresma\",\"datePublished\":\"2022-03-30T10:33:19+00:00\",\"mainEntityOfPage\":{\"@id\":\"https:\\\/\\\/www.eldiario.net\\\/portal\\\/2022\\\/03\\\/30\\\/cuaresma-2\\\/\"},\"wordCount\":327,\"publisher\":{\"@id\":\"https:\\\/\\\/www.eldiario.net\\\/portal\\\/#organization\"},\"image\":{\"@id\":\"https:\\\/\\\/www.eldiario.net\\\/portal\\\/2022\\\/03\\\/30\\\/cuaresma-2\\\/#primaryimage\"},\"thumbnailUrl\":\"\",\"articleSection\":[\"Femenina\"],\"inLanguage\":\"es\"},{\"@type\":\"WebPage\",\"@id\":\"https:\\\/\\\/www.eldiario.net\\\/portal\\\/2022\\\/03\\\/30\\\/cuaresma-2\\\/\",\"url\":\"https:\\\/\\\/www.eldiario.net\\\/portal\\\/2022\\\/03\\\/30\\\/cuaresma-2\\\/\",\"name\":\"Cuaresma - El Diario - Bolivia\",\"isPartOf\":{\"@id\":\"https:\\\/\\\/www.eldiario.net\\\/portal\\\/#website\"},\"primaryImageOfPage\":{\"@id\":\"https:\\\/\\\/www.eldiario.net\\\/portal\\\/2022\\\/03\\\/30\\\/cuaresma-2\\\/#primaryimage\"},\"image\":{\"@id\":\"https:\\\/\\\/www.eldiario.net\\\/portal\\\/2022\\\/03\\\/30\\\/cuaresma-2\\\/#primaryimage\"},\"thumbnailUrl\":\"\",\"datePublished\":\"2022-03-30T10:33:19+00:00\",\"breadcrumb\":{\"@id\":\"https:\\\/\\\/www.eldiario.net\\\/portal\\\/2022\\\/03\\\/30\\\/cuaresma-2\\\/#breadcrumb\"},\"inLanguage\":\"es\",\"potentialAction\":[{\"@type\":\"ReadAction\",\"target\":[\"https:\\\/\\\/www.eldiario.net\\\/portal\\\/2022\\\/03\\\/30\\\/cuaresma-2\\\/\"]}]},{\"@type\":\"ImageObject\",\"inLanguage\":\"es\",\"@id\":\"https:\\\/\\\/www.eldiario.net\\\/portal\\\/2022\\\/03\\\/30\\\/cuaresma-2\\\/#primaryimage\",\"url\":\"\",\"contentUrl\":\"\"},{\"@type\":\"BreadcrumbList\",\"@id\":\"https:\\\/\\\/www.eldiario.net\\\/portal\\\/2022\\\/03\\\/30\\\/cuaresma-2\\\/#breadcrumb\",\"itemListElement\":[{\"@type\":\"ListItem\",\"position\":1,\"name\":\"Portada\",\"item\":\"https:\\\/\\\/www.eldiario.net\\\/portal\\\/\"},{\"@type\":\"ListItem\",\"position\":2,\"name\":\"Cuaresma\"}]},{\"@type\":\"WebSite\",\"@id\":\"https:\\\/\\\/www.eldiario.net\\\/portal\\\/#website\",\"url\":\"https:\\\/\\\/www.eldiario.net\\\/portal\\\/\",\"name\":\"El Diario - Decano de la prensa nacional\",\"description\":\"El Diario - Decano de la prensa nacional\",\"publisher\":{\"@id\":\"https:\\\/\\\/www.eldiario.net\\\/portal\\\/#organization\"},\"potentialAction\":[{\"@type\":\"SearchAction\",\"target\":{\"@type\":\"EntryPoint\",\"urlTemplate\":\"https:\\\/\\\/www.eldiario.net\\\/portal\\\/?s={search_term_string}\"},\"query-input\":{\"@type\":\"PropertyValueSpecification\",\"valueRequired\":true,\"valueName\":\"search_term_string\"}}],\"inLanguage\":\"es\"},{\"@type\":\"Organization\",\"@id\":\"https:\\\/\\\/www.eldiario.net\\\/portal\\\/#organization\",\"name\":\"El Diario - Decano de la prensa nacional\",\"url\":\"https:\\\/\\\/www.eldiario.net\\\/portal\\\/\",\"logo\":{\"@type\":\"ImageObject\",\"inLanguage\":\"es\",\"@id\":\"https:\\\/\\\/www.eldiario.net\\\/portal\\\/#\\\/schema\\\/logo\\\/image\\\/\",\"url\":\"https:\\\/\\\/www.eldiario.net\\\/portal\\\/wp-content\\\/uploads\\\/2023\\\/07\\\/logo_ED.jpg\",\"contentUrl\":\"https:\\\/\\\/www.eldiario.net\\\/portal\\\/wp-content\\\/uploads\\\/2023\\\/07\\\/logo_ED.jpg\",\"width\":272,\"height\":52,\"caption\":\"El Diario - Decano de la prensa nacional\"},\"image\":{\"@id\":\"https:\\\/\\\/www.eldiario.net\\\/portal\\\/#\\\/schema\\\/logo\\\/image\\\/\"},\"sameAs\":[\"https:\\\/\\\/www.facebook.com\\\/eldiario.bolivia\\\/\",\"https:\\\/\\\/x.com\\\/eldiario_net\"]},{\"@type\":\"Person\",\"@id\":\"https:\\\/\\\/www.eldiario.net\\\/portal\\\/#\\\/schema\\\/person\\\/f46445640444750d7d753ccd04ae01b7\",\"name\":\"Jeanette\",\"image\":{\"@type\":\"ImageObject\",\"inLanguage\":\"es\",\"@id\":\"https:\\\/\\\/secure.gravatar.com\\\/avatar\\\/3ea2118a5f7dad2b7138b1187a6b7ee55f160b9968b66013c3a3ef39dd7e5798?s=96&d=mm&r=g\",\"url\":\"https:\\\/\\\/secure.gravatar.com\\\/avatar\\\/3ea2118a5f7dad2b7138b1187a6b7ee55f160b9968b66013c3a3ef39dd7e5798?s=96&d=mm&r=g\",\"contentUrl\":\"https:\\\/\\\/secure.gravatar.com\\\/avatar\\\/3ea2118a5f7dad2b7138b1187a6b7ee55f160b9968b66013c3a3ef39dd7e5798?s=96&d=mm&r=g\",\"caption\":\"Jeanette\"},\"sameAs\":[\"https:\\\/\\\/www.eldiario.net\\\/portal\"],\"url\":\"https:\\\/\\\/www.eldiario.net\\\/portal\\\/author\\\/jeanette\\\/\"}]}<\/script>\n<!-- \/ Yoast SEO plugin. -->","yoast_head_json":{"title":"Cuaresma - El Diario - Bolivia","robots":{"index":"index","follow":"follow","max-snippet":"max-snippet:-1","max-image-preview":"max-image-preview:large","max-video-preview":"max-video-preview:-1"},"canonical":"https:\/\/www.eldiario.net\/portal\/2022\/03\/30\/cuaresma-2\/","og_locale":"es_ES","og_type":"article","og_title":"Cuaresma - El Diario - Bolivia","og_description":"Nuestra amada quinua, reina de los andes, es un alimento ancestral apreciado por todos los bolivianos y muy requerida actualmente a nivel mundial. Esta receta se puede elaborar para uno de estos viernes de cuaresma, es ideal para sustituir por la carne, recordamos que la quinua real (Chenopodium quinoa) tiene las siguientes propiedades por cada [&hellip;]","og_url":"https:\/\/www.eldiario.net\/portal\/2022\/03\/30\/cuaresma-2\/","og_site_name":"El Diario - Bolivia","article_publisher":"https:\/\/www.facebook.com\/eldiario.bolivia\/","article_published_time":"2022-03-30T10:33:19+00:00","author":"Jeanette","twitter_card":"summary_large_image","twitter_creator":"@eldiario_net","twitter_site":"@eldiario_net","twitter_misc":{"Escrito por":"Jeanette","Tiempo de lectura":"2 minutos"},"schema":{"@context":"https:\/\/schema.org","@graph":[{"@type":"Article","@id":"https:\/\/www.eldiario.net\/portal\/2022\/03\/30\/cuaresma-2\/#article","isPartOf":{"@id":"https:\/\/www.eldiario.net\/portal\/2022\/03\/30\/cuaresma-2\/"},"author":{"name":"Jeanette","@id":"https:\/\/www.eldiario.net\/portal\/#\/schema\/person\/f46445640444750d7d753ccd04ae01b7"},"headline":"Cuaresma","datePublished":"2022-03-30T10:33:19+00:00","mainEntityOfPage":{"@id":"https:\/\/www.eldiario.net\/portal\/2022\/03\/30\/cuaresma-2\/"},"wordCount":327,"publisher":{"@id":"https:\/\/www.eldiario.net\/portal\/#organization"},"image":{"@id":"https:\/\/www.eldiario.net\/portal\/2022\/03\/30\/cuaresma-2\/#primaryimage"},"thumbnailUrl":"","articleSection":["Femenina"],"inLanguage":"es"},{"@type":"WebPage","@id":"https:\/\/www.eldiario.net\/portal\/2022\/03\/30\/cuaresma-2\/","url":"https:\/\/www.eldiario.net\/portal\/2022\/03\/30\/cuaresma-2\/","name":"Cuaresma - El Diario - Bolivia","isPartOf":{"@id":"https:\/\/www.eldiario.net\/portal\/#website"},"primaryImageOfPage":{"@id":"https:\/\/www.eldiario.net\/portal\/2022\/03\/30\/cuaresma-2\/#primaryimage"},"image":{"@id":"https:\/\/www.eldiario.net\/portal\/2022\/03\/30\/cuaresma-2\/#primaryimage"},"thumbnailUrl":"","datePublished":"2022-03-30T10:33:19+00:00","breadcrumb":{"@id":"https:\/\/www.eldiario.net\/portal\/2022\/03\/30\/cuaresma-2\/#breadcrumb"},"inLanguage":"es","potentialAction":[{"@type":"ReadAction","target":["https:\/\/www.eldiario.net\/portal\/2022\/03\/30\/cuaresma-2\/"]}]},{"@type":"ImageObject","inLanguage":"es","@id":"https:\/\/www.eldiario.net\/portal\/2022\/03\/30\/cuaresma-2\/#primaryimage","url":"","contentUrl":""},{"@type":"BreadcrumbList","@id":"https:\/\/www.eldiario.net\/portal\/2022\/03\/30\/cuaresma-2\/#breadcrumb","itemListElement":[{"@type":"ListItem","position":1,"name":"Portada","item":"https:\/\/www.eldiario.net\/portal\/"},{"@type":"ListItem","position":2,"name":"Cuaresma"}]},{"@type":"WebSite","@id":"https:\/\/www.eldiario.net\/portal\/#website","url":"https:\/\/www.eldiario.net\/portal\/","name":"El Diario - Decano de la prensa nacional","description":"El Diario - Decano de la prensa nacional","publisher":{"@id":"https:\/\/www.eldiario.net\/portal\/#organization"},"potentialAction":[{"@type":"SearchAction","target":{"@type":"EntryPoint","urlTemplate":"https:\/\/www.eldiario.net\/portal\/?s={search_term_string}"},"query-input":{"@type":"PropertyValueSpecification","valueRequired":true,"valueName":"search_term_string"}}],"inLanguage":"es"},{"@type":"Organization","@id":"https:\/\/www.eldiario.net\/portal\/#organization","name":"El Diario - Decano de la prensa nacional","url":"https:\/\/www.eldiario.net\/portal\/","logo":{"@type":"ImageObject","inLanguage":"es","@id":"https:\/\/www.eldiario.net\/portal\/#\/schema\/logo\/image\/","url":"https:\/\/www.eldiario.net\/portal\/wp-content\/uploads\/2023\/07\/logo_ED.jpg","contentUrl":"https:\/\/www.eldiario.net\/portal\/wp-content\/uploads\/2023\/07\/logo_ED.jpg","width":272,"height":52,"caption":"El Diario - Decano de la prensa nacional"},"image":{"@id":"https:\/\/www.eldiario.net\/portal\/#\/schema\/logo\/image\/"},"sameAs":["https:\/\/www.facebook.com\/eldiario.bolivia\/","https:\/\/x.com\/eldiario_net"]},{"@type":"Person","@id":"https:\/\/www.eldiario.net\/portal\/#\/schema\/person\/f46445640444750d7d753ccd04ae01b7","name":"Jeanette","image":{"@type":"ImageObject","inLanguage":"es","@id":"https:\/\/secure.gravatar.com\/avatar\/3ea2118a5f7dad2b7138b1187a6b7ee55f160b9968b66013c3a3ef39dd7e5798?s=96&d=mm&r=g","url":"https:\/\/secure.gravatar.com\/avatar\/3ea2118a5f7dad2b7138b1187a6b7ee55f160b9968b66013c3a3ef39dd7e5798?s=96&d=mm&r=g","contentUrl":"https:\/\/secure.gravatar.com\/avatar\/3ea2118a5f7dad2b7138b1187a6b7ee55f160b9968b66013c3a3ef39dd7e5798?s=96&d=mm&r=g","caption":"Jeanette"},"sameAs":["https:\/\/www.eldiario.net\/portal"],"url":"https:\/\/www.eldiario.net\/portal\/author\/jeanette\/"}]}},"_links":{"self":[{"href":"https:\/\/www.eldiario.net\/portal\/wp-json\/wp\/v2\/posts\/73223","targetHints":{"allow":["GET"]}}],"collection":[{"href":"https:\/\/www.eldiario.net\/portal\/wp-json\/wp\/v2\/posts"}],"about":[{"href":"https:\/\/www.eldiario.net\/portal\/wp-json\/wp\/v2\/types\/post"}],"author":[{"embeddable":true,"href":"https:\/\/www.eldiario.net\/portal\/wp-json\/wp\/v2\/users\/1"}],"replies":[{"embeddable":true,"href":"https:\/\/www.eldiario.net\/portal\/wp-json\/wp\/v2\/comments?post=73223"}],"version-history":[{"count":0,"href":"https:\/\/www.eldiario.net\/portal\/wp-json\/wp\/v2\/posts\/73223\/revisions"}],"wp:attachment":[{"href":"https:\/\/www.eldiario.net\/portal\/wp-json\/wp\/v2\/media?parent=73223"}],"wp:term":[{"taxonomy":"category","embeddable":true,"href":"https:\/\/www.eldiario.net\/portal\/wp-json\/wp\/v2\/categories?post=73223"},{"taxonomy":"post_tag","embeddable":true,"href":"https:\/\/www.eldiario.net\/portal\/wp-json\/wp\/v2\/tags?post=73223"}],"curies":[{"name":"wp","href":"https:\/\/api.w.org\/{rel}","templated":true}]}}