{"id":73218,"date":"2022-03-30T06:30:22","date_gmt":"2022-03-30T10:30:22","guid":{"rendered":"https:\/\/www.eldiario.net\/portal\/?p=73218"},"modified":"2022-03-30T06:30:22","modified_gmt":"2022-03-30T10:30:22","slug":"adios-a-todo-lo-negativo","status":"publish","type":"post","link":"https:\/\/www.eldiario.net\/portal\/2022\/03\/30\/adios-a-todo-lo-negativo\/","title":{"rendered":"\u00a1Adi\u00f3s a todo lo negativo!"},"content":{"rendered":"<p>\u00bfTe ha pasado que a veces te sientes super abrumada por diferentes situaciones y no sabes qu\u00e9 hacer para sentirte mejor? Bueno, pues tal vez la soluci\u00f3n sea una limpieza emocional.<\/p>\n<p>\u00bfQu\u00e9 es una limpieza emocional? Es un detox de toda la negatividad, de todos esos pensamientos que te llegan a torturar, de la tristeza y la apat\u00eda.<\/p>\n<p><strong>Ritual con canela<\/strong><\/p>\n<p>Para lograrlo tienes que hacer cosas como observar tus emociones y preguntarte de d\u00f3nde vienen; identificar patrones negativos para cambiarlos; tambi\u00e9n ejercitarte y comer bien, entre otras cosas de las que podemos hablar m\u00e1s adelante.<\/p>\n<p>Claro que sabemos que no es f\u00e1cil comenzar, por eso queremos compartirte este ritual que har\u00e1 las cosas m\u00e1s f\u00e1ciles. \u00a1Toma nota!<\/p>\n<p><strong>Ingredientes:<\/strong><\/p>\n<p>Aceites esenciales (los que quieras)<\/p>\n<p>Flores (las que quieras)<\/p>\n<p>L\u00e1piz y papel<\/p>\n<p>Una vela<\/p>\n<p><strong>Procedimiento:<\/strong><\/p>\n<p>Elige un lugar en el que te sientas calmada y pon a tu alrededor las flores, la vela y los aceites; la idea es que crees un ambiente que te haga sentir relajada y en paz.<\/p>\n<p>Cierra tus ojos y haz respiraciones profundas, exhalando por la misma nariz, hasta que sientas que empiezas a relajarte.<\/p>\n<p>Abre los ojos, toma el l\u00e1piz y el papel y empieza a escribir la situaci\u00f3n que te ha estado molestando. Empieza por una cosa a la vez, este ritual lo puedes repetir cuantas veces sea necesario.<\/p>\n<p>Escribe tambi\u00e9n c\u00f3mo te hizo sentir y desde cu\u00e1ndo te sientes as\u00ed.<\/p>\n<p>Ahora escribe qu\u00e9 pasar\u00eda en tu vida y c\u00f3mo te sentir\u00edas si dejas ir esa situaci\u00f3n.<\/p>\n<p>Escribe lo que aprendiste con todo lo que sucedi\u00f3.<\/p>\n<p>Escribe algo positivo que consideras que lleg\u00f3 a tu vida como resultado de la situaci\u00f3n.<\/p>\n<p>Escribe tu nombre completo, firma el papel, t\u00f3malo y d\u00f3blalo.<\/p>\n<p>Ahora cierra los ojos, respira profundamente y repite: `Agradezco todo lo que aprend\u00ed con esta situaci\u00f3n, agradezco lo bueno y lo malo y dejo ir ese pasado que me ten\u00eda atada; me perdono y vivo en el presente, abriendo los brazos a todo lo bueno que est\u00e1 en mi vida\u00b4.<\/p>\n<p>Abre los ojos y corta o rompe el papel. Des\u00e9chalo y desp\u00eddete de \u00e9l agradeciendo las lecciones que vino a ense\u00f1arte.<\/p>\n<p>En ese momento empezar\u00e1s a sentirte m\u00e1s ligera, as\u00ed que ahora solo enf\u00f3cate en las cosas positivas y vive tu presente, no te quedes en el pasado y tampoco te enfoques completamente en el futuro.<\/p>\n","protected":false},"excerpt":{"rendered":"<p>\u00bfTe ha pasado que a veces te sientes super abrumada por diferentes situaciones y no sabes qu\u00e9 hacer para sentirte mejor? Bueno, pues tal vez la soluci\u00f3n sea una limpieza emocional. \u00bfQu\u00e9 es una limpieza emocional? Es un detox de toda la negatividad, de todos esos pensamientos que te llegan a torturar, de la tristeza [&hellip;]<\/p>\n","protected":false},"author":1,"featured_media":73219,"comment_status":"closed","ping_status":"closed","sticky":false,"template":"","format":"standard","meta":{"_acf_changed":false,"footnotes":""},"categories":[42],"tags":[],"class_list":["post-73218","post","type-post","status-publish","format-standard","has-post-thumbnail","category-femenina"],"acf":{"antetitulo":""},"yoast_head":"<!-- This site is optimized with the Yoast SEO plugin v28.3 - https:\/\/yoast.com\/product\/yoast-seo-wordpress\/ -->\n<title>\u00a1Adi\u00f3s a todo lo negativo! - El Diario - Bolivia<\/title>\n<meta name=\"robots\" content=\"index, follow, max-snippet:-1, max-image-preview:large, max-video-preview:-1\" \/>\n<link rel=\"canonical\" href=\"https:\/\/www.eldiario.net\/portal\/2022\/03\/30\/adios-a-todo-lo-negativo\/\" \/>\n<meta property=\"og:locale\" content=\"es_ES\" \/>\n<meta property=\"og:type\" content=\"article\" \/>\n<meta property=\"og:title\" content=\"\u00a1Adi\u00f3s a todo lo negativo! - El Diario - Bolivia\" \/>\n<meta property=\"og:description\" content=\"\u00bfTe ha pasado que a veces te sientes super abrumada por diferentes situaciones y no sabes qu\u00e9 hacer para sentirte mejor? Bueno, pues tal vez la soluci\u00f3n sea una limpieza emocional. \u00bfQu\u00e9 es una limpieza emocional? Es un detox de toda la negatividad, de todos esos pensamientos que te llegan a torturar, de la tristeza [&hellip;]\" \/>\n<meta property=\"og:url\" content=\"https:\/\/www.eldiario.net\/portal\/2022\/03\/30\/adios-a-todo-lo-negativo\/\" \/>\n<meta property=\"og:site_name\" content=\"El Diario - Bolivia\" \/>\n<meta property=\"article:publisher\" content=\"https:\/\/www.facebook.com\/eldiario.bolivia\/\" \/>\n<meta property=\"article:published_time\" content=\"2022-03-30T10:30:22+00:00\" \/>\n<meta name=\"author\" content=\"Jeanette\" \/>\n<meta name=\"twitter:card\" content=\"summary_large_image\" \/>\n<meta name=\"twitter:creator\" content=\"@eldiario_net\" \/>\n<meta name=\"twitter:site\" content=\"@eldiario_net\" \/>\n<meta name=\"twitter:label1\" content=\"Escrito por\" \/>\n\t<meta name=\"twitter:data1\" content=\"Jeanette\" \/>\n\t<meta name=\"twitter:label2\" content=\"Tiempo de lectura\" \/>\n\t<meta name=\"twitter:data2\" content=\"2 minutos\" \/>\n<script type=\"application\/ld+json\" class=\"yoast-schema-graph\">{\"@context\":\"https:\\\/\\\/schema.org\",\"@graph\":[{\"@type\":\"Article\",\"@id\":\"https:\\\/\\\/www.eldiario.net\\\/portal\\\/2022\\\/03\\\/30\\\/adios-a-todo-lo-negativo\\\/#article\",\"isPartOf\":{\"@id\":\"https:\\\/\\\/www.eldiario.net\\\/portal\\\/2022\\\/03\\\/30\\\/adios-a-todo-lo-negativo\\\/\"},\"author\":{\"name\":\"Jeanette\",\"@id\":\"https:\\\/\\\/www.eldiario.net\\\/portal\\\/#\\\/schema\\\/person\\\/f46445640444750d7d753ccd04ae01b7\"},\"headline\":\"\u00a1Adi\u00f3s a todo lo negativo!\",\"datePublished\":\"2022-03-30T10:30:22+00:00\",\"mainEntityOfPage\":{\"@id\":\"https:\\\/\\\/www.eldiario.net\\\/portal\\\/2022\\\/03\\\/30\\\/adios-a-todo-lo-negativo\\\/\"},\"wordCount\":428,\"publisher\":{\"@id\":\"https:\\\/\\\/www.eldiario.net\\\/portal\\\/#organization\"},\"image\":{\"@id\":\"https:\\\/\\\/www.eldiario.net\\\/portal\\\/2022\\\/03\\\/30\\\/adios-a-todo-lo-negativo\\\/#primaryimage\"},\"thumbnailUrl\":\"\",\"articleSection\":[\"Femenina\"],\"inLanguage\":\"es\"},{\"@type\":\"WebPage\",\"@id\":\"https:\\\/\\\/www.eldiario.net\\\/portal\\\/2022\\\/03\\\/30\\\/adios-a-todo-lo-negativo\\\/\",\"url\":\"https:\\\/\\\/www.eldiario.net\\\/portal\\\/2022\\\/03\\\/30\\\/adios-a-todo-lo-negativo\\\/\",\"name\":\"\u00a1Adi\u00f3s a todo lo negativo! - El Diario - Bolivia\",\"isPartOf\":{\"@id\":\"https:\\\/\\\/www.eldiario.net\\\/portal\\\/#website\"},\"primaryImageOfPage\":{\"@id\":\"https:\\\/\\\/www.eldiario.net\\\/portal\\\/2022\\\/03\\\/30\\\/adios-a-todo-lo-negativo\\\/#primaryimage\"},\"image\":{\"@id\":\"https:\\\/\\\/www.eldiario.net\\\/portal\\\/2022\\\/03\\\/30\\\/adios-a-todo-lo-negativo\\\/#primaryimage\"},\"thumbnailUrl\":\"\",\"datePublished\":\"2022-03-30T10:30:22+00:00\",\"breadcrumb\":{\"@id\":\"https:\\\/\\\/www.eldiario.net\\\/portal\\\/2022\\\/03\\\/30\\\/adios-a-todo-lo-negativo\\\/#breadcrumb\"},\"inLanguage\":\"es\",\"potentialAction\":[{\"@type\":\"ReadAction\",\"target\":[\"https:\\\/\\\/www.eldiario.net\\\/portal\\\/2022\\\/03\\\/30\\\/adios-a-todo-lo-negativo\\\/\"]}]},{\"@type\":\"ImageObject\",\"inLanguage\":\"es\",\"@id\":\"https:\\\/\\\/www.eldiario.net\\\/portal\\\/2022\\\/03\\\/30\\\/adios-a-todo-lo-negativo\\\/#primaryimage\",\"url\":\"\",\"contentUrl\":\"\"},{\"@type\":\"BreadcrumbList\",\"@id\":\"https:\\\/\\\/www.eldiario.net\\\/portal\\\/2022\\\/03\\\/30\\\/adios-a-todo-lo-negativo\\\/#breadcrumb\",\"itemListElement\":[{\"@type\":\"ListItem\",\"position\":1,\"name\":\"Portada\",\"item\":\"https:\\\/\\\/www.eldiario.net\\\/portal\\\/\"},{\"@type\":\"ListItem\",\"position\":2,\"name\":\"\u00a1Adi\u00f3s a todo lo negativo!\"}]},{\"@type\":\"WebSite\",\"@id\":\"https:\\\/\\\/www.eldiario.net\\\/portal\\\/#website\",\"url\":\"https:\\\/\\\/www.eldiario.net\\\/portal\\\/\",\"name\":\"El Diario - Decano de la prensa nacional\",\"description\":\"El Diario - Decano de la prensa nacional\",\"publisher\":{\"@id\":\"https:\\\/\\\/www.eldiario.net\\\/portal\\\/#organization\"},\"potentialAction\":[{\"@type\":\"SearchAction\",\"target\":{\"@type\":\"EntryPoint\",\"urlTemplate\":\"https:\\\/\\\/www.eldiario.net\\\/portal\\\/?s={search_term_string}\"},\"query-input\":{\"@type\":\"PropertyValueSpecification\",\"valueRequired\":true,\"valueName\":\"search_term_string\"}}],\"inLanguage\":\"es\"},{\"@type\":\"Organization\",\"@id\":\"https:\\\/\\\/www.eldiario.net\\\/portal\\\/#organization\",\"name\":\"El Diario - Decano de la prensa nacional\",\"url\":\"https:\\\/\\\/www.eldiario.net\\\/portal\\\/\",\"logo\":{\"@type\":\"ImageObject\",\"inLanguage\":\"es\",\"@id\":\"https:\\\/\\\/www.eldiario.net\\\/portal\\\/#\\\/schema\\\/logo\\\/image\\\/\",\"url\":\"https:\\\/\\\/www.eldiario.net\\\/portal\\\/wp-content\\\/uploads\\\/2023\\\/07\\\/logo_ED.jpg\",\"contentUrl\":\"https:\\\/\\\/www.eldiario.net\\\/portal\\\/wp-content\\\/uploads\\\/2023\\\/07\\\/logo_ED.jpg\",\"width\":272,\"height\":52,\"caption\":\"El Diario - Decano de la prensa nacional\"},\"image\":{\"@id\":\"https:\\\/\\\/www.eldiario.net\\\/portal\\\/#\\\/schema\\\/logo\\\/image\\\/\"},\"sameAs\":[\"https:\\\/\\\/www.facebook.com\\\/eldiario.bolivia\\\/\",\"https:\\\/\\\/x.com\\\/eldiario_net\"]},{\"@type\":\"Person\",\"@id\":\"https:\\\/\\\/www.eldiario.net\\\/portal\\\/#\\\/schema\\\/person\\\/f46445640444750d7d753ccd04ae01b7\",\"name\":\"Jeanette\",\"image\":{\"@type\":\"ImageObject\",\"inLanguage\":\"es\",\"@id\":\"https:\\\/\\\/secure.gravatar.com\\\/avatar\\\/3ea2118a5f7dad2b7138b1187a6b7ee55f160b9968b66013c3a3ef39dd7e5798?s=96&d=mm&r=g\",\"url\":\"https:\\\/\\\/secure.gravatar.com\\\/avatar\\\/3ea2118a5f7dad2b7138b1187a6b7ee55f160b9968b66013c3a3ef39dd7e5798?s=96&d=mm&r=g\",\"contentUrl\":\"https:\\\/\\\/secure.gravatar.com\\\/avatar\\\/3ea2118a5f7dad2b7138b1187a6b7ee55f160b9968b66013c3a3ef39dd7e5798?s=96&d=mm&r=g\",\"caption\":\"Jeanette\"},\"sameAs\":[\"https:\\\/\\\/www.eldiario.net\\\/portal\"],\"url\":\"https:\\\/\\\/www.eldiario.net\\\/portal\\\/author\\\/jeanette\\\/\"}]}<\/script>\n<!-- \/ Yoast SEO plugin. -->","yoast_head_json":{"title":"\u00a1Adi\u00f3s a todo lo negativo! - El Diario - Bolivia","robots":{"index":"index","follow":"follow","max-snippet":"max-snippet:-1","max-image-preview":"max-image-preview:large","max-video-preview":"max-video-preview:-1"},"canonical":"https:\/\/www.eldiario.net\/portal\/2022\/03\/30\/adios-a-todo-lo-negativo\/","og_locale":"es_ES","og_type":"article","og_title":"\u00a1Adi\u00f3s a todo lo negativo! - El Diario - Bolivia","og_description":"\u00bfTe ha pasado que a veces te sientes super abrumada por diferentes situaciones y no sabes qu\u00e9 hacer para sentirte mejor? Bueno, pues tal vez la soluci\u00f3n sea una limpieza emocional. \u00bfQu\u00e9 es una limpieza emocional? Es un detox de toda la negatividad, de todos esos pensamientos que te llegan a torturar, de la tristeza [&hellip;]","og_url":"https:\/\/www.eldiario.net\/portal\/2022\/03\/30\/adios-a-todo-lo-negativo\/","og_site_name":"El Diario - Bolivia","article_publisher":"https:\/\/www.facebook.com\/eldiario.bolivia\/","article_published_time":"2022-03-30T10:30:22+00:00","author":"Jeanette","twitter_card":"summary_large_image","twitter_creator":"@eldiario_net","twitter_site":"@eldiario_net","twitter_misc":{"Escrito por":"Jeanette","Tiempo de lectura":"2 minutos"},"schema":{"@context":"https:\/\/schema.org","@graph":[{"@type":"Article","@id":"https:\/\/www.eldiario.net\/portal\/2022\/03\/30\/adios-a-todo-lo-negativo\/#article","isPartOf":{"@id":"https:\/\/www.eldiario.net\/portal\/2022\/03\/30\/adios-a-todo-lo-negativo\/"},"author":{"name":"Jeanette","@id":"https:\/\/www.eldiario.net\/portal\/#\/schema\/person\/f46445640444750d7d753ccd04ae01b7"},"headline":"\u00a1Adi\u00f3s a todo lo negativo!","datePublished":"2022-03-30T10:30:22+00:00","mainEntityOfPage":{"@id":"https:\/\/www.eldiario.net\/portal\/2022\/03\/30\/adios-a-todo-lo-negativo\/"},"wordCount":428,"publisher":{"@id":"https:\/\/www.eldiario.net\/portal\/#organization"},"image":{"@id":"https:\/\/www.eldiario.net\/portal\/2022\/03\/30\/adios-a-todo-lo-negativo\/#primaryimage"},"thumbnailUrl":"","articleSection":["Femenina"],"inLanguage":"es"},{"@type":"WebPage","@id":"https:\/\/www.eldiario.net\/portal\/2022\/03\/30\/adios-a-todo-lo-negativo\/","url":"https:\/\/www.eldiario.net\/portal\/2022\/03\/30\/adios-a-todo-lo-negativo\/","name":"\u00a1Adi\u00f3s a todo lo negativo! - El Diario - Bolivia","isPartOf":{"@id":"https:\/\/www.eldiario.net\/portal\/#website"},"primaryImageOfPage":{"@id":"https:\/\/www.eldiario.net\/portal\/2022\/03\/30\/adios-a-todo-lo-negativo\/#primaryimage"},"image":{"@id":"https:\/\/www.eldiario.net\/portal\/2022\/03\/30\/adios-a-todo-lo-negativo\/#primaryimage"},"thumbnailUrl":"","datePublished":"2022-03-30T10:30:22+00:00","breadcrumb":{"@id":"https:\/\/www.eldiario.net\/portal\/2022\/03\/30\/adios-a-todo-lo-negativo\/#breadcrumb"},"inLanguage":"es","potentialAction":[{"@type":"ReadAction","target":["https:\/\/www.eldiario.net\/portal\/2022\/03\/30\/adios-a-todo-lo-negativo\/"]}]},{"@type":"ImageObject","inLanguage":"es","@id":"https:\/\/www.eldiario.net\/portal\/2022\/03\/30\/adios-a-todo-lo-negativo\/#primaryimage","url":"","contentUrl":""},{"@type":"BreadcrumbList","@id":"https:\/\/www.eldiario.net\/portal\/2022\/03\/30\/adios-a-todo-lo-negativo\/#breadcrumb","itemListElement":[{"@type":"ListItem","position":1,"name":"Portada","item":"https:\/\/www.eldiario.net\/portal\/"},{"@type":"ListItem","position":2,"name":"\u00a1Adi\u00f3s a todo lo negativo!"}]},{"@type":"WebSite","@id":"https:\/\/www.eldiario.net\/portal\/#website","url":"https:\/\/www.eldiario.net\/portal\/","name":"El Diario - Decano de la prensa nacional","description":"El Diario - Decano de la prensa nacional","publisher":{"@id":"https:\/\/www.eldiario.net\/portal\/#organization"},"potentialAction":[{"@type":"SearchAction","target":{"@type":"EntryPoint","urlTemplate":"https:\/\/www.eldiario.net\/portal\/?s={search_term_string}"},"query-input":{"@type":"PropertyValueSpecification","valueRequired":true,"valueName":"search_term_string"}}],"inLanguage":"es"},{"@type":"Organization","@id":"https:\/\/www.eldiario.net\/portal\/#organization","name":"El Diario - Decano de la prensa nacional","url":"https:\/\/www.eldiario.net\/portal\/","logo":{"@type":"ImageObject","inLanguage":"es","@id":"https:\/\/www.eldiario.net\/portal\/#\/schema\/logo\/image\/","url":"https:\/\/www.eldiario.net\/portal\/wp-content\/uploads\/2023\/07\/logo_ED.jpg","contentUrl":"https:\/\/www.eldiario.net\/portal\/wp-content\/uploads\/2023\/07\/logo_ED.jpg","width":272,"height":52,"caption":"El Diario - Decano de la prensa nacional"},"image":{"@id":"https:\/\/www.eldiario.net\/portal\/#\/schema\/logo\/image\/"},"sameAs":["https:\/\/www.facebook.com\/eldiario.bolivia\/","https:\/\/x.com\/eldiario_net"]},{"@type":"Person","@id":"https:\/\/www.eldiario.net\/portal\/#\/schema\/person\/f46445640444750d7d753ccd04ae01b7","name":"Jeanette","image":{"@type":"ImageObject","inLanguage":"es","@id":"https:\/\/secure.gravatar.com\/avatar\/3ea2118a5f7dad2b7138b1187a6b7ee55f160b9968b66013c3a3ef39dd7e5798?s=96&d=mm&r=g","url":"https:\/\/secure.gravatar.com\/avatar\/3ea2118a5f7dad2b7138b1187a6b7ee55f160b9968b66013c3a3ef39dd7e5798?s=96&d=mm&r=g","contentUrl":"https:\/\/secure.gravatar.com\/avatar\/3ea2118a5f7dad2b7138b1187a6b7ee55f160b9968b66013c3a3ef39dd7e5798?s=96&d=mm&r=g","caption":"Jeanette"},"sameAs":["https:\/\/www.eldiario.net\/portal"],"url":"https:\/\/www.eldiario.net\/portal\/author\/jeanette\/"}]}},"_links":{"self":[{"href":"https:\/\/www.eldiario.net\/portal\/wp-json\/wp\/v2\/posts\/73218","targetHints":{"allow":["GET"]}}],"collection":[{"href":"https:\/\/www.eldiario.net\/portal\/wp-json\/wp\/v2\/posts"}],"about":[{"href":"https:\/\/www.eldiario.net\/portal\/wp-json\/wp\/v2\/types\/post"}],"author":[{"embeddable":true,"href":"https:\/\/www.eldiario.net\/portal\/wp-json\/wp\/v2\/users\/1"}],"replies":[{"embeddable":true,"href":"https:\/\/www.eldiario.net\/portal\/wp-json\/wp\/v2\/comments?post=73218"}],"version-history":[{"count":0,"href":"https:\/\/www.eldiario.net\/portal\/wp-json\/wp\/v2\/posts\/73218\/revisions"}],"wp:attachment":[{"href":"https:\/\/www.eldiario.net\/portal\/wp-json\/wp\/v2\/media?parent=73218"}],"wp:term":[{"taxonomy":"category","embeddable":true,"href":"https:\/\/www.eldiario.net\/portal\/wp-json\/wp\/v2\/categories?post=73218"},{"taxonomy":"post_tag","embeddable":true,"href":"https:\/\/www.eldiario.net\/portal\/wp-json\/wp\/v2\/tags?post=73218"}],"curies":[{"name":"wp","href":"https:\/\/api.w.org\/{rel}","templated":true}]}}