{"id":73208,"date":"2022-03-30T06:26:02","date_gmt":"2022-03-30T10:26:02","guid":{"rendered":"https:\/\/www.eldiario.net\/portal\/?p=73208"},"modified":"2022-03-30T06:26:02","modified_gmt":"2022-03-30T10:26:02","slug":"cinco-consejos-para-fortalecer-el-rol-del-papa","status":"publish","type":"post","link":"https:\/\/www.eldiario.net\/portal\/2022\/03\/30\/cinco-consejos-para-fortalecer-el-rol-del-papa\/","title":{"rendered":"Cinco consejos para fortalecer el rol del pap\u00e1"},"content":{"rendered":"<p>La presencia del padre en el desarrollo de los ni\u00f1os marca la diferencia e influye positivamente en el bienestar de ellos. Le llaman paternidad activa, pero \u00bfen qu\u00e9 consiste?<\/p>\n<p>Se trata de entender que el pap\u00e1 tiene un rol protag\u00f3nico en la crianza de los hijos. Ya no es solo el \u201cproveedor\u201d, ya no ofrece solamente \u201cayuda a mam\u00e1\u201d, sino que se hace responsable de la educaci\u00f3n diaria e integral de sus infantes e invierte su esfuerzo para lograr este objetivo.<\/p>\n<p>\u201cLa paternidad se aprende con la pr\u00e1ctica. Es normal tener ciertos temores y preocupaciones sobre c\u00f3mo ser un buen pap\u00e1, y lo que hemos aprendido durante el tiempo junto a los padres bolivianos, es la importancia de brindar siempre el mejor cuidado posible\u201d, comenta Claudia Zabala, Brand Manager de Huggies Bolivia, marca que promueve la importancia del papel del padre en el desarrollo de sus hijos.<\/p>\n<p>Zabala explica que ser un pap\u00e1 activo en la era moderna, es un cambio personal que conlleva un proceso consciente y que no basta con estar presente, sino que se tiene la misma responsabilidad que la madre en la crianza. Por ello, en el mes dedicado a los padres Kimberly Clark comparte cinco consejos para una paternidad activa durante los primeros a\u00f1os de vida de los hijos:<\/p>\n<ol>\n<li>Compartir responsablemente las tareas dom\u00e9sticas con la mam\u00e1, especialmente durante los primeros meses de vida del beb\u00e9, adem\u00e1s de las de crianza y cuidado.<\/li>\n<li>Cuidar la salud del hijo cotidianamente y estar presente en instancias como vacunas, controles de salud y enfermedades. \u00c9l o ella buscar\u00e1 afecto y consuelo de los padres.<\/li>\n<li>Criar manteniendo un buen trato, y priorizando siempre el Cuidado. Se puede ser firme y respetuoso al mismo tiempo. Conversar con ellos, escucharlos y apoyarlos es clave para crear buenos v\u00ednculos.<\/li>\n<li>Buscar balance entre el trabajo y la paternidad. Es importante que para llevar una relaci\u00f3n padre e hijo sana se deba evitar mezclar lo laboral con lo personal. Por esto, establecer y mantener rutinas precisas tanto en las obligaciones del trabajo como del hogar, es el primer paso para encontrar ese balance en el que se respetan los espacios de reuni\u00f3n en familia y, al mismo tiempo, se cumplen los objetivos profesionales.<\/li>\n<li>Construir un v\u00ednculo con \u00e9l o ella con acciones y cuidados diarios, como preparar su comida, alimentarle, calmar su llanto, hacerle dormir, ba\u00f1arle, usar toallitas h\u00famedas y cambiar sus pa\u00f1ales, marcar\u00e1 momentos clave en el lazo que se crea entre padre e hijos.<\/li>\n<\/ol>\n<p><strong>M\u00e1s abrazos, una plataforma digital<\/strong><\/p>\n<p>Esta plataforma digital presente en 11 pa\u00edses, acompa\u00f1a a los padres en las distintas etapas de su rol. En este sitio pueden acceder a diferentes art\u00edculos, podcasts e iniciativas din\u00e1micas que ayudar\u00e1n a fortalecer el v\u00ednculo con los hijos y seguir aprendiendo juntos como padres y madres. \u201cNos es grato seguir acompa\u00f1ando a nuestra comunidad de padres en Bolivia. Queremos ser sus aliados en esta experiencia \u00fanica y grandiosa\u201d, resalta Claudia Zabala.<\/p>\n<figure id=\"attachment_73210\" aria-describedby=\"caption-attachment-73210\" style=\"width: 2560px\" class=\"wp-caption aligncenter\"><a href=\"https:\/\/www.eldiario.net\/portal\/wp-content\/uploads\/2022\/03\/8-9-FOTO-2-3-scaled-1.jpg\"><img loading=\"lazy\" decoding=\"async\" class=\"size-full wp-image-73210\" src=\"https:\/\/www.eldiario.net\/portal\/wp-content\/uploads\/2022\/03\/8-9-FOTO-2-3-scaled-1.jpg\" alt=\"\" width=\"2560\" height=\"1707\" srcset=\"https:\/\/www.eldiario.net\/portal\/wp-content\/uploads\/2022\/03\/8-9-FOTO-2-3-scaled-1.jpg 2560w, https:\/\/www.eldiario.net\/portal\/wp-content\/uploads\/2022\/03\/8-9-FOTO-2-3-scaled-1-300x200.jpg 300w, https:\/\/www.eldiario.net\/portal\/wp-content\/uploads\/2022\/03\/8-9-FOTO-2-3-scaled-1-1024x683.jpg 1024w, https:\/\/www.eldiario.net\/portal\/wp-content\/uploads\/2022\/03\/8-9-FOTO-2-3-scaled-1-768x512.jpg 768w, https:\/\/www.eldiario.net\/portal\/wp-content\/uploads\/2022\/03\/8-9-FOTO-2-3-scaled-1-1536x1024.jpg 1536w, https:\/\/www.eldiario.net\/portal\/wp-content\/uploads\/2022\/03\/8-9-FOTO-2-3-scaled-1-2048x1366.jpg 2048w, https:\/\/www.eldiario.net\/portal\/wp-content\/uploads\/2022\/03\/8-9-FOTO-2-3-scaled-1-696x464.jpg 696w, https:\/\/www.eldiario.net\/portal\/wp-content\/uploads\/2022\/03\/8-9-FOTO-2-3-scaled-1-1068x712.jpg 1068w, https:\/\/www.eldiario.net\/portal\/wp-content\/uploads\/2022\/03\/8-9-FOTO-2-3-scaled-1-1920x1280.jpg 1920w\" sizes=\"auto, (max-width: 2560px) 100vw, 2560px\" \/><\/a><figcaption id=\"caption-attachment-73210\" class=\"wp-caption-text\">TANTO EL PADRE COMO LA MADRE DEBEN COMPARTIR TAREAS EN EL HOGAR.<\/figcaption><\/figure>\n","protected":false},"excerpt":{"rendered":"<p>La presencia del padre en el desarrollo de los ni\u00f1os marca la diferencia e influye positivamente en el bienestar de ellos. Le llaman paternidad activa, pero \u00bfen qu\u00e9 consiste? Se trata de entender que el pap\u00e1 tiene un rol protag\u00f3nico en la crianza de los hijos. Ya no es solo el \u201cproveedor\u201d, ya no ofrece [&hellip;]<\/p>\n","protected":false},"author":1,"featured_media":73209,"comment_status":"closed","ping_status":"closed","sticky":false,"template":"","format":"standard","meta":{"_acf_changed":false,"footnotes":""},"categories":[42],"tags":[],"class_list":["post-73208","post","type-post","status-publish","format-standard","has-post-thumbnail","category-femenina"],"acf":{"antetitulo":""},"yoast_head":"<!-- This site is optimized with the Yoast SEO plugin v28.3 - https:\/\/yoast.com\/product\/yoast-seo-wordpress\/ -->\n<title>Cinco consejos para fortalecer el rol del pap\u00e1 - El Diario - Bolivia<\/title>\n<meta name=\"robots\" content=\"index, follow, max-snippet:-1, max-image-preview:large, max-video-preview:-1\" \/>\n<link rel=\"canonical\" href=\"https:\/\/www.eldiario.net\/portal\/2022\/03\/30\/cinco-consejos-para-fortalecer-el-rol-del-papa\/\" \/>\n<meta property=\"og:locale\" content=\"es_ES\" \/>\n<meta property=\"og:type\" content=\"article\" \/>\n<meta property=\"og:title\" content=\"Cinco consejos para fortalecer el rol del pap\u00e1 - El Diario - Bolivia\" \/>\n<meta property=\"og:description\" content=\"La presencia del padre en el desarrollo de los ni\u00f1os marca la diferencia e influye positivamente en el bienestar de ellos. Le llaman paternidad activa, pero \u00bfen qu\u00e9 consiste? Se trata de entender que el pap\u00e1 tiene un rol protag\u00f3nico en la crianza de los hijos. Ya no es solo el \u201cproveedor\u201d, ya no ofrece [&hellip;]\" \/>\n<meta property=\"og:url\" content=\"https:\/\/www.eldiario.net\/portal\/2022\/03\/30\/cinco-consejos-para-fortalecer-el-rol-del-papa\/\" \/>\n<meta property=\"og:site_name\" content=\"El Diario - Bolivia\" \/>\n<meta property=\"article:publisher\" content=\"https:\/\/www.facebook.com\/eldiario.bolivia\/\" \/>\n<meta property=\"article:published_time\" content=\"2022-03-30T10:26:02+00:00\" \/>\n<meta name=\"author\" content=\"Jeanette\" \/>\n<meta name=\"twitter:card\" content=\"summary_large_image\" \/>\n<meta name=\"twitter:creator\" content=\"@eldiario_net\" \/>\n<meta name=\"twitter:site\" content=\"@eldiario_net\" \/>\n<meta name=\"twitter:label1\" content=\"Escrito por\" \/>\n\t<meta name=\"twitter:data1\" content=\"Jeanette\" \/>\n\t<meta name=\"twitter:label2\" content=\"Tiempo de lectura\" \/>\n\t<meta name=\"twitter:data2\" content=\"3 minutos\" \/>\n<script type=\"application\/ld+json\" class=\"yoast-schema-graph\">{\"@context\":\"https:\\\/\\\/schema.org\",\"@graph\":[{\"@type\":\"Article\",\"@id\":\"https:\\\/\\\/www.eldiario.net\\\/portal\\\/2022\\\/03\\\/30\\\/cinco-consejos-para-fortalecer-el-rol-del-papa\\\/#article\",\"isPartOf\":{\"@id\":\"https:\\\/\\\/www.eldiario.net\\\/portal\\\/2022\\\/03\\\/30\\\/cinco-consejos-para-fortalecer-el-rol-del-papa\\\/\"},\"author\":{\"name\":\"Jeanette\",\"@id\":\"https:\\\/\\\/www.eldiario.net\\\/portal\\\/#\\\/schema\\\/person\\\/f46445640444750d7d753ccd04ae01b7\"},\"headline\":\"Cinco consejos para fortalecer el rol del pap\u00e1\",\"datePublished\":\"2022-03-30T10:26:02+00:00\",\"mainEntityOfPage\":{\"@id\":\"https:\\\/\\\/www.eldiario.net\\\/portal\\\/2022\\\/03\\\/30\\\/cinco-consejos-para-fortalecer-el-rol-del-papa\\\/\"},\"wordCount\":538,\"publisher\":{\"@id\":\"https:\\\/\\\/www.eldiario.net\\\/portal\\\/#organization\"},\"image\":{\"@id\":\"https:\\\/\\\/www.eldiario.net\\\/portal\\\/2022\\\/03\\\/30\\\/cinco-consejos-para-fortalecer-el-rol-del-papa\\\/#primaryimage\"},\"thumbnailUrl\":\"\",\"articleSection\":[\"Femenina\"],\"inLanguage\":\"es\"},{\"@type\":\"WebPage\",\"@id\":\"https:\\\/\\\/www.eldiario.net\\\/portal\\\/2022\\\/03\\\/30\\\/cinco-consejos-para-fortalecer-el-rol-del-papa\\\/\",\"url\":\"https:\\\/\\\/www.eldiario.net\\\/portal\\\/2022\\\/03\\\/30\\\/cinco-consejos-para-fortalecer-el-rol-del-papa\\\/\",\"name\":\"Cinco consejos para fortalecer el rol del pap\u00e1 - El Diario - Bolivia\",\"isPartOf\":{\"@id\":\"https:\\\/\\\/www.eldiario.net\\\/portal\\\/#website\"},\"primaryImageOfPage\":{\"@id\":\"https:\\\/\\\/www.eldiario.net\\\/portal\\\/2022\\\/03\\\/30\\\/cinco-consejos-para-fortalecer-el-rol-del-papa\\\/#primaryimage\"},\"image\":{\"@id\":\"https:\\\/\\\/www.eldiario.net\\\/portal\\\/2022\\\/03\\\/30\\\/cinco-consejos-para-fortalecer-el-rol-del-papa\\\/#primaryimage\"},\"thumbnailUrl\":\"\",\"datePublished\":\"2022-03-30T10:26:02+00:00\",\"breadcrumb\":{\"@id\":\"https:\\\/\\\/www.eldiario.net\\\/portal\\\/2022\\\/03\\\/30\\\/cinco-consejos-para-fortalecer-el-rol-del-papa\\\/#breadcrumb\"},\"inLanguage\":\"es\",\"potentialAction\":[{\"@type\":\"ReadAction\",\"target\":[\"https:\\\/\\\/www.eldiario.net\\\/portal\\\/2022\\\/03\\\/30\\\/cinco-consejos-para-fortalecer-el-rol-del-papa\\\/\"]}]},{\"@type\":\"ImageObject\",\"inLanguage\":\"es\",\"@id\":\"https:\\\/\\\/www.eldiario.net\\\/portal\\\/2022\\\/03\\\/30\\\/cinco-consejos-para-fortalecer-el-rol-del-papa\\\/#primaryimage\",\"url\":\"\",\"contentUrl\":\"\"},{\"@type\":\"BreadcrumbList\",\"@id\":\"https:\\\/\\\/www.eldiario.net\\\/portal\\\/2022\\\/03\\\/30\\\/cinco-consejos-para-fortalecer-el-rol-del-papa\\\/#breadcrumb\",\"itemListElement\":[{\"@type\":\"ListItem\",\"position\":1,\"name\":\"Portada\",\"item\":\"https:\\\/\\\/www.eldiario.net\\\/portal\\\/\"},{\"@type\":\"ListItem\",\"position\":2,\"name\":\"Cinco consejos para fortalecer el rol del pap\u00e1\"}]},{\"@type\":\"WebSite\",\"@id\":\"https:\\\/\\\/www.eldiario.net\\\/portal\\\/#website\",\"url\":\"https:\\\/\\\/www.eldiario.net\\\/portal\\\/\",\"name\":\"El Diario - Decano de la prensa nacional\",\"description\":\"El Diario - Decano de la prensa nacional\",\"publisher\":{\"@id\":\"https:\\\/\\\/www.eldiario.net\\\/portal\\\/#organization\"},\"potentialAction\":[{\"@type\":\"SearchAction\",\"target\":{\"@type\":\"EntryPoint\",\"urlTemplate\":\"https:\\\/\\\/www.eldiario.net\\\/portal\\\/?s={search_term_string}\"},\"query-input\":{\"@type\":\"PropertyValueSpecification\",\"valueRequired\":true,\"valueName\":\"search_term_string\"}}],\"inLanguage\":\"es\"},{\"@type\":\"Organization\",\"@id\":\"https:\\\/\\\/www.eldiario.net\\\/portal\\\/#organization\",\"name\":\"El Diario - Decano de la prensa nacional\",\"url\":\"https:\\\/\\\/www.eldiario.net\\\/portal\\\/\",\"logo\":{\"@type\":\"ImageObject\",\"inLanguage\":\"es\",\"@id\":\"https:\\\/\\\/www.eldiario.net\\\/portal\\\/#\\\/schema\\\/logo\\\/image\\\/\",\"url\":\"https:\\\/\\\/www.eldiario.net\\\/portal\\\/wp-content\\\/uploads\\\/2023\\\/07\\\/logo_ED.jpg\",\"contentUrl\":\"https:\\\/\\\/www.eldiario.net\\\/portal\\\/wp-content\\\/uploads\\\/2023\\\/07\\\/logo_ED.jpg\",\"width\":272,\"height\":52,\"caption\":\"El Diario - Decano de la prensa nacional\"},\"image\":{\"@id\":\"https:\\\/\\\/www.eldiario.net\\\/portal\\\/#\\\/schema\\\/logo\\\/image\\\/\"},\"sameAs\":[\"https:\\\/\\\/www.facebook.com\\\/eldiario.bolivia\\\/\",\"https:\\\/\\\/x.com\\\/eldiario_net\"]},{\"@type\":\"Person\",\"@id\":\"https:\\\/\\\/www.eldiario.net\\\/portal\\\/#\\\/schema\\\/person\\\/f46445640444750d7d753ccd04ae01b7\",\"name\":\"Jeanette\",\"image\":{\"@type\":\"ImageObject\",\"inLanguage\":\"es\",\"@id\":\"https:\\\/\\\/secure.gravatar.com\\\/avatar\\\/3ea2118a5f7dad2b7138b1187a6b7ee55f160b9968b66013c3a3ef39dd7e5798?s=96&d=mm&r=g\",\"url\":\"https:\\\/\\\/secure.gravatar.com\\\/avatar\\\/3ea2118a5f7dad2b7138b1187a6b7ee55f160b9968b66013c3a3ef39dd7e5798?s=96&d=mm&r=g\",\"contentUrl\":\"https:\\\/\\\/secure.gravatar.com\\\/avatar\\\/3ea2118a5f7dad2b7138b1187a6b7ee55f160b9968b66013c3a3ef39dd7e5798?s=96&d=mm&r=g\",\"caption\":\"Jeanette\"},\"sameAs\":[\"https:\\\/\\\/www.eldiario.net\\\/portal\"],\"url\":\"https:\\\/\\\/www.eldiario.net\\\/portal\\\/author\\\/jeanette\\\/\"}]}<\/script>\n<!-- \/ Yoast SEO plugin. -->","yoast_head_json":{"title":"Cinco consejos para fortalecer el rol del pap\u00e1 - El Diario - Bolivia","robots":{"index":"index","follow":"follow","max-snippet":"max-snippet:-1","max-image-preview":"max-image-preview:large","max-video-preview":"max-video-preview:-1"},"canonical":"https:\/\/www.eldiario.net\/portal\/2022\/03\/30\/cinco-consejos-para-fortalecer-el-rol-del-papa\/","og_locale":"es_ES","og_type":"article","og_title":"Cinco consejos para fortalecer el rol del pap\u00e1 - El Diario - Bolivia","og_description":"La presencia del padre en el desarrollo de los ni\u00f1os marca la diferencia e influye positivamente en el bienestar de ellos. Le llaman paternidad activa, pero \u00bfen qu\u00e9 consiste? Se trata de entender que el pap\u00e1 tiene un rol protag\u00f3nico en la crianza de los hijos. Ya no es solo el \u201cproveedor\u201d, ya no ofrece [&hellip;]","og_url":"https:\/\/www.eldiario.net\/portal\/2022\/03\/30\/cinco-consejos-para-fortalecer-el-rol-del-papa\/","og_site_name":"El Diario - Bolivia","article_publisher":"https:\/\/www.facebook.com\/eldiario.bolivia\/","article_published_time":"2022-03-30T10:26:02+00:00","author":"Jeanette","twitter_card":"summary_large_image","twitter_creator":"@eldiario_net","twitter_site":"@eldiario_net","twitter_misc":{"Escrito por":"Jeanette","Tiempo de lectura":"3 minutos"},"schema":{"@context":"https:\/\/schema.org","@graph":[{"@type":"Article","@id":"https:\/\/www.eldiario.net\/portal\/2022\/03\/30\/cinco-consejos-para-fortalecer-el-rol-del-papa\/#article","isPartOf":{"@id":"https:\/\/www.eldiario.net\/portal\/2022\/03\/30\/cinco-consejos-para-fortalecer-el-rol-del-papa\/"},"author":{"name":"Jeanette","@id":"https:\/\/www.eldiario.net\/portal\/#\/schema\/person\/f46445640444750d7d753ccd04ae01b7"},"headline":"Cinco consejos para fortalecer el rol del pap\u00e1","datePublished":"2022-03-30T10:26:02+00:00","mainEntityOfPage":{"@id":"https:\/\/www.eldiario.net\/portal\/2022\/03\/30\/cinco-consejos-para-fortalecer-el-rol-del-papa\/"},"wordCount":538,"publisher":{"@id":"https:\/\/www.eldiario.net\/portal\/#organization"},"image":{"@id":"https:\/\/www.eldiario.net\/portal\/2022\/03\/30\/cinco-consejos-para-fortalecer-el-rol-del-papa\/#primaryimage"},"thumbnailUrl":"","articleSection":["Femenina"],"inLanguage":"es"},{"@type":"WebPage","@id":"https:\/\/www.eldiario.net\/portal\/2022\/03\/30\/cinco-consejos-para-fortalecer-el-rol-del-papa\/","url":"https:\/\/www.eldiario.net\/portal\/2022\/03\/30\/cinco-consejos-para-fortalecer-el-rol-del-papa\/","name":"Cinco consejos para fortalecer el rol del pap\u00e1 - El Diario - Bolivia","isPartOf":{"@id":"https:\/\/www.eldiario.net\/portal\/#website"},"primaryImageOfPage":{"@id":"https:\/\/www.eldiario.net\/portal\/2022\/03\/30\/cinco-consejos-para-fortalecer-el-rol-del-papa\/#primaryimage"},"image":{"@id":"https:\/\/www.eldiario.net\/portal\/2022\/03\/30\/cinco-consejos-para-fortalecer-el-rol-del-papa\/#primaryimage"},"thumbnailUrl":"","datePublished":"2022-03-30T10:26:02+00:00","breadcrumb":{"@id":"https:\/\/www.eldiario.net\/portal\/2022\/03\/30\/cinco-consejos-para-fortalecer-el-rol-del-papa\/#breadcrumb"},"inLanguage":"es","potentialAction":[{"@type":"ReadAction","target":["https:\/\/www.eldiario.net\/portal\/2022\/03\/30\/cinco-consejos-para-fortalecer-el-rol-del-papa\/"]}]},{"@type":"ImageObject","inLanguage":"es","@id":"https:\/\/www.eldiario.net\/portal\/2022\/03\/30\/cinco-consejos-para-fortalecer-el-rol-del-papa\/#primaryimage","url":"","contentUrl":""},{"@type":"BreadcrumbList","@id":"https:\/\/www.eldiario.net\/portal\/2022\/03\/30\/cinco-consejos-para-fortalecer-el-rol-del-papa\/#breadcrumb","itemListElement":[{"@type":"ListItem","position":1,"name":"Portada","item":"https:\/\/www.eldiario.net\/portal\/"},{"@type":"ListItem","position":2,"name":"Cinco consejos para fortalecer el rol del pap\u00e1"}]},{"@type":"WebSite","@id":"https:\/\/www.eldiario.net\/portal\/#website","url":"https:\/\/www.eldiario.net\/portal\/","name":"El Diario - Decano de la prensa nacional","description":"El Diario - Decano de la prensa nacional","publisher":{"@id":"https:\/\/www.eldiario.net\/portal\/#organization"},"potentialAction":[{"@type":"SearchAction","target":{"@type":"EntryPoint","urlTemplate":"https:\/\/www.eldiario.net\/portal\/?s={search_term_string}"},"query-input":{"@type":"PropertyValueSpecification","valueRequired":true,"valueName":"search_term_string"}}],"inLanguage":"es"},{"@type":"Organization","@id":"https:\/\/www.eldiario.net\/portal\/#organization","name":"El Diario - Decano de la prensa nacional","url":"https:\/\/www.eldiario.net\/portal\/","logo":{"@type":"ImageObject","inLanguage":"es","@id":"https:\/\/www.eldiario.net\/portal\/#\/schema\/logo\/image\/","url":"https:\/\/www.eldiario.net\/portal\/wp-content\/uploads\/2023\/07\/logo_ED.jpg","contentUrl":"https:\/\/www.eldiario.net\/portal\/wp-content\/uploads\/2023\/07\/logo_ED.jpg","width":272,"height":52,"caption":"El Diario - Decano de la prensa nacional"},"image":{"@id":"https:\/\/www.eldiario.net\/portal\/#\/schema\/logo\/image\/"},"sameAs":["https:\/\/www.facebook.com\/eldiario.bolivia\/","https:\/\/x.com\/eldiario_net"]},{"@type":"Person","@id":"https:\/\/www.eldiario.net\/portal\/#\/schema\/person\/f46445640444750d7d753ccd04ae01b7","name":"Jeanette","image":{"@type":"ImageObject","inLanguage":"es","@id":"https:\/\/secure.gravatar.com\/avatar\/3ea2118a5f7dad2b7138b1187a6b7ee55f160b9968b66013c3a3ef39dd7e5798?s=96&d=mm&r=g","url":"https:\/\/secure.gravatar.com\/avatar\/3ea2118a5f7dad2b7138b1187a6b7ee55f160b9968b66013c3a3ef39dd7e5798?s=96&d=mm&r=g","contentUrl":"https:\/\/secure.gravatar.com\/avatar\/3ea2118a5f7dad2b7138b1187a6b7ee55f160b9968b66013c3a3ef39dd7e5798?s=96&d=mm&r=g","caption":"Jeanette"},"sameAs":["https:\/\/www.eldiario.net\/portal"],"url":"https:\/\/www.eldiario.net\/portal\/author\/jeanette\/"}]}},"_links":{"self":[{"href":"https:\/\/www.eldiario.net\/portal\/wp-json\/wp\/v2\/posts\/73208","targetHints":{"allow":["GET"]}}],"collection":[{"href":"https:\/\/www.eldiario.net\/portal\/wp-json\/wp\/v2\/posts"}],"about":[{"href":"https:\/\/www.eldiario.net\/portal\/wp-json\/wp\/v2\/types\/post"}],"author":[{"embeddable":true,"href":"https:\/\/www.eldiario.net\/portal\/wp-json\/wp\/v2\/users\/1"}],"replies":[{"embeddable":true,"href":"https:\/\/www.eldiario.net\/portal\/wp-json\/wp\/v2\/comments?post=73208"}],"version-history":[{"count":0,"href":"https:\/\/www.eldiario.net\/portal\/wp-json\/wp\/v2\/posts\/73208\/revisions"}],"wp:attachment":[{"href":"https:\/\/www.eldiario.net\/portal\/wp-json\/wp\/v2\/media?parent=73208"}],"wp:term":[{"taxonomy":"category","embeddable":true,"href":"https:\/\/www.eldiario.net\/portal\/wp-json\/wp\/v2\/categories?post=73208"},{"taxonomy":"post_tag","embeddable":true,"href":"https:\/\/www.eldiario.net\/portal\/wp-json\/wp\/v2\/tags?post=73208"}],"curies":[{"name":"wp","href":"https:\/\/api.w.org\/{rel}","templated":true}]}}