{"id":73136,"date":"2022-03-30T05:48:54","date_gmt":"2022-03-30T09:48:54","guid":{"rendered":"https:\/\/www.eldiario.net\/portal\/?p=73136"},"modified":"2022-03-30T05:48:54","modified_gmt":"2022-03-30T09:48:54","slug":"confirman-realizacion-de-gran-marcha-por-el-censo","status":"publish","type":"post","link":"https:\/\/www.eldiario.net\/portal\/2022\/03\/30\/confirman-realizacion-de-gran-marcha-por-el-censo\/","title":{"rendered":"Confirman realizaci\u00f3n de  gran marcha por el Censo"},"content":{"rendered":"<p>La asamble\u00edsta departamental, Paola Aguirre, inform\u00f3 a la poblaci\u00f3n que la Asamblea Legislativa Departamental, lanz\u00f3 la convocatoria oficial para que todos los ciudadanos se unan y participen en la gran marcha institucional y ciudadana, que se llevar\u00e1 a cabo hoy desde las 17:00 horas en la plaza del Estudiante.<br \/>\nLa autoridad, como miembro de la Comisi\u00f3n Especial Rumbo al Censo 2022, se\u00f1al\u00f3 que se est\u00e1 pidiendo que este sea transparente y se brinde a cada regi\u00f3n los recursos que le corresponden, adem\u00e1s lament\u00f3 que el Director del Instituto Nacional de Estad\u00edsticas INE, mantenga la postura de no brindar informaci\u00f3n y no hacer part\u00edcipe a las regiones.<br \/>\nAsimismo, inform\u00f3 que en reiteradas oportunidades se enviaron cartas de solicitud de reuni\u00f3n y la repuesta que recibieron fue que revisen la p\u00e1gina del INE, siendo esta actitud una falta de respeto a la institucionalidad cruce\u00f1a y adem\u00e1s que no est\u00e1n cumpliendo con los deberes que le son inherentes a su cargo.<br \/>\nPor otro lado, se refiri\u00f3 a la postura del Movimiento al Socialismo (MAS), de no querer participar de la marcha e indic\u00f3 que ellos no se deben al departamento de Santa Cruz, sino a sus intereses partidarios.<br \/>\nAdem\u00e1s afirm\u00f3 que tampoco quisieron ser parte de la Comisi\u00f3n especial rumbo al Censo 2022 de la ALD, la cual deb\u00eda estar conformada por asamble\u00edstas de las diferentes bancadas mismos que se rehusaron a participar. (Santa Cruz, agencias)<\/p>\n","protected":false},"excerpt":{"rendered":"<p>La asamble\u00edsta departamental, Paola Aguirre, inform\u00f3 a la poblaci\u00f3n que la Asamblea Legislativa Departamental, lanz\u00f3 la convocatoria oficial para que todos los ciudadanos se unan y participen en la gran marcha institucional y ciudadana, que se llevar\u00e1 a cabo hoy desde las 17:00 horas en la plaza del Estudiante. La autoridad, como miembro de la [&hellip;]<\/p>\n","protected":false},"author":1,"featured_media":73137,"comment_status":"closed","ping_status":"closed","sticky":false,"template":"","format":"standard","meta":{"_acf_changed":false,"footnotes":""},"categories":[14],"tags":[],"class_list":["post-73136","post","type-post","status-publish","format-standard","has-post-thumbnail","category-politica"],"acf":{"antetitulo":""},"yoast_head":"<!-- This site is optimized with the Yoast SEO plugin v28.3 - https:\/\/yoast.com\/product\/yoast-seo-wordpress\/ -->\n<title>Confirman realizaci\u00f3n de gran marcha por el Censo - El Diario - Bolivia<\/title>\n<meta name=\"robots\" content=\"index, follow, max-snippet:-1, max-image-preview:large, max-video-preview:-1\" \/>\n<link rel=\"canonical\" href=\"https:\/\/www.eldiario.net\/portal\/2022\/03\/30\/confirman-realizacion-de-gran-marcha-por-el-censo\/\" \/>\n<meta property=\"og:locale\" content=\"es_ES\" \/>\n<meta property=\"og:type\" content=\"article\" \/>\n<meta property=\"og:title\" content=\"Confirman realizaci\u00f3n de gran marcha por el Censo - El Diario - Bolivia\" \/>\n<meta property=\"og:description\" content=\"La asamble\u00edsta departamental, Paola Aguirre, inform\u00f3 a la poblaci\u00f3n que la Asamblea Legislativa Departamental, lanz\u00f3 la convocatoria oficial para que todos los ciudadanos se unan y participen en la gran marcha institucional y ciudadana, que se llevar\u00e1 a cabo hoy desde las 17:00 horas en la plaza del Estudiante. La autoridad, como miembro de la [&hellip;]\" \/>\n<meta property=\"og:url\" content=\"https:\/\/www.eldiario.net\/portal\/2022\/03\/30\/confirman-realizacion-de-gran-marcha-por-el-censo\/\" \/>\n<meta property=\"og:site_name\" content=\"El Diario - Bolivia\" \/>\n<meta property=\"article:publisher\" content=\"https:\/\/www.facebook.com\/eldiario.bolivia\/\" \/>\n<meta property=\"article:published_time\" content=\"2022-03-30T09:48:54+00:00\" \/>\n<meta name=\"author\" content=\"Jeanette\" \/>\n<meta name=\"twitter:card\" content=\"summary_large_image\" \/>\n<meta name=\"twitter:creator\" content=\"@eldiario_net\" \/>\n<meta name=\"twitter:site\" content=\"@eldiario_net\" \/>\n<meta name=\"twitter:label1\" content=\"Escrito por\" \/>\n\t<meta name=\"twitter:data1\" content=\"Jeanette\" \/>\n\t<meta name=\"twitter:label2\" content=\"Tiempo de lectura\" \/>\n\t<meta name=\"twitter:data2\" content=\"2 minutos\" \/>\n<script type=\"application\/ld+json\" class=\"yoast-schema-graph\">{\"@context\":\"https:\\\/\\\/schema.org\",\"@graph\":[{\"@type\":\"Article\",\"@id\":\"https:\\\/\\\/www.eldiario.net\\\/portal\\\/2022\\\/03\\\/30\\\/confirman-realizacion-de-gran-marcha-por-el-censo\\\/#article\",\"isPartOf\":{\"@id\":\"https:\\\/\\\/www.eldiario.net\\\/portal\\\/2022\\\/03\\\/30\\\/confirman-realizacion-de-gran-marcha-por-el-censo\\\/\"},\"author\":{\"name\":\"Jeanette\",\"@id\":\"https:\\\/\\\/www.eldiario.net\\\/portal\\\/#\\\/schema\\\/person\\\/f46445640444750d7d753ccd04ae01b7\"},\"headline\":\"Confirman realizaci\u00f3n de gran marcha por el Censo\",\"datePublished\":\"2022-03-30T09:48:54+00:00\",\"mainEntityOfPage\":{\"@id\":\"https:\\\/\\\/www.eldiario.net\\\/portal\\\/2022\\\/03\\\/30\\\/confirman-realizacion-de-gran-marcha-por-el-censo\\\/\"},\"wordCount\":257,\"publisher\":{\"@id\":\"https:\\\/\\\/www.eldiario.net\\\/portal\\\/#organization\"},\"image\":{\"@id\":\"https:\\\/\\\/www.eldiario.net\\\/portal\\\/2022\\\/03\\\/30\\\/confirman-realizacion-de-gran-marcha-por-el-censo\\\/#primaryimage\"},\"thumbnailUrl\":\"\",\"articleSection\":[\"Pol\u00edtica\"],\"inLanguage\":\"es\"},{\"@type\":\"WebPage\",\"@id\":\"https:\\\/\\\/www.eldiario.net\\\/portal\\\/2022\\\/03\\\/30\\\/confirman-realizacion-de-gran-marcha-por-el-censo\\\/\",\"url\":\"https:\\\/\\\/www.eldiario.net\\\/portal\\\/2022\\\/03\\\/30\\\/confirman-realizacion-de-gran-marcha-por-el-censo\\\/\",\"name\":\"Confirman realizaci\u00f3n de gran marcha por el Censo - El Diario - Bolivia\",\"isPartOf\":{\"@id\":\"https:\\\/\\\/www.eldiario.net\\\/portal\\\/#website\"},\"primaryImageOfPage\":{\"@id\":\"https:\\\/\\\/www.eldiario.net\\\/portal\\\/2022\\\/03\\\/30\\\/confirman-realizacion-de-gran-marcha-por-el-censo\\\/#primaryimage\"},\"image\":{\"@id\":\"https:\\\/\\\/www.eldiario.net\\\/portal\\\/2022\\\/03\\\/30\\\/confirman-realizacion-de-gran-marcha-por-el-censo\\\/#primaryimage\"},\"thumbnailUrl\":\"\",\"datePublished\":\"2022-03-30T09:48:54+00:00\",\"breadcrumb\":{\"@id\":\"https:\\\/\\\/www.eldiario.net\\\/portal\\\/2022\\\/03\\\/30\\\/confirman-realizacion-de-gran-marcha-por-el-censo\\\/#breadcrumb\"},\"inLanguage\":\"es\",\"potentialAction\":[{\"@type\":\"ReadAction\",\"target\":[\"https:\\\/\\\/www.eldiario.net\\\/portal\\\/2022\\\/03\\\/30\\\/confirman-realizacion-de-gran-marcha-por-el-censo\\\/\"]}]},{\"@type\":\"ImageObject\",\"inLanguage\":\"es\",\"@id\":\"https:\\\/\\\/www.eldiario.net\\\/portal\\\/2022\\\/03\\\/30\\\/confirman-realizacion-de-gran-marcha-por-el-censo\\\/#primaryimage\",\"url\":\"\",\"contentUrl\":\"\"},{\"@type\":\"BreadcrumbList\",\"@id\":\"https:\\\/\\\/www.eldiario.net\\\/portal\\\/2022\\\/03\\\/30\\\/confirman-realizacion-de-gran-marcha-por-el-censo\\\/#breadcrumb\",\"itemListElement\":[{\"@type\":\"ListItem\",\"position\":1,\"name\":\"Portada\",\"item\":\"https:\\\/\\\/www.eldiario.net\\\/portal\\\/\"},{\"@type\":\"ListItem\",\"position\":2,\"name\":\"Confirman realizaci\u00f3n de gran marcha por el Censo\"}]},{\"@type\":\"WebSite\",\"@id\":\"https:\\\/\\\/www.eldiario.net\\\/portal\\\/#website\",\"url\":\"https:\\\/\\\/www.eldiario.net\\\/portal\\\/\",\"name\":\"El Diario - Decano de la prensa nacional\",\"description\":\"El Diario - Decano de la prensa nacional\",\"publisher\":{\"@id\":\"https:\\\/\\\/www.eldiario.net\\\/portal\\\/#organization\"},\"potentialAction\":[{\"@type\":\"SearchAction\",\"target\":{\"@type\":\"EntryPoint\",\"urlTemplate\":\"https:\\\/\\\/www.eldiario.net\\\/portal\\\/?s={search_term_string}\"},\"query-input\":{\"@type\":\"PropertyValueSpecification\",\"valueRequired\":true,\"valueName\":\"search_term_string\"}}],\"inLanguage\":\"es\"},{\"@type\":\"Organization\",\"@id\":\"https:\\\/\\\/www.eldiario.net\\\/portal\\\/#organization\",\"name\":\"El Diario - Decano de la prensa nacional\",\"url\":\"https:\\\/\\\/www.eldiario.net\\\/portal\\\/\",\"logo\":{\"@type\":\"ImageObject\",\"inLanguage\":\"es\",\"@id\":\"https:\\\/\\\/www.eldiario.net\\\/portal\\\/#\\\/schema\\\/logo\\\/image\\\/\",\"url\":\"https:\\\/\\\/www.eldiario.net\\\/portal\\\/wp-content\\\/uploads\\\/2023\\\/07\\\/logo_ED.jpg\",\"contentUrl\":\"https:\\\/\\\/www.eldiario.net\\\/portal\\\/wp-content\\\/uploads\\\/2023\\\/07\\\/logo_ED.jpg\",\"width\":272,\"height\":52,\"caption\":\"El Diario - Decano de la prensa nacional\"},\"image\":{\"@id\":\"https:\\\/\\\/www.eldiario.net\\\/portal\\\/#\\\/schema\\\/logo\\\/image\\\/\"},\"sameAs\":[\"https:\\\/\\\/www.facebook.com\\\/eldiario.bolivia\\\/\",\"https:\\\/\\\/x.com\\\/eldiario_net\"]},{\"@type\":\"Person\",\"@id\":\"https:\\\/\\\/www.eldiario.net\\\/portal\\\/#\\\/schema\\\/person\\\/f46445640444750d7d753ccd04ae01b7\",\"name\":\"Jeanette\",\"image\":{\"@type\":\"ImageObject\",\"inLanguage\":\"es\",\"@id\":\"https:\\\/\\\/secure.gravatar.com\\\/avatar\\\/3ea2118a5f7dad2b7138b1187a6b7ee55f160b9968b66013c3a3ef39dd7e5798?s=96&d=mm&r=g\",\"url\":\"https:\\\/\\\/secure.gravatar.com\\\/avatar\\\/3ea2118a5f7dad2b7138b1187a6b7ee55f160b9968b66013c3a3ef39dd7e5798?s=96&d=mm&r=g\",\"contentUrl\":\"https:\\\/\\\/secure.gravatar.com\\\/avatar\\\/3ea2118a5f7dad2b7138b1187a6b7ee55f160b9968b66013c3a3ef39dd7e5798?s=96&d=mm&r=g\",\"caption\":\"Jeanette\"},\"sameAs\":[\"https:\\\/\\\/www.eldiario.net\\\/portal\"],\"url\":\"https:\\\/\\\/www.eldiario.net\\\/portal\\\/author\\\/jeanette\\\/\"}]}<\/script>\n<!-- \/ Yoast SEO plugin. -->","yoast_head_json":{"title":"Confirman realizaci\u00f3n de gran marcha por el Censo - El Diario - Bolivia","robots":{"index":"index","follow":"follow","max-snippet":"max-snippet:-1","max-image-preview":"max-image-preview:large","max-video-preview":"max-video-preview:-1"},"canonical":"https:\/\/www.eldiario.net\/portal\/2022\/03\/30\/confirman-realizacion-de-gran-marcha-por-el-censo\/","og_locale":"es_ES","og_type":"article","og_title":"Confirman realizaci\u00f3n de gran marcha por el Censo - El Diario - Bolivia","og_description":"La asamble\u00edsta departamental, Paola Aguirre, inform\u00f3 a la poblaci\u00f3n que la Asamblea Legislativa Departamental, lanz\u00f3 la convocatoria oficial para que todos los ciudadanos se unan y participen en la gran marcha institucional y ciudadana, que se llevar\u00e1 a cabo hoy desde las 17:00 horas en la plaza del Estudiante. La autoridad, como miembro de la [&hellip;]","og_url":"https:\/\/www.eldiario.net\/portal\/2022\/03\/30\/confirman-realizacion-de-gran-marcha-por-el-censo\/","og_site_name":"El Diario - Bolivia","article_publisher":"https:\/\/www.facebook.com\/eldiario.bolivia\/","article_published_time":"2022-03-30T09:48:54+00:00","author":"Jeanette","twitter_card":"summary_large_image","twitter_creator":"@eldiario_net","twitter_site":"@eldiario_net","twitter_misc":{"Escrito por":"Jeanette","Tiempo de lectura":"2 minutos"},"schema":{"@context":"https:\/\/schema.org","@graph":[{"@type":"Article","@id":"https:\/\/www.eldiario.net\/portal\/2022\/03\/30\/confirman-realizacion-de-gran-marcha-por-el-censo\/#article","isPartOf":{"@id":"https:\/\/www.eldiario.net\/portal\/2022\/03\/30\/confirman-realizacion-de-gran-marcha-por-el-censo\/"},"author":{"name":"Jeanette","@id":"https:\/\/www.eldiario.net\/portal\/#\/schema\/person\/f46445640444750d7d753ccd04ae01b7"},"headline":"Confirman realizaci\u00f3n de gran marcha por el Censo","datePublished":"2022-03-30T09:48:54+00:00","mainEntityOfPage":{"@id":"https:\/\/www.eldiario.net\/portal\/2022\/03\/30\/confirman-realizacion-de-gran-marcha-por-el-censo\/"},"wordCount":257,"publisher":{"@id":"https:\/\/www.eldiario.net\/portal\/#organization"},"image":{"@id":"https:\/\/www.eldiario.net\/portal\/2022\/03\/30\/confirman-realizacion-de-gran-marcha-por-el-censo\/#primaryimage"},"thumbnailUrl":"","articleSection":["Pol\u00edtica"],"inLanguage":"es"},{"@type":"WebPage","@id":"https:\/\/www.eldiario.net\/portal\/2022\/03\/30\/confirman-realizacion-de-gran-marcha-por-el-censo\/","url":"https:\/\/www.eldiario.net\/portal\/2022\/03\/30\/confirman-realizacion-de-gran-marcha-por-el-censo\/","name":"Confirman realizaci\u00f3n de gran marcha por el Censo - El Diario - Bolivia","isPartOf":{"@id":"https:\/\/www.eldiario.net\/portal\/#website"},"primaryImageOfPage":{"@id":"https:\/\/www.eldiario.net\/portal\/2022\/03\/30\/confirman-realizacion-de-gran-marcha-por-el-censo\/#primaryimage"},"image":{"@id":"https:\/\/www.eldiario.net\/portal\/2022\/03\/30\/confirman-realizacion-de-gran-marcha-por-el-censo\/#primaryimage"},"thumbnailUrl":"","datePublished":"2022-03-30T09:48:54+00:00","breadcrumb":{"@id":"https:\/\/www.eldiario.net\/portal\/2022\/03\/30\/confirman-realizacion-de-gran-marcha-por-el-censo\/#breadcrumb"},"inLanguage":"es","potentialAction":[{"@type":"ReadAction","target":["https:\/\/www.eldiario.net\/portal\/2022\/03\/30\/confirman-realizacion-de-gran-marcha-por-el-censo\/"]}]},{"@type":"ImageObject","inLanguage":"es","@id":"https:\/\/www.eldiario.net\/portal\/2022\/03\/30\/confirman-realizacion-de-gran-marcha-por-el-censo\/#primaryimage","url":"","contentUrl":""},{"@type":"BreadcrumbList","@id":"https:\/\/www.eldiario.net\/portal\/2022\/03\/30\/confirman-realizacion-de-gran-marcha-por-el-censo\/#breadcrumb","itemListElement":[{"@type":"ListItem","position":1,"name":"Portada","item":"https:\/\/www.eldiario.net\/portal\/"},{"@type":"ListItem","position":2,"name":"Confirman realizaci\u00f3n de gran marcha por el Censo"}]},{"@type":"WebSite","@id":"https:\/\/www.eldiario.net\/portal\/#website","url":"https:\/\/www.eldiario.net\/portal\/","name":"El Diario - Decano de la prensa nacional","description":"El Diario - Decano de la prensa nacional","publisher":{"@id":"https:\/\/www.eldiario.net\/portal\/#organization"},"potentialAction":[{"@type":"SearchAction","target":{"@type":"EntryPoint","urlTemplate":"https:\/\/www.eldiario.net\/portal\/?s={search_term_string}"},"query-input":{"@type":"PropertyValueSpecification","valueRequired":true,"valueName":"search_term_string"}}],"inLanguage":"es"},{"@type":"Organization","@id":"https:\/\/www.eldiario.net\/portal\/#organization","name":"El Diario - Decano de la prensa nacional","url":"https:\/\/www.eldiario.net\/portal\/","logo":{"@type":"ImageObject","inLanguage":"es","@id":"https:\/\/www.eldiario.net\/portal\/#\/schema\/logo\/image\/","url":"https:\/\/www.eldiario.net\/portal\/wp-content\/uploads\/2023\/07\/logo_ED.jpg","contentUrl":"https:\/\/www.eldiario.net\/portal\/wp-content\/uploads\/2023\/07\/logo_ED.jpg","width":272,"height":52,"caption":"El Diario - Decano de la prensa nacional"},"image":{"@id":"https:\/\/www.eldiario.net\/portal\/#\/schema\/logo\/image\/"},"sameAs":["https:\/\/www.facebook.com\/eldiario.bolivia\/","https:\/\/x.com\/eldiario_net"]},{"@type":"Person","@id":"https:\/\/www.eldiario.net\/portal\/#\/schema\/person\/f46445640444750d7d753ccd04ae01b7","name":"Jeanette","image":{"@type":"ImageObject","inLanguage":"es","@id":"https:\/\/secure.gravatar.com\/avatar\/3ea2118a5f7dad2b7138b1187a6b7ee55f160b9968b66013c3a3ef39dd7e5798?s=96&d=mm&r=g","url":"https:\/\/secure.gravatar.com\/avatar\/3ea2118a5f7dad2b7138b1187a6b7ee55f160b9968b66013c3a3ef39dd7e5798?s=96&d=mm&r=g","contentUrl":"https:\/\/secure.gravatar.com\/avatar\/3ea2118a5f7dad2b7138b1187a6b7ee55f160b9968b66013c3a3ef39dd7e5798?s=96&d=mm&r=g","caption":"Jeanette"},"sameAs":["https:\/\/www.eldiario.net\/portal"],"url":"https:\/\/www.eldiario.net\/portal\/author\/jeanette\/"}]}},"_links":{"self":[{"href":"https:\/\/www.eldiario.net\/portal\/wp-json\/wp\/v2\/posts\/73136","targetHints":{"allow":["GET"]}}],"collection":[{"href":"https:\/\/www.eldiario.net\/portal\/wp-json\/wp\/v2\/posts"}],"about":[{"href":"https:\/\/www.eldiario.net\/portal\/wp-json\/wp\/v2\/types\/post"}],"author":[{"embeddable":true,"href":"https:\/\/www.eldiario.net\/portal\/wp-json\/wp\/v2\/users\/1"}],"replies":[{"embeddable":true,"href":"https:\/\/www.eldiario.net\/portal\/wp-json\/wp\/v2\/comments?post=73136"}],"version-history":[{"count":0,"href":"https:\/\/www.eldiario.net\/portal\/wp-json\/wp\/v2\/posts\/73136\/revisions"}],"wp:attachment":[{"href":"https:\/\/www.eldiario.net\/portal\/wp-json\/wp\/v2\/media?parent=73136"}],"wp:term":[{"taxonomy":"category","embeddable":true,"href":"https:\/\/www.eldiario.net\/portal\/wp-json\/wp\/v2\/categories?post=73136"},{"taxonomy":"post_tag","embeddable":true,"href":"https:\/\/www.eldiario.net\/portal\/wp-json\/wp\/v2\/tags?post=73136"}],"curies":[{"name":"wp","href":"https:\/\/api.w.org\/{rel}","templated":true}]}}