{"id":73134,"date":"2022-03-30T05:48:13","date_gmt":"2022-03-30T09:48:13","guid":{"rendered":"https:\/\/www.eldiario.net\/portal\/?p=73134"},"modified":"2022-03-30T05:48:13","modified_gmt":"2022-03-30T09:48:13","slug":"partido-gobernante-debe-reconstruir-su-equilibrio","status":"publish","type":"post","link":"https:\/\/www.eldiario.net\/portal\/2022\/03\/30\/partido-gobernante-debe-reconstruir-su-equilibrio\/","title":{"rendered":"Partido gobernante debe reconstruir su equilibrio"},"content":{"rendered":"<p>El economista y analista pol\u00edtico, Armando Ortu\u00f1o, asegur\u00f3 este martes que el Movimiento al Socialismo (MAS) debe llegar a un acuerdo y reconstruir su equilibrio para buscar la unidad. El partido azul cumpli\u00f3 27 a\u00f1os y lleg\u00f3 a su celebraci\u00f3n de forma dividida entre los l\u00edderes del pasado y los que piden renovaci\u00f3n.<br \/>\nOrtu\u00f1o indic\u00f3 que lo que ocurre en el interior del MAS no es una crisis y plantea en que \u201cdebe replantear gobernanza interna\u201d, un mecanismo tripartito para coordinar el trabajo entre el partido, organizaciones sociales y Gobierno.<br \/>\n\u201cHay que volver replantear c\u00f3mo tomas decisiones, c\u00f3mo coordinas un proyecto conjunto es la discusi\u00f3n en este momento. En medio de la tensi\u00f3n, hay divisiones, por supuesto (\u2026) hay que reconstru\u00edan equilibrio entre el partido, el Presidente y los representantes, se ponen de acuerdo y llevan el poder de una manera coordinada\u201d, indic\u00f3 el analista pol\u00edtico en declaraciones a Urgente.bo.<br \/>\nPara Ortu\u00f1o, el MAS tiene un legado hist\u00f3rico, super\u00f3 la crisis del 2019 y contin\u00faa siendo \u201cun pilar central de la pol\u00edtica boliviana\u201d, pero eso no deja de lado de que debe redefinir su orientaci\u00f3n pol\u00edtica y debe resolver su esquema, la dilaci\u00f3n entre el jefe del partido que es Evo Morales y el presidente Luis Arce, adem\u00e1s de c\u00f3mo se renueva.<br \/>\n\u201cM\u00e1s all\u00e1 de las tensiones, el MAS sigue siendo un aparato de poder y Gobierno, entonces, al final, debe encontrar un equilibrio\u201d, recalc\u00f3.<br \/>\nA su vez, el analista indic\u00f3 si el partido azul busca una candidatura para las elecciones generales, lo que debe hacer antes es establecer una concertaci\u00f3n\u201d. \u201cHay un Movimiento al Socialismo con m\u00e1s actores de poder, liderazgos que est\u00e1n ante la opini\u00f3n p\u00fablica, por lo tanto, el juego es m\u00e1s abierto al 2025\u201d, sostuvo. (Urgente.bo)<\/p>\n","protected":false},"excerpt":{"rendered":"<p>El economista y analista pol\u00edtico, Armando Ortu\u00f1o, asegur\u00f3 este martes que el Movimiento al Socialismo (MAS) debe llegar a un acuerdo y reconstruir su equilibrio para buscar la unidad. El partido azul cumpli\u00f3 27 a\u00f1os y lleg\u00f3 a su celebraci\u00f3n de forma dividida entre los l\u00edderes del pasado y los que piden renovaci\u00f3n. Ortu\u00f1o indic\u00f3 [&hellip;]<\/p>\n","protected":false},"author":1,"featured_media":0,"comment_status":"closed","ping_status":"closed","sticky":false,"template":"","format":"standard","meta":{"_acf_changed":false,"footnotes":""},"categories":[14],"tags":[],"class_list":["post-73134","post","type-post","status-publish","format-standard","category-politica"],"acf":{"antetitulo":""},"yoast_head":"<!-- This site is optimized with the Yoast SEO plugin v28.3 - https:\/\/yoast.com\/product\/yoast-seo-wordpress\/ -->\n<title>Partido gobernante debe reconstruir su equilibrio - El Diario - Bolivia<\/title>\n<meta name=\"robots\" content=\"index, follow, max-snippet:-1, max-image-preview:large, max-video-preview:-1\" \/>\n<link rel=\"canonical\" href=\"https:\/\/www.eldiario.net\/portal\/2022\/03\/30\/partido-gobernante-debe-reconstruir-su-equilibrio\/\" \/>\n<meta property=\"og:locale\" content=\"es_ES\" \/>\n<meta property=\"og:type\" content=\"article\" \/>\n<meta property=\"og:title\" content=\"Partido gobernante debe reconstruir su equilibrio - El Diario - Bolivia\" \/>\n<meta property=\"og:description\" content=\"El economista y analista pol\u00edtico, Armando Ortu\u00f1o, asegur\u00f3 este martes que el Movimiento al Socialismo (MAS) debe llegar a un acuerdo y reconstruir su equilibrio para buscar la unidad. El partido azul cumpli\u00f3 27 a\u00f1os y lleg\u00f3 a su celebraci\u00f3n de forma dividida entre los l\u00edderes del pasado y los que piden renovaci\u00f3n. Ortu\u00f1o indic\u00f3 [&hellip;]\" \/>\n<meta property=\"og:url\" content=\"https:\/\/www.eldiario.net\/portal\/2022\/03\/30\/partido-gobernante-debe-reconstruir-su-equilibrio\/\" \/>\n<meta property=\"og:site_name\" content=\"El Diario - Bolivia\" \/>\n<meta property=\"article:publisher\" content=\"https:\/\/www.facebook.com\/eldiario.bolivia\/\" \/>\n<meta property=\"article:published_time\" content=\"2022-03-30T09:48:13+00:00\" \/>\n<meta name=\"author\" content=\"Jeanette\" \/>\n<meta name=\"twitter:card\" content=\"summary_large_image\" \/>\n<meta name=\"twitter:creator\" content=\"@eldiario_net\" \/>\n<meta name=\"twitter:site\" content=\"@eldiario_net\" \/>\n<meta name=\"twitter:label1\" content=\"Escrito por\" \/>\n\t<meta name=\"twitter:data1\" content=\"Jeanette\" \/>\n\t<meta name=\"twitter:label2\" content=\"Tiempo de lectura\" \/>\n\t<meta name=\"twitter:data2\" content=\"2 minutos\" \/>\n<script type=\"application\/ld+json\" class=\"yoast-schema-graph\">{\"@context\":\"https:\\\/\\\/schema.org\",\"@graph\":[{\"@type\":\"Article\",\"@id\":\"https:\\\/\\\/www.eldiario.net\\\/portal\\\/2022\\\/03\\\/30\\\/partido-gobernante-debe-reconstruir-su-equilibrio\\\/#article\",\"isPartOf\":{\"@id\":\"https:\\\/\\\/www.eldiario.net\\\/portal\\\/2022\\\/03\\\/30\\\/partido-gobernante-debe-reconstruir-su-equilibrio\\\/\"},\"author\":{\"name\":\"Jeanette\",\"@id\":\"https:\\\/\\\/www.eldiario.net\\\/portal\\\/#\\\/schema\\\/person\\\/f46445640444750d7d753ccd04ae01b7\"},\"headline\":\"Partido gobernante debe reconstruir su equilibrio\",\"datePublished\":\"2022-03-30T09:48:13+00:00\",\"mainEntityOfPage\":{\"@id\":\"https:\\\/\\\/www.eldiario.net\\\/portal\\\/2022\\\/03\\\/30\\\/partido-gobernante-debe-reconstruir-su-equilibrio\\\/\"},\"wordCount\":323,\"publisher\":{\"@id\":\"https:\\\/\\\/www.eldiario.net\\\/portal\\\/#organization\"},\"articleSection\":[\"Pol\u00edtica\"],\"inLanguage\":\"es\"},{\"@type\":\"WebPage\",\"@id\":\"https:\\\/\\\/www.eldiario.net\\\/portal\\\/2022\\\/03\\\/30\\\/partido-gobernante-debe-reconstruir-su-equilibrio\\\/\",\"url\":\"https:\\\/\\\/www.eldiario.net\\\/portal\\\/2022\\\/03\\\/30\\\/partido-gobernante-debe-reconstruir-su-equilibrio\\\/\",\"name\":\"Partido gobernante debe reconstruir su equilibrio - El Diario - Bolivia\",\"isPartOf\":{\"@id\":\"https:\\\/\\\/www.eldiario.net\\\/portal\\\/#website\"},\"datePublished\":\"2022-03-30T09:48:13+00:00\",\"breadcrumb\":{\"@id\":\"https:\\\/\\\/www.eldiario.net\\\/portal\\\/2022\\\/03\\\/30\\\/partido-gobernante-debe-reconstruir-su-equilibrio\\\/#breadcrumb\"},\"inLanguage\":\"es\",\"potentialAction\":[{\"@type\":\"ReadAction\",\"target\":[\"https:\\\/\\\/www.eldiario.net\\\/portal\\\/2022\\\/03\\\/30\\\/partido-gobernante-debe-reconstruir-su-equilibrio\\\/\"]}]},{\"@type\":\"BreadcrumbList\",\"@id\":\"https:\\\/\\\/www.eldiario.net\\\/portal\\\/2022\\\/03\\\/30\\\/partido-gobernante-debe-reconstruir-su-equilibrio\\\/#breadcrumb\",\"itemListElement\":[{\"@type\":\"ListItem\",\"position\":1,\"name\":\"Portada\",\"item\":\"https:\\\/\\\/www.eldiario.net\\\/portal\\\/\"},{\"@type\":\"ListItem\",\"position\":2,\"name\":\"Partido gobernante debe reconstruir su equilibrio\"}]},{\"@type\":\"WebSite\",\"@id\":\"https:\\\/\\\/www.eldiario.net\\\/portal\\\/#website\",\"url\":\"https:\\\/\\\/www.eldiario.net\\\/portal\\\/\",\"name\":\"El Diario - Decano de la prensa nacional\",\"description\":\"El Diario - Decano de la prensa nacional\",\"publisher\":{\"@id\":\"https:\\\/\\\/www.eldiario.net\\\/portal\\\/#organization\"},\"potentialAction\":[{\"@type\":\"SearchAction\",\"target\":{\"@type\":\"EntryPoint\",\"urlTemplate\":\"https:\\\/\\\/www.eldiario.net\\\/portal\\\/?s={search_term_string}\"},\"query-input\":{\"@type\":\"PropertyValueSpecification\",\"valueRequired\":true,\"valueName\":\"search_term_string\"}}],\"inLanguage\":\"es\"},{\"@type\":\"Organization\",\"@id\":\"https:\\\/\\\/www.eldiario.net\\\/portal\\\/#organization\",\"name\":\"El Diario - Decano de la prensa nacional\",\"url\":\"https:\\\/\\\/www.eldiario.net\\\/portal\\\/\",\"logo\":{\"@type\":\"ImageObject\",\"inLanguage\":\"es\",\"@id\":\"https:\\\/\\\/www.eldiario.net\\\/portal\\\/#\\\/schema\\\/logo\\\/image\\\/\",\"url\":\"https:\\\/\\\/www.eldiario.net\\\/portal\\\/wp-content\\\/uploads\\\/2023\\\/07\\\/logo_ED.jpg\",\"contentUrl\":\"https:\\\/\\\/www.eldiario.net\\\/portal\\\/wp-content\\\/uploads\\\/2023\\\/07\\\/logo_ED.jpg\",\"width\":272,\"height\":52,\"caption\":\"El Diario - Decano de la prensa nacional\"},\"image\":{\"@id\":\"https:\\\/\\\/www.eldiario.net\\\/portal\\\/#\\\/schema\\\/logo\\\/image\\\/\"},\"sameAs\":[\"https:\\\/\\\/www.facebook.com\\\/eldiario.bolivia\\\/\",\"https:\\\/\\\/x.com\\\/eldiario_net\"]},{\"@type\":\"Person\",\"@id\":\"https:\\\/\\\/www.eldiario.net\\\/portal\\\/#\\\/schema\\\/person\\\/f46445640444750d7d753ccd04ae01b7\",\"name\":\"Jeanette\",\"image\":{\"@type\":\"ImageObject\",\"inLanguage\":\"es\",\"@id\":\"https:\\\/\\\/secure.gravatar.com\\\/avatar\\\/3ea2118a5f7dad2b7138b1187a6b7ee55f160b9968b66013c3a3ef39dd7e5798?s=96&d=mm&r=g\",\"url\":\"https:\\\/\\\/secure.gravatar.com\\\/avatar\\\/3ea2118a5f7dad2b7138b1187a6b7ee55f160b9968b66013c3a3ef39dd7e5798?s=96&d=mm&r=g\",\"contentUrl\":\"https:\\\/\\\/secure.gravatar.com\\\/avatar\\\/3ea2118a5f7dad2b7138b1187a6b7ee55f160b9968b66013c3a3ef39dd7e5798?s=96&d=mm&r=g\",\"caption\":\"Jeanette\"},\"sameAs\":[\"https:\\\/\\\/www.eldiario.net\\\/portal\"],\"url\":\"https:\\\/\\\/www.eldiario.net\\\/portal\\\/author\\\/jeanette\\\/\"}]}<\/script>\n<!-- \/ Yoast SEO plugin. -->","yoast_head_json":{"title":"Partido gobernante debe reconstruir su equilibrio - El Diario - Bolivia","robots":{"index":"index","follow":"follow","max-snippet":"max-snippet:-1","max-image-preview":"max-image-preview:large","max-video-preview":"max-video-preview:-1"},"canonical":"https:\/\/www.eldiario.net\/portal\/2022\/03\/30\/partido-gobernante-debe-reconstruir-su-equilibrio\/","og_locale":"es_ES","og_type":"article","og_title":"Partido gobernante debe reconstruir su equilibrio - El Diario - Bolivia","og_description":"El economista y analista pol\u00edtico, Armando Ortu\u00f1o, asegur\u00f3 este martes que el Movimiento al Socialismo (MAS) debe llegar a un acuerdo y reconstruir su equilibrio para buscar la unidad. El partido azul cumpli\u00f3 27 a\u00f1os y lleg\u00f3 a su celebraci\u00f3n de forma dividida entre los l\u00edderes del pasado y los que piden renovaci\u00f3n. Ortu\u00f1o indic\u00f3 [&hellip;]","og_url":"https:\/\/www.eldiario.net\/portal\/2022\/03\/30\/partido-gobernante-debe-reconstruir-su-equilibrio\/","og_site_name":"El Diario - Bolivia","article_publisher":"https:\/\/www.facebook.com\/eldiario.bolivia\/","article_published_time":"2022-03-30T09:48:13+00:00","author":"Jeanette","twitter_card":"summary_large_image","twitter_creator":"@eldiario_net","twitter_site":"@eldiario_net","twitter_misc":{"Escrito por":"Jeanette","Tiempo de lectura":"2 minutos"},"schema":{"@context":"https:\/\/schema.org","@graph":[{"@type":"Article","@id":"https:\/\/www.eldiario.net\/portal\/2022\/03\/30\/partido-gobernante-debe-reconstruir-su-equilibrio\/#article","isPartOf":{"@id":"https:\/\/www.eldiario.net\/portal\/2022\/03\/30\/partido-gobernante-debe-reconstruir-su-equilibrio\/"},"author":{"name":"Jeanette","@id":"https:\/\/www.eldiario.net\/portal\/#\/schema\/person\/f46445640444750d7d753ccd04ae01b7"},"headline":"Partido gobernante debe reconstruir su equilibrio","datePublished":"2022-03-30T09:48:13+00:00","mainEntityOfPage":{"@id":"https:\/\/www.eldiario.net\/portal\/2022\/03\/30\/partido-gobernante-debe-reconstruir-su-equilibrio\/"},"wordCount":323,"publisher":{"@id":"https:\/\/www.eldiario.net\/portal\/#organization"},"articleSection":["Pol\u00edtica"],"inLanguage":"es"},{"@type":"WebPage","@id":"https:\/\/www.eldiario.net\/portal\/2022\/03\/30\/partido-gobernante-debe-reconstruir-su-equilibrio\/","url":"https:\/\/www.eldiario.net\/portal\/2022\/03\/30\/partido-gobernante-debe-reconstruir-su-equilibrio\/","name":"Partido gobernante debe reconstruir su equilibrio - El Diario - Bolivia","isPartOf":{"@id":"https:\/\/www.eldiario.net\/portal\/#website"},"datePublished":"2022-03-30T09:48:13+00:00","breadcrumb":{"@id":"https:\/\/www.eldiario.net\/portal\/2022\/03\/30\/partido-gobernante-debe-reconstruir-su-equilibrio\/#breadcrumb"},"inLanguage":"es","potentialAction":[{"@type":"ReadAction","target":["https:\/\/www.eldiario.net\/portal\/2022\/03\/30\/partido-gobernante-debe-reconstruir-su-equilibrio\/"]}]},{"@type":"BreadcrumbList","@id":"https:\/\/www.eldiario.net\/portal\/2022\/03\/30\/partido-gobernante-debe-reconstruir-su-equilibrio\/#breadcrumb","itemListElement":[{"@type":"ListItem","position":1,"name":"Portada","item":"https:\/\/www.eldiario.net\/portal\/"},{"@type":"ListItem","position":2,"name":"Partido gobernante debe reconstruir su equilibrio"}]},{"@type":"WebSite","@id":"https:\/\/www.eldiario.net\/portal\/#website","url":"https:\/\/www.eldiario.net\/portal\/","name":"El Diario - Decano de la prensa nacional","description":"El Diario - Decano de la prensa nacional","publisher":{"@id":"https:\/\/www.eldiario.net\/portal\/#organization"},"potentialAction":[{"@type":"SearchAction","target":{"@type":"EntryPoint","urlTemplate":"https:\/\/www.eldiario.net\/portal\/?s={search_term_string}"},"query-input":{"@type":"PropertyValueSpecification","valueRequired":true,"valueName":"search_term_string"}}],"inLanguage":"es"},{"@type":"Organization","@id":"https:\/\/www.eldiario.net\/portal\/#organization","name":"El Diario - Decano de la prensa nacional","url":"https:\/\/www.eldiario.net\/portal\/","logo":{"@type":"ImageObject","inLanguage":"es","@id":"https:\/\/www.eldiario.net\/portal\/#\/schema\/logo\/image\/","url":"https:\/\/www.eldiario.net\/portal\/wp-content\/uploads\/2023\/07\/logo_ED.jpg","contentUrl":"https:\/\/www.eldiario.net\/portal\/wp-content\/uploads\/2023\/07\/logo_ED.jpg","width":272,"height":52,"caption":"El Diario - Decano de la prensa nacional"},"image":{"@id":"https:\/\/www.eldiario.net\/portal\/#\/schema\/logo\/image\/"},"sameAs":["https:\/\/www.facebook.com\/eldiario.bolivia\/","https:\/\/x.com\/eldiario_net"]},{"@type":"Person","@id":"https:\/\/www.eldiario.net\/portal\/#\/schema\/person\/f46445640444750d7d753ccd04ae01b7","name":"Jeanette","image":{"@type":"ImageObject","inLanguage":"es","@id":"https:\/\/secure.gravatar.com\/avatar\/3ea2118a5f7dad2b7138b1187a6b7ee55f160b9968b66013c3a3ef39dd7e5798?s=96&d=mm&r=g","url":"https:\/\/secure.gravatar.com\/avatar\/3ea2118a5f7dad2b7138b1187a6b7ee55f160b9968b66013c3a3ef39dd7e5798?s=96&d=mm&r=g","contentUrl":"https:\/\/secure.gravatar.com\/avatar\/3ea2118a5f7dad2b7138b1187a6b7ee55f160b9968b66013c3a3ef39dd7e5798?s=96&d=mm&r=g","caption":"Jeanette"},"sameAs":["https:\/\/www.eldiario.net\/portal"],"url":"https:\/\/www.eldiario.net\/portal\/author\/jeanette\/"}]}},"_links":{"self":[{"href":"https:\/\/www.eldiario.net\/portal\/wp-json\/wp\/v2\/posts\/73134","targetHints":{"allow":["GET"]}}],"collection":[{"href":"https:\/\/www.eldiario.net\/portal\/wp-json\/wp\/v2\/posts"}],"about":[{"href":"https:\/\/www.eldiario.net\/portal\/wp-json\/wp\/v2\/types\/post"}],"author":[{"embeddable":true,"href":"https:\/\/www.eldiario.net\/portal\/wp-json\/wp\/v2\/users\/1"}],"replies":[{"embeddable":true,"href":"https:\/\/www.eldiario.net\/portal\/wp-json\/wp\/v2\/comments?post=73134"}],"version-history":[{"count":0,"href":"https:\/\/www.eldiario.net\/portal\/wp-json\/wp\/v2\/posts\/73134\/revisions"}],"wp:attachment":[{"href":"https:\/\/www.eldiario.net\/portal\/wp-json\/wp\/v2\/media?parent=73134"}],"wp:term":[{"taxonomy":"category","embeddable":true,"href":"https:\/\/www.eldiario.net\/portal\/wp-json\/wp\/v2\/categories?post=73134"},{"taxonomy":"post_tag","embeddable":true,"href":"https:\/\/www.eldiario.net\/portal\/wp-json\/wp\/v2\/tags?post=73134"}],"curies":[{"name":"wp","href":"https:\/\/api.w.org\/{rel}","templated":true}]}}