{"id":72930,"date":"2022-03-29T06:03:42","date_gmt":"2022-03-29T10:03:42","guid":{"rendered":"https:\/\/www.eldiario.net\/portal\/?p=72930"},"modified":"2022-03-29T06:03:42","modified_gmt":"2022-03-29T10:03:42","slug":"la-relacion-salud-emociones-realidad-o-ficcion-las-alergias-2","status":"publish","type":"post","link":"https:\/\/www.eldiario.net\/portal\/2022\/03\/29\/la-relacion-salud-emociones-realidad-o-ficcion-las-alergias-2\/","title":{"rendered":"La relaci\u00f3n Salud &#8211; Emociones \u00bfrealidad o ficci\u00f3n? Las alergias"},"content":{"rendered":"<p><strong>Autor: Grupo Editor<\/strong><\/p>\n<p>&nbsp;<\/p>\n<p>En esta ocasi\u00f3n presentamos un art\u00edculo publicado por el especialista en homeopat\u00eda, el Dr. \u00c1ngel Roig Alabart el 3 de enero de 2018 en la p\u00e1gina de TopDoctors Espa\u00f1a (https:\/\/www.topdoctors.es\/)<\/p>\n<p>&nbsp;<\/p>\n<p>Este art\u00edculo plasma de forma pertinente y clara la relaci\u00f3n de las emociones o la forma de manejarlas de cada persona y las alergias, sin quitar o desvalorizar la importancia m\u00e9dica-biol\u00f3gica que tiene este problema de salud.<\/p>\n<p>&nbsp;<\/p>\n<p><strong>La relaci\u00f3n entre estado emocional y alergias<\/strong><\/p>\n<p><strong>Escrito por:\u00a0Dr. \u00c1ngel Roig Alabart<\/strong><\/p>\n<p>&nbsp;<\/p>\n<p>La alergia es un concepto muy presente en nuestras vidas, quiz\u00e1s debido a la frecuencia de sus manifestaciones. Este art\u00edculo es una aproximaci\u00f3n a su naturaleza y causas m\u00e1s frecuentes, as\u00ed como aclarar algunos conceptos que creo err\u00f3neos respecto a ella.<\/p>\n<p>&nbsp;<\/p>\n<p>La palabra alergia tiene su origen en dos palabras griegas: \u201cA el\u00f3s\u201d que quiere decir diferente o contrario y \u201cergon\u201d que significa movimiento, sentido ning\u00fan donde se mueve una cosa. Por lo tanto pueden decir que alergia quiere decir \u201cMovimiento diferente y\/o contrario a la normalidad\u201d. En el caso de la alergia que conocemos, este movimiento acostumbra a ser por exceso (hiper-*ergia) y no por defecto (hipo-*ergia).<\/p>\n<p>&nbsp;<\/p>\n<p>Podemos definirla como un estado de hipersensibilidad provocado por diferentes factores, y que afecta tanto a la esfera emocional como la f\u00edsica, siendo a trav\u00e9s de las manifestaciones f\u00edsicas que se alcanza el diagn\u00f3stico y se concretan habitualmente en reacciones de la piel y el aparato respiratorio y digestivo. Los \u00faltimos adelantos sobre los mecanismos m\u00e1s \u00edntimos de la alergia apuntan a una hiperreactividad del Sistema Inmunitario (SI). Parece ser que determinadas sustancias propias del SI se encuentran en grandes cantidades y muy activas en los tejidos que presentan las reacciones que denominamos al\u00e9rgicas. Tambi\u00e9n se encuentra en grandes cantidades una sustancia que fabrica el cuerpo llamada Histamina como consecuencia de este exceso de actividad inmunitaria.<\/p>\n<p>&nbsp;<\/p>\n<p><strong>Factores que provocan las alergias<\/strong><\/p>\n<p>&nbsp;<\/p>\n<p>Las reacciones al\u00e9rgicas se producen por la suma de varios factores. En primer lugar, est\u00e1 la predisposici\u00f3n hereditaria. Las alergias se observan en personas en las que encontraremos antecedentes familiares enfermedades determinadas como Migra\u00f1as, tendencia a procesos respiratorios, intolerancias digestivas y, en algunos casos,\u00a0Tuberculosis.<\/p>\n<p>&nbsp;<\/p>\n<p>En segundo lugar, y como causa m\u00e1s inmediata, hay que observar el car\u00e1cter y forma de afrontar la vida de cada individuo (personalidad) que influir\u00e1n de forma determinante la vivencia de los retos de la vida, cambios, traumas, estr\u00e9s, problemas familiares, de relaci\u00f3n, laborales o escolares que le tienen que provocar alteraciones de tipo emocional.<\/p>\n<p>&nbsp;<\/p>\n<p>La Inmunolog\u00eda ya ha podido determinar la relaci\u00f3n directa entre las alteraciones emocionales y las del Sistema Inmunitario (SI). Para que estos fen\u00f3menos se produzcan, hay que tener unos terrenos sensibles que solo tendr\u00e1n los individuos de unas determinadas personalidades. Por lo tanto la causa siempre es la persona.<\/p>\n<p>&nbsp;<\/p>\n<p>En estos procesos encontramos factores ambientales como la presencia de sustancias que se denominan alerg\u00e9nicas y que pueden ser los que desencadenen una crisis; factores externos o a\u00f1adidos entre los cuales encontraremos la alimentaci\u00f3n, las medicaciones qu\u00edmicas, las vacunaciones, etc. Estos son los factores desencadenantes o las circunstancias que pueden mejorar o empeorar el proceso.<\/p>\n<p>&nbsp;<\/p>\n<p><strong>C\u00f3mo se producen las reacciones al\u00e9rgicas<\/strong><\/p>\n<p>&nbsp;<\/p>\n<p>Cu\u00e1nto el organismo por cualquier de los factores causales antes mencionados entra en un estado que calificar\u00edamos de estr\u00e9s sea por situaciones laborales, afectivas, familiares, sociales, econ\u00f3micas y tambi\u00e9n f\u00edsicas se producen una serie de trastornos que afectan a la totalidad de sus funciones tanto metab\u00f3licas como endocrinas o del Sistema Nervioso Neurovegetativo pero, en el supuesto de que nos ocupa de las alergias, el trastorno m\u00e1s importante se produce a nivel del Sistema Inmunitario como ya he apuntado.<\/p>\n<p>&nbsp;<\/p>\n<p>Estos trastornos consisten en un exceso de actividad de diferentes factores y c\u00e9lulas que llevan a la sangre sustancias que se fijan a las mucosas tanto respiratorias como digestivas o la piel, produciendo una inflamaci\u00f3n que las predispone a reaccionar de forma exagerada a la presencia o contacto de aquellas sustancias a las que cada individuo es especialmente sensible.<\/p>\n<p>&nbsp;<\/p>\n<p>Por lo tanto podemos decir ahora que las enfermedades al\u00e9rgicas las podemos calificar como autoinmunes, provocadas por sustancias y c\u00e9lulas generadas en el propio cuerpo y no por factores externos.<\/p>\n<p>&nbsp;<\/p>\n<p><strong>Qu\u00e9 agentes son al\u00e9rgenos<\/strong><\/p>\n<p>&nbsp;<\/p>\n<p>Ya sabemos que el A alergia es un estado, por lo tanto, podemos ser a al\u00e9rgicos a cualquier circunstancia, o sustancia a la que nuestro cuerpo se vuelva sensible.<\/p>\n<p>&nbsp;<\/p>\n<p>Las sustancias que m\u00e1s frecuentemente hacen desencadenar reacciones a al\u00e9rgicas se las denomina a al\u00e9rgenos, generadores de alergias y entre los m\u00e1s \u201cfamosos \u201c por su frecuencia est\u00e1n los\u00a0\u00e1caros del polvo\u00a0y todo una variedad de\u00a0p\u00f3lenes,\u00a0adem\u00e1s de determinados\u00a0medicamentos\u00a0qu\u00edmicos y\u00a0alimentos.<\/p>\n<p>&nbsp;<\/p>\n<p>De todas maneras, es f\u00e1cil entender que la alergia es debida a estos a al\u00e9rgenos sino en el estado de sensibilidad que el cuerpo ha desarrollado respecto a ellos.<\/p>\n<p>&nbsp;<\/p>\n<p><strong>C\u00f3mo identificar una alergia<\/strong><\/p>\n<p>&nbsp;<\/p>\n<p>Una de las pr\u00e1cticas habituales en el estudio de los estados al\u00e9rgicos es la realizaci\u00f3n de una serie de pruebas para determinar qu\u00e9 sue\u00f1o las sustancias a las que cada persona es especialmente sensible a fin de poder llevar a cabo una terapia de desensibilizaci\u00f3n a trav\u00e9s de vacunas.<\/p>\n<p>&nbsp;<\/p>\n<p>La idea de realizar estas pruebas surge del concepto de que hay que aislar a la persona afecta de las sustancias a las que resulte sensible, adem\u00e1s de hacer otros tratamientos supresores de los s\u00edntomas.<\/p>\n<p>La validez de estas pruebas, pero, se limitada y a menudo poco fiable por una serie de circunstancias:<\/p>\n<p>&nbsp;<\/p>\n<ol>\n<li>Es del todo imposible analizar todas las sustancias a las que est\u00e1 en contacto la persona.<\/li>\n<\/ol>\n<p>&nbsp;<\/p>\n<ol start=\"2\">\n<li>El sistema de inoculaci\u00f3n bajo la piel de las sustancias que habitualmente conectan con la persona por otras v\u00edas produce a menudo resultados positivos falsos.<\/li>\n<\/ol>\n<p>&nbsp;<\/p>\n<ol start=\"3\">\n<li>Es frecuente que personas con s\u00edntomas claros de sufrir una alergia den negativo a las pruebas al\u00e9rgicas.<\/li>\n<\/ol>\n<p>&nbsp;<\/p>\n<ol start=\"4\">\n<li>La sensibilidad del individuo puede ir variante a lo largo del tiempo a diferentes est\u00edmulos.<\/li>\n<\/ol>\n<p>&nbsp;<\/p>\n<ol start=\"5\">\n<li>Hay una serie de est\u00edmulos que provocan alergia como la humedad, el fr\u00edo, el solo o las impresiones emocionales, por ejemplo, que son incuantificables.<\/li>\n<\/ol>\n<p><a href=\"https:\/\/www.eldiario.net\/portal\/wp-content\/uploads\/2022\/03\/IE-Alergias-alimentarias.png\"><img loading=\"lazy\" decoding=\"async\" class=\"aligncenter size-full wp-image-72932\" src=\"https:\/\/www.eldiario.net\/portal\/wp-content\/uploads\/2022\/03\/IE-Alergias-alimentarias.png\" alt=\"\" width=\"800\" height=\"2118\" \/><\/a><\/p>\n","protected":false},"excerpt":{"rendered":"<p>Autor: Grupo Editor &nbsp; En esta ocasi\u00f3n presentamos un art\u00edculo publicado por el especialista en homeopat\u00eda, el Dr. \u00c1ngel Roig Alabart el 3 de enero de 2018 en la p\u00e1gina de TopDoctors Espa\u00f1a (https:\/\/www.topdoctors.es\/) &nbsp; Este art\u00edculo plasma de forma pertinente y clara la relaci\u00f3n de las emociones o la forma de manejarlas de cada [&hellip;]<\/p>\n","protected":false},"author":1,"featured_media":72931,"comment_status":"closed","ping_status":"closed","sticky":false,"template":"","format":"standard","meta":{"_acf_changed":false,"footnotes":""},"categories":[43],"tags":[],"class_list":["post-72930","post","type-post","status-publish","format-standard","has-post-thumbnail","category-nuevos-horizontes"],"acf":{"antetitulo":""},"yoast_head":"<!-- This site is optimized with the Yoast SEO plugin v28.4 - https:\/\/yoast.com\/product\/yoast-seo-wordpress\/ -->\n<title>La relaci\u00f3n Salud - Emociones \u00bfrealidad o ficci\u00f3n? Las alergias - El Diario - Bolivia<\/title>\n<meta name=\"robots\" content=\"index, follow, max-snippet:-1, max-image-preview:large, max-video-preview:-1\" \/>\n<link rel=\"canonical\" href=\"https:\/\/www.eldiario.net\/portal\/2022\/03\/29\/la-relacion-salud-emociones-realidad-o-ficcion-las-alergias-2\/\" \/>\n<meta property=\"og:locale\" content=\"es_ES\" \/>\n<meta property=\"og:type\" content=\"article\" \/>\n<meta property=\"og:title\" content=\"La relaci\u00f3n Salud - Emociones \u00bfrealidad o ficci\u00f3n? Las alergias - El Diario - Bolivia\" \/>\n<meta property=\"og:description\" content=\"Autor: Grupo Editor &nbsp; En esta ocasi\u00f3n presentamos un art\u00edculo publicado por el especialista en homeopat\u00eda, el Dr. \u00c1ngel Roig Alabart el 3 de enero de 2018 en la p\u00e1gina de TopDoctors Espa\u00f1a (https:\/\/www.topdoctors.es\/) &nbsp; Este art\u00edculo plasma de forma pertinente y clara la relaci\u00f3n de las emociones o la forma de manejarlas de cada [&hellip;]\" \/>\n<meta property=\"og:url\" content=\"https:\/\/www.eldiario.net\/portal\/2022\/03\/29\/la-relacion-salud-emociones-realidad-o-ficcion-las-alergias-2\/\" \/>\n<meta property=\"og:site_name\" content=\"El Diario - Bolivia\" \/>\n<meta property=\"article:publisher\" content=\"https:\/\/www.facebook.com\/eldiario.bolivia\/\" \/>\n<meta property=\"article:published_time\" content=\"2022-03-29T10:03:42+00:00\" \/>\n<meta name=\"author\" content=\"Jeanette\" \/>\n<meta name=\"twitter:card\" content=\"summary_large_image\" \/>\n<meta name=\"twitter:creator\" content=\"@eldiario_net\" \/>\n<meta name=\"twitter:site\" content=\"@eldiario_net\" \/>\n<meta name=\"twitter:label1\" content=\"Escrito por\" \/>\n\t<meta name=\"twitter:data1\" content=\"Jeanette\" \/>\n\t<meta name=\"twitter:label2\" content=\"Tiempo de lectura\" \/>\n\t<meta name=\"twitter:data2\" content=\"6 minutos\" \/>\n<script type=\"application\/ld+json\" class=\"yoast-schema-graph\">{\"@context\":\"https:\\\/\\\/schema.org\",\"@graph\":[{\"@type\":\"Article\",\"@id\":\"https:\\\/\\\/www.eldiario.net\\\/portal\\\/2022\\\/03\\\/29\\\/la-relacion-salud-emociones-realidad-o-ficcion-las-alergias-2\\\/#article\",\"isPartOf\":{\"@id\":\"https:\\\/\\\/www.eldiario.net\\\/portal\\\/2022\\\/03\\\/29\\\/la-relacion-salud-emociones-realidad-o-ficcion-las-alergias-2\\\/\"},\"author\":{\"name\":\"Jeanette\",\"@id\":\"https:\\\/\\\/www.eldiario.net\\\/portal\\\/#\\\/schema\\\/person\\\/2c57cf2b7a7ae032e449e4c9b1019eac\"},\"headline\":\"La relaci\u00f3n Salud &#8211; Emociones \u00bfrealidad o ficci\u00f3n? Las alergias\",\"datePublished\":\"2022-03-29T10:03:42+00:00\",\"mainEntityOfPage\":{\"@id\":\"https:\\\/\\\/www.eldiario.net\\\/portal\\\/2022\\\/03\\\/29\\\/la-relacion-salud-emociones-realidad-o-ficcion-las-alergias-2\\\/\"},\"wordCount\":1124,\"publisher\":{\"@id\":\"https:\\\/\\\/www.eldiario.net\\\/portal\\\/#organization\"},\"image\":{\"@id\":\"https:\\\/\\\/www.eldiario.net\\\/portal\\\/2022\\\/03\\\/29\\\/la-relacion-salud-emociones-realidad-o-ficcion-las-alergias-2\\\/#primaryimage\"},\"thumbnailUrl\":\"\",\"articleSection\":[\"Nuevos Horizontes\"],\"inLanguage\":\"es\"},{\"@type\":\"WebPage\",\"@id\":\"https:\\\/\\\/www.eldiario.net\\\/portal\\\/2022\\\/03\\\/29\\\/la-relacion-salud-emociones-realidad-o-ficcion-las-alergias-2\\\/\",\"url\":\"https:\\\/\\\/www.eldiario.net\\\/portal\\\/2022\\\/03\\\/29\\\/la-relacion-salud-emociones-realidad-o-ficcion-las-alergias-2\\\/\",\"name\":\"La relaci\u00f3n Salud - Emociones \u00bfrealidad o ficci\u00f3n? Las alergias - El Diario - Bolivia\",\"isPartOf\":{\"@id\":\"https:\\\/\\\/www.eldiario.net\\\/portal\\\/#website\"},\"primaryImageOfPage\":{\"@id\":\"https:\\\/\\\/www.eldiario.net\\\/portal\\\/2022\\\/03\\\/29\\\/la-relacion-salud-emociones-realidad-o-ficcion-las-alergias-2\\\/#primaryimage\"},\"image\":{\"@id\":\"https:\\\/\\\/www.eldiario.net\\\/portal\\\/2022\\\/03\\\/29\\\/la-relacion-salud-emociones-realidad-o-ficcion-las-alergias-2\\\/#primaryimage\"},\"thumbnailUrl\":\"\",\"datePublished\":\"2022-03-29T10:03:42+00:00\",\"breadcrumb\":{\"@id\":\"https:\\\/\\\/www.eldiario.net\\\/portal\\\/2022\\\/03\\\/29\\\/la-relacion-salud-emociones-realidad-o-ficcion-las-alergias-2\\\/#breadcrumb\"},\"inLanguage\":\"es\",\"potentialAction\":[{\"@type\":\"ReadAction\",\"target\":[\"https:\\\/\\\/www.eldiario.net\\\/portal\\\/2022\\\/03\\\/29\\\/la-relacion-salud-emociones-realidad-o-ficcion-las-alergias-2\\\/\"]}]},{\"@type\":\"ImageObject\",\"inLanguage\":\"es\",\"@id\":\"https:\\\/\\\/www.eldiario.net\\\/portal\\\/2022\\\/03\\\/29\\\/la-relacion-salud-emociones-realidad-o-ficcion-las-alergias-2\\\/#primaryimage\",\"url\":\"\",\"contentUrl\":\"\"},{\"@type\":\"BreadcrumbList\",\"@id\":\"https:\\\/\\\/www.eldiario.net\\\/portal\\\/2022\\\/03\\\/29\\\/la-relacion-salud-emociones-realidad-o-ficcion-las-alergias-2\\\/#breadcrumb\",\"itemListElement\":[{\"@type\":\"ListItem\",\"position\":1,\"name\":\"Portada\",\"item\":\"https:\\\/\\\/www.eldiario.net\\\/portal\\\/\"},{\"@type\":\"ListItem\",\"position\":2,\"name\":\"La relaci\u00f3n Salud &#8211; Emociones \u00bfrealidad o ficci\u00f3n? Las alergias\"}]},{\"@type\":\"WebSite\",\"@id\":\"https:\\\/\\\/www.eldiario.net\\\/portal\\\/#website\",\"url\":\"https:\\\/\\\/www.eldiario.net\\\/portal\\\/\",\"name\":\"El Diario - Decano de la prensa nacional\",\"description\":\"El Diario - Decano de la prensa nacional\",\"publisher\":{\"@id\":\"https:\\\/\\\/www.eldiario.net\\\/portal\\\/#organization\"},\"potentialAction\":[{\"@type\":\"SearchAction\",\"target\":{\"@type\":\"EntryPoint\",\"urlTemplate\":\"https:\\\/\\\/www.eldiario.net\\\/portal\\\/?s={search_term_string}\"},\"query-input\":{\"@type\":\"PropertyValueSpecification\",\"valueRequired\":true,\"valueName\":\"search_term_string\"}}],\"inLanguage\":\"es\"},{\"@type\":\"Organization\",\"@id\":\"https:\\\/\\\/www.eldiario.net\\\/portal\\\/#organization\",\"name\":\"El Diario - Decano de la prensa nacional\",\"url\":\"https:\\\/\\\/www.eldiario.net\\\/portal\\\/\",\"logo\":{\"@type\":\"ImageObject\",\"inLanguage\":\"es\",\"@id\":\"https:\\\/\\\/www.eldiario.net\\\/portal\\\/#\\\/schema\\\/logo\\\/image\\\/\",\"url\":\"https:\\\/\\\/www.eldiario.net\\\/portal\\\/wp-content\\\/uploads\\\/2023\\\/07\\\/logo_ED.jpg\",\"contentUrl\":\"https:\\\/\\\/www.eldiario.net\\\/portal\\\/wp-content\\\/uploads\\\/2023\\\/07\\\/logo_ED.jpg\",\"width\":272,\"height\":52,\"caption\":\"El Diario - Decano de la prensa nacional\"},\"image\":{\"@id\":\"https:\\\/\\\/www.eldiario.net\\\/portal\\\/#\\\/schema\\\/logo\\\/image\\\/\"},\"sameAs\":[\"https:\\\/\\\/www.facebook.com\\\/eldiario.bolivia\\\/\",\"https:\\\/\\\/x.com\\\/eldiario_net\"]},{\"@type\":\"Person\",\"@id\":\"https:\\\/\\\/www.eldiario.net\\\/portal\\\/#\\\/schema\\\/person\\\/2c57cf2b7a7ae032e449e4c9b1019eac\",\"name\":\"Jeanette\",\"image\":{\"@type\":\"ImageObject\",\"inLanguage\":\"es\",\"@id\":\"https:\\\/\\\/secure.gravatar.com\\\/avatar\\\/3ea2118a5f7dad2b7138b1187a6b7ee55f160b9968b66013c3a3ef39dd7e5798?s=96&d=mm&r=g\",\"url\":\"https:\\\/\\\/secure.gravatar.com\\\/avatar\\\/3ea2118a5f7dad2b7138b1187a6b7ee55f160b9968b66013c3a3ef39dd7e5798?s=96&d=mm&r=g\",\"contentUrl\":\"https:\\\/\\\/secure.gravatar.com\\\/avatar\\\/3ea2118a5f7dad2b7138b1187a6b7ee55f160b9968b66013c3a3ef39dd7e5798?s=96&d=mm&r=g\",\"caption\":\"Jeanette\"},\"sameAs\":[\"https:\\\/\\\/www.eldiario.net\\\/portal\"],\"url\":\"https:\\\/\\\/www.eldiario.net\\\/portal\\\/author\\\/jeanette\\\/\"}]}<\/script>\n<!-- \/ Yoast SEO plugin. -->","yoast_head_json":{"title":"La relaci\u00f3n Salud - Emociones \u00bfrealidad o ficci\u00f3n? Las alergias - El Diario - Bolivia","robots":{"index":"index","follow":"follow","max-snippet":"max-snippet:-1","max-image-preview":"max-image-preview:large","max-video-preview":"max-video-preview:-1"},"canonical":"https:\/\/www.eldiario.net\/portal\/2022\/03\/29\/la-relacion-salud-emociones-realidad-o-ficcion-las-alergias-2\/","og_locale":"es_ES","og_type":"article","og_title":"La relaci\u00f3n Salud - Emociones \u00bfrealidad o ficci\u00f3n? Las alergias - El Diario - Bolivia","og_description":"Autor: Grupo Editor &nbsp; En esta ocasi\u00f3n presentamos un art\u00edculo publicado por el especialista en homeopat\u00eda, el Dr. \u00c1ngel Roig Alabart el 3 de enero de 2018 en la p\u00e1gina de TopDoctors Espa\u00f1a (https:\/\/www.topdoctors.es\/) &nbsp; Este art\u00edculo plasma de forma pertinente y clara la relaci\u00f3n de las emociones o la forma de manejarlas de cada [&hellip;]","og_url":"https:\/\/www.eldiario.net\/portal\/2022\/03\/29\/la-relacion-salud-emociones-realidad-o-ficcion-las-alergias-2\/","og_site_name":"El Diario - Bolivia","article_publisher":"https:\/\/www.facebook.com\/eldiario.bolivia\/","article_published_time":"2022-03-29T10:03:42+00:00","author":"Jeanette","twitter_card":"summary_large_image","twitter_creator":"@eldiario_net","twitter_site":"@eldiario_net","twitter_misc":{"Escrito por":"Jeanette","Tiempo de lectura":"6 minutos"},"schema":{"@context":"https:\/\/schema.org","@graph":[{"@type":"Article","@id":"https:\/\/www.eldiario.net\/portal\/2022\/03\/29\/la-relacion-salud-emociones-realidad-o-ficcion-las-alergias-2\/#article","isPartOf":{"@id":"https:\/\/www.eldiario.net\/portal\/2022\/03\/29\/la-relacion-salud-emociones-realidad-o-ficcion-las-alergias-2\/"},"author":{"name":"Jeanette","@id":"https:\/\/www.eldiario.net\/portal\/#\/schema\/person\/2c57cf2b7a7ae032e449e4c9b1019eac"},"headline":"La relaci\u00f3n Salud &#8211; Emociones \u00bfrealidad o ficci\u00f3n? Las alergias","datePublished":"2022-03-29T10:03:42+00:00","mainEntityOfPage":{"@id":"https:\/\/www.eldiario.net\/portal\/2022\/03\/29\/la-relacion-salud-emociones-realidad-o-ficcion-las-alergias-2\/"},"wordCount":1124,"publisher":{"@id":"https:\/\/www.eldiario.net\/portal\/#organization"},"image":{"@id":"https:\/\/www.eldiario.net\/portal\/2022\/03\/29\/la-relacion-salud-emociones-realidad-o-ficcion-las-alergias-2\/#primaryimage"},"thumbnailUrl":"","articleSection":["Nuevos Horizontes"],"inLanguage":"es"},{"@type":"WebPage","@id":"https:\/\/www.eldiario.net\/portal\/2022\/03\/29\/la-relacion-salud-emociones-realidad-o-ficcion-las-alergias-2\/","url":"https:\/\/www.eldiario.net\/portal\/2022\/03\/29\/la-relacion-salud-emociones-realidad-o-ficcion-las-alergias-2\/","name":"La relaci\u00f3n Salud - Emociones \u00bfrealidad o ficci\u00f3n? Las alergias - El Diario - Bolivia","isPartOf":{"@id":"https:\/\/www.eldiario.net\/portal\/#website"},"primaryImageOfPage":{"@id":"https:\/\/www.eldiario.net\/portal\/2022\/03\/29\/la-relacion-salud-emociones-realidad-o-ficcion-las-alergias-2\/#primaryimage"},"image":{"@id":"https:\/\/www.eldiario.net\/portal\/2022\/03\/29\/la-relacion-salud-emociones-realidad-o-ficcion-las-alergias-2\/#primaryimage"},"thumbnailUrl":"","datePublished":"2022-03-29T10:03:42+00:00","breadcrumb":{"@id":"https:\/\/www.eldiario.net\/portal\/2022\/03\/29\/la-relacion-salud-emociones-realidad-o-ficcion-las-alergias-2\/#breadcrumb"},"inLanguage":"es","potentialAction":[{"@type":"ReadAction","target":["https:\/\/www.eldiario.net\/portal\/2022\/03\/29\/la-relacion-salud-emociones-realidad-o-ficcion-las-alergias-2\/"]}]},{"@type":"ImageObject","inLanguage":"es","@id":"https:\/\/www.eldiario.net\/portal\/2022\/03\/29\/la-relacion-salud-emociones-realidad-o-ficcion-las-alergias-2\/#primaryimage","url":"","contentUrl":""},{"@type":"BreadcrumbList","@id":"https:\/\/www.eldiario.net\/portal\/2022\/03\/29\/la-relacion-salud-emociones-realidad-o-ficcion-las-alergias-2\/#breadcrumb","itemListElement":[{"@type":"ListItem","position":1,"name":"Portada","item":"https:\/\/www.eldiario.net\/portal\/"},{"@type":"ListItem","position":2,"name":"La relaci\u00f3n Salud &#8211; Emociones \u00bfrealidad o ficci\u00f3n? Las alergias"}]},{"@type":"WebSite","@id":"https:\/\/www.eldiario.net\/portal\/#website","url":"https:\/\/www.eldiario.net\/portal\/","name":"El Diario - Decano de la prensa nacional","description":"El Diario - Decano de la prensa nacional","publisher":{"@id":"https:\/\/www.eldiario.net\/portal\/#organization"},"potentialAction":[{"@type":"SearchAction","target":{"@type":"EntryPoint","urlTemplate":"https:\/\/www.eldiario.net\/portal\/?s={search_term_string}"},"query-input":{"@type":"PropertyValueSpecification","valueRequired":true,"valueName":"search_term_string"}}],"inLanguage":"es"},{"@type":"Organization","@id":"https:\/\/www.eldiario.net\/portal\/#organization","name":"El Diario - Decano de la prensa nacional","url":"https:\/\/www.eldiario.net\/portal\/","logo":{"@type":"ImageObject","inLanguage":"es","@id":"https:\/\/www.eldiario.net\/portal\/#\/schema\/logo\/image\/","url":"https:\/\/www.eldiario.net\/portal\/wp-content\/uploads\/2023\/07\/logo_ED.jpg","contentUrl":"https:\/\/www.eldiario.net\/portal\/wp-content\/uploads\/2023\/07\/logo_ED.jpg","width":272,"height":52,"caption":"El Diario - Decano de la prensa nacional"},"image":{"@id":"https:\/\/www.eldiario.net\/portal\/#\/schema\/logo\/image\/"},"sameAs":["https:\/\/www.facebook.com\/eldiario.bolivia\/","https:\/\/x.com\/eldiario_net"]},{"@type":"Person","@id":"https:\/\/www.eldiario.net\/portal\/#\/schema\/person\/2c57cf2b7a7ae032e449e4c9b1019eac","name":"Jeanette","image":{"@type":"ImageObject","inLanguage":"es","@id":"https:\/\/secure.gravatar.com\/avatar\/3ea2118a5f7dad2b7138b1187a6b7ee55f160b9968b66013c3a3ef39dd7e5798?s=96&d=mm&r=g","url":"https:\/\/secure.gravatar.com\/avatar\/3ea2118a5f7dad2b7138b1187a6b7ee55f160b9968b66013c3a3ef39dd7e5798?s=96&d=mm&r=g","contentUrl":"https:\/\/secure.gravatar.com\/avatar\/3ea2118a5f7dad2b7138b1187a6b7ee55f160b9968b66013c3a3ef39dd7e5798?s=96&d=mm&r=g","caption":"Jeanette"},"sameAs":["https:\/\/www.eldiario.net\/portal"],"url":"https:\/\/www.eldiario.net\/portal\/author\/jeanette\/"}]}},"_links":{"self":[{"href":"https:\/\/www.eldiario.net\/portal\/wp-json\/wp\/v2\/posts\/72930","targetHints":{"allow":["GET"]}}],"collection":[{"href":"https:\/\/www.eldiario.net\/portal\/wp-json\/wp\/v2\/posts"}],"about":[{"href":"https:\/\/www.eldiario.net\/portal\/wp-json\/wp\/v2\/types\/post"}],"author":[{"embeddable":true,"href":"https:\/\/www.eldiario.net\/portal\/wp-json\/wp\/v2\/users\/1"}],"replies":[{"embeddable":true,"href":"https:\/\/www.eldiario.net\/portal\/wp-json\/wp\/v2\/comments?post=72930"}],"version-history":[{"count":0,"href":"https:\/\/www.eldiario.net\/portal\/wp-json\/wp\/v2\/posts\/72930\/revisions"}],"wp:attachment":[{"href":"https:\/\/www.eldiario.net\/portal\/wp-json\/wp\/v2\/media?parent=72930"}],"wp:term":[{"taxonomy":"category","embeddable":true,"href":"https:\/\/www.eldiario.net\/portal\/wp-json\/wp\/v2\/categories?post=72930"},{"taxonomy":"post_tag","embeddable":true,"href":"https:\/\/www.eldiario.net\/portal\/wp-json\/wp\/v2\/tags?post=72930"}],"curies":[{"name":"wp","href":"https:\/\/api.w.org\/{rel}","templated":true}]}}