{"id":7268,"date":"2021-05-30T06:01:56","date_gmt":"2021-05-30T10:01:56","guid":{"rendered":"https:\/\/www.eldiario.net\/portal\/?p=7268"},"modified":"2021-05-30T06:01:56","modified_gmt":"2021-05-30T10:01:56","slug":"10-allanamientos-y-aprehension-de-hermana-de-murillo-en-operativos","status":"publish","type":"post","link":"https:\/\/www.eldiario.net\/portal\/2021\/05\/30\/10-allanamientos-y-aprehension-de-hermana-de-murillo-en-operativos\/","title":{"rendered":"10 allanamientos y aprehensi\u00f3n de  hermana de Murillo en operativos"},"content":{"rendered":"<p>El ministro de Gobierno, Eduardo del Castillo, inform\u00f3 sobre los operativos que se realizan por la investigaci\u00f3n de los hechos de corrupci\u00f3n relacionados al caso de la compra de gases lacrim\u00f3genos, entre el viernes y el s\u00e1bado se realizaron 10 allanamientos a inmuebles en los que se encontraron documentos y otro material relacionado al caso, adem\u00e1s de la aprehensi\u00f3n de la hermana del exministro Arturo Murillo, por el delito de legitimaci\u00f3n de ganancias il\u00edcitas.<br \/>\nLa autoridad se\u00f1al\u00f3 que en los \u00faltimos d\u00edas se han realizado 10 allanamientos a viviendas de propiedad de la exautoridad y de otros exfuncionarios implicados en actos de corrupci\u00f3n en el Ministerio de Gobierno.<br \/>\nUno de estos operativos logr\u00f3 la aprehensi\u00f3n de Mireya Murillo, hermana de la exautoridad, el d\u00eda viernes, acusada de beneficiarse con la legitimaci\u00f3n de ganancias il\u00edcitas.<br \/>\n\u201cLa hermana del se\u00f1or Arturo Murillo ha sido detenida y esperamos que en las pr\u00f3ximas horas, las autoridades correspondientes puedan brindar un informe al respecto\u201d, indic\u00f3 Del Castillo.<br \/>\nSe\u00f1al\u00f3 que, de momento, hay diez personas que enfrentan procesos por el caso de la compra con sobreprecio de gases lacrim\u00f3genos y armamento no letal para la Polic\u00eda durante el Gobierno de transici\u00f3n, entre ellos el exministro Arturo Murillo y su exjefe de gabinete, Sergio M\u00e9ndez, que se encuentran procesados en los Estados Unidos junto a otros funcionarios de la empresa que intermedi\u00f3 en la contrataci\u00f3n.<br \/>\nD\u00edas atr\u00e1s, un exedec\u00e1n del Ministerio de Gobierno y el excu\u00f1ado de Arturo Murillo ya fueron remitidos a centros penitenciarios del pa\u00eds, con detenci\u00f3n preventiva.<br \/>\nEn las \u00faltimas horas, fueron aprehendidos dos exfuncionarios del Ministerio de Defensa y otras dos personas acusadas de tratar de impedir el trabajo de los investigadores, en la ciudad de Cochabamba, quienes son procesados por obstaculizaci\u00f3n a la justicia.<br \/>\n\u201cPodemos manifestar que se han realizado 10 allanamientos, 4 en el departamento de La Paz, 4 en el departamento de Cochabamba y dos en el departamento de Santa Cruz. Entre los principales elementos y bienes secuestrados se encuentran documentos de distintos bienes inmuebles, fotocopias de varios procesos de contrataci\u00f3n de los gases lacrim\u00f3genos, municiones, ropa militar, entre otras cosas. En Cochabamba se han secuestrado tres veh\u00edculos, armas de fuego sustancias controladas, computadoras y diversos dep\u00f3sitos bancarios\u201d, detall\u00f3 Del Castillo.<\/p>\n","protected":false},"excerpt":{"rendered":"<p>El ministro de Gobierno, Eduardo del Castillo, inform\u00f3 sobre los operativos que se realizan por la investigaci\u00f3n de los hechos de corrupci\u00f3n relacionados al caso de la compra de gases lacrim\u00f3genos, entre el viernes y el s\u00e1bado se realizaron 10 allanamientos a inmuebles en los que se encontraron documentos y otro material relacionado al caso, [&hellip;]<\/p>\n","protected":false},"author":1,"featured_media":7269,"comment_status":"closed","ping_status":"closed","sticky":false,"template":"","format":"standard","meta":{"_acf_changed":false,"footnotes":""},"categories":[39],"tags":[],"class_list":["post-7268","post","type-post","status-publish","format-standard","has-post-thumbnail","category-sociedad"],"acf":{"antetitulo":""},"yoast_head":"<!-- This site is optimized with the Yoast SEO plugin v28.3 - https:\/\/yoast.com\/product\/yoast-seo-wordpress\/ -->\n<title>10 allanamientos y aprehensi\u00f3n de hermana de Murillo en operativos - El Diario - Bolivia<\/title>\n<meta name=\"robots\" content=\"index, follow, max-snippet:-1, max-image-preview:large, max-video-preview:-1\" \/>\n<link rel=\"canonical\" href=\"https:\/\/www.eldiario.net\/portal\/2021\/05\/30\/10-allanamientos-y-aprehension-de-hermana-de-murillo-en-operativos\/\" \/>\n<meta property=\"og:locale\" content=\"es_ES\" \/>\n<meta property=\"og:type\" content=\"article\" \/>\n<meta property=\"og:title\" content=\"10 allanamientos y aprehensi\u00f3n de hermana de Murillo en operativos - El Diario - Bolivia\" \/>\n<meta property=\"og:description\" content=\"El ministro de Gobierno, Eduardo del Castillo, inform\u00f3 sobre los operativos que se realizan por la investigaci\u00f3n de los hechos de corrupci\u00f3n relacionados al caso de la compra de gases lacrim\u00f3genos, entre el viernes y el s\u00e1bado se realizaron 10 allanamientos a inmuebles en los que se encontraron documentos y otro material relacionado al caso, [&hellip;]\" \/>\n<meta property=\"og:url\" content=\"https:\/\/www.eldiario.net\/portal\/2021\/05\/30\/10-allanamientos-y-aprehension-de-hermana-de-murillo-en-operativos\/\" \/>\n<meta property=\"og:site_name\" content=\"El Diario - Bolivia\" \/>\n<meta property=\"article:publisher\" content=\"https:\/\/www.facebook.com\/eldiario.bolivia\/\" \/>\n<meta property=\"article:published_time\" content=\"2021-05-30T10:01:56+00:00\" \/>\n<meta name=\"author\" content=\"Jeanette\" \/>\n<meta name=\"twitter:card\" content=\"summary_large_image\" \/>\n<meta name=\"twitter:creator\" content=\"@eldiario_net\" \/>\n<meta name=\"twitter:site\" content=\"@eldiario_net\" \/>\n<meta name=\"twitter:label1\" content=\"Escrito por\" \/>\n\t<meta name=\"twitter:data1\" content=\"Jeanette\" \/>\n\t<meta name=\"twitter:label2\" content=\"Tiempo de lectura\" \/>\n\t<meta name=\"twitter:data2\" content=\"2 minutos\" \/>\n<script type=\"application\/ld+json\" class=\"yoast-schema-graph\">{\"@context\":\"https:\\\/\\\/schema.org\",\"@graph\":[{\"@type\":\"Article\",\"@id\":\"https:\\\/\\\/www.eldiario.net\\\/portal\\\/2021\\\/05\\\/30\\\/10-allanamientos-y-aprehension-de-hermana-de-murillo-en-operativos\\\/#article\",\"isPartOf\":{\"@id\":\"https:\\\/\\\/www.eldiario.net\\\/portal\\\/2021\\\/05\\\/30\\\/10-allanamientos-y-aprehension-de-hermana-de-murillo-en-operativos\\\/\"},\"author\":{\"name\":\"Jeanette\",\"@id\":\"https:\\\/\\\/www.eldiario.net\\\/portal\\\/#\\\/schema\\\/person\\\/f46445640444750d7d753ccd04ae01b7\"},\"headline\":\"10 allanamientos y aprehensi\u00f3n de hermana de Murillo en operativos\",\"datePublished\":\"2021-05-30T10:01:56+00:00\",\"mainEntityOfPage\":{\"@id\":\"https:\\\/\\\/www.eldiario.net\\\/portal\\\/2021\\\/05\\\/30\\\/10-allanamientos-y-aprehension-de-hermana-de-murillo-en-operativos\\\/\"},\"wordCount\":410,\"publisher\":{\"@id\":\"https:\\\/\\\/www.eldiario.net\\\/portal\\\/#organization\"},\"image\":{\"@id\":\"https:\\\/\\\/www.eldiario.net\\\/portal\\\/2021\\\/05\\\/30\\\/10-allanamientos-y-aprehension-de-hermana-de-murillo-en-operativos\\\/#primaryimage\"},\"thumbnailUrl\":\"\",\"articleSection\":[\"Sociedad - Seguridad\"],\"inLanguage\":\"es\"},{\"@type\":\"WebPage\",\"@id\":\"https:\\\/\\\/www.eldiario.net\\\/portal\\\/2021\\\/05\\\/30\\\/10-allanamientos-y-aprehension-de-hermana-de-murillo-en-operativos\\\/\",\"url\":\"https:\\\/\\\/www.eldiario.net\\\/portal\\\/2021\\\/05\\\/30\\\/10-allanamientos-y-aprehension-de-hermana-de-murillo-en-operativos\\\/\",\"name\":\"10 allanamientos y aprehensi\u00f3n de hermana de Murillo en operativos - El Diario - Bolivia\",\"isPartOf\":{\"@id\":\"https:\\\/\\\/www.eldiario.net\\\/portal\\\/#website\"},\"primaryImageOfPage\":{\"@id\":\"https:\\\/\\\/www.eldiario.net\\\/portal\\\/2021\\\/05\\\/30\\\/10-allanamientos-y-aprehension-de-hermana-de-murillo-en-operativos\\\/#primaryimage\"},\"image\":{\"@id\":\"https:\\\/\\\/www.eldiario.net\\\/portal\\\/2021\\\/05\\\/30\\\/10-allanamientos-y-aprehension-de-hermana-de-murillo-en-operativos\\\/#primaryimage\"},\"thumbnailUrl\":\"\",\"datePublished\":\"2021-05-30T10:01:56+00:00\",\"breadcrumb\":{\"@id\":\"https:\\\/\\\/www.eldiario.net\\\/portal\\\/2021\\\/05\\\/30\\\/10-allanamientos-y-aprehension-de-hermana-de-murillo-en-operativos\\\/#breadcrumb\"},\"inLanguage\":\"es\",\"potentialAction\":[{\"@type\":\"ReadAction\",\"target\":[\"https:\\\/\\\/www.eldiario.net\\\/portal\\\/2021\\\/05\\\/30\\\/10-allanamientos-y-aprehension-de-hermana-de-murillo-en-operativos\\\/\"]}]},{\"@type\":\"ImageObject\",\"inLanguage\":\"es\",\"@id\":\"https:\\\/\\\/www.eldiario.net\\\/portal\\\/2021\\\/05\\\/30\\\/10-allanamientos-y-aprehension-de-hermana-de-murillo-en-operativos\\\/#primaryimage\",\"url\":\"\",\"contentUrl\":\"\"},{\"@type\":\"BreadcrumbList\",\"@id\":\"https:\\\/\\\/www.eldiario.net\\\/portal\\\/2021\\\/05\\\/30\\\/10-allanamientos-y-aprehension-de-hermana-de-murillo-en-operativos\\\/#breadcrumb\",\"itemListElement\":[{\"@type\":\"ListItem\",\"position\":1,\"name\":\"Portada\",\"item\":\"https:\\\/\\\/www.eldiario.net\\\/portal\\\/\"},{\"@type\":\"ListItem\",\"position\":2,\"name\":\"10 allanamientos y aprehensi\u00f3n de hermana de Murillo en operativos\"}]},{\"@type\":\"WebSite\",\"@id\":\"https:\\\/\\\/www.eldiario.net\\\/portal\\\/#website\",\"url\":\"https:\\\/\\\/www.eldiario.net\\\/portal\\\/\",\"name\":\"El Diario - Decano de la prensa nacional\",\"description\":\"El Diario - Decano de la prensa nacional\",\"publisher\":{\"@id\":\"https:\\\/\\\/www.eldiario.net\\\/portal\\\/#organization\"},\"potentialAction\":[{\"@type\":\"SearchAction\",\"target\":{\"@type\":\"EntryPoint\",\"urlTemplate\":\"https:\\\/\\\/www.eldiario.net\\\/portal\\\/?s={search_term_string}\"},\"query-input\":{\"@type\":\"PropertyValueSpecification\",\"valueRequired\":true,\"valueName\":\"search_term_string\"}}],\"inLanguage\":\"es\"},{\"@type\":\"Organization\",\"@id\":\"https:\\\/\\\/www.eldiario.net\\\/portal\\\/#organization\",\"name\":\"El Diario - Decano de la prensa nacional\",\"url\":\"https:\\\/\\\/www.eldiario.net\\\/portal\\\/\",\"logo\":{\"@type\":\"ImageObject\",\"inLanguage\":\"es\",\"@id\":\"https:\\\/\\\/www.eldiario.net\\\/portal\\\/#\\\/schema\\\/logo\\\/image\\\/\",\"url\":\"https:\\\/\\\/www.eldiario.net\\\/portal\\\/wp-content\\\/uploads\\\/2023\\\/07\\\/logo_ED.jpg\",\"contentUrl\":\"https:\\\/\\\/www.eldiario.net\\\/portal\\\/wp-content\\\/uploads\\\/2023\\\/07\\\/logo_ED.jpg\",\"width\":272,\"height\":52,\"caption\":\"El Diario - Decano de la prensa nacional\"},\"image\":{\"@id\":\"https:\\\/\\\/www.eldiario.net\\\/portal\\\/#\\\/schema\\\/logo\\\/image\\\/\"},\"sameAs\":[\"https:\\\/\\\/www.facebook.com\\\/eldiario.bolivia\\\/\",\"https:\\\/\\\/x.com\\\/eldiario_net\"]},{\"@type\":\"Person\",\"@id\":\"https:\\\/\\\/www.eldiario.net\\\/portal\\\/#\\\/schema\\\/person\\\/f46445640444750d7d753ccd04ae01b7\",\"name\":\"Jeanette\",\"image\":{\"@type\":\"ImageObject\",\"inLanguage\":\"es\",\"@id\":\"https:\\\/\\\/secure.gravatar.com\\\/avatar\\\/3ea2118a5f7dad2b7138b1187a6b7ee55f160b9968b66013c3a3ef39dd7e5798?s=96&d=mm&r=g\",\"url\":\"https:\\\/\\\/secure.gravatar.com\\\/avatar\\\/3ea2118a5f7dad2b7138b1187a6b7ee55f160b9968b66013c3a3ef39dd7e5798?s=96&d=mm&r=g\",\"contentUrl\":\"https:\\\/\\\/secure.gravatar.com\\\/avatar\\\/3ea2118a5f7dad2b7138b1187a6b7ee55f160b9968b66013c3a3ef39dd7e5798?s=96&d=mm&r=g\",\"caption\":\"Jeanette\"},\"sameAs\":[\"https:\\\/\\\/www.eldiario.net\\\/portal\"],\"url\":\"https:\\\/\\\/www.eldiario.net\\\/portal\\\/author\\\/jeanette\\\/\"}]}<\/script>\n<!-- \/ Yoast SEO plugin. -->","yoast_head_json":{"title":"10 allanamientos y aprehensi\u00f3n de hermana de Murillo en operativos - El Diario - Bolivia","robots":{"index":"index","follow":"follow","max-snippet":"max-snippet:-1","max-image-preview":"max-image-preview:large","max-video-preview":"max-video-preview:-1"},"canonical":"https:\/\/www.eldiario.net\/portal\/2021\/05\/30\/10-allanamientos-y-aprehension-de-hermana-de-murillo-en-operativos\/","og_locale":"es_ES","og_type":"article","og_title":"10 allanamientos y aprehensi\u00f3n de hermana de Murillo en operativos - El Diario - Bolivia","og_description":"El ministro de Gobierno, Eduardo del Castillo, inform\u00f3 sobre los operativos que se realizan por la investigaci\u00f3n de los hechos de corrupci\u00f3n relacionados al caso de la compra de gases lacrim\u00f3genos, entre el viernes y el s\u00e1bado se realizaron 10 allanamientos a inmuebles en los que se encontraron documentos y otro material relacionado al caso, [&hellip;]","og_url":"https:\/\/www.eldiario.net\/portal\/2021\/05\/30\/10-allanamientos-y-aprehension-de-hermana-de-murillo-en-operativos\/","og_site_name":"El Diario - Bolivia","article_publisher":"https:\/\/www.facebook.com\/eldiario.bolivia\/","article_published_time":"2021-05-30T10:01:56+00:00","author":"Jeanette","twitter_card":"summary_large_image","twitter_creator":"@eldiario_net","twitter_site":"@eldiario_net","twitter_misc":{"Escrito por":"Jeanette","Tiempo de lectura":"2 minutos"},"schema":{"@context":"https:\/\/schema.org","@graph":[{"@type":"Article","@id":"https:\/\/www.eldiario.net\/portal\/2021\/05\/30\/10-allanamientos-y-aprehension-de-hermana-de-murillo-en-operativos\/#article","isPartOf":{"@id":"https:\/\/www.eldiario.net\/portal\/2021\/05\/30\/10-allanamientos-y-aprehension-de-hermana-de-murillo-en-operativos\/"},"author":{"name":"Jeanette","@id":"https:\/\/www.eldiario.net\/portal\/#\/schema\/person\/f46445640444750d7d753ccd04ae01b7"},"headline":"10 allanamientos y aprehensi\u00f3n de hermana de Murillo en operativos","datePublished":"2021-05-30T10:01:56+00:00","mainEntityOfPage":{"@id":"https:\/\/www.eldiario.net\/portal\/2021\/05\/30\/10-allanamientos-y-aprehension-de-hermana-de-murillo-en-operativos\/"},"wordCount":410,"publisher":{"@id":"https:\/\/www.eldiario.net\/portal\/#organization"},"image":{"@id":"https:\/\/www.eldiario.net\/portal\/2021\/05\/30\/10-allanamientos-y-aprehension-de-hermana-de-murillo-en-operativos\/#primaryimage"},"thumbnailUrl":"","articleSection":["Sociedad - Seguridad"],"inLanguage":"es"},{"@type":"WebPage","@id":"https:\/\/www.eldiario.net\/portal\/2021\/05\/30\/10-allanamientos-y-aprehension-de-hermana-de-murillo-en-operativos\/","url":"https:\/\/www.eldiario.net\/portal\/2021\/05\/30\/10-allanamientos-y-aprehension-de-hermana-de-murillo-en-operativos\/","name":"10 allanamientos y aprehensi\u00f3n de hermana de Murillo en operativos - El Diario - Bolivia","isPartOf":{"@id":"https:\/\/www.eldiario.net\/portal\/#website"},"primaryImageOfPage":{"@id":"https:\/\/www.eldiario.net\/portal\/2021\/05\/30\/10-allanamientos-y-aprehension-de-hermana-de-murillo-en-operativos\/#primaryimage"},"image":{"@id":"https:\/\/www.eldiario.net\/portal\/2021\/05\/30\/10-allanamientos-y-aprehension-de-hermana-de-murillo-en-operativos\/#primaryimage"},"thumbnailUrl":"","datePublished":"2021-05-30T10:01:56+00:00","breadcrumb":{"@id":"https:\/\/www.eldiario.net\/portal\/2021\/05\/30\/10-allanamientos-y-aprehension-de-hermana-de-murillo-en-operativos\/#breadcrumb"},"inLanguage":"es","potentialAction":[{"@type":"ReadAction","target":["https:\/\/www.eldiario.net\/portal\/2021\/05\/30\/10-allanamientos-y-aprehension-de-hermana-de-murillo-en-operativos\/"]}]},{"@type":"ImageObject","inLanguage":"es","@id":"https:\/\/www.eldiario.net\/portal\/2021\/05\/30\/10-allanamientos-y-aprehension-de-hermana-de-murillo-en-operativos\/#primaryimage","url":"","contentUrl":""},{"@type":"BreadcrumbList","@id":"https:\/\/www.eldiario.net\/portal\/2021\/05\/30\/10-allanamientos-y-aprehension-de-hermana-de-murillo-en-operativos\/#breadcrumb","itemListElement":[{"@type":"ListItem","position":1,"name":"Portada","item":"https:\/\/www.eldiario.net\/portal\/"},{"@type":"ListItem","position":2,"name":"10 allanamientos y aprehensi\u00f3n de hermana de Murillo en operativos"}]},{"@type":"WebSite","@id":"https:\/\/www.eldiario.net\/portal\/#website","url":"https:\/\/www.eldiario.net\/portal\/","name":"El Diario - Decano de la prensa nacional","description":"El Diario - Decano de la prensa nacional","publisher":{"@id":"https:\/\/www.eldiario.net\/portal\/#organization"},"potentialAction":[{"@type":"SearchAction","target":{"@type":"EntryPoint","urlTemplate":"https:\/\/www.eldiario.net\/portal\/?s={search_term_string}"},"query-input":{"@type":"PropertyValueSpecification","valueRequired":true,"valueName":"search_term_string"}}],"inLanguage":"es"},{"@type":"Organization","@id":"https:\/\/www.eldiario.net\/portal\/#organization","name":"El Diario - Decano de la prensa nacional","url":"https:\/\/www.eldiario.net\/portal\/","logo":{"@type":"ImageObject","inLanguage":"es","@id":"https:\/\/www.eldiario.net\/portal\/#\/schema\/logo\/image\/","url":"https:\/\/www.eldiario.net\/portal\/wp-content\/uploads\/2023\/07\/logo_ED.jpg","contentUrl":"https:\/\/www.eldiario.net\/portal\/wp-content\/uploads\/2023\/07\/logo_ED.jpg","width":272,"height":52,"caption":"El Diario - Decano de la prensa nacional"},"image":{"@id":"https:\/\/www.eldiario.net\/portal\/#\/schema\/logo\/image\/"},"sameAs":["https:\/\/www.facebook.com\/eldiario.bolivia\/","https:\/\/x.com\/eldiario_net"]},{"@type":"Person","@id":"https:\/\/www.eldiario.net\/portal\/#\/schema\/person\/f46445640444750d7d753ccd04ae01b7","name":"Jeanette","image":{"@type":"ImageObject","inLanguage":"es","@id":"https:\/\/secure.gravatar.com\/avatar\/3ea2118a5f7dad2b7138b1187a6b7ee55f160b9968b66013c3a3ef39dd7e5798?s=96&d=mm&r=g","url":"https:\/\/secure.gravatar.com\/avatar\/3ea2118a5f7dad2b7138b1187a6b7ee55f160b9968b66013c3a3ef39dd7e5798?s=96&d=mm&r=g","contentUrl":"https:\/\/secure.gravatar.com\/avatar\/3ea2118a5f7dad2b7138b1187a6b7ee55f160b9968b66013c3a3ef39dd7e5798?s=96&d=mm&r=g","caption":"Jeanette"},"sameAs":["https:\/\/www.eldiario.net\/portal"],"url":"https:\/\/www.eldiario.net\/portal\/author\/jeanette\/"}]}},"_links":{"self":[{"href":"https:\/\/www.eldiario.net\/portal\/wp-json\/wp\/v2\/posts\/7268","targetHints":{"allow":["GET"]}}],"collection":[{"href":"https:\/\/www.eldiario.net\/portal\/wp-json\/wp\/v2\/posts"}],"about":[{"href":"https:\/\/www.eldiario.net\/portal\/wp-json\/wp\/v2\/types\/post"}],"author":[{"embeddable":true,"href":"https:\/\/www.eldiario.net\/portal\/wp-json\/wp\/v2\/users\/1"}],"replies":[{"embeddable":true,"href":"https:\/\/www.eldiario.net\/portal\/wp-json\/wp\/v2\/comments?post=7268"}],"version-history":[{"count":0,"href":"https:\/\/www.eldiario.net\/portal\/wp-json\/wp\/v2\/posts\/7268\/revisions"}],"wp:attachment":[{"href":"https:\/\/www.eldiario.net\/portal\/wp-json\/wp\/v2\/media?parent=7268"}],"wp:term":[{"taxonomy":"category","embeddable":true,"href":"https:\/\/www.eldiario.net\/portal\/wp-json\/wp\/v2\/categories?post=7268"},{"taxonomy":"post_tag","embeddable":true,"href":"https:\/\/www.eldiario.net\/portal\/wp-json\/wp\/v2\/tags?post=7268"}],"curies":[{"name":"wp","href":"https:\/\/api.w.org\/{rel}","templated":true}]}}