{"id":7262,"date":"2021-05-30T05:59:21","date_gmt":"2021-05-30T09:59:21","guid":{"rendered":"https:\/\/www.eldiario.net\/portal\/?p=7262"},"modified":"2021-05-30T05:59:21","modified_gmt":"2021-05-30T09:59:21","slug":"estados-unidos-vigila-dos-buques-de-guerra-iranies","status":"publish","type":"post","link":"https:\/\/www.eldiario.net\/portal\/2021\/05\/30\/estados-unidos-vigila-dos-buques-de-guerra-iranies\/","title":{"rendered":"Estados Unidos vigila dos  buques de guerra iran\u00edes"},"content":{"rendered":"<p class=\"v1MsoNormal\">Una fragata y el petrolero Makran, convertido en una base de operaciones flotante, se dirigen al sur a lo largo de la costa oriental de \u00c1frica y en Washington creen que podr\u00edan formar parte de alg\u00fan tipo de intercambio -de mercanc\u00eda o inteligencia- con el r\u00e9gimen de Maduro<\/p>\n<p class=\"v1MsoNormal\">Las agencias de seguridad nacional de los Estados Unidos est\u00e1n vigilando dos buques de guerra iran\u00edes cuyo destino final podr\u00eda ser Venezuela, seg\u00fan inform\u00f3 Pol\u00edtico, citando a tres fuentes familiarizadas con la situaci\u00f3n, en lo que ser\u00eda una provocadora jugada en un momento tenso de las relaciones entre Estados Unidos y Teher\u00e1n.<\/p>\n<p class=\"v1MsoNormal\">Una fragata iran\u00ed y el Makran, un antiguo petrolero que fue convertido en una base de operaciones flotante, se dirigen al sur a lo largo de la costa oriental de \u00c1frica. Si bien los funcionarios estadounidenses no saben con seguridad el destino de las embarcaciones, Washington cree que pueden dirigirse a Venezuela.<\/p>\n<p class=\"v1MsoNormal\">En los \u00faltimos a\u00f1os, Teher\u00e1n se ha consolidado como uno de los principales apoyos de la dictadura chavista y ya se ha transformado en uno de sus mayores socios comerciales en los sectores del combustible, la salud y alimentos.<\/p>\n<p class=\"v1MsoNormal\">La alianza entre Venezuela e Ir\u00e1n naci\u00f3 con Hugo Ch\u00e1vez. La estrecha relaci\u00f3n que el fallecido presidente estableci\u00f3 con el r\u00e9gimen persa comenz\u00f3 durante la Cumbre de Jefes de Estado de los Pa\u00edses Miembros de la Organizaci\u00f3n de Pa\u00edses Exportadores de Petr\u00f3leo (OPEP) celebrada en Caracas en 2000.<\/p>\n<p class=\"v1MsoNormal\">Desde entonces y hasta poco antes de su muerte, el caudillo caribe\u00f1o viaj\u00f3 varias veces a la Rep\u00fablica Isl\u00e1mica de Ir\u00e1n, y el entonces presidente Mahmoud Ahmadinejad estuvo en Caracas al menos cinco veces. Durante este per\u00edodo se firmaron cientos de acuerdos bilaterales que abarcaban a los sectores petroleros, qu\u00edmicos, inmobiliarios y automotrices. Ch\u00e1vez dec\u00eda que su alianza con Teher\u00e1n era fundamental para su Gobierno e, incluso, lleg\u00f3 a regalarle a Ahmadinejad una r\u00e9plica de la espada de Sim\u00f3n Bol\u00edvar. Todos los que recib\u00edan una de esas- el ruso Valdimir Putin y el sirio Bashar Al Assad, por ejemplo- fueron autom\u00e1ticamente considerados amigos de Miraflores.<\/p>\n<p class=\"v1MsoNormal\">Para Maduro, aislado internacionalmente por la brutalidad de su r\u00e9gimen, Ir\u00e1n se ha convertido en uno de sus pocos aliados. Y para Teher\u00e1n, Venezuela es casi la \u00fanica puerta que le queda abierta en Latinoam\u00e9rica. As\u00ed, las relaciones entre los dos pa\u00edses se extienden al sector militar.<\/p>\n<p class=\"v1MsoNormal\">Pol\u00edtico inform\u00f3 que altos funcionarios del r\u00e9gimen chavista ya han sido advertidos de que recibir con honores los buques de guerra iran\u00edes ser\u00eda un error pero, detalla la publicaci\u00f3n, no est\u00e1 claro si Maduro ha prestado atenci\u00f3n a esa advertencia\u2026 \u201cLa sola presencia de buques de guerra iran\u00edes en el patio trasero de Estados Unidos representar\u00eda un desaf\u00edo a la autoridad estadounidense en la regi\u00f3n, y probablemente avivar\u00eda el debate en Washington sobre la decisi\u00f3n del presidente Joe Biden de reabrir las negociaciones con Teher\u00e1n\u201d, asegura el medio norteamericano.<\/p>\n<p class=\"v1MsoNormal\">El Makran, de m\u00e1s de 70 metros de largo y puesto en servicio este a\u00f1o, funciona como plataforma para misiones de guerra electr\u00f3nica y operaciones especiales, y los funcionarios iran\u00edes han presumido de las capacidades de misiles y armas del buque. Seg\u00fan han dicho, puede transportar hasta siete helic\u00f3pteros, as\u00ed como aviones no tripulados.<\/p>\n<p class=\"v1MsoNormal\">La llegada de las embarcaciones ser\u00eda especialmente inoportuna para aquellos que trabajan activamente para una disminuci\u00f3n de las tensiones entre Washington y Teher\u00e1n, y podr\u00eda frenar la posibilidad de que EEUU se reincorpore al acuerdo de 2015 para frenar el programa nuclear iran\u00ed, el Plan de Acci\u00f3n Integral Conjunto, que Donald Trump abandon\u00f3 en 2018. Esas conversaciones est\u00e1n en curso en Viena.<\/p>\n<p class=\"v1MsoNormal\">De concretarse, esta no ser\u00eda la primera vez que buques iran\u00edes llegan a la Venezuela de Maduro. Entre mayo y junio del 2020, Ir\u00e1n envi\u00f3 buques con 1,5 millones de litros de gasolina, en medio de una escasez agravada durante la pandemia de Covid-19 en la otrora potencia petrolera. Para Ir\u00e1n, los buques representan una forma de recolectar dinero para su teocracia chiita y de ejercer presi\u00f3n sobre Estados Unidos.<\/p>\n<p class=\"v1MsoNormal\">\u201cMaduro le ha abierto las puertas de Venezuela a Ir\u00e1n y a todos sus grupos terroristas, esto sin duda es la mayor amenaza para Am\u00e9rica Latina. Desde nuestro pa\u00eds operan c\u00e9lulas que promueven valores contrarios a los de la regi\u00f3n\u201d, denunci\u00f3 el canciller de Juan Guaid\u00f3 a Infobae meses atr\u00e1s. Seg\u00fan los opositores al r\u00e9gimen de Maduro, las Fuerzas Armadas Bolivarianas reciben asesoramiento de Ir\u00e1n en materia de telecomunicaciones. Se sospecha que, con apoyo iran\u00ed, el r\u00e9gimen mont\u00f3 un centro de telecomunicaciones en el Cabo de San Rom\u00e1n, en el extremo norte de Venezuela, para monitorear las telecomunicaciones a\u00e9reas y mar\u00edtimas. (Infobae)<\/p>\n","protected":false},"excerpt":{"rendered":"<p>Una fragata y el petrolero Makran, convertido en una base de operaciones flotante, se dirigen al sur a lo largo de la costa oriental de \u00c1frica y en Washington creen que podr\u00edan formar parte de alg\u00fan tipo de intercambio -de mercanc\u00eda o inteligencia- con el r\u00e9gimen de Maduro Las agencias de seguridad nacional de los [&hellip;]<\/p>\n","protected":false},"author":1,"featured_media":7263,"comment_status":"closed","ping_status":"closed","sticky":false,"template":"","format":"standard","meta":{"_acf_changed":false,"footnotes":""},"categories":[3],"tags":[],"class_list":["post-7262","post","type-post","status-publish","format-standard","has-post-thumbnail","category-internacional"],"acf":{"antetitulo":""},"yoast_head":"<!-- This site is optimized with the Yoast SEO plugin v28.3 - https:\/\/yoast.com\/product\/yoast-seo-wordpress\/ -->\n<title>Estados Unidos vigila dos buques de guerra iran\u00edes - El Diario - Bolivia<\/title>\n<meta name=\"robots\" content=\"index, follow, max-snippet:-1, max-image-preview:large, max-video-preview:-1\" \/>\n<link rel=\"canonical\" href=\"https:\/\/www.eldiario.net\/portal\/2021\/05\/30\/estados-unidos-vigila-dos-buques-de-guerra-iranies\/\" \/>\n<meta property=\"og:locale\" content=\"es_ES\" \/>\n<meta property=\"og:type\" content=\"article\" \/>\n<meta property=\"og:title\" content=\"Estados Unidos vigila dos buques de guerra iran\u00edes - El Diario - Bolivia\" \/>\n<meta property=\"og:description\" content=\"Una fragata y el petrolero Makran, convertido en una base de operaciones flotante, se dirigen al sur a lo largo de la costa oriental de \u00c1frica y en Washington creen que podr\u00edan formar parte de alg\u00fan tipo de intercambio -de mercanc\u00eda o inteligencia- con el r\u00e9gimen de Maduro Las agencias de seguridad nacional de los [&hellip;]\" \/>\n<meta property=\"og:url\" content=\"https:\/\/www.eldiario.net\/portal\/2021\/05\/30\/estados-unidos-vigila-dos-buques-de-guerra-iranies\/\" \/>\n<meta property=\"og:site_name\" content=\"El Diario - Bolivia\" \/>\n<meta property=\"article:publisher\" content=\"https:\/\/www.facebook.com\/eldiario.bolivia\/\" \/>\n<meta property=\"article:published_time\" content=\"2021-05-30T09:59:21+00:00\" \/>\n<meta property=\"og:image\" content=\"https:\/\/www.eldiario.net\/portal\/wp-content\/uploads\/2021\/05\/Buque-Makran.jpg\" \/>\n\t<meta property=\"og:image:width\" content=\"768\" \/>\n\t<meta property=\"og:image:height\" content=\"512\" \/>\n\t<meta property=\"og:image:type\" content=\"image\/jpeg\" \/>\n<meta name=\"author\" content=\"Jeanette\" \/>\n<meta name=\"twitter:card\" content=\"summary_large_image\" \/>\n<meta name=\"twitter:creator\" content=\"@eldiario_net\" \/>\n<meta name=\"twitter:site\" content=\"@eldiario_net\" \/>\n<meta name=\"twitter:label1\" content=\"Escrito por\" \/>\n\t<meta name=\"twitter:data1\" content=\"Jeanette\" \/>\n\t<meta name=\"twitter:label2\" content=\"Tiempo de lectura\" \/>\n\t<meta name=\"twitter:data2\" content=\"4 minutos\" \/>\n<script type=\"application\/ld+json\" class=\"yoast-schema-graph\">{\"@context\":\"https:\\\/\\\/schema.org\",\"@graph\":[{\"@type\":\"Article\",\"@id\":\"https:\\\/\\\/www.eldiario.net\\\/portal\\\/2021\\\/05\\\/30\\\/estados-unidos-vigila-dos-buques-de-guerra-iranies\\\/#article\",\"isPartOf\":{\"@id\":\"https:\\\/\\\/www.eldiario.net\\\/portal\\\/2021\\\/05\\\/30\\\/estados-unidos-vigila-dos-buques-de-guerra-iranies\\\/\"},\"author\":{\"name\":\"Jeanette\",\"@id\":\"https:\\\/\\\/www.eldiario.net\\\/portal\\\/#\\\/schema\\\/person\\\/f46445640444750d7d753ccd04ae01b7\"},\"headline\":\"Estados Unidos vigila dos buques de guerra iran\u00edes\",\"datePublished\":\"2021-05-30T09:59:21+00:00\",\"mainEntityOfPage\":{\"@id\":\"https:\\\/\\\/www.eldiario.net\\\/portal\\\/2021\\\/05\\\/30\\\/estados-unidos-vigila-dos-buques-de-guerra-iranies\\\/\"},\"wordCount\":855,\"publisher\":{\"@id\":\"https:\\\/\\\/www.eldiario.net\\\/portal\\\/#organization\"},\"image\":{\"@id\":\"https:\\\/\\\/www.eldiario.net\\\/portal\\\/2021\\\/05\\\/30\\\/estados-unidos-vigila-dos-buques-de-guerra-iranies\\\/#primaryimage\"},\"thumbnailUrl\":\"https:\\\/\\\/www.eldiario.net\\\/portal\\\/wp-content\\\/uploads\\\/2021\\\/05\\\/Buque-Makran.jpg\",\"articleSection\":[\"Internacional\"],\"inLanguage\":\"es\"},{\"@type\":\"WebPage\",\"@id\":\"https:\\\/\\\/www.eldiario.net\\\/portal\\\/2021\\\/05\\\/30\\\/estados-unidos-vigila-dos-buques-de-guerra-iranies\\\/\",\"url\":\"https:\\\/\\\/www.eldiario.net\\\/portal\\\/2021\\\/05\\\/30\\\/estados-unidos-vigila-dos-buques-de-guerra-iranies\\\/\",\"name\":\"Estados Unidos vigila dos buques de guerra iran\u00edes - El Diario - Bolivia\",\"isPartOf\":{\"@id\":\"https:\\\/\\\/www.eldiario.net\\\/portal\\\/#website\"},\"primaryImageOfPage\":{\"@id\":\"https:\\\/\\\/www.eldiario.net\\\/portal\\\/2021\\\/05\\\/30\\\/estados-unidos-vigila-dos-buques-de-guerra-iranies\\\/#primaryimage\"},\"image\":{\"@id\":\"https:\\\/\\\/www.eldiario.net\\\/portal\\\/2021\\\/05\\\/30\\\/estados-unidos-vigila-dos-buques-de-guerra-iranies\\\/#primaryimage\"},\"thumbnailUrl\":\"https:\\\/\\\/www.eldiario.net\\\/portal\\\/wp-content\\\/uploads\\\/2021\\\/05\\\/Buque-Makran.jpg\",\"datePublished\":\"2021-05-30T09:59:21+00:00\",\"breadcrumb\":{\"@id\":\"https:\\\/\\\/www.eldiario.net\\\/portal\\\/2021\\\/05\\\/30\\\/estados-unidos-vigila-dos-buques-de-guerra-iranies\\\/#breadcrumb\"},\"inLanguage\":\"es\",\"potentialAction\":[{\"@type\":\"ReadAction\",\"target\":[\"https:\\\/\\\/www.eldiario.net\\\/portal\\\/2021\\\/05\\\/30\\\/estados-unidos-vigila-dos-buques-de-guerra-iranies\\\/\"]}]},{\"@type\":\"ImageObject\",\"inLanguage\":\"es\",\"@id\":\"https:\\\/\\\/www.eldiario.net\\\/portal\\\/2021\\\/05\\\/30\\\/estados-unidos-vigila-dos-buques-de-guerra-iranies\\\/#primaryimage\",\"url\":\"https:\\\/\\\/www.eldiario.net\\\/portal\\\/wp-content\\\/uploads\\\/2021\\\/05\\\/Buque-Makran.jpg\",\"contentUrl\":\"https:\\\/\\\/www.eldiario.net\\\/portal\\\/wp-content\\\/uploads\\\/2021\\\/05\\\/Buque-Makran.jpg\",\"width\":768,\"height\":512},{\"@type\":\"BreadcrumbList\",\"@id\":\"https:\\\/\\\/www.eldiario.net\\\/portal\\\/2021\\\/05\\\/30\\\/estados-unidos-vigila-dos-buques-de-guerra-iranies\\\/#breadcrumb\",\"itemListElement\":[{\"@type\":\"ListItem\",\"position\":1,\"name\":\"Portada\",\"item\":\"https:\\\/\\\/www.eldiario.net\\\/portal\\\/\"},{\"@type\":\"ListItem\",\"position\":2,\"name\":\"Estados Unidos vigila dos buques de guerra iran\u00edes\"}]},{\"@type\":\"WebSite\",\"@id\":\"https:\\\/\\\/www.eldiario.net\\\/portal\\\/#website\",\"url\":\"https:\\\/\\\/www.eldiario.net\\\/portal\\\/\",\"name\":\"El Diario - Decano de la prensa nacional\",\"description\":\"El Diario - Decano de la prensa nacional\",\"publisher\":{\"@id\":\"https:\\\/\\\/www.eldiario.net\\\/portal\\\/#organization\"},\"potentialAction\":[{\"@type\":\"SearchAction\",\"target\":{\"@type\":\"EntryPoint\",\"urlTemplate\":\"https:\\\/\\\/www.eldiario.net\\\/portal\\\/?s={search_term_string}\"},\"query-input\":{\"@type\":\"PropertyValueSpecification\",\"valueRequired\":true,\"valueName\":\"search_term_string\"}}],\"inLanguage\":\"es\"},{\"@type\":\"Organization\",\"@id\":\"https:\\\/\\\/www.eldiario.net\\\/portal\\\/#organization\",\"name\":\"El Diario - Decano de la prensa nacional\",\"url\":\"https:\\\/\\\/www.eldiario.net\\\/portal\\\/\",\"logo\":{\"@type\":\"ImageObject\",\"inLanguage\":\"es\",\"@id\":\"https:\\\/\\\/www.eldiario.net\\\/portal\\\/#\\\/schema\\\/logo\\\/image\\\/\",\"url\":\"https:\\\/\\\/www.eldiario.net\\\/portal\\\/wp-content\\\/uploads\\\/2023\\\/07\\\/logo_ED.jpg\",\"contentUrl\":\"https:\\\/\\\/www.eldiario.net\\\/portal\\\/wp-content\\\/uploads\\\/2023\\\/07\\\/logo_ED.jpg\",\"width\":272,\"height\":52,\"caption\":\"El Diario - Decano de la prensa nacional\"},\"image\":{\"@id\":\"https:\\\/\\\/www.eldiario.net\\\/portal\\\/#\\\/schema\\\/logo\\\/image\\\/\"},\"sameAs\":[\"https:\\\/\\\/www.facebook.com\\\/eldiario.bolivia\\\/\",\"https:\\\/\\\/x.com\\\/eldiario_net\"]},{\"@type\":\"Person\",\"@id\":\"https:\\\/\\\/www.eldiario.net\\\/portal\\\/#\\\/schema\\\/person\\\/f46445640444750d7d753ccd04ae01b7\",\"name\":\"Jeanette\",\"image\":{\"@type\":\"ImageObject\",\"inLanguage\":\"es\",\"@id\":\"https:\\\/\\\/secure.gravatar.com\\\/avatar\\\/3ea2118a5f7dad2b7138b1187a6b7ee55f160b9968b66013c3a3ef39dd7e5798?s=96&d=mm&r=g\",\"url\":\"https:\\\/\\\/secure.gravatar.com\\\/avatar\\\/3ea2118a5f7dad2b7138b1187a6b7ee55f160b9968b66013c3a3ef39dd7e5798?s=96&d=mm&r=g\",\"contentUrl\":\"https:\\\/\\\/secure.gravatar.com\\\/avatar\\\/3ea2118a5f7dad2b7138b1187a6b7ee55f160b9968b66013c3a3ef39dd7e5798?s=96&d=mm&r=g\",\"caption\":\"Jeanette\"},\"sameAs\":[\"https:\\\/\\\/www.eldiario.net\\\/portal\"],\"url\":\"https:\\\/\\\/www.eldiario.net\\\/portal\\\/author\\\/jeanette\\\/\"}]}<\/script>\n<!-- \/ Yoast SEO plugin. -->","yoast_head_json":{"title":"Estados Unidos vigila dos buques de guerra iran\u00edes - El Diario - Bolivia","robots":{"index":"index","follow":"follow","max-snippet":"max-snippet:-1","max-image-preview":"max-image-preview:large","max-video-preview":"max-video-preview:-1"},"canonical":"https:\/\/www.eldiario.net\/portal\/2021\/05\/30\/estados-unidos-vigila-dos-buques-de-guerra-iranies\/","og_locale":"es_ES","og_type":"article","og_title":"Estados Unidos vigila dos buques de guerra iran\u00edes - El Diario - Bolivia","og_description":"Una fragata y el petrolero Makran, convertido en una base de operaciones flotante, se dirigen al sur a lo largo de la costa oriental de \u00c1frica y en Washington creen que podr\u00edan formar parte de alg\u00fan tipo de intercambio -de mercanc\u00eda o inteligencia- con el r\u00e9gimen de Maduro Las agencias de seguridad nacional de los [&hellip;]","og_url":"https:\/\/www.eldiario.net\/portal\/2021\/05\/30\/estados-unidos-vigila-dos-buques-de-guerra-iranies\/","og_site_name":"El Diario - Bolivia","article_publisher":"https:\/\/www.facebook.com\/eldiario.bolivia\/","article_published_time":"2021-05-30T09:59:21+00:00","og_image":[{"width":768,"height":512,"url":"https:\/\/www.eldiario.net\/portal\/wp-content\/uploads\/2021\/05\/Buque-Makran.jpg","type":"image\/jpeg"}],"author":"Jeanette","twitter_card":"summary_large_image","twitter_creator":"@eldiario_net","twitter_site":"@eldiario_net","twitter_misc":{"Escrito por":"Jeanette","Tiempo de lectura":"4 minutos"},"schema":{"@context":"https:\/\/schema.org","@graph":[{"@type":"Article","@id":"https:\/\/www.eldiario.net\/portal\/2021\/05\/30\/estados-unidos-vigila-dos-buques-de-guerra-iranies\/#article","isPartOf":{"@id":"https:\/\/www.eldiario.net\/portal\/2021\/05\/30\/estados-unidos-vigila-dos-buques-de-guerra-iranies\/"},"author":{"name":"Jeanette","@id":"https:\/\/www.eldiario.net\/portal\/#\/schema\/person\/f46445640444750d7d753ccd04ae01b7"},"headline":"Estados Unidos vigila dos buques de guerra iran\u00edes","datePublished":"2021-05-30T09:59:21+00:00","mainEntityOfPage":{"@id":"https:\/\/www.eldiario.net\/portal\/2021\/05\/30\/estados-unidos-vigila-dos-buques-de-guerra-iranies\/"},"wordCount":855,"publisher":{"@id":"https:\/\/www.eldiario.net\/portal\/#organization"},"image":{"@id":"https:\/\/www.eldiario.net\/portal\/2021\/05\/30\/estados-unidos-vigila-dos-buques-de-guerra-iranies\/#primaryimage"},"thumbnailUrl":"https:\/\/www.eldiario.net\/portal\/wp-content\/uploads\/2021\/05\/Buque-Makran.jpg","articleSection":["Internacional"],"inLanguage":"es"},{"@type":"WebPage","@id":"https:\/\/www.eldiario.net\/portal\/2021\/05\/30\/estados-unidos-vigila-dos-buques-de-guerra-iranies\/","url":"https:\/\/www.eldiario.net\/portal\/2021\/05\/30\/estados-unidos-vigila-dos-buques-de-guerra-iranies\/","name":"Estados Unidos vigila dos buques de guerra iran\u00edes - El Diario - Bolivia","isPartOf":{"@id":"https:\/\/www.eldiario.net\/portal\/#website"},"primaryImageOfPage":{"@id":"https:\/\/www.eldiario.net\/portal\/2021\/05\/30\/estados-unidos-vigila-dos-buques-de-guerra-iranies\/#primaryimage"},"image":{"@id":"https:\/\/www.eldiario.net\/portal\/2021\/05\/30\/estados-unidos-vigila-dos-buques-de-guerra-iranies\/#primaryimage"},"thumbnailUrl":"https:\/\/www.eldiario.net\/portal\/wp-content\/uploads\/2021\/05\/Buque-Makran.jpg","datePublished":"2021-05-30T09:59:21+00:00","breadcrumb":{"@id":"https:\/\/www.eldiario.net\/portal\/2021\/05\/30\/estados-unidos-vigila-dos-buques-de-guerra-iranies\/#breadcrumb"},"inLanguage":"es","potentialAction":[{"@type":"ReadAction","target":["https:\/\/www.eldiario.net\/portal\/2021\/05\/30\/estados-unidos-vigila-dos-buques-de-guerra-iranies\/"]}]},{"@type":"ImageObject","inLanguage":"es","@id":"https:\/\/www.eldiario.net\/portal\/2021\/05\/30\/estados-unidos-vigila-dos-buques-de-guerra-iranies\/#primaryimage","url":"https:\/\/www.eldiario.net\/portal\/wp-content\/uploads\/2021\/05\/Buque-Makran.jpg","contentUrl":"https:\/\/www.eldiario.net\/portal\/wp-content\/uploads\/2021\/05\/Buque-Makran.jpg","width":768,"height":512},{"@type":"BreadcrumbList","@id":"https:\/\/www.eldiario.net\/portal\/2021\/05\/30\/estados-unidos-vigila-dos-buques-de-guerra-iranies\/#breadcrumb","itemListElement":[{"@type":"ListItem","position":1,"name":"Portada","item":"https:\/\/www.eldiario.net\/portal\/"},{"@type":"ListItem","position":2,"name":"Estados Unidos vigila dos buques de guerra iran\u00edes"}]},{"@type":"WebSite","@id":"https:\/\/www.eldiario.net\/portal\/#website","url":"https:\/\/www.eldiario.net\/portal\/","name":"El Diario - Decano de la prensa nacional","description":"El Diario - Decano de la prensa nacional","publisher":{"@id":"https:\/\/www.eldiario.net\/portal\/#organization"},"potentialAction":[{"@type":"SearchAction","target":{"@type":"EntryPoint","urlTemplate":"https:\/\/www.eldiario.net\/portal\/?s={search_term_string}"},"query-input":{"@type":"PropertyValueSpecification","valueRequired":true,"valueName":"search_term_string"}}],"inLanguage":"es"},{"@type":"Organization","@id":"https:\/\/www.eldiario.net\/portal\/#organization","name":"El Diario - Decano de la prensa nacional","url":"https:\/\/www.eldiario.net\/portal\/","logo":{"@type":"ImageObject","inLanguage":"es","@id":"https:\/\/www.eldiario.net\/portal\/#\/schema\/logo\/image\/","url":"https:\/\/www.eldiario.net\/portal\/wp-content\/uploads\/2023\/07\/logo_ED.jpg","contentUrl":"https:\/\/www.eldiario.net\/portal\/wp-content\/uploads\/2023\/07\/logo_ED.jpg","width":272,"height":52,"caption":"El Diario - Decano de la prensa nacional"},"image":{"@id":"https:\/\/www.eldiario.net\/portal\/#\/schema\/logo\/image\/"},"sameAs":["https:\/\/www.facebook.com\/eldiario.bolivia\/","https:\/\/x.com\/eldiario_net"]},{"@type":"Person","@id":"https:\/\/www.eldiario.net\/portal\/#\/schema\/person\/f46445640444750d7d753ccd04ae01b7","name":"Jeanette","image":{"@type":"ImageObject","inLanguage":"es","@id":"https:\/\/secure.gravatar.com\/avatar\/3ea2118a5f7dad2b7138b1187a6b7ee55f160b9968b66013c3a3ef39dd7e5798?s=96&d=mm&r=g","url":"https:\/\/secure.gravatar.com\/avatar\/3ea2118a5f7dad2b7138b1187a6b7ee55f160b9968b66013c3a3ef39dd7e5798?s=96&d=mm&r=g","contentUrl":"https:\/\/secure.gravatar.com\/avatar\/3ea2118a5f7dad2b7138b1187a6b7ee55f160b9968b66013c3a3ef39dd7e5798?s=96&d=mm&r=g","caption":"Jeanette"},"sameAs":["https:\/\/www.eldiario.net\/portal"],"url":"https:\/\/www.eldiario.net\/portal\/author\/jeanette\/"}]}},"_links":{"self":[{"href":"https:\/\/www.eldiario.net\/portal\/wp-json\/wp\/v2\/posts\/7262","targetHints":{"allow":["GET"]}}],"collection":[{"href":"https:\/\/www.eldiario.net\/portal\/wp-json\/wp\/v2\/posts"}],"about":[{"href":"https:\/\/www.eldiario.net\/portal\/wp-json\/wp\/v2\/types\/post"}],"author":[{"embeddable":true,"href":"https:\/\/www.eldiario.net\/portal\/wp-json\/wp\/v2\/users\/1"}],"replies":[{"embeddable":true,"href":"https:\/\/www.eldiario.net\/portal\/wp-json\/wp\/v2\/comments?post=7262"}],"version-history":[{"count":0,"href":"https:\/\/www.eldiario.net\/portal\/wp-json\/wp\/v2\/posts\/7262\/revisions"}],"wp:featuredmedia":[{"embeddable":true,"href":"https:\/\/www.eldiario.net\/portal\/wp-json\/wp\/v2\/media\/7263"}],"wp:attachment":[{"href":"https:\/\/www.eldiario.net\/portal\/wp-json\/wp\/v2\/media?parent=7262"}],"wp:term":[{"taxonomy":"category","embeddable":true,"href":"https:\/\/www.eldiario.net\/portal\/wp-json\/wp\/v2\/categories?post=7262"},{"taxonomy":"post_tag","embeddable":true,"href":"https:\/\/www.eldiario.net\/portal\/wp-json\/wp\/v2\/tags?post=7262"}],"curies":[{"name":"wp","href":"https:\/\/api.w.org\/{rel}","templated":true}]}}