{"id":7259,"date":"2021-05-30T05:58:10","date_gmt":"2021-05-30T09:58:10","guid":{"rendered":"https:\/\/www.eldiario.net\/portal\/?p=7259"},"modified":"2021-05-30T05:58:10","modified_gmt":"2021-05-30T09:58:10","slug":"creemos-pide-mejorar-medidas-contra-pandemia","status":"publish","type":"post","link":"https:\/\/www.eldiario.net\/portal\/2021\/05\/30\/creemos-pide-mejorar-medidas-contra-pandemia\/","title":{"rendered":"Creemos pide mejorar  medidas contra pandemia"},"content":{"rendered":"<p class=\"v1MsoNormal\"><span lang=\"ES-BO\">Mediante una carta dirigida al presidente, Luis Arce Catacora, parlamentarios de la agrupaci\u00f3n Creemos, plantearon al Gobierno asumir medidas para valorar y gestionar nuevas estrategias que permitan la aplicaci\u00f3n de mejores pol\u00edticas en la lucha contra la pandemia del coronavirus.<\/span><\/p>\n<p class=\"v1MsoNormal\"><span lang=\"ES-BO\">La senadora representante del departamento de Santa Cruz, Centa Rek explic\u00f3 que,\u00a0 junto a asamble\u00edstas de Creemos, llevaron adelante una investigaci\u00f3n sobre c\u00f3mo el Gobierno ha encarado la crisis de la pandemia del coronavirus, encontrando omisiones muy graves, porque solo se ha hecho una ley, la Ley de Emergencia Sanitaria con una finalidad pol\u00edtica.<\/span><\/p>\n<p class=\"v1MsoNormal\"><span lang=\"ES-BO\">La legisladora agreg\u00f3 que un seguimiento exhaustivo al tema de las vacunas evidencia que las mismas nunca llegaron a tiempo, mucho menos en los tiempos y plazos prometidos y la poblaci\u00f3n debe pasar por una odisea para acceder a una dosis.<\/span><\/p>\n<p class=\"v1MsoNormal\"><span lang=\"ES-BO\">\u201cSe est\u00e1 vacunando a la gente cuando ya est\u00e1 contagiada, todo esto ocurre por la demora, por haber hecho las cosas tarde: son seis meses que el presidente ten\u00eda para preparar todo con respecto a la pandemia, para hacer una intervenci\u00f3n como correspond\u00eda y se la pasaron generando una ley pol\u00edtica que no sirve para nada\u201d, denunci\u00f3 Rek.<\/span><\/p>\n<p class=\"v1MsoNormal\"><span lang=\"ES-BO\">Lament\u00f3 que el gobierno con su car\u00e1cter centralista hubiese quitado competencias a los gobiernos subnacionales en la atenci\u00f3n de la pandemia y encima sean advertidos de una supuesta mala gesti\u00f3n, como hizo la Ministra de la Presidencia.\u00a0<\/span><\/p>\n<p class=\"v1MsoNormal\"><span lang=\"ES-BO\">\u201cLa profilaxis y la intervenci\u00f3n las tuvo que hacer el Gobierno que concentr\u00f3 todos los recursos, los gobiernos departamentales y municipales se est\u00e1n organizando y tienen que hacer una intervenci\u00f3n en la pandemia y exigirle la administraci\u00f3n central tambi\u00e9n lo que corresponde antes que salgan culpables\u201d, se\u00f1al\u00f3.<\/span><\/p>\n<p class=\"v1MsoNormal\"><span lang=\"ES-BO\">Al respecto, la carta enviada por los asamble\u00edstas de Creemos sostiene que esta situaci\u00f3n no puede continuar y menos seguir en el tenor de respuestas evasivas sin planes precisos y carentes de orientaci\u00f3n cient\u00edfica, nuestras observaciones vienen en el sentido de que cuando no hay planificaci\u00f3n los resultados no pueden ser otros que el caos, la desinformaci\u00f3n y la incertidumbre.<\/span><\/p>\n<p class=\"v1MsoNormal\"><span lang=\"ES-BO\">Rek, explic\u00f3 que la idea central de la propuesta es que la lucha contra el\u00a0 Covid-19 debe ser librada por todos los sectores nacionales y subnacionales en su conjunto, sin politizar ninguna de las acciones porque por ello se est\u00e1n cometiendo graves omisiones, errores.<\/span><\/p>\n<p class=\"v1MsoNormal\"><span lang=\"ES-BO\">\u00a0<\/span><\/p>\n","protected":false},"excerpt":{"rendered":"<p>Mediante una carta dirigida al presidente, Luis Arce Catacora, parlamentarios de la agrupaci\u00f3n Creemos, plantearon al Gobierno asumir medidas para valorar y gestionar nuevas estrategias que permitan la aplicaci\u00f3n de mejores pol\u00edticas en la lucha contra la pandemia del coronavirus. La senadora representante del departamento de Santa Cruz, Centa Rek explic\u00f3 que,\u00a0 junto a asamble\u00edstas [&hellip;]<\/p>\n","protected":false},"author":1,"featured_media":7260,"comment_status":"closed","ping_status":"closed","sticky":false,"template":"","format":"standard","meta":{"_acf_changed":false,"footnotes":""},"categories":[14],"tags":[],"class_list":["post-7259","post","type-post","status-publish","format-standard","has-post-thumbnail","category-politica"],"acf":{"antetitulo":""},"yoast_head":"<!-- This site is optimized with the Yoast SEO plugin v28.3 - https:\/\/yoast.com\/product\/yoast-seo-wordpress\/ -->\n<title>Creemos pide mejorar medidas contra pandemia - El Diario - Bolivia<\/title>\n<meta name=\"robots\" content=\"index, follow, max-snippet:-1, max-image-preview:large, max-video-preview:-1\" \/>\n<link rel=\"canonical\" href=\"https:\/\/www.eldiario.net\/portal\/2021\/05\/30\/creemos-pide-mejorar-medidas-contra-pandemia\/\" \/>\n<meta property=\"og:locale\" content=\"es_ES\" \/>\n<meta property=\"og:type\" content=\"article\" \/>\n<meta property=\"og:title\" content=\"Creemos pide mejorar medidas contra pandemia - El Diario - Bolivia\" \/>\n<meta property=\"og:description\" content=\"Mediante una carta dirigida al presidente, Luis Arce Catacora, parlamentarios de la agrupaci\u00f3n Creemos, plantearon al Gobierno asumir medidas para valorar y gestionar nuevas estrategias que permitan la aplicaci\u00f3n de mejores pol\u00edticas en la lucha contra la pandemia del coronavirus. La senadora representante del departamento de Santa Cruz, Centa Rek explic\u00f3 que,\u00a0 junto a asamble\u00edstas [&hellip;]\" \/>\n<meta property=\"og:url\" content=\"https:\/\/www.eldiario.net\/portal\/2021\/05\/30\/creemos-pide-mejorar-medidas-contra-pandemia\/\" \/>\n<meta property=\"og:site_name\" content=\"El Diario - Bolivia\" \/>\n<meta property=\"article:publisher\" content=\"https:\/\/www.facebook.com\/eldiario.bolivia\/\" \/>\n<meta property=\"article:published_time\" content=\"2021-05-30T09:58:10+00:00\" \/>\n<meta property=\"og:image\" content=\"https:\/\/www.eldiario.net\/portal\/wp-content\/uploads\/2021\/05\/parlamentarias-creemos.jpg\" \/>\n\t<meta property=\"og:image:width\" content=\"1280\" \/>\n\t<meta property=\"og:image:height\" content=\"853\" \/>\n\t<meta property=\"og:image:type\" content=\"image\/jpeg\" \/>\n<meta name=\"author\" content=\"Jeanette\" \/>\n<meta name=\"twitter:card\" content=\"summary_large_image\" \/>\n<meta name=\"twitter:creator\" content=\"@eldiario_net\" \/>\n<meta name=\"twitter:site\" content=\"@eldiario_net\" \/>\n<meta name=\"twitter:label1\" content=\"Escrito por\" \/>\n\t<meta name=\"twitter:data1\" content=\"Jeanette\" \/>\n\t<meta name=\"twitter:label2\" content=\"Tiempo de lectura\" \/>\n\t<meta name=\"twitter:data2\" content=\"2 minutos\" \/>\n<script type=\"application\/ld+json\" class=\"yoast-schema-graph\">{\"@context\":\"https:\\\/\\\/schema.org\",\"@graph\":[{\"@type\":\"Article\",\"@id\":\"https:\\\/\\\/www.eldiario.net\\\/portal\\\/2021\\\/05\\\/30\\\/creemos-pide-mejorar-medidas-contra-pandemia\\\/#article\",\"isPartOf\":{\"@id\":\"https:\\\/\\\/www.eldiario.net\\\/portal\\\/2021\\\/05\\\/30\\\/creemos-pide-mejorar-medidas-contra-pandemia\\\/\"},\"author\":{\"name\":\"Jeanette\",\"@id\":\"https:\\\/\\\/www.eldiario.net\\\/portal\\\/#\\\/schema\\\/person\\\/f46445640444750d7d753ccd04ae01b7\"},\"headline\":\"Creemos pide mejorar medidas contra pandemia\",\"datePublished\":\"2021-05-30T09:58:10+00:00\",\"mainEntityOfPage\":{\"@id\":\"https:\\\/\\\/www.eldiario.net\\\/portal\\\/2021\\\/05\\\/30\\\/creemos-pide-mejorar-medidas-contra-pandemia\\\/\"},\"wordCount\":415,\"publisher\":{\"@id\":\"https:\\\/\\\/www.eldiario.net\\\/portal\\\/#organization\"},\"image\":{\"@id\":\"https:\\\/\\\/www.eldiario.net\\\/portal\\\/2021\\\/05\\\/30\\\/creemos-pide-mejorar-medidas-contra-pandemia\\\/#primaryimage\"},\"thumbnailUrl\":\"https:\\\/\\\/www.eldiario.net\\\/portal\\\/wp-content\\\/uploads\\\/2021\\\/05\\\/parlamentarias-creemos.jpg\",\"articleSection\":[\"Pol\u00edtica\"],\"inLanguage\":\"es\"},{\"@type\":\"WebPage\",\"@id\":\"https:\\\/\\\/www.eldiario.net\\\/portal\\\/2021\\\/05\\\/30\\\/creemos-pide-mejorar-medidas-contra-pandemia\\\/\",\"url\":\"https:\\\/\\\/www.eldiario.net\\\/portal\\\/2021\\\/05\\\/30\\\/creemos-pide-mejorar-medidas-contra-pandemia\\\/\",\"name\":\"Creemos pide mejorar medidas contra pandemia - El Diario - Bolivia\",\"isPartOf\":{\"@id\":\"https:\\\/\\\/www.eldiario.net\\\/portal\\\/#website\"},\"primaryImageOfPage\":{\"@id\":\"https:\\\/\\\/www.eldiario.net\\\/portal\\\/2021\\\/05\\\/30\\\/creemos-pide-mejorar-medidas-contra-pandemia\\\/#primaryimage\"},\"image\":{\"@id\":\"https:\\\/\\\/www.eldiario.net\\\/portal\\\/2021\\\/05\\\/30\\\/creemos-pide-mejorar-medidas-contra-pandemia\\\/#primaryimage\"},\"thumbnailUrl\":\"https:\\\/\\\/www.eldiario.net\\\/portal\\\/wp-content\\\/uploads\\\/2021\\\/05\\\/parlamentarias-creemos.jpg\",\"datePublished\":\"2021-05-30T09:58:10+00:00\",\"breadcrumb\":{\"@id\":\"https:\\\/\\\/www.eldiario.net\\\/portal\\\/2021\\\/05\\\/30\\\/creemos-pide-mejorar-medidas-contra-pandemia\\\/#breadcrumb\"},\"inLanguage\":\"es\",\"potentialAction\":[{\"@type\":\"ReadAction\",\"target\":[\"https:\\\/\\\/www.eldiario.net\\\/portal\\\/2021\\\/05\\\/30\\\/creemos-pide-mejorar-medidas-contra-pandemia\\\/\"]}]},{\"@type\":\"ImageObject\",\"inLanguage\":\"es\",\"@id\":\"https:\\\/\\\/www.eldiario.net\\\/portal\\\/2021\\\/05\\\/30\\\/creemos-pide-mejorar-medidas-contra-pandemia\\\/#primaryimage\",\"url\":\"https:\\\/\\\/www.eldiario.net\\\/portal\\\/wp-content\\\/uploads\\\/2021\\\/05\\\/parlamentarias-creemos.jpg\",\"contentUrl\":\"https:\\\/\\\/www.eldiario.net\\\/portal\\\/wp-content\\\/uploads\\\/2021\\\/05\\\/parlamentarias-creemos.jpg\",\"width\":1280,\"height\":853},{\"@type\":\"BreadcrumbList\",\"@id\":\"https:\\\/\\\/www.eldiario.net\\\/portal\\\/2021\\\/05\\\/30\\\/creemos-pide-mejorar-medidas-contra-pandemia\\\/#breadcrumb\",\"itemListElement\":[{\"@type\":\"ListItem\",\"position\":1,\"name\":\"Portada\",\"item\":\"https:\\\/\\\/www.eldiario.net\\\/portal\\\/\"},{\"@type\":\"ListItem\",\"position\":2,\"name\":\"Creemos pide mejorar medidas contra pandemia\"}]},{\"@type\":\"WebSite\",\"@id\":\"https:\\\/\\\/www.eldiario.net\\\/portal\\\/#website\",\"url\":\"https:\\\/\\\/www.eldiario.net\\\/portal\\\/\",\"name\":\"El Diario - Decano de la prensa nacional\",\"description\":\"El Diario - Decano de la prensa nacional\",\"publisher\":{\"@id\":\"https:\\\/\\\/www.eldiario.net\\\/portal\\\/#organization\"},\"potentialAction\":[{\"@type\":\"SearchAction\",\"target\":{\"@type\":\"EntryPoint\",\"urlTemplate\":\"https:\\\/\\\/www.eldiario.net\\\/portal\\\/?s={search_term_string}\"},\"query-input\":{\"@type\":\"PropertyValueSpecification\",\"valueRequired\":true,\"valueName\":\"search_term_string\"}}],\"inLanguage\":\"es\"},{\"@type\":\"Organization\",\"@id\":\"https:\\\/\\\/www.eldiario.net\\\/portal\\\/#organization\",\"name\":\"El Diario - Decano de la prensa nacional\",\"url\":\"https:\\\/\\\/www.eldiario.net\\\/portal\\\/\",\"logo\":{\"@type\":\"ImageObject\",\"inLanguage\":\"es\",\"@id\":\"https:\\\/\\\/www.eldiario.net\\\/portal\\\/#\\\/schema\\\/logo\\\/image\\\/\",\"url\":\"https:\\\/\\\/www.eldiario.net\\\/portal\\\/wp-content\\\/uploads\\\/2023\\\/07\\\/logo_ED.jpg\",\"contentUrl\":\"https:\\\/\\\/www.eldiario.net\\\/portal\\\/wp-content\\\/uploads\\\/2023\\\/07\\\/logo_ED.jpg\",\"width\":272,\"height\":52,\"caption\":\"El Diario - Decano de la prensa nacional\"},\"image\":{\"@id\":\"https:\\\/\\\/www.eldiario.net\\\/portal\\\/#\\\/schema\\\/logo\\\/image\\\/\"},\"sameAs\":[\"https:\\\/\\\/www.facebook.com\\\/eldiario.bolivia\\\/\",\"https:\\\/\\\/x.com\\\/eldiario_net\"]},{\"@type\":\"Person\",\"@id\":\"https:\\\/\\\/www.eldiario.net\\\/portal\\\/#\\\/schema\\\/person\\\/f46445640444750d7d753ccd04ae01b7\",\"name\":\"Jeanette\",\"image\":{\"@type\":\"ImageObject\",\"inLanguage\":\"es\",\"@id\":\"https:\\\/\\\/secure.gravatar.com\\\/avatar\\\/3ea2118a5f7dad2b7138b1187a6b7ee55f160b9968b66013c3a3ef39dd7e5798?s=96&d=mm&r=g\",\"url\":\"https:\\\/\\\/secure.gravatar.com\\\/avatar\\\/3ea2118a5f7dad2b7138b1187a6b7ee55f160b9968b66013c3a3ef39dd7e5798?s=96&d=mm&r=g\",\"contentUrl\":\"https:\\\/\\\/secure.gravatar.com\\\/avatar\\\/3ea2118a5f7dad2b7138b1187a6b7ee55f160b9968b66013c3a3ef39dd7e5798?s=96&d=mm&r=g\",\"caption\":\"Jeanette\"},\"sameAs\":[\"https:\\\/\\\/www.eldiario.net\\\/portal\"],\"url\":\"https:\\\/\\\/www.eldiario.net\\\/portal\\\/author\\\/jeanette\\\/\"}]}<\/script>\n<!-- \/ Yoast SEO plugin. -->","yoast_head_json":{"title":"Creemos pide mejorar medidas contra pandemia - El Diario - Bolivia","robots":{"index":"index","follow":"follow","max-snippet":"max-snippet:-1","max-image-preview":"max-image-preview:large","max-video-preview":"max-video-preview:-1"},"canonical":"https:\/\/www.eldiario.net\/portal\/2021\/05\/30\/creemos-pide-mejorar-medidas-contra-pandemia\/","og_locale":"es_ES","og_type":"article","og_title":"Creemos pide mejorar medidas contra pandemia - El Diario - Bolivia","og_description":"Mediante una carta dirigida al presidente, Luis Arce Catacora, parlamentarios de la agrupaci\u00f3n Creemos, plantearon al Gobierno asumir medidas para valorar y gestionar nuevas estrategias que permitan la aplicaci\u00f3n de mejores pol\u00edticas en la lucha contra la pandemia del coronavirus. La senadora representante del departamento de Santa Cruz, Centa Rek explic\u00f3 que,\u00a0 junto a asamble\u00edstas [&hellip;]","og_url":"https:\/\/www.eldiario.net\/portal\/2021\/05\/30\/creemos-pide-mejorar-medidas-contra-pandemia\/","og_site_name":"El Diario - Bolivia","article_publisher":"https:\/\/www.facebook.com\/eldiario.bolivia\/","article_published_time":"2021-05-30T09:58:10+00:00","og_image":[{"width":1280,"height":853,"url":"https:\/\/www.eldiario.net\/portal\/wp-content\/uploads\/2021\/05\/parlamentarias-creemos.jpg","type":"image\/jpeg"}],"author":"Jeanette","twitter_card":"summary_large_image","twitter_creator":"@eldiario_net","twitter_site":"@eldiario_net","twitter_misc":{"Escrito por":"Jeanette","Tiempo de lectura":"2 minutos"},"schema":{"@context":"https:\/\/schema.org","@graph":[{"@type":"Article","@id":"https:\/\/www.eldiario.net\/portal\/2021\/05\/30\/creemos-pide-mejorar-medidas-contra-pandemia\/#article","isPartOf":{"@id":"https:\/\/www.eldiario.net\/portal\/2021\/05\/30\/creemos-pide-mejorar-medidas-contra-pandemia\/"},"author":{"name":"Jeanette","@id":"https:\/\/www.eldiario.net\/portal\/#\/schema\/person\/f46445640444750d7d753ccd04ae01b7"},"headline":"Creemos pide mejorar medidas contra pandemia","datePublished":"2021-05-30T09:58:10+00:00","mainEntityOfPage":{"@id":"https:\/\/www.eldiario.net\/portal\/2021\/05\/30\/creemos-pide-mejorar-medidas-contra-pandemia\/"},"wordCount":415,"publisher":{"@id":"https:\/\/www.eldiario.net\/portal\/#organization"},"image":{"@id":"https:\/\/www.eldiario.net\/portal\/2021\/05\/30\/creemos-pide-mejorar-medidas-contra-pandemia\/#primaryimage"},"thumbnailUrl":"https:\/\/www.eldiario.net\/portal\/wp-content\/uploads\/2021\/05\/parlamentarias-creemos.jpg","articleSection":["Pol\u00edtica"],"inLanguage":"es"},{"@type":"WebPage","@id":"https:\/\/www.eldiario.net\/portal\/2021\/05\/30\/creemos-pide-mejorar-medidas-contra-pandemia\/","url":"https:\/\/www.eldiario.net\/portal\/2021\/05\/30\/creemos-pide-mejorar-medidas-contra-pandemia\/","name":"Creemos pide mejorar medidas contra pandemia - El Diario - Bolivia","isPartOf":{"@id":"https:\/\/www.eldiario.net\/portal\/#website"},"primaryImageOfPage":{"@id":"https:\/\/www.eldiario.net\/portal\/2021\/05\/30\/creemos-pide-mejorar-medidas-contra-pandemia\/#primaryimage"},"image":{"@id":"https:\/\/www.eldiario.net\/portal\/2021\/05\/30\/creemos-pide-mejorar-medidas-contra-pandemia\/#primaryimage"},"thumbnailUrl":"https:\/\/www.eldiario.net\/portal\/wp-content\/uploads\/2021\/05\/parlamentarias-creemos.jpg","datePublished":"2021-05-30T09:58:10+00:00","breadcrumb":{"@id":"https:\/\/www.eldiario.net\/portal\/2021\/05\/30\/creemos-pide-mejorar-medidas-contra-pandemia\/#breadcrumb"},"inLanguage":"es","potentialAction":[{"@type":"ReadAction","target":["https:\/\/www.eldiario.net\/portal\/2021\/05\/30\/creemos-pide-mejorar-medidas-contra-pandemia\/"]}]},{"@type":"ImageObject","inLanguage":"es","@id":"https:\/\/www.eldiario.net\/portal\/2021\/05\/30\/creemos-pide-mejorar-medidas-contra-pandemia\/#primaryimage","url":"https:\/\/www.eldiario.net\/portal\/wp-content\/uploads\/2021\/05\/parlamentarias-creemos.jpg","contentUrl":"https:\/\/www.eldiario.net\/portal\/wp-content\/uploads\/2021\/05\/parlamentarias-creemos.jpg","width":1280,"height":853},{"@type":"BreadcrumbList","@id":"https:\/\/www.eldiario.net\/portal\/2021\/05\/30\/creemos-pide-mejorar-medidas-contra-pandemia\/#breadcrumb","itemListElement":[{"@type":"ListItem","position":1,"name":"Portada","item":"https:\/\/www.eldiario.net\/portal\/"},{"@type":"ListItem","position":2,"name":"Creemos pide mejorar medidas contra pandemia"}]},{"@type":"WebSite","@id":"https:\/\/www.eldiario.net\/portal\/#website","url":"https:\/\/www.eldiario.net\/portal\/","name":"El Diario - Decano de la prensa nacional","description":"El Diario - Decano de la prensa nacional","publisher":{"@id":"https:\/\/www.eldiario.net\/portal\/#organization"},"potentialAction":[{"@type":"SearchAction","target":{"@type":"EntryPoint","urlTemplate":"https:\/\/www.eldiario.net\/portal\/?s={search_term_string}"},"query-input":{"@type":"PropertyValueSpecification","valueRequired":true,"valueName":"search_term_string"}}],"inLanguage":"es"},{"@type":"Organization","@id":"https:\/\/www.eldiario.net\/portal\/#organization","name":"El Diario - Decano de la prensa nacional","url":"https:\/\/www.eldiario.net\/portal\/","logo":{"@type":"ImageObject","inLanguage":"es","@id":"https:\/\/www.eldiario.net\/portal\/#\/schema\/logo\/image\/","url":"https:\/\/www.eldiario.net\/portal\/wp-content\/uploads\/2023\/07\/logo_ED.jpg","contentUrl":"https:\/\/www.eldiario.net\/portal\/wp-content\/uploads\/2023\/07\/logo_ED.jpg","width":272,"height":52,"caption":"El Diario - Decano de la prensa nacional"},"image":{"@id":"https:\/\/www.eldiario.net\/portal\/#\/schema\/logo\/image\/"},"sameAs":["https:\/\/www.facebook.com\/eldiario.bolivia\/","https:\/\/x.com\/eldiario_net"]},{"@type":"Person","@id":"https:\/\/www.eldiario.net\/portal\/#\/schema\/person\/f46445640444750d7d753ccd04ae01b7","name":"Jeanette","image":{"@type":"ImageObject","inLanguage":"es","@id":"https:\/\/secure.gravatar.com\/avatar\/3ea2118a5f7dad2b7138b1187a6b7ee55f160b9968b66013c3a3ef39dd7e5798?s=96&d=mm&r=g","url":"https:\/\/secure.gravatar.com\/avatar\/3ea2118a5f7dad2b7138b1187a6b7ee55f160b9968b66013c3a3ef39dd7e5798?s=96&d=mm&r=g","contentUrl":"https:\/\/secure.gravatar.com\/avatar\/3ea2118a5f7dad2b7138b1187a6b7ee55f160b9968b66013c3a3ef39dd7e5798?s=96&d=mm&r=g","caption":"Jeanette"},"sameAs":["https:\/\/www.eldiario.net\/portal"],"url":"https:\/\/www.eldiario.net\/portal\/author\/jeanette\/"}]}},"_links":{"self":[{"href":"https:\/\/www.eldiario.net\/portal\/wp-json\/wp\/v2\/posts\/7259","targetHints":{"allow":["GET"]}}],"collection":[{"href":"https:\/\/www.eldiario.net\/portal\/wp-json\/wp\/v2\/posts"}],"about":[{"href":"https:\/\/www.eldiario.net\/portal\/wp-json\/wp\/v2\/types\/post"}],"author":[{"embeddable":true,"href":"https:\/\/www.eldiario.net\/portal\/wp-json\/wp\/v2\/users\/1"}],"replies":[{"embeddable":true,"href":"https:\/\/www.eldiario.net\/portal\/wp-json\/wp\/v2\/comments?post=7259"}],"version-history":[{"count":0,"href":"https:\/\/www.eldiario.net\/portal\/wp-json\/wp\/v2\/posts\/7259\/revisions"}],"wp:featuredmedia":[{"embeddable":true,"href":"https:\/\/www.eldiario.net\/portal\/wp-json\/wp\/v2\/media\/7260"}],"wp:attachment":[{"href":"https:\/\/www.eldiario.net\/portal\/wp-json\/wp\/v2\/media?parent=7259"}],"wp:term":[{"taxonomy":"category","embeddable":true,"href":"https:\/\/www.eldiario.net\/portal\/wp-json\/wp\/v2\/categories?post=7259"},{"taxonomy":"post_tag","embeddable":true,"href":"https:\/\/www.eldiario.net\/portal\/wp-json\/wp\/v2\/tags?post=7259"}],"curies":[{"name":"wp","href":"https:\/\/api.w.org\/{rel}","templated":true}]}}