{"id":72577,"date":"2022-03-28T05:43:49","date_gmt":"2022-03-28T09:43:49","guid":{"rendered":"https:\/\/www.eldiario.net\/portal\/?p=72577"},"modified":"2022-03-28T05:43:49","modified_gmt":"2022-03-28T09:43:49","slug":"comisaron-12-toneladas-de-alimentos-por-incumplir-normas-sanitarias","status":"publish","type":"post","link":"https:\/\/www.eldiario.net\/portal\/2022\/03\/28\/comisaron-12-toneladas-de-alimentos-por-incumplir-normas-sanitarias\/","title":{"rendered":"Comisaron 12 toneladas de alimentos   por incumplir normas sanitarias"},"content":{"rendered":"<p>El Servicio Nacional de Sanidad Agropecuaria e Inocuidad Alimentaria (Senasag) en coordinaci\u00f3n con la Aduana Nacional y otras instituciones, en un operativo realizado en el Puesto de Control \u201cAbap\u00f3\u201d del municipio de Cabezas de Santa Cruz, comis\u00f3 m\u00e1s de 12 toneladas de productos que intentaban ingresar de manera irregular al mercado nacional, incumpliendo la normativa sanitaria.<br \/>\nLa mercader\u00eda decomisada esta valuada en aproximadamente 200.000 bolivianos. Un informe de la entidad sanitaria, indica que entre los productos comisados, se tuvo 3,9 toneladas de pescado; 1,3 toneladas de carne y derivados; 1,5 toneladas de frutas; una tonelada de balanceado para mascotas; una tonelada de bebidas alcoh\u00f3licas entre vinos y cerveza y 3,3 toneladas en alimentos varios, como aceites, harina, avena, leche en polvo, durazno en lata, galletas y alfajores, que posteriormente fueron destruidos en el vertedero de \u201cAbap\u00f3\u201d.<br \/>\nEl jefe de Gabinete del Ministerio de Desarrollo Rural y Tierras, Fernando Villarroel, dio a conocer que estas acciones fueron un trabajo organizado para controlar el ingreso, regular e irregular, de alimentos a territorio nacional.<br \/>\n\u201cHemos podido ver una gran afluencia de flotas y veh\u00edculos a los que, en la inspecci\u00f3n realizada, se les comis\u00f3 bastante cantidad de producto alimenticio que quer\u00edan hacer ingresar sin cumplir con las normativas\u201d, expres\u00f3 la autoridad.<br \/>\n\u201cEsta operaci\u00f3n contribuye grandemente a la econom\u00eda formal del pa\u00eds porque aminora el contrabando. Vamos a exhortar a los servidores p\u00fablicos del Senasag a que sigan realizando esta efectiva labor en los puestos de control\u201d, acot\u00f3 Villarroel.<br \/>\nA su turno, el director Departamental del Senasag en Santa Cruz, Marco Antonio Tapia, manifest\u00f3 que la entidad trabaja coadyuvando en la lucha contra el contrabando en beneficio de la poblaci\u00f3n, protegiendo el estatus sanitario y velando por la inocuidad de los alimentos para que los ciudadanos tengan la seguridad y la certeza de que van a consumir un producto de calidad, que cuente con la autorizaci\u00f3n y registro sanitario.<\/p>\n\n","protected":false},"excerpt":{"rendered":"<p>El Servicio Nacional de Sanidad Agropecuaria e Inocuidad Alimentaria (Senasag) en coordinaci\u00f3n con la Aduana Nacional y otras instituciones, en un operativo realizado en el Puesto de Control \u201cAbap\u00f3\u201d del municipio de Cabezas de Santa Cruz, comis\u00f3 m\u00e1s de 12 toneladas de productos que intentaban ingresar de manera irregular al mercado nacional, incumpliendo la normativa [&hellip;]<\/p>\n","protected":false},"author":1,"featured_media":72578,"comment_status":"closed","ping_status":"closed","sticky":false,"template":"","format":"standard","meta":{"_acf_changed":false,"footnotes":""},"categories":[7],"tags":[],"class_list":["post-72577","post","type-post","status-publish","format-standard","has-post-thumbnail","category-economia"],"acf":{"antetitulo":""},"yoast_head":"<!-- This site is optimized with the Yoast SEO plugin v28.3 - https:\/\/yoast.com\/product\/yoast-seo-wordpress\/ -->\n<title>Comisaron 12 toneladas de alimentos  por incumplir normas sanitarias - El Diario - Bolivia<\/title>\n<meta name=\"robots\" content=\"index, follow, max-snippet:-1, max-image-preview:large, max-video-preview:-1\" \/>\n<link rel=\"canonical\" href=\"https:\/\/www.eldiario.net\/portal\/2022\/03\/28\/comisaron-12-toneladas-de-alimentos-por-incumplir-normas-sanitarias\/\" \/>\n<meta property=\"og:locale\" content=\"es_ES\" \/>\n<meta property=\"og:type\" content=\"article\" \/>\n<meta property=\"og:title\" content=\"Comisaron 12 toneladas de alimentos  por incumplir normas sanitarias - El Diario - Bolivia\" \/>\n<meta property=\"og:description\" content=\"El Servicio Nacional de Sanidad Agropecuaria e Inocuidad Alimentaria (Senasag) en coordinaci\u00f3n con la Aduana Nacional y otras instituciones, en un operativo realizado en el Puesto de Control \u201cAbap\u00f3\u201d del municipio de Cabezas de Santa Cruz, comis\u00f3 m\u00e1s de 12 toneladas de productos que intentaban ingresar de manera irregular al mercado nacional, incumpliendo la normativa [&hellip;]\" \/>\n<meta property=\"og:url\" content=\"https:\/\/www.eldiario.net\/portal\/2022\/03\/28\/comisaron-12-toneladas-de-alimentos-por-incumplir-normas-sanitarias\/\" \/>\n<meta property=\"og:site_name\" content=\"El Diario - Bolivia\" \/>\n<meta property=\"article:publisher\" content=\"https:\/\/www.facebook.com\/eldiario.bolivia\/\" \/>\n<meta property=\"article:published_time\" content=\"2022-03-28T09:43:49+00:00\" \/>\n<meta name=\"author\" content=\"Jeanette\" \/>\n<meta name=\"twitter:card\" content=\"summary_large_image\" \/>\n<meta name=\"twitter:creator\" content=\"@eldiario_net\" \/>\n<meta name=\"twitter:site\" content=\"@eldiario_net\" \/>\n<meta name=\"twitter:label1\" content=\"Escrito por\" \/>\n\t<meta name=\"twitter:data1\" content=\"Jeanette\" \/>\n\t<meta name=\"twitter:label2\" content=\"Tiempo de lectura\" \/>\n\t<meta name=\"twitter:data2\" content=\"2 minutos\" \/>\n<script type=\"application\/ld+json\" class=\"yoast-schema-graph\">{\"@context\":\"https:\\\/\\\/schema.org\",\"@graph\":[{\"@type\":\"Article\",\"@id\":\"https:\\\/\\\/www.eldiario.net\\\/portal\\\/2022\\\/03\\\/28\\\/comisaron-12-toneladas-de-alimentos-por-incumplir-normas-sanitarias\\\/#article\",\"isPartOf\":{\"@id\":\"https:\\\/\\\/www.eldiario.net\\\/portal\\\/2022\\\/03\\\/28\\\/comisaron-12-toneladas-de-alimentos-por-incumplir-normas-sanitarias\\\/\"},\"author\":{\"name\":\"Jeanette\",\"@id\":\"https:\\\/\\\/www.eldiario.net\\\/portal\\\/#\\\/schema\\\/person\\\/f46445640444750d7d753ccd04ae01b7\"},\"headline\":\"Comisaron 12 toneladas de alimentos por incumplir normas sanitarias\",\"datePublished\":\"2022-03-28T09:43:49+00:00\",\"mainEntityOfPage\":{\"@id\":\"https:\\\/\\\/www.eldiario.net\\\/portal\\\/2022\\\/03\\\/28\\\/comisaron-12-toneladas-de-alimentos-por-incumplir-normas-sanitarias\\\/\"},\"wordCount\":334,\"publisher\":{\"@id\":\"https:\\\/\\\/www.eldiario.net\\\/portal\\\/#organization\"},\"image\":{\"@id\":\"https:\\\/\\\/www.eldiario.net\\\/portal\\\/2022\\\/03\\\/28\\\/comisaron-12-toneladas-de-alimentos-por-incumplir-normas-sanitarias\\\/#primaryimage\"},\"thumbnailUrl\":\"\",\"articleSection\":[\"Econom\u00eda\"],\"inLanguage\":\"es\"},{\"@type\":\"WebPage\",\"@id\":\"https:\\\/\\\/www.eldiario.net\\\/portal\\\/2022\\\/03\\\/28\\\/comisaron-12-toneladas-de-alimentos-por-incumplir-normas-sanitarias\\\/\",\"url\":\"https:\\\/\\\/www.eldiario.net\\\/portal\\\/2022\\\/03\\\/28\\\/comisaron-12-toneladas-de-alimentos-por-incumplir-normas-sanitarias\\\/\",\"name\":\"Comisaron 12 toneladas de alimentos por incumplir normas sanitarias - El Diario - Bolivia\",\"isPartOf\":{\"@id\":\"https:\\\/\\\/www.eldiario.net\\\/portal\\\/#website\"},\"primaryImageOfPage\":{\"@id\":\"https:\\\/\\\/www.eldiario.net\\\/portal\\\/2022\\\/03\\\/28\\\/comisaron-12-toneladas-de-alimentos-por-incumplir-normas-sanitarias\\\/#primaryimage\"},\"image\":{\"@id\":\"https:\\\/\\\/www.eldiario.net\\\/portal\\\/2022\\\/03\\\/28\\\/comisaron-12-toneladas-de-alimentos-por-incumplir-normas-sanitarias\\\/#primaryimage\"},\"thumbnailUrl\":\"\",\"datePublished\":\"2022-03-28T09:43:49+00:00\",\"breadcrumb\":{\"@id\":\"https:\\\/\\\/www.eldiario.net\\\/portal\\\/2022\\\/03\\\/28\\\/comisaron-12-toneladas-de-alimentos-por-incumplir-normas-sanitarias\\\/#breadcrumb\"},\"inLanguage\":\"es\",\"potentialAction\":[{\"@type\":\"ReadAction\",\"target\":[\"https:\\\/\\\/www.eldiario.net\\\/portal\\\/2022\\\/03\\\/28\\\/comisaron-12-toneladas-de-alimentos-por-incumplir-normas-sanitarias\\\/\"]}]},{\"@type\":\"ImageObject\",\"inLanguage\":\"es\",\"@id\":\"https:\\\/\\\/www.eldiario.net\\\/portal\\\/2022\\\/03\\\/28\\\/comisaron-12-toneladas-de-alimentos-por-incumplir-normas-sanitarias\\\/#primaryimage\",\"url\":\"\",\"contentUrl\":\"\"},{\"@type\":\"BreadcrumbList\",\"@id\":\"https:\\\/\\\/www.eldiario.net\\\/portal\\\/2022\\\/03\\\/28\\\/comisaron-12-toneladas-de-alimentos-por-incumplir-normas-sanitarias\\\/#breadcrumb\",\"itemListElement\":[{\"@type\":\"ListItem\",\"position\":1,\"name\":\"Portada\",\"item\":\"https:\\\/\\\/www.eldiario.net\\\/portal\\\/\"},{\"@type\":\"ListItem\",\"position\":2,\"name\":\"Comisaron 12 toneladas de alimentos por incumplir normas sanitarias\"}]},{\"@type\":\"WebSite\",\"@id\":\"https:\\\/\\\/www.eldiario.net\\\/portal\\\/#website\",\"url\":\"https:\\\/\\\/www.eldiario.net\\\/portal\\\/\",\"name\":\"El Diario - Decano de la prensa nacional\",\"description\":\"El Diario - Decano de la prensa nacional\",\"publisher\":{\"@id\":\"https:\\\/\\\/www.eldiario.net\\\/portal\\\/#organization\"},\"potentialAction\":[{\"@type\":\"SearchAction\",\"target\":{\"@type\":\"EntryPoint\",\"urlTemplate\":\"https:\\\/\\\/www.eldiario.net\\\/portal\\\/?s={search_term_string}\"},\"query-input\":{\"@type\":\"PropertyValueSpecification\",\"valueRequired\":true,\"valueName\":\"search_term_string\"}}],\"inLanguage\":\"es\"},{\"@type\":\"Organization\",\"@id\":\"https:\\\/\\\/www.eldiario.net\\\/portal\\\/#organization\",\"name\":\"El Diario - Decano de la prensa nacional\",\"url\":\"https:\\\/\\\/www.eldiario.net\\\/portal\\\/\",\"logo\":{\"@type\":\"ImageObject\",\"inLanguage\":\"es\",\"@id\":\"https:\\\/\\\/www.eldiario.net\\\/portal\\\/#\\\/schema\\\/logo\\\/image\\\/\",\"url\":\"https:\\\/\\\/www.eldiario.net\\\/portal\\\/wp-content\\\/uploads\\\/2023\\\/07\\\/logo_ED.jpg\",\"contentUrl\":\"https:\\\/\\\/www.eldiario.net\\\/portal\\\/wp-content\\\/uploads\\\/2023\\\/07\\\/logo_ED.jpg\",\"width\":272,\"height\":52,\"caption\":\"El Diario - Decano de la prensa nacional\"},\"image\":{\"@id\":\"https:\\\/\\\/www.eldiario.net\\\/portal\\\/#\\\/schema\\\/logo\\\/image\\\/\"},\"sameAs\":[\"https:\\\/\\\/www.facebook.com\\\/eldiario.bolivia\\\/\",\"https:\\\/\\\/x.com\\\/eldiario_net\"]},{\"@type\":\"Person\",\"@id\":\"https:\\\/\\\/www.eldiario.net\\\/portal\\\/#\\\/schema\\\/person\\\/f46445640444750d7d753ccd04ae01b7\",\"name\":\"Jeanette\",\"image\":{\"@type\":\"ImageObject\",\"inLanguage\":\"es\",\"@id\":\"https:\\\/\\\/secure.gravatar.com\\\/avatar\\\/3ea2118a5f7dad2b7138b1187a6b7ee55f160b9968b66013c3a3ef39dd7e5798?s=96&d=mm&r=g\",\"url\":\"https:\\\/\\\/secure.gravatar.com\\\/avatar\\\/3ea2118a5f7dad2b7138b1187a6b7ee55f160b9968b66013c3a3ef39dd7e5798?s=96&d=mm&r=g\",\"contentUrl\":\"https:\\\/\\\/secure.gravatar.com\\\/avatar\\\/3ea2118a5f7dad2b7138b1187a6b7ee55f160b9968b66013c3a3ef39dd7e5798?s=96&d=mm&r=g\",\"caption\":\"Jeanette\"},\"sameAs\":[\"https:\\\/\\\/www.eldiario.net\\\/portal\"],\"url\":\"https:\\\/\\\/www.eldiario.net\\\/portal\\\/author\\\/jeanette\\\/\"}]}<\/script>\n<!-- \/ Yoast SEO plugin. -->","yoast_head_json":{"title":"Comisaron 12 toneladas de alimentos  por incumplir normas sanitarias - El Diario - Bolivia","robots":{"index":"index","follow":"follow","max-snippet":"max-snippet:-1","max-image-preview":"max-image-preview:large","max-video-preview":"max-video-preview:-1"},"canonical":"https:\/\/www.eldiario.net\/portal\/2022\/03\/28\/comisaron-12-toneladas-de-alimentos-por-incumplir-normas-sanitarias\/","og_locale":"es_ES","og_type":"article","og_title":"Comisaron 12 toneladas de alimentos  por incumplir normas sanitarias - El Diario - Bolivia","og_description":"El Servicio Nacional de Sanidad Agropecuaria e Inocuidad Alimentaria (Senasag) en coordinaci\u00f3n con la Aduana Nacional y otras instituciones, en un operativo realizado en el Puesto de Control \u201cAbap\u00f3\u201d del municipio de Cabezas de Santa Cruz, comis\u00f3 m\u00e1s de 12 toneladas de productos que intentaban ingresar de manera irregular al mercado nacional, incumpliendo la normativa [&hellip;]","og_url":"https:\/\/www.eldiario.net\/portal\/2022\/03\/28\/comisaron-12-toneladas-de-alimentos-por-incumplir-normas-sanitarias\/","og_site_name":"El Diario - Bolivia","article_publisher":"https:\/\/www.facebook.com\/eldiario.bolivia\/","article_published_time":"2022-03-28T09:43:49+00:00","author":"Jeanette","twitter_card":"summary_large_image","twitter_creator":"@eldiario_net","twitter_site":"@eldiario_net","twitter_misc":{"Escrito por":"Jeanette","Tiempo de lectura":"2 minutos"},"schema":{"@context":"https:\/\/schema.org","@graph":[{"@type":"Article","@id":"https:\/\/www.eldiario.net\/portal\/2022\/03\/28\/comisaron-12-toneladas-de-alimentos-por-incumplir-normas-sanitarias\/#article","isPartOf":{"@id":"https:\/\/www.eldiario.net\/portal\/2022\/03\/28\/comisaron-12-toneladas-de-alimentos-por-incumplir-normas-sanitarias\/"},"author":{"name":"Jeanette","@id":"https:\/\/www.eldiario.net\/portal\/#\/schema\/person\/f46445640444750d7d753ccd04ae01b7"},"headline":"Comisaron 12 toneladas de alimentos por incumplir normas sanitarias","datePublished":"2022-03-28T09:43:49+00:00","mainEntityOfPage":{"@id":"https:\/\/www.eldiario.net\/portal\/2022\/03\/28\/comisaron-12-toneladas-de-alimentos-por-incumplir-normas-sanitarias\/"},"wordCount":334,"publisher":{"@id":"https:\/\/www.eldiario.net\/portal\/#organization"},"image":{"@id":"https:\/\/www.eldiario.net\/portal\/2022\/03\/28\/comisaron-12-toneladas-de-alimentos-por-incumplir-normas-sanitarias\/#primaryimage"},"thumbnailUrl":"","articleSection":["Econom\u00eda"],"inLanguage":"es"},{"@type":"WebPage","@id":"https:\/\/www.eldiario.net\/portal\/2022\/03\/28\/comisaron-12-toneladas-de-alimentos-por-incumplir-normas-sanitarias\/","url":"https:\/\/www.eldiario.net\/portal\/2022\/03\/28\/comisaron-12-toneladas-de-alimentos-por-incumplir-normas-sanitarias\/","name":"Comisaron 12 toneladas de alimentos por incumplir normas sanitarias - El Diario - Bolivia","isPartOf":{"@id":"https:\/\/www.eldiario.net\/portal\/#website"},"primaryImageOfPage":{"@id":"https:\/\/www.eldiario.net\/portal\/2022\/03\/28\/comisaron-12-toneladas-de-alimentos-por-incumplir-normas-sanitarias\/#primaryimage"},"image":{"@id":"https:\/\/www.eldiario.net\/portal\/2022\/03\/28\/comisaron-12-toneladas-de-alimentos-por-incumplir-normas-sanitarias\/#primaryimage"},"thumbnailUrl":"","datePublished":"2022-03-28T09:43:49+00:00","breadcrumb":{"@id":"https:\/\/www.eldiario.net\/portal\/2022\/03\/28\/comisaron-12-toneladas-de-alimentos-por-incumplir-normas-sanitarias\/#breadcrumb"},"inLanguage":"es","potentialAction":[{"@type":"ReadAction","target":["https:\/\/www.eldiario.net\/portal\/2022\/03\/28\/comisaron-12-toneladas-de-alimentos-por-incumplir-normas-sanitarias\/"]}]},{"@type":"ImageObject","inLanguage":"es","@id":"https:\/\/www.eldiario.net\/portal\/2022\/03\/28\/comisaron-12-toneladas-de-alimentos-por-incumplir-normas-sanitarias\/#primaryimage","url":"","contentUrl":""},{"@type":"BreadcrumbList","@id":"https:\/\/www.eldiario.net\/portal\/2022\/03\/28\/comisaron-12-toneladas-de-alimentos-por-incumplir-normas-sanitarias\/#breadcrumb","itemListElement":[{"@type":"ListItem","position":1,"name":"Portada","item":"https:\/\/www.eldiario.net\/portal\/"},{"@type":"ListItem","position":2,"name":"Comisaron 12 toneladas de alimentos por incumplir normas sanitarias"}]},{"@type":"WebSite","@id":"https:\/\/www.eldiario.net\/portal\/#website","url":"https:\/\/www.eldiario.net\/portal\/","name":"El Diario - Decano de la prensa nacional","description":"El Diario - Decano de la prensa nacional","publisher":{"@id":"https:\/\/www.eldiario.net\/portal\/#organization"},"potentialAction":[{"@type":"SearchAction","target":{"@type":"EntryPoint","urlTemplate":"https:\/\/www.eldiario.net\/portal\/?s={search_term_string}"},"query-input":{"@type":"PropertyValueSpecification","valueRequired":true,"valueName":"search_term_string"}}],"inLanguage":"es"},{"@type":"Organization","@id":"https:\/\/www.eldiario.net\/portal\/#organization","name":"El Diario - Decano de la prensa nacional","url":"https:\/\/www.eldiario.net\/portal\/","logo":{"@type":"ImageObject","inLanguage":"es","@id":"https:\/\/www.eldiario.net\/portal\/#\/schema\/logo\/image\/","url":"https:\/\/www.eldiario.net\/portal\/wp-content\/uploads\/2023\/07\/logo_ED.jpg","contentUrl":"https:\/\/www.eldiario.net\/portal\/wp-content\/uploads\/2023\/07\/logo_ED.jpg","width":272,"height":52,"caption":"El Diario - Decano de la prensa nacional"},"image":{"@id":"https:\/\/www.eldiario.net\/portal\/#\/schema\/logo\/image\/"},"sameAs":["https:\/\/www.facebook.com\/eldiario.bolivia\/","https:\/\/x.com\/eldiario_net"]},{"@type":"Person","@id":"https:\/\/www.eldiario.net\/portal\/#\/schema\/person\/f46445640444750d7d753ccd04ae01b7","name":"Jeanette","image":{"@type":"ImageObject","inLanguage":"es","@id":"https:\/\/secure.gravatar.com\/avatar\/3ea2118a5f7dad2b7138b1187a6b7ee55f160b9968b66013c3a3ef39dd7e5798?s=96&d=mm&r=g","url":"https:\/\/secure.gravatar.com\/avatar\/3ea2118a5f7dad2b7138b1187a6b7ee55f160b9968b66013c3a3ef39dd7e5798?s=96&d=mm&r=g","contentUrl":"https:\/\/secure.gravatar.com\/avatar\/3ea2118a5f7dad2b7138b1187a6b7ee55f160b9968b66013c3a3ef39dd7e5798?s=96&d=mm&r=g","caption":"Jeanette"},"sameAs":["https:\/\/www.eldiario.net\/portal"],"url":"https:\/\/www.eldiario.net\/portal\/author\/jeanette\/"}]}},"_links":{"self":[{"href":"https:\/\/www.eldiario.net\/portal\/wp-json\/wp\/v2\/posts\/72577","targetHints":{"allow":["GET"]}}],"collection":[{"href":"https:\/\/www.eldiario.net\/portal\/wp-json\/wp\/v2\/posts"}],"about":[{"href":"https:\/\/www.eldiario.net\/portal\/wp-json\/wp\/v2\/types\/post"}],"author":[{"embeddable":true,"href":"https:\/\/www.eldiario.net\/portal\/wp-json\/wp\/v2\/users\/1"}],"replies":[{"embeddable":true,"href":"https:\/\/www.eldiario.net\/portal\/wp-json\/wp\/v2\/comments?post=72577"}],"version-history":[{"count":0,"href":"https:\/\/www.eldiario.net\/portal\/wp-json\/wp\/v2\/posts\/72577\/revisions"}],"wp:attachment":[{"href":"https:\/\/www.eldiario.net\/portal\/wp-json\/wp\/v2\/media?parent=72577"}],"wp:term":[{"taxonomy":"category","embeddable":true,"href":"https:\/\/www.eldiario.net\/portal\/wp-json\/wp\/v2\/categories?post=72577"},{"taxonomy":"post_tag","embeddable":true,"href":"https:\/\/www.eldiario.net\/portal\/wp-json\/wp\/v2\/tags?post=72577"}],"curies":[{"name":"wp","href":"https:\/\/api.w.org\/{rel}","templated":true}]}}