{"id":72574,"date":"2022-03-28T05:42:46","date_gmt":"2022-03-28T09:42:46","guid":{"rendered":"https:\/\/www.eldiario.net\/portal\/?p=72574"},"modified":"2022-03-28T05:42:46","modified_gmt":"2022-03-28T09:42:46","slug":"mas-de-bs-21-millones-van-a-produccion-de-fruta","status":"publish","type":"post","link":"https:\/\/www.eldiario.net\/portal\/2022\/03\/28\/mas-de-bs-21-millones-van-a-produccion-de-fruta\/","title":{"rendered":"M\u00e1s de Bs 21 millones van a producci\u00f3n de fruta"},"content":{"rendered":"<p>El Ministerio de Desarrollo Rural y Tierras (MDRyT) a trav\u00e9s del Fondo Nacional de Desarrollo Rural y Tierras, firma convenios para transferencia de recursos P\u00fablico-Privados entre el Fonadin y organizaciones productoras de pi\u00f1a y banano, en el marco de los proyectos de Fortalecimiento a la Producci\u00f3n y Comercializaci\u00f3n para el Mercado Interno y Externo, en el Tr\u00f3pico de Cochabamba y Los Yungas de La Paz.<br \/>\nLos proyectos de la pi\u00f1a, as\u00ed como del fortalecimiento a la producci\u00f3n, cosecha y postcosecha de banano y pl\u00e1tano buscan fortalecer y reactivar la producci\u00f3n y comercializaci\u00f3n de estas frutas.<br \/>\nCon la implementaci\u00f3n del \u201cPrograma de Mejora de la Producci\u00f3n y Comercializaci\u00f3n de Banano y Pl\u00e1tano\u201d aprobado mediante el Decreto Supremo N\u00b0 4560, el Ministerio de Desarrollo Rural y Tierras, a trav\u00e9s del FONADIN, se ejecuta en esta regi\u00f3n del tr\u00f3pico de Cochabamba, acciones y gesti\u00f3n, para el cumplimiento y avance de los proyectos, acorde a los plazos y metas establecidas para la presente gesti\u00f3n.<br \/>\nLa firma de estos convenios para la transferencia de recursos econ\u00f3micos con la mancomunidad de municipios del tr\u00f3pico de Cochabamba y asociaciones de productores de pi\u00f1a y banano, tiene el fin de fortalecer la producci\u00f3n, cosecha y postcosecha de los cultivos frut\u00edcolas, con la compra de equipos (motorrozadoras, motofumigadoras) e insumos agr\u00edcolas (Urea, Cloruro de potasio, fosfato di am\u00f3nico y dolomita).<br \/>\nLos montos de transferencia para productores de pi\u00f1a en base a estos convenios alcanzan un total de 10.332.210,60 de bolivianos distribuidos en la Asociaci\u00f3n de Productores Agropecuarios Gualberto Villarroel (Apragvi), Asociaci\u00f3n De Productores De Pi\u00f1a Mariposas (Aspropi) y la Asociaci\u00f3n De Productores Agroecol\u00f3gicos Margen Centro (Apamac); mientras que productores de banano, se beneficiaron con 11.458.812,00 distribuidos entre la Mancomunidad de Municipios del Tr\u00f3pico de Cochabamba y la Uni\u00f3n de Bananeros del Tr\u00f3pico (Uniban).<br \/>\nOmar Ortiz, director general del Fonadin, a tiempo de firmar los convenios, indic\u00f3 que estas transferencias posibilitar\u00e1n mejorar los mecanismos y calidad de la producci\u00f3n, con la compra de estos insumos y maquinaria.<br \/>\nLa autoridad indic\u00f3 que este esfuerzo es realizado con recursos propios del Estado, ya que son recursos provenientes del Tesoro General de la Naci\u00f3n (TGN), con el fin de mejorar la calidad, cantidad y variedad de la producci\u00f3n bananera y pi\u00f1era, para incrementar las exportaciones y generar econom\u00eda en m\u00e1s de 5.000 familias productoras de banano y m\u00e1s de 2.000 familias productoras de pi\u00f1a.<br \/>\nA su turno, el director ejecutivo de la mancomunidad de municipios del tr\u00f3pico, Hern\u00e1n Zegarra, agradeci\u00f3 y resalt\u00f3 el trabajo continuo y coordinado que el Fonadin realiza en la regi\u00f3n, con la ejecuci\u00f3n de diversos proyectos, para beneficio de las familias.<\/p>\n","protected":false},"excerpt":{"rendered":"<p>El Ministerio de Desarrollo Rural y Tierras (MDRyT) a trav\u00e9s del Fondo Nacional de Desarrollo Rural y Tierras, firma convenios para transferencia de recursos P\u00fablico-Privados entre el Fonadin y organizaciones productoras de pi\u00f1a y banano, en el marco de los proyectos de Fortalecimiento a la Producci\u00f3n y Comercializaci\u00f3n para el Mercado Interno y Externo, en [&hellip;]<\/p>\n","protected":false},"author":1,"featured_media":72575,"comment_status":"closed","ping_status":"closed","sticky":false,"template":"","format":"standard","meta":{"_acf_changed":false,"footnotes":""},"categories":[7],"tags":[],"class_list":["post-72574","post","type-post","status-publish","format-standard","has-post-thumbnail","category-economia"],"acf":{"antetitulo":""},"yoast_head":"<!-- This site is optimized with the Yoast SEO plugin v28.3 - https:\/\/yoast.com\/product\/yoast-seo-wordpress\/ -->\n<title>M\u00e1s de Bs 21 millones van a producci\u00f3n de fruta - El Diario - Bolivia<\/title>\n<meta name=\"robots\" content=\"index, follow, max-snippet:-1, max-image-preview:large, max-video-preview:-1\" \/>\n<link rel=\"canonical\" href=\"https:\/\/www.eldiario.net\/portal\/2022\/03\/28\/mas-de-bs-21-millones-van-a-produccion-de-fruta\/\" \/>\n<meta property=\"og:locale\" content=\"es_ES\" \/>\n<meta property=\"og:type\" content=\"article\" \/>\n<meta property=\"og:title\" content=\"M\u00e1s de Bs 21 millones van a producci\u00f3n de fruta - El Diario - Bolivia\" \/>\n<meta property=\"og:description\" content=\"El Ministerio de Desarrollo Rural y Tierras (MDRyT) a trav\u00e9s del Fondo Nacional de Desarrollo Rural y Tierras, firma convenios para transferencia de recursos P\u00fablico-Privados entre el Fonadin y organizaciones productoras de pi\u00f1a y banano, en el marco de los proyectos de Fortalecimiento a la Producci\u00f3n y Comercializaci\u00f3n para el Mercado Interno y Externo, en [&hellip;]\" \/>\n<meta property=\"og:url\" content=\"https:\/\/www.eldiario.net\/portal\/2022\/03\/28\/mas-de-bs-21-millones-van-a-produccion-de-fruta\/\" \/>\n<meta property=\"og:site_name\" content=\"El Diario - Bolivia\" \/>\n<meta property=\"article:publisher\" content=\"https:\/\/www.facebook.com\/eldiario.bolivia\/\" \/>\n<meta property=\"article:published_time\" content=\"2022-03-28T09:42:46+00:00\" \/>\n<meta name=\"author\" content=\"Jeanette\" \/>\n<meta name=\"twitter:card\" content=\"summary_large_image\" \/>\n<meta name=\"twitter:creator\" content=\"@eldiario_net\" \/>\n<meta name=\"twitter:site\" content=\"@eldiario_net\" \/>\n<meta name=\"twitter:label1\" content=\"Escrito por\" \/>\n\t<meta name=\"twitter:data1\" content=\"Jeanette\" \/>\n\t<meta name=\"twitter:label2\" content=\"Tiempo de lectura\" \/>\n\t<meta name=\"twitter:data2\" content=\"2 minutos\" \/>\n<script type=\"application\/ld+json\" class=\"yoast-schema-graph\">{\"@context\":\"https:\\\/\\\/schema.org\",\"@graph\":[{\"@type\":\"Article\",\"@id\":\"https:\\\/\\\/www.eldiario.net\\\/portal\\\/2022\\\/03\\\/28\\\/mas-de-bs-21-millones-van-a-produccion-de-fruta\\\/#article\",\"isPartOf\":{\"@id\":\"https:\\\/\\\/www.eldiario.net\\\/portal\\\/2022\\\/03\\\/28\\\/mas-de-bs-21-millones-van-a-produccion-de-fruta\\\/\"},\"author\":{\"name\":\"Jeanette\",\"@id\":\"https:\\\/\\\/www.eldiario.net\\\/portal\\\/#\\\/schema\\\/person\\\/f46445640444750d7d753ccd04ae01b7\"},\"headline\":\"M\u00e1s de Bs 21 millones van a producci\u00f3n de fruta\",\"datePublished\":\"2022-03-28T09:42:46+00:00\",\"mainEntityOfPage\":{\"@id\":\"https:\\\/\\\/www.eldiario.net\\\/portal\\\/2022\\\/03\\\/28\\\/mas-de-bs-21-millones-van-a-produccion-de-fruta\\\/\"},\"wordCount\":487,\"publisher\":{\"@id\":\"https:\\\/\\\/www.eldiario.net\\\/portal\\\/#organization\"},\"image\":{\"@id\":\"https:\\\/\\\/www.eldiario.net\\\/portal\\\/2022\\\/03\\\/28\\\/mas-de-bs-21-millones-van-a-produccion-de-fruta\\\/#primaryimage\"},\"thumbnailUrl\":\"\",\"articleSection\":[\"Econom\u00eda\"],\"inLanguage\":\"es\"},{\"@type\":\"WebPage\",\"@id\":\"https:\\\/\\\/www.eldiario.net\\\/portal\\\/2022\\\/03\\\/28\\\/mas-de-bs-21-millones-van-a-produccion-de-fruta\\\/\",\"url\":\"https:\\\/\\\/www.eldiario.net\\\/portal\\\/2022\\\/03\\\/28\\\/mas-de-bs-21-millones-van-a-produccion-de-fruta\\\/\",\"name\":\"M\u00e1s de Bs 21 millones van a producci\u00f3n de fruta - El Diario - Bolivia\",\"isPartOf\":{\"@id\":\"https:\\\/\\\/www.eldiario.net\\\/portal\\\/#website\"},\"primaryImageOfPage\":{\"@id\":\"https:\\\/\\\/www.eldiario.net\\\/portal\\\/2022\\\/03\\\/28\\\/mas-de-bs-21-millones-van-a-produccion-de-fruta\\\/#primaryimage\"},\"image\":{\"@id\":\"https:\\\/\\\/www.eldiario.net\\\/portal\\\/2022\\\/03\\\/28\\\/mas-de-bs-21-millones-van-a-produccion-de-fruta\\\/#primaryimage\"},\"thumbnailUrl\":\"\",\"datePublished\":\"2022-03-28T09:42:46+00:00\",\"breadcrumb\":{\"@id\":\"https:\\\/\\\/www.eldiario.net\\\/portal\\\/2022\\\/03\\\/28\\\/mas-de-bs-21-millones-van-a-produccion-de-fruta\\\/#breadcrumb\"},\"inLanguage\":\"es\",\"potentialAction\":[{\"@type\":\"ReadAction\",\"target\":[\"https:\\\/\\\/www.eldiario.net\\\/portal\\\/2022\\\/03\\\/28\\\/mas-de-bs-21-millones-van-a-produccion-de-fruta\\\/\"]}]},{\"@type\":\"ImageObject\",\"inLanguage\":\"es\",\"@id\":\"https:\\\/\\\/www.eldiario.net\\\/portal\\\/2022\\\/03\\\/28\\\/mas-de-bs-21-millones-van-a-produccion-de-fruta\\\/#primaryimage\",\"url\":\"\",\"contentUrl\":\"\"},{\"@type\":\"BreadcrumbList\",\"@id\":\"https:\\\/\\\/www.eldiario.net\\\/portal\\\/2022\\\/03\\\/28\\\/mas-de-bs-21-millones-van-a-produccion-de-fruta\\\/#breadcrumb\",\"itemListElement\":[{\"@type\":\"ListItem\",\"position\":1,\"name\":\"Portada\",\"item\":\"https:\\\/\\\/www.eldiario.net\\\/portal\\\/\"},{\"@type\":\"ListItem\",\"position\":2,\"name\":\"M\u00e1s de Bs 21 millones van a producci\u00f3n de fruta\"}]},{\"@type\":\"WebSite\",\"@id\":\"https:\\\/\\\/www.eldiario.net\\\/portal\\\/#website\",\"url\":\"https:\\\/\\\/www.eldiario.net\\\/portal\\\/\",\"name\":\"El Diario - Decano de la prensa nacional\",\"description\":\"El Diario - Decano de la prensa nacional\",\"publisher\":{\"@id\":\"https:\\\/\\\/www.eldiario.net\\\/portal\\\/#organization\"},\"potentialAction\":[{\"@type\":\"SearchAction\",\"target\":{\"@type\":\"EntryPoint\",\"urlTemplate\":\"https:\\\/\\\/www.eldiario.net\\\/portal\\\/?s={search_term_string}\"},\"query-input\":{\"@type\":\"PropertyValueSpecification\",\"valueRequired\":true,\"valueName\":\"search_term_string\"}}],\"inLanguage\":\"es\"},{\"@type\":\"Organization\",\"@id\":\"https:\\\/\\\/www.eldiario.net\\\/portal\\\/#organization\",\"name\":\"El Diario - Decano de la prensa nacional\",\"url\":\"https:\\\/\\\/www.eldiario.net\\\/portal\\\/\",\"logo\":{\"@type\":\"ImageObject\",\"inLanguage\":\"es\",\"@id\":\"https:\\\/\\\/www.eldiario.net\\\/portal\\\/#\\\/schema\\\/logo\\\/image\\\/\",\"url\":\"https:\\\/\\\/www.eldiario.net\\\/portal\\\/wp-content\\\/uploads\\\/2023\\\/07\\\/logo_ED.jpg\",\"contentUrl\":\"https:\\\/\\\/www.eldiario.net\\\/portal\\\/wp-content\\\/uploads\\\/2023\\\/07\\\/logo_ED.jpg\",\"width\":272,\"height\":52,\"caption\":\"El Diario - Decano de la prensa nacional\"},\"image\":{\"@id\":\"https:\\\/\\\/www.eldiario.net\\\/portal\\\/#\\\/schema\\\/logo\\\/image\\\/\"},\"sameAs\":[\"https:\\\/\\\/www.facebook.com\\\/eldiario.bolivia\\\/\",\"https:\\\/\\\/x.com\\\/eldiario_net\"]},{\"@type\":\"Person\",\"@id\":\"https:\\\/\\\/www.eldiario.net\\\/portal\\\/#\\\/schema\\\/person\\\/f46445640444750d7d753ccd04ae01b7\",\"name\":\"Jeanette\",\"image\":{\"@type\":\"ImageObject\",\"inLanguage\":\"es\",\"@id\":\"https:\\\/\\\/secure.gravatar.com\\\/avatar\\\/3ea2118a5f7dad2b7138b1187a6b7ee55f160b9968b66013c3a3ef39dd7e5798?s=96&d=mm&r=g\",\"url\":\"https:\\\/\\\/secure.gravatar.com\\\/avatar\\\/3ea2118a5f7dad2b7138b1187a6b7ee55f160b9968b66013c3a3ef39dd7e5798?s=96&d=mm&r=g\",\"contentUrl\":\"https:\\\/\\\/secure.gravatar.com\\\/avatar\\\/3ea2118a5f7dad2b7138b1187a6b7ee55f160b9968b66013c3a3ef39dd7e5798?s=96&d=mm&r=g\",\"caption\":\"Jeanette\"},\"sameAs\":[\"https:\\\/\\\/www.eldiario.net\\\/portal\"],\"url\":\"https:\\\/\\\/www.eldiario.net\\\/portal\\\/author\\\/jeanette\\\/\"}]}<\/script>\n<!-- \/ Yoast SEO plugin. -->","yoast_head_json":{"title":"M\u00e1s de Bs 21 millones van a producci\u00f3n de fruta - El Diario - Bolivia","robots":{"index":"index","follow":"follow","max-snippet":"max-snippet:-1","max-image-preview":"max-image-preview:large","max-video-preview":"max-video-preview:-1"},"canonical":"https:\/\/www.eldiario.net\/portal\/2022\/03\/28\/mas-de-bs-21-millones-van-a-produccion-de-fruta\/","og_locale":"es_ES","og_type":"article","og_title":"M\u00e1s de Bs 21 millones van a producci\u00f3n de fruta - El Diario - Bolivia","og_description":"El Ministerio de Desarrollo Rural y Tierras (MDRyT) a trav\u00e9s del Fondo Nacional de Desarrollo Rural y Tierras, firma convenios para transferencia de recursos P\u00fablico-Privados entre el Fonadin y organizaciones productoras de pi\u00f1a y banano, en el marco de los proyectos de Fortalecimiento a la Producci\u00f3n y Comercializaci\u00f3n para el Mercado Interno y Externo, en [&hellip;]","og_url":"https:\/\/www.eldiario.net\/portal\/2022\/03\/28\/mas-de-bs-21-millones-van-a-produccion-de-fruta\/","og_site_name":"El Diario - Bolivia","article_publisher":"https:\/\/www.facebook.com\/eldiario.bolivia\/","article_published_time":"2022-03-28T09:42:46+00:00","author":"Jeanette","twitter_card":"summary_large_image","twitter_creator":"@eldiario_net","twitter_site":"@eldiario_net","twitter_misc":{"Escrito por":"Jeanette","Tiempo de lectura":"2 minutos"},"schema":{"@context":"https:\/\/schema.org","@graph":[{"@type":"Article","@id":"https:\/\/www.eldiario.net\/portal\/2022\/03\/28\/mas-de-bs-21-millones-van-a-produccion-de-fruta\/#article","isPartOf":{"@id":"https:\/\/www.eldiario.net\/portal\/2022\/03\/28\/mas-de-bs-21-millones-van-a-produccion-de-fruta\/"},"author":{"name":"Jeanette","@id":"https:\/\/www.eldiario.net\/portal\/#\/schema\/person\/f46445640444750d7d753ccd04ae01b7"},"headline":"M\u00e1s de Bs 21 millones van a producci\u00f3n de fruta","datePublished":"2022-03-28T09:42:46+00:00","mainEntityOfPage":{"@id":"https:\/\/www.eldiario.net\/portal\/2022\/03\/28\/mas-de-bs-21-millones-van-a-produccion-de-fruta\/"},"wordCount":487,"publisher":{"@id":"https:\/\/www.eldiario.net\/portal\/#organization"},"image":{"@id":"https:\/\/www.eldiario.net\/portal\/2022\/03\/28\/mas-de-bs-21-millones-van-a-produccion-de-fruta\/#primaryimage"},"thumbnailUrl":"","articleSection":["Econom\u00eda"],"inLanguage":"es"},{"@type":"WebPage","@id":"https:\/\/www.eldiario.net\/portal\/2022\/03\/28\/mas-de-bs-21-millones-van-a-produccion-de-fruta\/","url":"https:\/\/www.eldiario.net\/portal\/2022\/03\/28\/mas-de-bs-21-millones-van-a-produccion-de-fruta\/","name":"M\u00e1s de Bs 21 millones van a producci\u00f3n de fruta - El Diario - Bolivia","isPartOf":{"@id":"https:\/\/www.eldiario.net\/portal\/#website"},"primaryImageOfPage":{"@id":"https:\/\/www.eldiario.net\/portal\/2022\/03\/28\/mas-de-bs-21-millones-van-a-produccion-de-fruta\/#primaryimage"},"image":{"@id":"https:\/\/www.eldiario.net\/portal\/2022\/03\/28\/mas-de-bs-21-millones-van-a-produccion-de-fruta\/#primaryimage"},"thumbnailUrl":"","datePublished":"2022-03-28T09:42:46+00:00","breadcrumb":{"@id":"https:\/\/www.eldiario.net\/portal\/2022\/03\/28\/mas-de-bs-21-millones-van-a-produccion-de-fruta\/#breadcrumb"},"inLanguage":"es","potentialAction":[{"@type":"ReadAction","target":["https:\/\/www.eldiario.net\/portal\/2022\/03\/28\/mas-de-bs-21-millones-van-a-produccion-de-fruta\/"]}]},{"@type":"ImageObject","inLanguage":"es","@id":"https:\/\/www.eldiario.net\/portal\/2022\/03\/28\/mas-de-bs-21-millones-van-a-produccion-de-fruta\/#primaryimage","url":"","contentUrl":""},{"@type":"BreadcrumbList","@id":"https:\/\/www.eldiario.net\/portal\/2022\/03\/28\/mas-de-bs-21-millones-van-a-produccion-de-fruta\/#breadcrumb","itemListElement":[{"@type":"ListItem","position":1,"name":"Portada","item":"https:\/\/www.eldiario.net\/portal\/"},{"@type":"ListItem","position":2,"name":"M\u00e1s de Bs 21 millones van a producci\u00f3n de fruta"}]},{"@type":"WebSite","@id":"https:\/\/www.eldiario.net\/portal\/#website","url":"https:\/\/www.eldiario.net\/portal\/","name":"El Diario - Decano de la prensa nacional","description":"El Diario - Decano de la prensa nacional","publisher":{"@id":"https:\/\/www.eldiario.net\/portal\/#organization"},"potentialAction":[{"@type":"SearchAction","target":{"@type":"EntryPoint","urlTemplate":"https:\/\/www.eldiario.net\/portal\/?s={search_term_string}"},"query-input":{"@type":"PropertyValueSpecification","valueRequired":true,"valueName":"search_term_string"}}],"inLanguage":"es"},{"@type":"Organization","@id":"https:\/\/www.eldiario.net\/portal\/#organization","name":"El Diario - Decano de la prensa nacional","url":"https:\/\/www.eldiario.net\/portal\/","logo":{"@type":"ImageObject","inLanguage":"es","@id":"https:\/\/www.eldiario.net\/portal\/#\/schema\/logo\/image\/","url":"https:\/\/www.eldiario.net\/portal\/wp-content\/uploads\/2023\/07\/logo_ED.jpg","contentUrl":"https:\/\/www.eldiario.net\/portal\/wp-content\/uploads\/2023\/07\/logo_ED.jpg","width":272,"height":52,"caption":"El Diario - Decano de la prensa nacional"},"image":{"@id":"https:\/\/www.eldiario.net\/portal\/#\/schema\/logo\/image\/"},"sameAs":["https:\/\/www.facebook.com\/eldiario.bolivia\/","https:\/\/x.com\/eldiario_net"]},{"@type":"Person","@id":"https:\/\/www.eldiario.net\/portal\/#\/schema\/person\/f46445640444750d7d753ccd04ae01b7","name":"Jeanette","image":{"@type":"ImageObject","inLanguage":"es","@id":"https:\/\/secure.gravatar.com\/avatar\/3ea2118a5f7dad2b7138b1187a6b7ee55f160b9968b66013c3a3ef39dd7e5798?s=96&d=mm&r=g","url":"https:\/\/secure.gravatar.com\/avatar\/3ea2118a5f7dad2b7138b1187a6b7ee55f160b9968b66013c3a3ef39dd7e5798?s=96&d=mm&r=g","contentUrl":"https:\/\/secure.gravatar.com\/avatar\/3ea2118a5f7dad2b7138b1187a6b7ee55f160b9968b66013c3a3ef39dd7e5798?s=96&d=mm&r=g","caption":"Jeanette"},"sameAs":["https:\/\/www.eldiario.net\/portal"],"url":"https:\/\/www.eldiario.net\/portal\/author\/jeanette\/"}]}},"_links":{"self":[{"href":"https:\/\/www.eldiario.net\/portal\/wp-json\/wp\/v2\/posts\/72574","targetHints":{"allow":["GET"]}}],"collection":[{"href":"https:\/\/www.eldiario.net\/portal\/wp-json\/wp\/v2\/posts"}],"about":[{"href":"https:\/\/www.eldiario.net\/portal\/wp-json\/wp\/v2\/types\/post"}],"author":[{"embeddable":true,"href":"https:\/\/www.eldiario.net\/portal\/wp-json\/wp\/v2\/users\/1"}],"replies":[{"embeddable":true,"href":"https:\/\/www.eldiario.net\/portal\/wp-json\/wp\/v2\/comments?post=72574"}],"version-history":[{"count":0,"href":"https:\/\/www.eldiario.net\/portal\/wp-json\/wp\/v2\/posts\/72574\/revisions"}],"wp:attachment":[{"href":"https:\/\/www.eldiario.net\/portal\/wp-json\/wp\/v2\/media?parent=72574"}],"wp:term":[{"taxonomy":"category","embeddable":true,"href":"https:\/\/www.eldiario.net\/portal\/wp-json\/wp\/v2\/categories?post=72574"},{"taxonomy":"post_tag","embeddable":true,"href":"https:\/\/www.eldiario.net\/portal\/wp-json\/wp\/v2\/tags?post=72574"}],"curies":[{"name":"wp","href":"https:\/\/api.w.org\/{rel}","templated":true}]}}