{"id":72570,"date":"2022-03-28T05:39:40","date_gmt":"2022-03-28T09:39:40","guid":{"rendered":"https:\/\/www.eldiario.net\/portal\/?p=72570"},"modified":"2022-03-28T05:39:40","modified_gmt":"2022-03-28T09:39:40","slug":"plantean-situar-lagunas-de-sedimentacion-y-evitar-colmatacion-del-lecho-del-lago-titicaca","status":"publish","type":"post","link":"https:\/\/www.eldiario.net\/portal\/2022\/03\/28\/plantean-situar-lagunas-de-sedimentacion-y-evitar-colmatacion-del-lecho-del-lago-titicaca\/","title":{"rendered":"Plantean situar lagunas de sedimentaci\u00f3n y  evitar colmataci\u00f3n del lecho del lago Titicaca"},"content":{"rendered":"<p>Los comunarios de la localidad de Chojasiwi plantearon situar lagunas de sedimentaci\u00f3n en la cuenca del r\u00edo Katari y evitar la colmataci\u00f3n o que se rellene con residuos s\u00f3lidos el lecho del Lago Menor del Titicaca, donde se registra una progresiva contaminaci\u00f3n ambiental.<br \/>\nLa colmataci\u00f3n de los lagos, lagunas o embalses se produce cuando la cantidad de restos s\u00f3lidos que son transportados por agua, colma o llena la capacidad que tienen estos recursos h\u00eddricos convirti\u00e9ndolos en innavegables, y donde desaparece la pesca con el riesgo de iniciarse procesos de descomposici\u00f3n por la gran cantidad de materia org\u00e1nica acumulada.<br \/>\nEl comunario de la localidad Chojasawi del municipio de Pucarani, Roberto Aruquipa visiblemente afectado por la contaminaci\u00f3n que afecta a su comunidad, propuso crear a mediano plazo lagunas de sedimentaci\u00f3n donde se pueden plantar totorales como purificadores de aguas en diferentes poblaciones, para el asentamiento de residuos s\u00f3lidos, principalmente el lodo, e impedir su ingreso al Lago Menor del Titicaca.<br \/>\nExplic\u00f3 que estas lagunas de sedimentaci\u00f3n pueden ser un complemento a las 10 plantas de tratamiento de aguas residuales anunciadas por el Gobierno y que pretende construir en municipios circundantes al lago. La construcci\u00f3n de las plantas y alcantarillado sanitario es parte de un programa de saneamiento en el marco del Plan Director de la Cuenca Katari y Lago Menor que puede beneficiar a 24 municipios.<br \/>\nSin embargo, desde el 2002 cuando se registr\u00f3 por primera vez en la regi\u00f3n de la bah\u00eda Cohana la acumulaci\u00f3n de una gran cantidad de residuos s\u00f3lidos que alarm\u00f3 a los pobladores, hasta la fecha la contaminaci\u00f3n ambiental se acrecienta por el ingreso de millones de litros de aguas residuales del El Alto, Laja y Viacha, que llegan sin un tratamiento de saneamiento por el r\u00edo Katari al Lago Menor.<br \/>\nEl Lago Titicaca con m\u00e1s de ocho mil kil\u00f3metros cuadrados de superficie, ocupa la parte septentrional del Altiplano, es compartido entre Bolivia y Per\u00fa, y est\u00e1 dividido por el Lago Menor o Wi\u00f1aymarca con una profundidad de solo cuatro metros, exceptuando la fosa de Ch\u00faa con m\u00e1s de 40 metros y el Lago Mayor o Chucuito con una profundidad de cerca de 300 metros.<br \/>\nAruquipa que representa al Comit\u00e9 de Defensa del Lago explic\u00f3 la necesidad urgente de conservar el agua dulce del Titicaca por lo que hizo un llamado para \u201cdefender la causa, porque si el lago y el r\u00edo, van a estar bien, todos se van a beneficiar\u201d.<br \/>\nEl foro debate denominado \u201cConservaci\u00f3n del Lago Titicaca\u201d organizado por el Vicerrectorado de la UMSA y realizado por el D\u00eda Mundial del Agua, la pasada semana, reuni\u00f3 a cient\u00edficos, juristas, docentes, investigadores y comunarios en el Paraninfo Universitario, que abordaron diferentes tem\u00e1ticas respecto a la contaminaci\u00f3n ambiental que se registra en el Lago Menor.<br \/>\nD\u00cdA DEL AGUA<br \/>\nEl D\u00eda Mundial del Agua se celebra cada 22 de marzo para recordar la relevancia de este l\u00edquido esencial. A pesar de que todas las actividades sociales y econ\u00f3micas dependen en gran medida del abastecimiento de agua dulce y de su calidad, cerca de 2.200 millones de personas en el mundo viven sin acceso a agua potable.<br \/>\nLa vicerrectora, Mar\u00eda Eugenia Garc\u00eda asever\u00f3 que, \u201cel agua es fundamental para la supervivencia de los seres humanos, al estar vinculada con la alimentaci\u00f3n, el suelo, el aire y la tierra\u201d. Este a\u00f1o la conmemoraci\u00f3n internacional se dedic\u00f3 a las aguas subterr\u00e1neas, \u201cpero fue por la demanda social que estamos dedicando este espacio al Lago Titicaca\u201d, a\u00f1adi\u00f3.<\/p>\n<p>LEYES OBSOLETAS<br \/>\nUno de los expositores en el foro debate, el jurista Gerardo Lanza de la carrera de Derecho de la UMSA, que present\u00f3 la ponencia \u201cLegislaci\u00f3n de sobre recursos h\u00eddricos en Bolivia\u201d, dijo que \u201clas leyes no se adec\u00faan a la realidad social en la que se est\u00e1 viviendo actualmente en el pa\u00eds y en el mundo en materia ambiental\u201d.<br \/>\nCritic\u00f3 la Ley 1333 de abril de 1992 y la calific\u00f3 de obsoleta y remarc\u00f3 que \u201csi aplicamos la normativa nacional e internacional tendr\u00edamos derecho a iniciar demandas a quienes contaminan el lago Titicaca como al Estado por el incumplimiento de deberes\u201d.<br \/>\n\u201cTenemos que conservar no solo el agua, tambi\u00e9n el medio ambiente en general por lo que se deben generar pol\u00edticas p\u00fablicas a partir del Estado para la protecci\u00f3n de la vida y la salud como lo establece la Constituci\u00f3n Pol\u00edtica\u201d, afirm\u00f3 Lanza.<\/p>\n<p>CONCLUSIONES<br \/>\nEntre las conclusiones del foro debate \u201cConservaci\u00f3n del Lago Titicaca\u201d despu\u00e9s de haberse revisado diferentes investigaciones cient\u00edficas se evidenci\u00f3 la contaminaci\u00f3n ambiental, principalmente, en el Lago Menor con el riesgo de producirse procesos de eutrofizaci\u00f3n como el ocurrido en 2015 que ocasion\u00f3 la mortandad masiva de la fauna lacustre.<br \/>\nLos procesos de eutrofizaci\u00f3n son provocados por el exceso de nutrientes en el agua, esencialmente, nitr\u00f3geno y f\u00f3sforo, procedentes de la actividad del hombre. En el foro tambi\u00e9n se comprob\u00f3 con resultados de los estudios, la presencia de metales pesados en menores cantidades que provienen de actividades mineras.<br \/>\nLos comunarios aseguraron que en el Lago Menor del Titicaca ya no es posible pescar ni habitar, porque la fauna subacu\u00e1tica ha desaparecido por la contaminaci\u00f3n del recurso h\u00eddrico, afectando a las comunidades y las islas de la regi\u00f3n, que se est\u00e1n quedando despobladas. (Edwin Conde Villarreal \u2013 Ciencia Bolivia)<\/p>\n<figure id=\"attachment_72572\" aria-describedby=\"caption-attachment-72572\" style=\"width: 300px\" class=\"wp-caption aligncenter\"><a href=\"https:\/\/www.eldiario.net\/portal\/wp-content\/uploads\/2022\/03\/11-NAL-9.jpg\"><img loading=\"lazy\" decoding=\"async\" class=\"size-medium wp-image-72572\" src=\"https:\/\/www.eldiario.net\/portal\/wp-content\/uploads\/2022\/03\/11-NAL-9-300x142.jpg\" alt=\"\" width=\"300\" height=\"142\" srcset=\"https:\/\/www.eldiario.net\/portal\/wp-content\/uploads\/2022\/03\/11-NAL-9-300x142.jpg 300w, https:\/\/www.eldiario.net\/portal\/wp-content\/uploads\/2022\/03\/11-NAL-9-1024x484.jpg 1024w, https:\/\/www.eldiario.net\/portal\/wp-content\/uploads\/2022\/03\/11-NAL-9-768x363.jpg 768w, https:\/\/www.eldiario.net\/portal\/wp-content\/uploads\/2022\/03\/11-NAL-9-696x329.jpg 696w, https:\/\/www.eldiario.net\/portal\/wp-content\/uploads\/2022\/03\/11-NAL-9-1068x505.jpg 1068w, https:\/\/www.eldiario.net\/portal\/wp-content\/uploads\/2022\/03\/11-NAL-9.jpg 1280w\" sizes=\"auto, (max-width: 300px) 100vw, 300px\" \/><\/a><figcaption id=\"caption-attachment-72572\" class=\"wp-caption-text\">UN ISLE\u00d1O DE PARITI NO USA EL MOTOR DE SU LANCHA PORQUE LOS TOTORALES SE EXPANDIERON SOBRE EL LECHO DEL LAGO. ISAAC CALLIZAYA\u00a0<\/figcaption><\/figure>\n","protected":false},"excerpt":{"rendered":"<p>Los comunarios de la localidad de Chojasiwi plantearon situar lagunas de sedimentaci\u00f3n en la cuenca del r\u00edo Katari y evitar la colmataci\u00f3n o que se rellene con residuos s\u00f3lidos el lecho del Lago Menor del Titicaca, donde se registra una progresiva contaminaci\u00f3n ambiental. La colmataci\u00f3n de los lagos, lagunas o embalses se produce cuando la [&hellip;]<\/p>\n","protected":false},"author":1,"featured_media":72571,"comment_status":"closed","ping_status":"closed","sticky":false,"template":"","format":"standard","meta":{"_acf_changed":false,"footnotes":""},"categories":[12],"tags":[],"class_list":["post-72570","post","type-post","status-publish","format-standard","has-post-thumbnail","category-nacional"],"acf":{"antetitulo":""},"yoast_head":"<!-- This site is optimized with the Yoast SEO plugin v28.3 - https:\/\/yoast.com\/product\/yoast-seo-wordpress\/ -->\n<title>Plantean situar lagunas de sedimentaci\u00f3n y evitar colmataci\u00f3n del lecho del lago Titicaca - El Diario - Bolivia<\/title>\n<meta name=\"robots\" content=\"index, follow, max-snippet:-1, max-image-preview:large, max-video-preview:-1\" \/>\n<link rel=\"canonical\" href=\"https:\/\/www.eldiario.net\/portal\/2022\/03\/28\/plantean-situar-lagunas-de-sedimentacion-y-evitar-colmatacion-del-lecho-del-lago-titicaca\/\" \/>\n<meta property=\"og:locale\" content=\"es_ES\" \/>\n<meta property=\"og:type\" content=\"article\" \/>\n<meta property=\"og:title\" content=\"Plantean situar lagunas de sedimentaci\u00f3n y evitar colmataci\u00f3n del lecho del lago Titicaca - El Diario - Bolivia\" \/>\n<meta property=\"og:description\" content=\"Los comunarios de la localidad de Chojasiwi plantearon situar lagunas de sedimentaci\u00f3n en la cuenca del r\u00edo Katari y evitar la colmataci\u00f3n o que se rellene con residuos s\u00f3lidos el lecho del Lago Menor del Titicaca, donde se registra una progresiva contaminaci\u00f3n ambiental. La colmataci\u00f3n de los lagos, lagunas o embalses se produce cuando la [&hellip;]\" \/>\n<meta property=\"og:url\" content=\"https:\/\/www.eldiario.net\/portal\/2022\/03\/28\/plantean-situar-lagunas-de-sedimentacion-y-evitar-colmatacion-del-lecho-del-lago-titicaca\/\" \/>\n<meta property=\"og:site_name\" content=\"El Diario - Bolivia\" \/>\n<meta property=\"article:publisher\" content=\"https:\/\/www.facebook.com\/eldiario.bolivia\/\" \/>\n<meta property=\"article:published_time\" content=\"2022-03-28T09:39:40+00:00\" \/>\n<meta name=\"author\" content=\"Jeanette\" \/>\n<meta name=\"twitter:card\" content=\"summary_large_image\" \/>\n<meta name=\"twitter:creator\" content=\"@eldiario_net\" \/>\n<meta name=\"twitter:site\" content=\"@eldiario_net\" \/>\n<meta name=\"twitter:label1\" content=\"Escrito por\" \/>\n\t<meta name=\"twitter:data1\" content=\"Jeanette\" \/>\n\t<meta name=\"twitter:label2\" content=\"Tiempo de lectura\" \/>\n\t<meta name=\"twitter:data2\" content=\"5 minutos\" \/>\n<script type=\"application\/ld+json\" class=\"yoast-schema-graph\">{\"@context\":\"https:\\\/\\\/schema.org\",\"@graph\":[{\"@type\":\"Article\",\"@id\":\"https:\\\/\\\/www.eldiario.net\\\/portal\\\/2022\\\/03\\\/28\\\/plantean-situar-lagunas-de-sedimentacion-y-evitar-colmatacion-del-lecho-del-lago-titicaca\\\/#article\",\"isPartOf\":{\"@id\":\"https:\\\/\\\/www.eldiario.net\\\/portal\\\/2022\\\/03\\\/28\\\/plantean-situar-lagunas-de-sedimentacion-y-evitar-colmatacion-del-lecho-del-lago-titicaca\\\/\"},\"author\":{\"name\":\"Jeanette\",\"@id\":\"https:\\\/\\\/www.eldiario.net\\\/portal\\\/#\\\/schema\\\/person\\\/f46445640444750d7d753ccd04ae01b7\"},\"headline\":\"Plantean situar lagunas de sedimentaci\u00f3n y evitar colmataci\u00f3n del lecho del lago Titicaca\",\"datePublished\":\"2022-03-28T09:39:40+00:00\",\"mainEntityOfPage\":{\"@id\":\"https:\\\/\\\/www.eldiario.net\\\/portal\\\/2022\\\/03\\\/28\\\/plantean-situar-lagunas-de-sedimentacion-y-evitar-colmatacion-del-lecho-del-lago-titicaca\\\/\"},\"wordCount\":972,\"publisher\":{\"@id\":\"https:\\\/\\\/www.eldiario.net\\\/portal\\\/#organization\"},\"image\":{\"@id\":\"https:\\\/\\\/www.eldiario.net\\\/portal\\\/2022\\\/03\\\/28\\\/plantean-situar-lagunas-de-sedimentacion-y-evitar-colmatacion-del-lecho-del-lago-titicaca\\\/#primaryimage\"},\"thumbnailUrl\":\"\",\"articleSection\":[\"Nacional\"],\"inLanguage\":\"es\"},{\"@type\":\"WebPage\",\"@id\":\"https:\\\/\\\/www.eldiario.net\\\/portal\\\/2022\\\/03\\\/28\\\/plantean-situar-lagunas-de-sedimentacion-y-evitar-colmatacion-del-lecho-del-lago-titicaca\\\/\",\"url\":\"https:\\\/\\\/www.eldiario.net\\\/portal\\\/2022\\\/03\\\/28\\\/plantean-situar-lagunas-de-sedimentacion-y-evitar-colmatacion-del-lecho-del-lago-titicaca\\\/\",\"name\":\"Plantean situar lagunas de sedimentaci\u00f3n y evitar colmataci\u00f3n del lecho del lago Titicaca - El Diario - Bolivia\",\"isPartOf\":{\"@id\":\"https:\\\/\\\/www.eldiario.net\\\/portal\\\/#website\"},\"primaryImageOfPage\":{\"@id\":\"https:\\\/\\\/www.eldiario.net\\\/portal\\\/2022\\\/03\\\/28\\\/plantean-situar-lagunas-de-sedimentacion-y-evitar-colmatacion-del-lecho-del-lago-titicaca\\\/#primaryimage\"},\"image\":{\"@id\":\"https:\\\/\\\/www.eldiario.net\\\/portal\\\/2022\\\/03\\\/28\\\/plantean-situar-lagunas-de-sedimentacion-y-evitar-colmatacion-del-lecho-del-lago-titicaca\\\/#primaryimage\"},\"thumbnailUrl\":\"\",\"datePublished\":\"2022-03-28T09:39:40+00:00\",\"breadcrumb\":{\"@id\":\"https:\\\/\\\/www.eldiario.net\\\/portal\\\/2022\\\/03\\\/28\\\/plantean-situar-lagunas-de-sedimentacion-y-evitar-colmatacion-del-lecho-del-lago-titicaca\\\/#breadcrumb\"},\"inLanguage\":\"es\",\"potentialAction\":[{\"@type\":\"ReadAction\",\"target\":[\"https:\\\/\\\/www.eldiario.net\\\/portal\\\/2022\\\/03\\\/28\\\/plantean-situar-lagunas-de-sedimentacion-y-evitar-colmatacion-del-lecho-del-lago-titicaca\\\/\"]}]},{\"@type\":\"ImageObject\",\"inLanguage\":\"es\",\"@id\":\"https:\\\/\\\/www.eldiario.net\\\/portal\\\/2022\\\/03\\\/28\\\/plantean-situar-lagunas-de-sedimentacion-y-evitar-colmatacion-del-lecho-del-lago-titicaca\\\/#primaryimage\",\"url\":\"\",\"contentUrl\":\"\"},{\"@type\":\"BreadcrumbList\",\"@id\":\"https:\\\/\\\/www.eldiario.net\\\/portal\\\/2022\\\/03\\\/28\\\/plantean-situar-lagunas-de-sedimentacion-y-evitar-colmatacion-del-lecho-del-lago-titicaca\\\/#breadcrumb\",\"itemListElement\":[{\"@type\":\"ListItem\",\"position\":1,\"name\":\"Portada\",\"item\":\"https:\\\/\\\/www.eldiario.net\\\/portal\\\/\"},{\"@type\":\"ListItem\",\"position\":2,\"name\":\"Plantean situar lagunas de sedimentaci\u00f3n y evitar colmataci\u00f3n del lecho del lago Titicaca\"}]},{\"@type\":\"WebSite\",\"@id\":\"https:\\\/\\\/www.eldiario.net\\\/portal\\\/#website\",\"url\":\"https:\\\/\\\/www.eldiario.net\\\/portal\\\/\",\"name\":\"El Diario - Decano de la prensa nacional\",\"description\":\"El Diario - Decano de la prensa nacional\",\"publisher\":{\"@id\":\"https:\\\/\\\/www.eldiario.net\\\/portal\\\/#organization\"},\"potentialAction\":[{\"@type\":\"SearchAction\",\"target\":{\"@type\":\"EntryPoint\",\"urlTemplate\":\"https:\\\/\\\/www.eldiario.net\\\/portal\\\/?s={search_term_string}\"},\"query-input\":{\"@type\":\"PropertyValueSpecification\",\"valueRequired\":true,\"valueName\":\"search_term_string\"}}],\"inLanguage\":\"es\"},{\"@type\":\"Organization\",\"@id\":\"https:\\\/\\\/www.eldiario.net\\\/portal\\\/#organization\",\"name\":\"El Diario - Decano de la prensa nacional\",\"url\":\"https:\\\/\\\/www.eldiario.net\\\/portal\\\/\",\"logo\":{\"@type\":\"ImageObject\",\"inLanguage\":\"es\",\"@id\":\"https:\\\/\\\/www.eldiario.net\\\/portal\\\/#\\\/schema\\\/logo\\\/image\\\/\",\"url\":\"https:\\\/\\\/www.eldiario.net\\\/portal\\\/wp-content\\\/uploads\\\/2023\\\/07\\\/logo_ED.jpg\",\"contentUrl\":\"https:\\\/\\\/www.eldiario.net\\\/portal\\\/wp-content\\\/uploads\\\/2023\\\/07\\\/logo_ED.jpg\",\"width\":272,\"height\":52,\"caption\":\"El Diario - Decano de la prensa nacional\"},\"image\":{\"@id\":\"https:\\\/\\\/www.eldiario.net\\\/portal\\\/#\\\/schema\\\/logo\\\/image\\\/\"},\"sameAs\":[\"https:\\\/\\\/www.facebook.com\\\/eldiario.bolivia\\\/\",\"https:\\\/\\\/x.com\\\/eldiario_net\"]},{\"@type\":\"Person\",\"@id\":\"https:\\\/\\\/www.eldiario.net\\\/portal\\\/#\\\/schema\\\/person\\\/f46445640444750d7d753ccd04ae01b7\",\"name\":\"Jeanette\",\"image\":{\"@type\":\"ImageObject\",\"inLanguage\":\"es\",\"@id\":\"https:\\\/\\\/secure.gravatar.com\\\/avatar\\\/3ea2118a5f7dad2b7138b1187a6b7ee55f160b9968b66013c3a3ef39dd7e5798?s=96&d=mm&r=g\",\"url\":\"https:\\\/\\\/secure.gravatar.com\\\/avatar\\\/3ea2118a5f7dad2b7138b1187a6b7ee55f160b9968b66013c3a3ef39dd7e5798?s=96&d=mm&r=g\",\"contentUrl\":\"https:\\\/\\\/secure.gravatar.com\\\/avatar\\\/3ea2118a5f7dad2b7138b1187a6b7ee55f160b9968b66013c3a3ef39dd7e5798?s=96&d=mm&r=g\",\"caption\":\"Jeanette\"},\"sameAs\":[\"https:\\\/\\\/www.eldiario.net\\\/portal\"],\"url\":\"https:\\\/\\\/www.eldiario.net\\\/portal\\\/author\\\/jeanette\\\/\"}]}<\/script>\n<!-- \/ Yoast SEO plugin. -->","yoast_head_json":{"title":"Plantean situar lagunas de sedimentaci\u00f3n y evitar colmataci\u00f3n del lecho del lago Titicaca - El Diario - Bolivia","robots":{"index":"index","follow":"follow","max-snippet":"max-snippet:-1","max-image-preview":"max-image-preview:large","max-video-preview":"max-video-preview:-1"},"canonical":"https:\/\/www.eldiario.net\/portal\/2022\/03\/28\/plantean-situar-lagunas-de-sedimentacion-y-evitar-colmatacion-del-lecho-del-lago-titicaca\/","og_locale":"es_ES","og_type":"article","og_title":"Plantean situar lagunas de sedimentaci\u00f3n y evitar colmataci\u00f3n del lecho del lago Titicaca - El Diario - Bolivia","og_description":"Los comunarios de la localidad de Chojasiwi plantearon situar lagunas de sedimentaci\u00f3n en la cuenca del r\u00edo Katari y evitar la colmataci\u00f3n o que se rellene con residuos s\u00f3lidos el lecho del Lago Menor del Titicaca, donde se registra una progresiva contaminaci\u00f3n ambiental. La colmataci\u00f3n de los lagos, lagunas o embalses se produce cuando la [&hellip;]","og_url":"https:\/\/www.eldiario.net\/portal\/2022\/03\/28\/plantean-situar-lagunas-de-sedimentacion-y-evitar-colmatacion-del-lecho-del-lago-titicaca\/","og_site_name":"El Diario - Bolivia","article_publisher":"https:\/\/www.facebook.com\/eldiario.bolivia\/","article_published_time":"2022-03-28T09:39:40+00:00","author":"Jeanette","twitter_card":"summary_large_image","twitter_creator":"@eldiario_net","twitter_site":"@eldiario_net","twitter_misc":{"Escrito por":"Jeanette","Tiempo de lectura":"5 minutos"},"schema":{"@context":"https:\/\/schema.org","@graph":[{"@type":"Article","@id":"https:\/\/www.eldiario.net\/portal\/2022\/03\/28\/plantean-situar-lagunas-de-sedimentacion-y-evitar-colmatacion-del-lecho-del-lago-titicaca\/#article","isPartOf":{"@id":"https:\/\/www.eldiario.net\/portal\/2022\/03\/28\/plantean-situar-lagunas-de-sedimentacion-y-evitar-colmatacion-del-lecho-del-lago-titicaca\/"},"author":{"name":"Jeanette","@id":"https:\/\/www.eldiario.net\/portal\/#\/schema\/person\/f46445640444750d7d753ccd04ae01b7"},"headline":"Plantean situar lagunas de sedimentaci\u00f3n y evitar colmataci\u00f3n del lecho del lago Titicaca","datePublished":"2022-03-28T09:39:40+00:00","mainEntityOfPage":{"@id":"https:\/\/www.eldiario.net\/portal\/2022\/03\/28\/plantean-situar-lagunas-de-sedimentacion-y-evitar-colmatacion-del-lecho-del-lago-titicaca\/"},"wordCount":972,"publisher":{"@id":"https:\/\/www.eldiario.net\/portal\/#organization"},"image":{"@id":"https:\/\/www.eldiario.net\/portal\/2022\/03\/28\/plantean-situar-lagunas-de-sedimentacion-y-evitar-colmatacion-del-lecho-del-lago-titicaca\/#primaryimage"},"thumbnailUrl":"","articleSection":["Nacional"],"inLanguage":"es"},{"@type":"WebPage","@id":"https:\/\/www.eldiario.net\/portal\/2022\/03\/28\/plantean-situar-lagunas-de-sedimentacion-y-evitar-colmatacion-del-lecho-del-lago-titicaca\/","url":"https:\/\/www.eldiario.net\/portal\/2022\/03\/28\/plantean-situar-lagunas-de-sedimentacion-y-evitar-colmatacion-del-lecho-del-lago-titicaca\/","name":"Plantean situar lagunas de sedimentaci\u00f3n y evitar colmataci\u00f3n del lecho del lago Titicaca - El Diario - Bolivia","isPartOf":{"@id":"https:\/\/www.eldiario.net\/portal\/#website"},"primaryImageOfPage":{"@id":"https:\/\/www.eldiario.net\/portal\/2022\/03\/28\/plantean-situar-lagunas-de-sedimentacion-y-evitar-colmatacion-del-lecho-del-lago-titicaca\/#primaryimage"},"image":{"@id":"https:\/\/www.eldiario.net\/portal\/2022\/03\/28\/plantean-situar-lagunas-de-sedimentacion-y-evitar-colmatacion-del-lecho-del-lago-titicaca\/#primaryimage"},"thumbnailUrl":"","datePublished":"2022-03-28T09:39:40+00:00","breadcrumb":{"@id":"https:\/\/www.eldiario.net\/portal\/2022\/03\/28\/plantean-situar-lagunas-de-sedimentacion-y-evitar-colmatacion-del-lecho-del-lago-titicaca\/#breadcrumb"},"inLanguage":"es","potentialAction":[{"@type":"ReadAction","target":["https:\/\/www.eldiario.net\/portal\/2022\/03\/28\/plantean-situar-lagunas-de-sedimentacion-y-evitar-colmatacion-del-lecho-del-lago-titicaca\/"]}]},{"@type":"ImageObject","inLanguage":"es","@id":"https:\/\/www.eldiario.net\/portal\/2022\/03\/28\/plantean-situar-lagunas-de-sedimentacion-y-evitar-colmatacion-del-lecho-del-lago-titicaca\/#primaryimage","url":"","contentUrl":""},{"@type":"BreadcrumbList","@id":"https:\/\/www.eldiario.net\/portal\/2022\/03\/28\/plantean-situar-lagunas-de-sedimentacion-y-evitar-colmatacion-del-lecho-del-lago-titicaca\/#breadcrumb","itemListElement":[{"@type":"ListItem","position":1,"name":"Portada","item":"https:\/\/www.eldiario.net\/portal\/"},{"@type":"ListItem","position":2,"name":"Plantean situar lagunas de sedimentaci\u00f3n y evitar colmataci\u00f3n del lecho del lago Titicaca"}]},{"@type":"WebSite","@id":"https:\/\/www.eldiario.net\/portal\/#website","url":"https:\/\/www.eldiario.net\/portal\/","name":"El Diario - Decano de la prensa nacional","description":"El Diario - Decano de la prensa nacional","publisher":{"@id":"https:\/\/www.eldiario.net\/portal\/#organization"},"potentialAction":[{"@type":"SearchAction","target":{"@type":"EntryPoint","urlTemplate":"https:\/\/www.eldiario.net\/portal\/?s={search_term_string}"},"query-input":{"@type":"PropertyValueSpecification","valueRequired":true,"valueName":"search_term_string"}}],"inLanguage":"es"},{"@type":"Organization","@id":"https:\/\/www.eldiario.net\/portal\/#organization","name":"El Diario - Decano de la prensa nacional","url":"https:\/\/www.eldiario.net\/portal\/","logo":{"@type":"ImageObject","inLanguage":"es","@id":"https:\/\/www.eldiario.net\/portal\/#\/schema\/logo\/image\/","url":"https:\/\/www.eldiario.net\/portal\/wp-content\/uploads\/2023\/07\/logo_ED.jpg","contentUrl":"https:\/\/www.eldiario.net\/portal\/wp-content\/uploads\/2023\/07\/logo_ED.jpg","width":272,"height":52,"caption":"El Diario - Decano de la prensa nacional"},"image":{"@id":"https:\/\/www.eldiario.net\/portal\/#\/schema\/logo\/image\/"},"sameAs":["https:\/\/www.facebook.com\/eldiario.bolivia\/","https:\/\/x.com\/eldiario_net"]},{"@type":"Person","@id":"https:\/\/www.eldiario.net\/portal\/#\/schema\/person\/f46445640444750d7d753ccd04ae01b7","name":"Jeanette","image":{"@type":"ImageObject","inLanguage":"es","@id":"https:\/\/secure.gravatar.com\/avatar\/3ea2118a5f7dad2b7138b1187a6b7ee55f160b9968b66013c3a3ef39dd7e5798?s=96&d=mm&r=g","url":"https:\/\/secure.gravatar.com\/avatar\/3ea2118a5f7dad2b7138b1187a6b7ee55f160b9968b66013c3a3ef39dd7e5798?s=96&d=mm&r=g","contentUrl":"https:\/\/secure.gravatar.com\/avatar\/3ea2118a5f7dad2b7138b1187a6b7ee55f160b9968b66013c3a3ef39dd7e5798?s=96&d=mm&r=g","caption":"Jeanette"},"sameAs":["https:\/\/www.eldiario.net\/portal"],"url":"https:\/\/www.eldiario.net\/portal\/author\/jeanette\/"}]}},"_links":{"self":[{"href":"https:\/\/www.eldiario.net\/portal\/wp-json\/wp\/v2\/posts\/72570","targetHints":{"allow":["GET"]}}],"collection":[{"href":"https:\/\/www.eldiario.net\/portal\/wp-json\/wp\/v2\/posts"}],"about":[{"href":"https:\/\/www.eldiario.net\/portal\/wp-json\/wp\/v2\/types\/post"}],"author":[{"embeddable":true,"href":"https:\/\/www.eldiario.net\/portal\/wp-json\/wp\/v2\/users\/1"}],"replies":[{"embeddable":true,"href":"https:\/\/www.eldiario.net\/portal\/wp-json\/wp\/v2\/comments?post=72570"}],"version-history":[{"count":0,"href":"https:\/\/www.eldiario.net\/portal\/wp-json\/wp\/v2\/posts\/72570\/revisions"}],"wp:attachment":[{"href":"https:\/\/www.eldiario.net\/portal\/wp-json\/wp\/v2\/media?parent=72570"}],"wp:term":[{"taxonomy":"category","embeddable":true,"href":"https:\/\/www.eldiario.net\/portal\/wp-json\/wp\/v2\/categories?post=72570"},{"taxonomy":"post_tag","embeddable":true,"href":"https:\/\/www.eldiario.net\/portal\/wp-json\/wp\/v2\/tags?post=72570"}],"curies":[{"name":"wp","href":"https:\/\/api.w.org\/{rel}","templated":true}]}}