{"id":7257,"date":"2021-05-30T05:56:44","date_gmt":"2021-05-30T09:56:44","guid":{"rendered":"https:\/\/www.eldiario.net\/portal\/?p=7257"},"modified":"2021-05-30T05:56:44","modified_gmt":"2021-05-30T09:56:44","slug":"investigan-incendio-en-casa-del-gobernador-de-chuquisaca","status":"publish","type":"post","link":"https:\/\/www.eldiario.net\/portal\/2021\/05\/30\/investigan-incendio-en-casa-del-gobernador-de-chuquisaca\/","title":{"rendered":"Investigan incendio en casa del gobernador de Chuquisaca"},"content":{"rendered":"<p>Tras el incendio reportado en el domicilio del gobernador de Chuquisaca, Dami\u00e1n Condori, funcionarios de la Polic\u00eda y Ministerio P\u00fablico fueron desplegados al lugar. De forma preliminar se sospecha que el fuego se origin\u00f3 por un cortocircuito, a pesar de que la autoridad se\u00f1al\u00f3 que el hecho se debe a un atentado contra su familia.<br \/>\nEn horas de la madrugada del s\u00e1bado se report\u00f3 que la vivienda en la que habita la primera autoridad de Chuquisaca, registr\u00f3 un incendio que en primera instancia fue denunciado como un atentado en contra de la Condori y su familia.<br \/>\nA pesar de que los primeros peritajes realizados por t\u00e9cnicos e investigadores se\u00f1alan que el fuego se inici\u00f3 por un cortocircuito, la autoridad mantiene su postura de que fue un atentado.<br \/>\n\u201cLos investigadores me dicen un cortocircuito. Bueno, yo digo que ellos determinen, pero para que haya un cortocircuito\u2026 Esta casa no es casa vieja, no estaban enchufados los artefactos, nada. No comparto algunas hip\u00f3tesis que se est\u00e1n haciendo\u201d, manifest\u00f3.<br \/>\nPor su parte, el coordinador de la Fiscal\u00eda Departamental de Chuquisaca, Carlos Andr\u00e9s Flores, inform\u00f3 que el Ministerio P\u00fablico inici\u00f3 una investigaci\u00f3n penal por delito de incendio por la quema en dos habitaciones de la casa del gobernador de Chuquisaca, Dami\u00e1n Condori, ubicada en la zona alto Sucre.<br \/>\n\u201cEl Ministerio P\u00fablico se constituy\u00f3 en la escena del hecho junto a la Polic\u00eda y Bomberos para verificar cu\u00e1les ser\u00edan las causas del incendio. Se tienen dos ambientes que fueron da\u00f1ados y en uno de ellos se habr\u00eda generado el fuego, situaci\u00f3n que se determinar\u00e1 mediante un peritaje de acuerdo con la investigaci\u00f3n, adem\u00e1s se tomar\u00e1n declaraciones de los testigos como de vecinos que presenciaron el incendio\u201d, anunci\u00f3 Flores.<br \/>\nEl Fiscal agreg\u00f3 que, no existen da\u00f1os personales a causa del siniestro, ya que la familia del gobernador Condori sali\u00f3 ilesa al percatarse de lo que estaba ocurriendo en horas de la madrugada, donde habitaban cuatro personas.<br \/>\n\u201cPara resguardar la escena del hecho y que no se contamine se precintar\u00e1 el lugar para que se pueda realizar el peritaje, trabajo que se realizar\u00e1 durante estos d\u00edas y la pr\u00f3xima semana se tendr\u00eda el resultado\u201d, agreg\u00f3.<br \/>\nDentro de este caso, la unidad de Bomberos como la Polic\u00eda realizaron el secuestro de materiales pertinentes en el lugar del hecho y el informe ser\u00e1 entregado al Ministerio P\u00fablico para que se contin\u00fae con las investigaciones y se determine las verdaderas causas del incendio.<br \/>\nEl gobernador chuquisaque\u00f1o pidi\u00f3 que contin\u00faen las investigaciones hasta que se establezca de forma precisa las causas del incendio: \u201cSabemos que las investigaciones, todo aquello, se har\u00e1n, pero no van a prosperar. En nuestro pa\u00eds estamos mal en tema de justicia\u201d, indic\u00f3.<\/p>\n","protected":false},"excerpt":{"rendered":"<p>Tras el incendio reportado en el domicilio del gobernador de Chuquisaca, Dami\u00e1n Condori, funcionarios de la Polic\u00eda y Ministerio P\u00fablico fueron desplegados al lugar. De forma preliminar se sospecha que el fuego se origin\u00f3 por un cortocircuito, a pesar de que la autoridad se\u00f1al\u00f3 que el hecho se debe a un atentado contra su familia. [&hellip;]<\/p>\n","protected":false},"author":1,"featured_media":0,"comment_status":"closed","ping_status":"closed","sticky":false,"template":"","format":"standard","meta":{"_acf_changed":false,"footnotes":""},"categories":[39],"tags":[],"class_list":["post-7257","post","type-post","status-publish","format-standard","category-sociedad"],"acf":{"antetitulo":""},"yoast_head":"<!-- This site is optimized with the Yoast SEO plugin v28.3 - https:\/\/yoast.com\/product\/yoast-seo-wordpress\/ -->\n<title>Investigan incendio en casa del gobernador de Chuquisaca - El Diario - Bolivia<\/title>\n<meta name=\"robots\" content=\"index, follow, max-snippet:-1, max-image-preview:large, max-video-preview:-1\" \/>\n<link rel=\"canonical\" href=\"https:\/\/www.eldiario.net\/portal\/2021\/05\/30\/investigan-incendio-en-casa-del-gobernador-de-chuquisaca\/\" \/>\n<meta property=\"og:locale\" content=\"es_ES\" \/>\n<meta property=\"og:type\" content=\"article\" \/>\n<meta property=\"og:title\" content=\"Investigan incendio en casa del gobernador de Chuquisaca - El Diario - Bolivia\" \/>\n<meta property=\"og:description\" content=\"Tras el incendio reportado en el domicilio del gobernador de Chuquisaca, Dami\u00e1n Condori, funcionarios de la Polic\u00eda y Ministerio P\u00fablico fueron desplegados al lugar. De forma preliminar se sospecha que el fuego se origin\u00f3 por un cortocircuito, a pesar de que la autoridad se\u00f1al\u00f3 que el hecho se debe a un atentado contra su familia. [&hellip;]\" \/>\n<meta property=\"og:url\" content=\"https:\/\/www.eldiario.net\/portal\/2021\/05\/30\/investigan-incendio-en-casa-del-gobernador-de-chuquisaca\/\" \/>\n<meta property=\"og:site_name\" content=\"El Diario - Bolivia\" \/>\n<meta property=\"article:publisher\" content=\"https:\/\/www.facebook.com\/eldiario.bolivia\/\" \/>\n<meta property=\"article:published_time\" content=\"2021-05-30T09:56:44+00:00\" \/>\n<meta name=\"author\" content=\"Jeanette\" \/>\n<meta name=\"twitter:card\" content=\"summary_large_image\" \/>\n<meta name=\"twitter:creator\" content=\"@eldiario_net\" \/>\n<meta name=\"twitter:site\" content=\"@eldiario_net\" \/>\n<meta name=\"twitter:label1\" content=\"Escrito por\" \/>\n\t<meta name=\"twitter:data1\" content=\"Jeanette\" \/>\n\t<meta name=\"twitter:label2\" content=\"Tiempo de lectura\" \/>\n\t<meta name=\"twitter:data2\" content=\"2 minutos\" \/>\n<script type=\"application\/ld+json\" class=\"yoast-schema-graph\">{\"@context\":\"https:\\\/\\\/schema.org\",\"@graph\":[{\"@type\":\"Article\",\"@id\":\"https:\\\/\\\/www.eldiario.net\\\/portal\\\/2021\\\/05\\\/30\\\/investigan-incendio-en-casa-del-gobernador-de-chuquisaca\\\/#article\",\"isPartOf\":{\"@id\":\"https:\\\/\\\/www.eldiario.net\\\/portal\\\/2021\\\/05\\\/30\\\/investigan-incendio-en-casa-del-gobernador-de-chuquisaca\\\/\"},\"author\":{\"name\":\"Jeanette\",\"@id\":\"https:\\\/\\\/www.eldiario.net\\\/portal\\\/#\\\/schema\\\/person\\\/f46445640444750d7d753ccd04ae01b7\"},\"headline\":\"Investigan incendio en casa del gobernador de Chuquisaca\",\"datePublished\":\"2021-05-30T09:56:44+00:00\",\"mainEntityOfPage\":{\"@id\":\"https:\\\/\\\/www.eldiario.net\\\/portal\\\/2021\\\/05\\\/30\\\/investigan-incendio-en-casa-del-gobernador-de-chuquisaca\\\/\"},\"wordCount\":488,\"publisher\":{\"@id\":\"https:\\\/\\\/www.eldiario.net\\\/portal\\\/#organization\"},\"articleSection\":[\"Sociedad - Seguridad\"],\"inLanguage\":\"es\"},{\"@type\":\"WebPage\",\"@id\":\"https:\\\/\\\/www.eldiario.net\\\/portal\\\/2021\\\/05\\\/30\\\/investigan-incendio-en-casa-del-gobernador-de-chuquisaca\\\/\",\"url\":\"https:\\\/\\\/www.eldiario.net\\\/portal\\\/2021\\\/05\\\/30\\\/investigan-incendio-en-casa-del-gobernador-de-chuquisaca\\\/\",\"name\":\"Investigan incendio en casa del gobernador de Chuquisaca - El Diario - Bolivia\",\"isPartOf\":{\"@id\":\"https:\\\/\\\/www.eldiario.net\\\/portal\\\/#website\"},\"datePublished\":\"2021-05-30T09:56:44+00:00\",\"breadcrumb\":{\"@id\":\"https:\\\/\\\/www.eldiario.net\\\/portal\\\/2021\\\/05\\\/30\\\/investigan-incendio-en-casa-del-gobernador-de-chuquisaca\\\/#breadcrumb\"},\"inLanguage\":\"es\",\"potentialAction\":[{\"@type\":\"ReadAction\",\"target\":[\"https:\\\/\\\/www.eldiario.net\\\/portal\\\/2021\\\/05\\\/30\\\/investigan-incendio-en-casa-del-gobernador-de-chuquisaca\\\/\"]}]},{\"@type\":\"BreadcrumbList\",\"@id\":\"https:\\\/\\\/www.eldiario.net\\\/portal\\\/2021\\\/05\\\/30\\\/investigan-incendio-en-casa-del-gobernador-de-chuquisaca\\\/#breadcrumb\",\"itemListElement\":[{\"@type\":\"ListItem\",\"position\":1,\"name\":\"Portada\",\"item\":\"https:\\\/\\\/www.eldiario.net\\\/portal\\\/\"},{\"@type\":\"ListItem\",\"position\":2,\"name\":\"Investigan incendio en casa del gobernador de Chuquisaca\"}]},{\"@type\":\"WebSite\",\"@id\":\"https:\\\/\\\/www.eldiario.net\\\/portal\\\/#website\",\"url\":\"https:\\\/\\\/www.eldiario.net\\\/portal\\\/\",\"name\":\"El Diario - Decano de la prensa nacional\",\"description\":\"El Diario - Decano de la prensa nacional\",\"publisher\":{\"@id\":\"https:\\\/\\\/www.eldiario.net\\\/portal\\\/#organization\"},\"potentialAction\":[{\"@type\":\"SearchAction\",\"target\":{\"@type\":\"EntryPoint\",\"urlTemplate\":\"https:\\\/\\\/www.eldiario.net\\\/portal\\\/?s={search_term_string}\"},\"query-input\":{\"@type\":\"PropertyValueSpecification\",\"valueRequired\":true,\"valueName\":\"search_term_string\"}}],\"inLanguage\":\"es\"},{\"@type\":\"Organization\",\"@id\":\"https:\\\/\\\/www.eldiario.net\\\/portal\\\/#organization\",\"name\":\"El Diario - Decano de la prensa nacional\",\"url\":\"https:\\\/\\\/www.eldiario.net\\\/portal\\\/\",\"logo\":{\"@type\":\"ImageObject\",\"inLanguage\":\"es\",\"@id\":\"https:\\\/\\\/www.eldiario.net\\\/portal\\\/#\\\/schema\\\/logo\\\/image\\\/\",\"url\":\"https:\\\/\\\/www.eldiario.net\\\/portal\\\/wp-content\\\/uploads\\\/2023\\\/07\\\/logo_ED.jpg\",\"contentUrl\":\"https:\\\/\\\/www.eldiario.net\\\/portal\\\/wp-content\\\/uploads\\\/2023\\\/07\\\/logo_ED.jpg\",\"width\":272,\"height\":52,\"caption\":\"El Diario - Decano de la prensa nacional\"},\"image\":{\"@id\":\"https:\\\/\\\/www.eldiario.net\\\/portal\\\/#\\\/schema\\\/logo\\\/image\\\/\"},\"sameAs\":[\"https:\\\/\\\/www.facebook.com\\\/eldiario.bolivia\\\/\",\"https:\\\/\\\/x.com\\\/eldiario_net\"]},{\"@type\":\"Person\",\"@id\":\"https:\\\/\\\/www.eldiario.net\\\/portal\\\/#\\\/schema\\\/person\\\/f46445640444750d7d753ccd04ae01b7\",\"name\":\"Jeanette\",\"image\":{\"@type\":\"ImageObject\",\"inLanguage\":\"es\",\"@id\":\"https:\\\/\\\/secure.gravatar.com\\\/avatar\\\/3ea2118a5f7dad2b7138b1187a6b7ee55f160b9968b66013c3a3ef39dd7e5798?s=96&d=mm&r=g\",\"url\":\"https:\\\/\\\/secure.gravatar.com\\\/avatar\\\/3ea2118a5f7dad2b7138b1187a6b7ee55f160b9968b66013c3a3ef39dd7e5798?s=96&d=mm&r=g\",\"contentUrl\":\"https:\\\/\\\/secure.gravatar.com\\\/avatar\\\/3ea2118a5f7dad2b7138b1187a6b7ee55f160b9968b66013c3a3ef39dd7e5798?s=96&d=mm&r=g\",\"caption\":\"Jeanette\"},\"sameAs\":[\"https:\\\/\\\/www.eldiario.net\\\/portal\"],\"url\":\"https:\\\/\\\/www.eldiario.net\\\/portal\\\/author\\\/jeanette\\\/\"}]}<\/script>\n<!-- \/ Yoast SEO plugin. -->","yoast_head_json":{"title":"Investigan incendio en casa del gobernador de Chuquisaca - El Diario - Bolivia","robots":{"index":"index","follow":"follow","max-snippet":"max-snippet:-1","max-image-preview":"max-image-preview:large","max-video-preview":"max-video-preview:-1"},"canonical":"https:\/\/www.eldiario.net\/portal\/2021\/05\/30\/investigan-incendio-en-casa-del-gobernador-de-chuquisaca\/","og_locale":"es_ES","og_type":"article","og_title":"Investigan incendio en casa del gobernador de Chuquisaca - El Diario - Bolivia","og_description":"Tras el incendio reportado en el domicilio del gobernador de Chuquisaca, Dami\u00e1n Condori, funcionarios de la Polic\u00eda y Ministerio P\u00fablico fueron desplegados al lugar. De forma preliminar se sospecha que el fuego se origin\u00f3 por un cortocircuito, a pesar de que la autoridad se\u00f1al\u00f3 que el hecho se debe a un atentado contra su familia. [&hellip;]","og_url":"https:\/\/www.eldiario.net\/portal\/2021\/05\/30\/investigan-incendio-en-casa-del-gobernador-de-chuquisaca\/","og_site_name":"El Diario - Bolivia","article_publisher":"https:\/\/www.facebook.com\/eldiario.bolivia\/","article_published_time":"2021-05-30T09:56:44+00:00","author":"Jeanette","twitter_card":"summary_large_image","twitter_creator":"@eldiario_net","twitter_site":"@eldiario_net","twitter_misc":{"Escrito por":"Jeanette","Tiempo de lectura":"2 minutos"},"schema":{"@context":"https:\/\/schema.org","@graph":[{"@type":"Article","@id":"https:\/\/www.eldiario.net\/portal\/2021\/05\/30\/investigan-incendio-en-casa-del-gobernador-de-chuquisaca\/#article","isPartOf":{"@id":"https:\/\/www.eldiario.net\/portal\/2021\/05\/30\/investigan-incendio-en-casa-del-gobernador-de-chuquisaca\/"},"author":{"name":"Jeanette","@id":"https:\/\/www.eldiario.net\/portal\/#\/schema\/person\/f46445640444750d7d753ccd04ae01b7"},"headline":"Investigan incendio en casa del gobernador de Chuquisaca","datePublished":"2021-05-30T09:56:44+00:00","mainEntityOfPage":{"@id":"https:\/\/www.eldiario.net\/portal\/2021\/05\/30\/investigan-incendio-en-casa-del-gobernador-de-chuquisaca\/"},"wordCount":488,"publisher":{"@id":"https:\/\/www.eldiario.net\/portal\/#organization"},"articleSection":["Sociedad - Seguridad"],"inLanguage":"es"},{"@type":"WebPage","@id":"https:\/\/www.eldiario.net\/portal\/2021\/05\/30\/investigan-incendio-en-casa-del-gobernador-de-chuquisaca\/","url":"https:\/\/www.eldiario.net\/portal\/2021\/05\/30\/investigan-incendio-en-casa-del-gobernador-de-chuquisaca\/","name":"Investigan incendio en casa del gobernador de Chuquisaca - El Diario - Bolivia","isPartOf":{"@id":"https:\/\/www.eldiario.net\/portal\/#website"},"datePublished":"2021-05-30T09:56:44+00:00","breadcrumb":{"@id":"https:\/\/www.eldiario.net\/portal\/2021\/05\/30\/investigan-incendio-en-casa-del-gobernador-de-chuquisaca\/#breadcrumb"},"inLanguage":"es","potentialAction":[{"@type":"ReadAction","target":["https:\/\/www.eldiario.net\/portal\/2021\/05\/30\/investigan-incendio-en-casa-del-gobernador-de-chuquisaca\/"]}]},{"@type":"BreadcrumbList","@id":"https:\/\/www.eldiario.net\/portal\/2021\/05\/30\/investigan-incendio-en-casa-del-gobernador-de-chuquisaca\/#breadcrumb","itemListElement":[{"@type":"ListItem","position":1,"name":"Portada","item":"https:\/\/www.eldiario.net\/portal\/"},{"@type":"ListItem","position":2,"name":"Investigan incendio en casa del gobernador de Chuquisaca"}]},{"@type":"WebSite","@id":"https:\/\/www.eldiario.net\/portal\/#website","url":"https:\/\/www.eldiario.net\/portal\/","name":"El Diario - Decano de la prensa nacional","description":"El Diario - Decano de la prensa nacional","publisher":{"@id":"https:\/\/www.eldiario.net\/portal\/#organization"},"potentialAction":[{"@type":"SearchAction","target":{"@type":"EntryPoint","urlTemplate":"https:\/\/www.eldiario.net\/portal\/?s={search_term_string}"},"query-input":{"@type":"PropertyValueSpecification","valueRequired":true,"valueName":"search_term_string"}}],"inLanguage":"es"},{"@type":"Organization","@id":"https:\/\/www.eldiario.net\/portal\/#organization","name":"El Diario - Decano de la prensa nacional","url":"https:\/\/www.eldiario.net\/portal\/","logo":{"@type":"ImageObject","inLanguage":"es","@id":"https:\/\/www.eldiario.net\/portal\/#\/schema\/logo\/image\/","url":"https:\/\/www.eldiario.net\/portal\/wp-content\/uploads\/2023\/07\/logo_ED.jpg","contentUrl":"https:\/\/www.eldiario.net\/portal\/wp-content\/uploads\/2023\/07\/logo_ED.jpg","width":272,"height":52,"caption":"El Diario - Decano de la prensa nacional"},"image":{"@id":"https:\/\/www.eldiario.net\/portal\/#\/schema\/logo\/image\/"},"sameAs":["https:\/\/www.facebook.com\/eldiario.bolivia\/","https:\/\/x.com\/eldiario_net"]},{"@type":"Person","@id":"https:\/\/www.eldiario.net\/portal\/#\/schema\/person\/f46445640444750d7d753ccd04ae01b7","name":"Jeanette","image":{"@type":"ImageObject","inLanguage":"es","@id":"https:\/\/secure.gravatar.com\/avatar\/3ea2118a5f7dad2b7138b1187a6b7ee55f160b9968b66013c3a3ef39dd7e5798?s=96&d=mm&r=g","url":"https:\/\/secure.gravatar.com\/avatar\/3ea2118a5f7dad2b7138b1187a6b7ee55f160b9968b66013c3a3ef39dd7e5798?s=96&d=mm&r=g","contentUrl":"https:\/\/secure.gravatar.com\/avatar\/3ea2118a5f7dad2b7138b1187a6b7ee55f160b9968b66013c3a3ef39dd7e5798?s=96&d=mm&r=g","caption":"Jeanette"},"sameAs":["https:\/\/www.eldiario.net\/portal"],"url":"https:\/\/www.eldiario.net\/portal\/author\/jeanette\/"}]}},"_links":{"self":[{"href":"https:\/\/www.eldiario.net\/portal\/wp-json\/wp\/v2\/posts\/7257","targetHints":{"allow":["GET"]}}],"collection":[{"href":"https:\/\/www.eldiario.net\/portal\/wp-json\/wp\/v2\/posts"}],"about":[{"href":"https:\/\/www.eldiario.net\/portal\/wp-json\/wp\/v2\/types\/post"}],"author":[{"embeddable":true,"href":"https:\/\/www.eldiario.net\/portal\/wp-json\/wp\/v2\/users\/1"}],"replies":[{"embeddable":true,"href":"https:\/\/www.eldiario.net\/portal\/wp-json\/wp\/v2\/comments?post=7257"}],"version-history":[{"count":0,"href":"https:\/\/www.eldiario.net\/portal\/wp-json\/wp\/v2\/posts\/7257\/revisions"}],"wp:attachment":[{"href":"https:\/\/www.eldiario.net\/portal\/wp-json\/wp\/v2\/media?parent=7257"}],"wp:term":[{"taxonomy":"category","embeddable":true,"href":"https:\/\/www.eldiario.net\/portal\/wp-json\/wp\/v2\/categories?post=7257"},{"taxonomy":"post_tag","embeddable":true,"href":"https:\/\/www.eldiario.net\/portal\/wp-json\/wp\/v2\/tags?post=7257"}],"curies":[{"name":"wp","href":"https:\/\/api.w.org\/{rel}","templated":true}]}}