{"id":72566,"date":"2022-03-28T05:37:47","date_gmt":"2022-03-28T09:37:47","guid":{"rendered":"https:\/\/www.eldiario.net\/portal\/?p=72566"},"modified":"2022-03-28T05:37:47","modified_gmt":"2022-03-28T09:37:47","slug":"limpieza-mejora-visibilidad-y-evita-atracos-en-ciclovia","status":"publish","type":"post","link":"https:\/\/www.eldiario.net\/portal\/2022\/03\/28\/limpieza-mejora-visibilidad-y-evita-atracos-en-ciclovia\/","title":{"rendered":"Limpieza mejora visibilidad y evita atracos en ciclov\u00eda"},"content":{"rendered":"<p>La Direcci\u00f3n de Seguridad Ciudadana, en coordinaci\u00f3n con la Direcci\u00f3n de Medio Ambiente y la Empresa Municipal de Servicios de Aseo (EMSA) realizaron la limpieza de maleza, matorrales y arbustos en el trayecto de la ciclov\u00eda para mejorar la visibilidad de los ciclistas y as\u00ed evitar atracos.<br \/>\nDe igual forma, vecinos de la Organizaci\u00f3n Territorial de Base (OTB) Irland\u00e9s, Inca Collo y Solterito Alto ayudaron a las autoridades con estos trabajos de limpieza, donde se desplegaron alrededor de 60 personas para concluir con la labor.<br \/>\nEl director de Seguridad Ciudadana, Miguel Pantoja, indic\u00f3 que esta es la primera fase del plan para mejorar la seguridad de los ciclistas que utilizan la ciclov\u00eda. La segunda fase es colocar garitas en el recorrido en lugares espec\u00edficos que proteger\u00e1n al ciudadano.<br \/>\nEn tanto, el director de Medio Ambiente, Elvis Guti\u00e9rrez, se\u00f1al\u00f3 que se est\u00e1 apoyando la limpieza con personal de Plane donde se despleg\u00f3 40 personas para efectivizar el trabajo.<br \/>\nDe igual forma, el gerente de EMSA, Jorge Zambrana, explic\u00f3 que se apoy\u00f3 la limpieza con la participaci\u00f3n de trabajadores quienes carritos en mano, recogieron el material retirado de las laderas.<br \/>\n\u201cEste es un trabajo coordinado que estamos realizando, lo que tenemos nosotros son los triciclos que sirven para levantar grandes cantidades de basura y as\u00ed aportar nuestro granito de arena a esta misi\u00f3n\u201d, dijo Zambrana.<br \/>\nLas autoridades municipales acordaron que se continuar\u00e1n los trabajos en conjunto para brindar mayor seguridad a los ciudadanos que visitan esa zona. (Cochabamba, agencias)<\/p>\n","protected":false},"excerpt":{"rendered":"<p>La Direcci\u00f3n de Seguridad Ciudadana, en coordinaci\u00f3n con la Direcci\u00f3n de Medio Ambiente y la Empresa Municipal de Servicios de Aseo (EMSA) realizaron la limpieza de maleza, matorrales y arbustos en el trayecto de la ciclov\u00eda para mejorar la visibilidad de los ciclistas y as\u00ed evitar atracos. De igual forma, vecinos de la Organizaci\u00f3n Territorial [&hellip;]<\/p>\n","protected":false},"author":1,"featured_media":0,"comment_status":"closed","ping_status":"closed","sticky":false,"template":"","format":"standard","meta":{"_acf_changed":false,"footnotes":""},"categories":[12],"tags":[],"class_list":["post-72566","post","type-post","status-publish","format-standard","category-nacional"],"acf":{"antetitulo":""},"yoast_head":"<!-- This site is optimized with the Yoast SEO plugin v28.3 - https:\/\/yoast.com\/product\/yoast-seo-wordpress\/ -->\n<title>Limpieza mejora visibilidad y evita atracos en ciclov\u00eda - El Diario - Bolivia<\/title>\n<meta name=\"robots\" content=\"index, follow, max-snippet:-1, max-image-preview:large, max-video-preview:-1\" \/>\n<link rel=\"canonical\" href=\"https:\/\/www.eldiario.net\/portal\/2022\/03\/28\/limpieza-mejora-visibilidad-y-evita-atracos-en-ciclovia\/\" \/>\n<meta property=\"og:locale\" content=\"es_ES\" \/>\n<meta property=\"og:type\" content=\"article\" \/>\n<meta property=\"og:title\" content=\"Limpieza mejora visibilidad y evita atracos en ciclov\u00eda - El Diario - Bolivia\" \/>\n<meta property=\"og:description\" content=\"La Direcci\u00f3n de Seguridad Ciudadana, en coordinaci\u00f3n con la Direcci\u00f3n de Medio Ambiente y la Empresa Municipal de Servicios de Aseo (EMSA) realizaron la limpieza de maleza, matorrales y arbustos en el trayecto de la ciclov\u00eda para mejorar la visibilidad de los ciclistas y as\u00ed evitar atracos. De igual forma, vecinos de la Organizaci\u00f3n Territorial [&hellip;]\" \/>\n<meta property=\"og:url\" content=\"https:\/\/www.eldiario.net\/portal\/2022\/03\/28\/limpieza-mejora-visibilidad-y-evita-atracos-en-ciclovia\/\" \/>\n<meta property=\"og:site_name\" content=\"El Diario - Bolivia\" \/>\n<meta property=\"article:publisher\" content=\"https:\/\/www.facebook.com\/eldiario.bolivia\/\" \/>\n<meta property=\"article:published_time\" content=\"2022-03-28T09:37:47+00:00\" \/>\n<meta name=\"author\" content=\"Jeanette\" \/>\n<meta name=\"twitter:card\" content=\"summary_large_image\" \/>\n<meta name=\"twitter:creator\" content=\"@eldiario_net\" \/>\n<meta name=\"twitter:site\" content=\"@eldiario_net\" \/>\n<meta name=\"twitter:label1\" content=\"Escrito por\" \/>\n\t<meta name=\"twitter:data1\" content=\"Jeanette\" \/>\n\t<meta name=\"twitter:label2\" content=\"Tiempo de lectura\" \/>\n\t<meta name=\"twitter:data2\" content=\"2 minutos\" \/>\n<script type=\"application\/ld+json\" class=\"yoast-schema-graph\">{\"@context\":\"https:\\\/\\\/schema.org\",\"@graph\":[{\"@type\":\"Article\",\"@id\":\"https:\\\/\\\/www.eldiario.net\\\/portal\\\/2022\\\/03\\\/28\\\/limpieza-mejora-visibilidad-y-evita-atracos-en-ciclovia\\\/#article\",\"isPartOf\":{\"@id\":\"https:\\\/\\\/www.eldiario.net\\\/portal\\\/2022\\\/03\\\/28\\\/limpieza-mejora-visibilidad-y-evita-atracos-en-ciclovia\\\/\"},\"author\":{\"name\":\"Jeanette\",\"@id\":\"https:\\\/\\\/www.eldiario.net\\\/portal\\\/#\\\/schema\\\/person\\\/f46445640444750d7d753ccd04ae01b7\"},\"headline\":\"Limpieza mejora visibilidad y evita atracos en ciclov\u00eda\",\"datePublished\":\"2022-03-28T09:37:47+00:00\",\"mainEntityOfPage\":{\"@id\":\"https:\\\/\\\/www.eldiario.net\\\/portal\\\/2022\\\/03\\\/28\\\/limpieza-mejora-visibilidad-y-evita-atracos-en-ciclovia\\\/\"},\"wordCount\":268,\"publisher\":{\"@id\":\"https:\\\/\\\/www.eldiario.net\\\/portal\\\/#organization\"},\"articleSection\":[\"Nacional\"],\"inLanguage\":\"es\"},{\"@type\":\"WebPage\",\"@id\":\"https:\\\/\\\/www.eldiario.net\\\/portal\\\/2022\\\/03\\\/28\\\/limpieza-mejora-visibilidad-y-evita-atracos-en-ciclovia\\\/\",\"url\":\"https:\\\/\\\/www.eldiario.net\\\/portal\\\/2022\\\/03\\\/28\\\/limpieza-mejora-visibilidad-y-evita-atracos-en-ciclovia\\\/\",\"name\":\"Limpieza mejora visibilidad y evita atracos en ciclov\u00eda - El Diario - Bolivia\",\"isPartOf\":{\"@id\":\"https:\\\/\\\/www.eldiario.net\\\/portal\\\/#website\"},\"datePublished\":\"2022-03-28T09:37:47+00:00\",\"breadcrumb\":{\"@id\":\"https:\\\/\\\/www.eldiario.net\\\/portal\\\/2022\\\/03\\\/28\\\/limpieza-mejora-visibilidad-y-evita-atracos-en-ciclovia\\\/#breadcrumb\"},\"inLanguage\":\"es\",\"potentialAction\":[{\"@type\":\"ReadAction\",\"target\":[\"https:\\\/\\\/www.eldiario.net\\\/portal\\\/2022\\\/03\\\/28\\\/limpieza-mejora-visibilidad-y-evita-atracos-en-ciclovia\\\/\"]}]},{\"@type\":\"BreadcrumbList\",\"@id\":\"https:\\\/\\\/www.eldiario.net\\\/portal\\\/2022\\\/03\\\/28\\\/limpieza-mejora-visibilidad-y-evita-atracos-en-ciclovia\\\/#breadcrumb\",\"itemListElement\":[{\"@type\":\"ListItem\",\"position\":1,\"name\":\"Portada\",\"item\":\"https:\\\/\\\/www.eldiario.net\\\/portal\\\/\"},{\"@type\":\"ListItem\",\"position\":2,\"name\":\"Limpieza mejora visibilidad y evita atracos en ciclov\u00eda\"}]},{\"@type\":\"WebSite\",\"@id\":\"https:\\\/\\\/www.eldiario.net\\\/portal\\\/#website\",\"url\":\"https:\\\/\\\/www.eldiario.net\\\/portal\\\/\",\"name\":\"El Diario - Decano de la prensa nacional\",\"description\":\"El Diario - Decano de la prensa nacional\",\"publisher\":{\"@id\":\"https:\\\/\\\/www.eldiario.net\\\/portal\\\/#organization\"},\"potentialAction\":[{\"@type\":\"SearchAction\",\"target\":{\"@type\":\"EntryPoint\",\"urlTemplate\":\"https:\\\/\\\/www.eldiario.net\\\/portal\\\/?s={search_term_string}\"},\"query-input\":{\"@type\":\"PropertyValueSpecification\",\"valueRequired\":true,\"valueName\":\"search_term_string\"}}],\"inLanguage\":\"es\"},{\"@type\":\"Organization\",\"@id\":\"https:\\\/\\\/www.eldiario.net\\\/portal\\\/#organization\",\"name\":\"El Diario - Decano de la prensa nacional\",\"url\":\"https:\\\/\\\/www.eldiario.net\\\/portal\\\/\",\"logo\":{\"@type\":\"ImageObject\",\"inLanguage\":\"es\",\"@id\":\"https:\\\/\\\/www.eldiario.net\\\/portal\\\/#\\\/schema\\\/logo\\\/image\\\/\",\"url\":\"https:\\\/\\\/www.eldiario.net\\\/portal\\\/wp-content\\\/uploads\\\/2023\\\/07\\\/logo_ED.jpg\",\"contentUrl\":\"https:\\\/\\\/www.eldiario.net\\\/portal\\\/wp-content\\\/uploads\\\/2023\\\/07\\\/logo_ED.jpg\",\"width\":272,\"height\":52,\"caption\":\"El Diario - Decano de la prensa nacional\"},\"image\":{\"@id\":\"https:\\\/\\\/www.eldiario.net\\\/portal\\\/#\\\/schema\\\/logo\\\/image\\\/\"},\"sameAs\":[\"https:\\\/\\\/www.facebook.com\\\/eldiario.bolivia\\\/\",\"https:\\\/\\\/x.com\\\/eldiario_net\"]},{\"@type\":\"Person\",\"@id\":\"https:\\\/\\\/www.eldiario.net\\\/portal\\\/#\\\/schema\\\/person\\\/f46445640444750d7d753ccd04ae01b7\",\"name\":\"Jeanette\",\"image\":{\"@type\":\"ImageObject\",\"inLanguage\":\"es\",\"@id\":\"https:\\\/\\\/secure.gravatar.com\\\/avatar\\\/3ea2118a5f7dad2b7138b1187a6b7ee55f160b9968b66013c3a3ef39dd7e5798?s=96&d=mm&r=g\",\"url\":\"https:\\\/\\\/secure.gravatar.com\\\/avatar\\\/3ea2118a5f7dad2b7138b1187a6b7ee55f160b9968b66013c3a3ef39dd7e5798?s=96&d=mm&r=g\",\"contentUrl\":\"https:\\\/\\\/secure.gravatar.com\\\/avatar\\\/3ea2118a5f7dad2b7138b1187a6b7ee55f160b9968b66013c3a3ef39dd7e5798?s=96&d=mm&r=g\",\"caption\":\"Jeanette\"},\"sameAs\":[\"https:\\\/\\\/www.eldiario.net\\\/portal\"],\"url\":\"https:\\\/\\\/www.eldiario.net\\\/portal\\\/author\\\/jeanette\\\/\"}]}<\/script>\n<!-- \/ Yoast SEO plugin. -->","yoast_head_json":{"title":"Limpieza mejora visibilidad y evita atracos en ciclov\u00eda - El Diario - Bolivia","robots":{"index":"index","follow":"follow","max-snippet":"max-snippet:-1","max-image-preview":"max-image-preview:large","max-video-preview":"max-video-preview:-1"},"canonical":"https:\/\/www.eldiario.net\/portal\/2022\/03\/28\/limpieza-mejora-visibilidad-y-evita-atracos-en-ciclovia\/","og_locale":"es_ES","og_type":"article","og_title":"Limpieza mejora visibilidad y evita atracos en ciclov\u00eda - El Diario - Bolivia","og_description":"La Direcci\u00f3n de Seguridad Ciudadana, en coordinaci\u00f3n con la Direcci\u00f3n de Medio Ambiente y la Empresa Municipal de Servicios de Aseo (EMSA) realizaron la limpieza de maleza, matorrales y arbustos en el trayecto de la ciclov\u00eda para mejorar la visibilidad de los ciclistas y as\u00ed evitar atracos. De igual forma, vecinos de la Organizaci\u00f3n Territorial [&hellip;]","og_url":"https:\/\/www.eldiario.net\/portal\/2022\/03\/28\/limpieza-mejora-visibilidad-y-evita-atracos-en-ciclovia\/","og_site_name":"El Diario - Bolivia","article_publisher":"https:\/\/www.facebook.com\/eldiario.bolivia\/","article_published_time":"2022-03-28T09:37:47+00:00","author":"Jeanette","twitter_card":"summary_large_image","twitter_creator":"@eldiario_net","twitter_site":"@eldiario_net","twitter_misc":{"Escrito por":"Jeanette","Tiempo de lectura":"2 minutos"},"schema":{"@context":"https:\/\/schema.org","@graph":[{"@type":"Article","@id":"https:\/\/www.eldiario.net\/portal\/2022\/03\/28\/limpieza-mejora-visibilidad-y-evita-atracos-en-ciclovia\/#article","isPartOf":{"@id":"https:\/\/www.eldiario.net\/portal\/2022\/03\/28\/limpieza-mejora-visibilidad-y-evita-atracos-en-ciclovia\/"},"author":{"name":"Jeanette","@id":"https:\/\/www.eldiario.net\/portal\/#\/schema\/person\/f46445640444750d7d753ccd04ae01b7"},"headline":"Limpieza mejora visibilidad y evita atracos en ciclov\u00eda","datePublished":"2022-03-28T09:37:47+00:00","mainEntityOfPage":{"@id":"https:\/\/www.eldiario.net\/portal\/2022\/03\/28\/limpieza-mejora-visibilidad-y-evita-atracos-en-ciclovia\/"},"wordCount":268,"publisher":{"@id":"https:\/\/www.eldiario.net\/portal\/#organization"},"articleSection":["Nacional"],"inLanguage":"es"},{"@type":"WebPage","@id":"https:\/\/www.eldiario.net\/portal\/2022\/03\/28\/limpieza-mejora-visibilidad-y-evita-atracos-en-ciclovia\/","url":"https:\/\/www.eldiario.net\/portal\/2022\/03\/28\/limpieza-mejora-visibilidad-y-evita-atracos-en-ciclovia\/","name":"Limpieza mejora visibilidad y evita atracos en ciclov\u00eda - El Diario - Bolivia","isPartOf":{"@id":"https:\/\/www.eldiario.net\/portal\/#website"},"datePublished":"2022-03-28T09:37:47+00:00","breadcrumb":{"@id":"https:\/\/www.eldiario.net\/portal\/2022\/03\/28\/limpieza-mejora-visibilidad-y-evita-atracos-en-ciclovia\/#breadcrumb"},"inLanguage":"es","potentialAction":[{"@type":"ReadAction","target":["https:\/\/www.eldiario.net\/portal\/2022\/03\/28\/limpieza-mejora-visibilidad-y-evita-atracos-en-ciclovia\/"]}]},{"@type":"BreadcrumbList","@id":"https:\/\/www.eldiario.net\/portal\/2022\/03\/28\/limpieza-mejora-visibilidad-y-evita-atracos-en-ciclovia\/#breadcrumb","itemListElement":[{"@type":"ListItem","position":1,"name":"Portada","item":"https:\/\/www.eldiario.net\/portal\/"},{"@type":"ListItem","position":2,"name":"Limpieza mejora visibilidad y evita atracos en ciclov\u00eda"}]},{"@type":"WebSite","@id":"https:\/\/www.eldiario.net\/portal\/#website","url":"https:\/\/www.eldiario.net\/portal\/","name":"El Diario - Decano de la prensa nacional","description":"El Diario - Decano de la prensa nacional","publisher":{"@id":"https:\/\/www.eldiario.net\/portal\/#organization"},"potentialAction":[{"@type":"SearchAction","target":{"@type":"EntryPoint","urlTemplate":"https:\/\/www.eldiario.net\/portal\/?s={search_term_string}"},"query-input":{"@type":"PropertyValueSpecification","valueRequired":true,"valueName":"search_term_string"}}],"inLanguage":"es"},{"@type":"Organization","@id":"https:\/\/www.eldiario.net\/portal\/#organization","name":"El Diario - Decano de la prensa nacional","url":"https:\/\/www.eldiario.net\/portal\/","logo":{"@type":"ImageObject","inLanguage":"es","@id":"https:\/\/www.eldiario.net\/portal\/#\/schema\/logo\/image\/","url":"https:\/\/www.eldiario.net\/portal\/wp-content\/uploads\/2023\/07\/logo_ED.jpg","contentUrl":"https:\/\/www.eldiario.net\/portal\/wp-content\/uploads\/2023\/07\/logo_ED.jpg","width":272,"height":52,"caption":"El Diario - Decano de la prensa nacional"},"image":{"@id":"https:\/\/www.eldiario.net\/portal\/#\/schema\/logo\/image\/"},"sameAs":["https:\/\/www.facebook.com\/eldiario.bolivia\/","https:\/\/x.com\/eldiario_net"]},{"@type":"Person","@id":"https:\/\/www.eldiario.net\/portal\/#\/schema\/person\/f46445640444750d7d753ccd04ae01b7","name":"Jeanette","image":{"@type":"ImageObject","inLanguage":"es","@id":"https:\/\/secure.gravatar.com\/avatar\/3ea2118a5f7dad2b7138b1187a6b7ee55f160b9968b66013c3a3ef39dd7e5798?s=96&d=mm&r=g","url":"https:\/\/secure.gravatar.com\/avatar\/3ea2118a5f7dad2b7138b1187a6b7ee55f160b9968b66013c3a3ef39dd7e5798?s=96&d=mm&r=g","contentUrl":"https:\/\/secure.gravatar.com\/avatar\/3ea2118a5f7dad2b7138b1187a6b7ee55f160b9968b66013c3a3ef39dd7e5798?s=96&d=mm&r=g","caption":"Jeanette"},"sameAs":["https:\/\/www.eldiario.net\/portal"],"url":"https:\/\/www.eldiario.net\/portal\/author\/jeanette\/"}]}},"_links":{"self":[{"href":"https:\/\/www.eldiario.net\/portal\/wp-json\/wp\/v2\/posts\/72566","targetHints":{"allow":["GET"]}}],"collection":[{"href":"https:\/\/www.eldiario.net\/portal\/wp-json\/wp\/v2\/posts"}],"about":[{"href":"https:\/\/www.eldiario.net\/portal\/wp-json\/wp\/v2\/types\/post"}],"author":[{"embeddable":true,"href":"https:\/\/www.eldiario.net\/portal\/wp-json\/wp\/v2\/users\/1"}],"replies":[{"embeddable":true,"href":"https:\/\/www.eldiario.net\/portal\/wp-json\/wp\/v2\/comments?post=72566"}],"version-history":[{"count":0,"href":"https:\/\/www.eldiario.net\/portal\/wp-json\/wp\/v2\/posts\/72566\/revisions"}],"wp:attachment":[{"href":"https:\/\/www.eldiario.net\/portal\/wp-json\/wp\/v2\/media?parent=72566"}],"wp:term":[{"taxonomy":"category","embeddable":true,"href":"https:\/\/www.eldiario.net\/portal\/wp-json\/wp\/v2\/categories?post=72566"},{"taxonomy":"post_tag","embeddable":true,"href":"https:\/\/www.eldiario.net\/portal\/wp-json\/wp\/v2\/tags?post=72566"}],"curies":[{"name":"wp","href":"https:\/\/api.w.org\/{rel}","templated":true}]}}