{"id":72550,"date":"2022-03-28T05:26:23","date_gmt":"2022-03-28T09:26:23","guid":{"rendered":"https:\/\/www.eldiario.net\/portal\/?p=72550"},"modified":"2022-03-28T05:26:23","modified_gmt":"2022-03-28T09:26:23","slug":"un-misil-mata-en-mariupol-a-gimnasta-ucraniana-de-11-anos","status":"publish","type":"post","link":"https:\/\/www.eldiario.net\/portal\/2022\/03\/28\/un-misil-mata-en-mariupol-a-gimnasta-ucraniana-de-11-anos\/","title":{"rendered":"Un misil mata en Mariupol a  gimnasta ucraniana de 11 a\u00f1os"},"content":{"rendered":"<p>Mari\u00fapol (Ucrania).- El impacto de un misil caus\u00f3 la muerte de la gimnasta Katya Dyachenko, durante de los bombardeos en Mari\u00fapol, inform\u00f3 una fuente del parlamento. La Invasi\u00f3n de Rusia en Ucrania comenz\u00f3 el pasado 24 de febrero.<\/p>\n<p>La invasi\u00f3n del ej\u00e9rcito ruso en el territorio de\u00a0<strong>Ucrania\u00a0<\/strong>no deja de producir terribles noticias. Millones de refugiados, desolaci\u00f3n por doquier y, por supuesto, muerte. El conflicto, que tiene en vilo a todo el planeta, afecta desde hace ya un mes a todas las facetas de la vida ucraniana, y el deporte no es una excepci\u00f3n.<\/p>\n<p>Este viernes la tragedia la protagoniza una jovenc\u00edsima gimnasta de solo 11 a\u00f1os,\u00a0<strong>Katya Dyachenko<\/strong>, que ha fallecido en la asediada ciudad de Mariupol cuando un misil ruso impact\u00f3 contra su casa.<\/p>\n<p>Ha sido Anna Purtova, miembro del Parlamento ucraniano, la encargada de hacer oficial la terrible noticia.<\/p>\n<p>\u201cEsta es nuestra gimnasta Katya Dyachenko. Tiene 11 a\u00f1os. Muri\u00f3 bajo los escombros de su casa en Mari\u00fapol cuando un proyectil ruso la golpe\u00f3 durante el d\u00eda\u201d manifest\u00f3.<\/p>\n<p>Podr\u00eda haber tenido un futuro brillante por delante como joven campeona de Ucrania. Pero en un segundo ella simplemente se fue\u00bb, public\u00f3 en las redes sociales al tiempo que hizo un llamamiento a la comunidad internacional. \u201cCerrar el cielo&#8230; por favor\u201d, dijo. (Diario ABC)<\/p>\n","protected":false},"excerpt":{"rendered":"<p>Mari\u00fapol (Ucrania).- El impacto de un misil caus\u00f3 la muerte de la gimnasta Katya Dyachenko, durante de los bombardeos en Mari\u00fapol, inform\u00f3 una fuente del parlamento. La Invasi\u00f3n de Rusia en Ucrania comenz\u00f3 el pasado 24 de febrero. La invasi\u00f3n del ej\u00e9rcito ruso en el territorio de\u00a0Ucrania\u00a0no deja de producir terribles noticias. Millones de refugiados, [&hellip;]<\/p>\n","protected":false},"author":1,"featured_media":72551,"comment_status":"closed","ping_status":"closed","sticky":false,"template":"","format":"standard","meta":{"_acf_changed":false,"footnotes":""},"categories":[3],"tags":[],"class_list":["post-72550","post","type-post","status-publish","format-standard","has-post-thumbnail","category-internacional"],"acf":{"antetitulo":""},"yoast_head":"<!-- This site is optimized with the Yoast SEO plugin v28.3 - https:\/\/yoast.com\/product\/yoast-seo-wordpress\/ -->\n<title>Un misil mata en Mariupol a gimnasta ucraniana de 11 a\u00f1os - El Diario - Bolivia<\/title>\n<meta name=\"robots\" content=\"index, follow, max-snippet:-1, max-image-preview:large, max-video-preview:-1\" \/>\n<link rel=\"canonical\" href=\"https:\/\/www.eldiario.net\/portal\/2022\/03\/28\/un-misil-mata-en-mariupol-a-gimnasta-ucraniana-de-11-anos\/\" \/>\n<meta property=\"og:locale\" content=\"es_ES\" \/>\n<meta property=\"og:type\" content=\"article\" \/>\n<meta property=\"og:title\" content=\"Un misil mata en Mariupol a gimnasta ucraniana de 11 a\u00f1os - El Diario - Bolivia\" \/>\n<meta property=\"og:description\" content=\"Mari\u00fapol (Ucrania).- El impacto de un misil caus\u00f3 la muerte de la gimnasta Katya Dyachenko, durante de los bombardeos en Mari\u00fapol, inform\u00f3 una fuente del parlamento. La Invasi\u00f3n de Rusia en Ucrania comenz\u00f3 el pasado 24 de febrero. La invasi\u00f3n del ej\u00e9rcito ruso en el territorio de\u00a0Ucrania\u00a0no deja de producir terribles noticias. Millones de refugiados, [&hellip;]\" \/>\n<meta property=\"og:url\" content=\"https:\/\/www.eldiario.net\/portal\/2022\/03\/28\/un-misil-mata-en-mariupol-a-gimnasta-ucraniana-de-11-anos\/\" \/>\n<meta property=\"og:site_name\" content=\"El Diario - Bolivia\" \/>\n<meta property=\"article:publisher\" content=\"https:\/\/www.facebook.com\/eldiario.bolivia\/\" \/>\n<meta property=\"article:published_time\" content=\"2022-03-28T09:26:23+00:00\" \/>\n<meta name=\"author\" content=\"Jeanette\" \/>\n<meta name=\"twitter:card\" content=\"summary_large_image\" \/>\n<meta name=\"twitter:creator\" content=\"@eldiario_net\" \/>\n<meta name=\"twitter:site\" content=\"@eldiario_net\" \/>\n<meta name=\"twitter:label1\" content=\"Escrito por\" \/>\n\t<meta name=\"twitter:data1\" content=\"Jeanette\" \/>\n\t<meta name=\"twitter:label2\" content=\"Tiempo de lectura\" \/>\n\t<meta name=\"twitter:data2\" content=\"1 minuto\" \/>\n<script type=\"application\/ld+json\" class=\"yoast-schema-graph\">{\"@context\":\"https:\\\/\\\/schema.org\",\"@graph\":[{\"@type\":\"Article\",\"@id\":\"https:\\\/\\\/www.eldiario.net\\\/portal\\\/2022\\\/03\\\/28\\\/un-misil-mata-en-mariupol-a-gimnasta-ucraniana-de-11-anos\\\/#article\",\"isPartOf\":{\"@id\":\"https:\\\/\\\/www.eldiario.net\\\/portal\\\/2022\\\/03\\\/28\\\/un-misil-mata-en-mariupol-a-gimnasta-ucraniana-de-11-anos\\\/\"},\"author\":{\"name\":\"Jeanette\",\"@id\":\"https:\\\/\\\/www.eldiario.net\\\/portal\\\/#\\\/schema\\\/person\\\/f46445640444750d7d753ccd04ae01b7\"},\"headline\":\"Un misil mata en Mariupol a gimnasta ucraniana de 11 a\u00f1os\",\"datePublished\":\"2022-03-28T09:26:23+00:00\",\"mainEntityOfPage\":{\"@id\":\"https:\\\/\\\/www.eldiario.net\\\/portal\\\/2022\\\/03\\\/28\\\/un-misil-mata-en-mariupol-a-gimnasta-ucraniana-de-11-anos\\\/\"},\"wordCount\":237,\"publisher\":{\"@id\":\"https:\\\/\\\/www.eldiario.net\\\/portal\\\/#organization\"},\"image\":{\"@id\":\"https:\\\/\\\/www.eldiario.net\\\/portal\\\/2022\\\/03\\\/28\\\/un-misil-mata-en-mariupol-a-gimnasta-ucraniana-de-11-anos\\\/#primaryimage\"},\"thumbnailUrl\":\"\",\"articleSection\":[\"Internacional\"],\"inLanguage\":\"es\"},{\"@type\":\"WebPage\",\"@id\":\"https:\\\/\\\/www.eldiario.net\\\/portal\\\/2022\\\/03\\\/28\\\/un-misil-mata-en-mariupol-a-gimnasta-ucraniana-de-11-anos\\\/\",\"url\":\"https:\\\/\\\/www.eldiario.net\\\/portal\\\/2022\\\/03\\\/28\\\/un-misil-mata-en-mariupol-a-gimnasta-ucraniana-de-11-anos\\\/\",\"name\":\"Un misil mata en Mariupol a gimnasta ucraniana de 11 a\u00f1os - El Diario - Bolivia\",\"isPartOf\":{\"@id\":\"https:\\\/\\\/www.eldiario.net\\\/portal\\\/#website\"},\"primaryImageOfPage\":{\"@id\":\"https:\\\/\\\/www.eldiario.net\\\/portal\\\/2022\\\/03\\\/28\\\/un-misil-mata-en-mariupol-a-gimnasta-ucraniana-de-11-anos\\\/#primaryimage\"},\"image\":{\"@id\":\"https:\\\/\\\/www.eldiario.net\\\/portal\\\/2022\\\/03\\\/28\\\/un-misil-mata-en-mariupol-a-gimnasta-ucraniana-de-11-anos\\\/#primaryimage\"},\"thumbnailUrl\":\"\",\"datePublished\":\"2022-03-28T09:26:23+00:00\",\"breadcrumb\":{\"@id\":\"https:\\\/\\\/www.eldiario.net\\\/portal\\\/2022\\\/03\\\/28\\\/un-misil-mata-en-mariupol-a-gimnasta-ucraniana-de-11-anos\\\/#breadcrumb\"},\"inLanguage\":\"es\",\"potentialAction\":[{\"@type\":\"ReadAction\",\"target\":[\"https:\\\/\\\/www.eldiario.net\\\/portal\\\/2022\\\/03\\\/28\\\/un-misil-mata-en-mariupol-a-gimnasta-ucraniana-de-11-anos\\\/\"]}]},{\"@type\":\"ImageObject\",\"inLanguage\":\"es\",\"@id\":\"https:\\\/\\\/www.eldiario.net\\\/portal\\\/2022\\\/03\\\/28\\\/un-misil-mata-en-mariupol-a-gimnasta-ucraniana-de-11-anos\\\/#primaryimage\",\"url\":\"\",\"contentUrl\":\"\"},{\"@type\":\"BreadcrumbList\",\"@id\":\"https:\\\/\\\/www.eldiario.net\\\/portal\\\/2022\\\/03\\\/28\\\/un-misil-mata-en-mariupol-a-gimnasta-ucraniana-de-11-anos\\\/#breadcrumb\",\"itemListElement\":[{\"@type\":\"ListItem\",\"position\":1,\"name\":\"Portada\",\"item\":\"https:\\\/\\\/www.eldiario.net\\\/portal\\\/\"},{\"@type\":\"ListItem\",\"position\":2,\"name\":\"Un misil mata en Mariupol a gimnasta ucraniana de 11 a\u00f1os\"}]},{\"@type\":\"WebSite\",\"@id\":\"https:\\\/\\\/www.eldiario.net\\\/portal\\\/#website\",\"url\":\"https:\\\/\\\/www.eldiario.net\\\/portal\\\/\",\"name\":\"El Diario - Decano de la prensa nacional\",\"description\":\"El Diario - Decano de la prensa nacional\",\"publisher\":{\"@id\":\"https:\\\/\\\/www.eldiario.net\\\/portal\\\/#organization\"},\"potentialAction\":[{\"@type\":\"SearchAction\",\"target\":{\"@type\":\"EntryPoint\",\"urlTemplate\":\"https:\\\/\\\/www.eldiario.net\\\/portal\\\/?s={search_term_string}\"},\"query-input\":{\"@type\":\"PropertyValueSpecification\",\"valueRequired\":true,\"valueName\":\"search_term_string\"}}],\"inLanguage\":\"es\"},{\"@type\":\"Organization\",\"@id\":\"https:\\\/\\\/www.eldiario.net\\\/portal\\\/#organization\",\"name\":\"El Diario - Decano de la prensa nacional\",\"url\":\"https:\\\/\\\/www.eldiario.net\\\/portal\\\/\",\"logo\":{\"@type\":\"ImageObject\",\"inLanguage\":\"es\",\"@id\":\"https:\\\/\\\/www.eldiario.net\\\/portal\\\/#\\\/schema\\\/logo\\\/image\\\/\",\"url\":\"https:\\\/\\\/www.eldiario.net\\\/portal\\\/wp-content\\\/uploads\\\/2023\\\/07\\\/logo_ED.jpg\",\"contentUrl\":\"https:\\\/\\\/www.eldiario.net\\\/portal\\\/wp-content\\\/uploads\\\/2023\\\/07\\\/logo_ED.jpg\",\"width\":272,\"height\":52,\"caption\":\"El Diario - Decano de la prensa nacional\"},\"image\":{\"@id\":\"https:\\\/\\\/www.eldiario.net\\\/portal\\\/#\\\/schema\\\/logo\\\/image\\\/\"},\"sameAs\":[\"https:\\\/\\\/www.facebook.com\\\/eldiario.bolivia\\\/\",\"https:\\\/\\\/x.com\\\/eldiario_net\"]},{\"@type\":\"Person\",\"@id\":\"https:\\\/\\\/www.eldiario.net\\\/portal\\\/#\\\/schema\\\/person\\\/f46445640444750d7d753ccd04ae01b7\",\"name\":\"Jeanette\",\"image\":{\"@type\":\"ImageObject\",\"inLanguage\":\"es\",\"@id\":\"https:\\\/\\\/secure.gravatar.com\\\/avatar\\\/3ea2118a5f7dad2b7138b1187a6b7ee55f160b9968b66013c3a3ef39dd7e5798?s=96&d=mm&r=g\",\"url\":\"https:\\\/\\\/secure.gravatar.com\\\/avatar\\\/3ea2118a5f7dad2b7138b1187a6b7ee55f160b9968b66013c3a3ef39dd7e5798?s=96&d=mm&r=g\",\"contentUrl\":\"https:\\\/\\\/secure.gravatar.com\\\/avatar\\\/3ea2118a5f7dad2b7138b1187a6b7ee55f160b9968b66013c3a3ef39dd7e5798?s=96&d=mm&r=g\",\"caption\":\"Jeanette\"},\"sameAs\":[\"https:\\\/\\\/www.eldiario.net\\\/portal\"],\"url\":\"https:\\\/\\\/www.eldiario.net\\\/portal\\\/author\\\/jeanette\\\/\"}]}<\/script>\n<!-- \/ Yoast SEO plugin. -->","yoast_head_json":{"title":"Un misil mata en Mariupol a gimnasta ucraniana de 11 a\u00f1os - El Diario - Bolivia","robots":{"index":"index","follow":"follow","max-snippet":"max-snippet:-1","max-image-preview":"max-image-preview:large","max-video-preview":"max-video-preview:-1"},"canonical":"https:\/\/www.eldiario.net\/portal\/2022\/03\/28\/un-misil-mata-en-mariupol-a-gimnasta-ucraniana-de-11-anos\/","og_locale":"es_ES","og_type":"article","og_title":"Un misil mata en Mariupol a gimnasta ucraniana de 11 a\u00f1os - El Diario - Bolivia","og_description":"Mari\u00fapol (Ucrania).- El impacto de un misil caus\u00f3 la muerte de la gimnasta Katya Dyachenko, durante de los bombardeos en Mari\u00fapol, inform\u00f3 una fuente del parlamento. La Invasi\u00f3n de Rusia en Ucrania comenz\u00f3 el pasado 24 de febrero. La invasi\u00f3n del ej\u00e9rcito ruso en el territorio de\u00a0Ucrania\u00a0no deja de producir terribles noticias. Millones de refugiados, [&hellip;]","og_url":"https:\/\/www.eldiario.net\/portal\/2022\/03\/28\/un-misil-mata-en-mariupol-a-gimnasta-ucraniana-de-11-anos\/","og_site_name":"El Diario - Bolivia","article_publisher":"https:\/\/www.facebook.com\/eldiario.bolivia\/","article_published_time":"2022-03-28T09:26:23+00:00","author":"Jeanette","twitter_card":"summary_large_image","twitter_creator":"@eldiario_net","twitter_site":"@eldiario_net","twitter_misc":{"Escrito por":"Jeanette","Tiempo de lectura":"1 minuto"},"schema":{"@context":"https:\/\/schema.org","@graph":[{"@type":"Article","@id":"https:\/\/www.eldiario.net\/portal\/2022\/03\/28\/un-misil-mata-en-mariupol-a-gimnasta-ucraniana-de-11-anos\/#article","isPartOf":{"@id":"https:\/\/www.eldiario.net\/portal\/2022\/03\/28\/un-misil-mata-en-mariupol-a-gimnasta-ucraniana-de-11-anos\/"},"author":{"name":"Jeanette","@id":"https:\/\/www.eldiario.net\/portal\/#\/schema\/person\/f46445640444750d7d753ccd04ae01b7"},"headline":"Un misil mata en Mariupol a gimnasta ucraniana de 11 a\u00f1os","datePublished":"2022-03-28T09:26:23+00:00","mainEntityOfPage":{"@id":"https:\/\/www.eldiario.net\/portal\/2022\/03\/28\/un-misil-mata-en-mariupol-a-gimnasta-ucraniana-de-11-anos\/"},"wordCount":237,"publisher":{"@id":"https:\/\/www.eldiario.net\/portal\/#organization"},"image":{"@id":"https:\/\/www.eldiario.net\/portal\/2022\/03\/28\/un-misil-mata-en-mariupol-a-gimnasta-ucraniana-de-11-anos\/#primaryimage"},"thumbnailUrl":"","articleSection":["Internacional"],"inLanguage":"es"},{"@type":"WebPage","@id":"https:\/\/www.eldiario.net\/portal\/2022\/03\/28\/un-misil-mata-en-mariupol-a-gimnasta-ucraniana-de-11-anos\/","url":"https:\/\/www.eldiario.net\/portal\/2022\/03\/28\/un-misil-mata-en-mariupol-a-gimnasta-ucraniana-de-11-anos\/","name":"Un misil mata en Mariupol a gimnasta ucraniana de 11 a\u00f1os - El Diario - Bolivia","isPartOf":{"@id":"https:\/\/www.eldiario.net\/portal\/#website"},"primaryImageOfPage":{"@id":"https:\/\/www.eldiario.net\/portal\/2022\/03\/28\/un-misil-mata-en-mariupol-a-gimnasta-ucraniana-de-11-anos\/#primaryimage"},"image":{"@id":"https:\/\/www.eldiario.net\/portal\/2022\/03\/28\/un-misil-mata-en-mariupol-a-gimnasta-ucraniana-de-11-anos\/#primaryimage"},"thumbnailUrl":"","datePublished":"2022-03-28T09:26:23+00:00","breadcrumb":{"@id":"https:\/\/www.eldiario.net\/portal\/2022\/03\/28\/un-misil-mata-en-mariupol-a-gimnasta-ucraniana-de-11-anos\/#breadcrumb"},"inLanguage":"es","potentialAction":[{"@type":"ReadAction","target":["https:\/\/www.eldiario.net\/portal\/2022\/03\/28\/un-misil-mata-en-mariupol-a-gimnasta-ucraniana-de-11-anos\/"]}]},{"@type":"ImageObject","inLanguage":"es","@id":"https:\/\/www.eldiario.net\/portal\/2022\/03\/28\/un-misil-mata-en-mariupol-a-gimnasta-ucraniana-de-11-anos\/#primaryimage","url":"","contentUrl":""},{"@type":"BreadcrumbList","@id":"https:\/\/www.eldiario.net\/portal\/2022\/03\/28\/un-misil-mata-en-mariupol-a-gimnasta-ucraniana-de-11-anos\/#breadcrumb","itemListElement":[{"@type":"ListItem","position":1,"name":"Portada","item":"https:\/\/www.eldiario.net\/portal\/"},{"@type":"ListItem","position":2,"name":"Un misil mata en Mariupol a gimnasta ucraniana de 11 a\u00f1os"}]},{"@type":"WebSite","@id":"https:\/\/www.eldiario.net\/portal\/#website","url":"https:\/\/www.eldiario.net\/portal\/","name":"El Diario - Decano de la prensa nacional","description":"El Diario - Decano de la prensa nacional","publisher":{"@id":"https:\/\/www.eldiario.net\/portal\/#organization"},"potentialAction":[{"@type":"SearchAction","target":{"@type":"EntryPoint","urlTemplate":"https:\/\/www.eldiario.net\/portal\/?s={search_term_string}"},"query-input":{"@type":"PropertyValueSpecification","valueRequired":true,"valueName":"search_term_string"}}],"inLanguage":"es"},{"@type":"Organization","@id":"https:\/\/www.eldiario.net\/portal\/#organization","name":"El Diario - Decano de la prensa nacional","url":"https:\/\/www.eldiario.net\/portal\/","logo":{"@type":"ImageObject","inLanguage":"es","@id":"https:\/\/www.eldiario.net\/portal\/#\/schema\/logo\/image\/","url":"https:\/\/www.eldiario.net\/portal\/wp-content\/uploads\/2023\/07\/logo_ED.jpg","contentUrl":"https:\/\/www.eldiario.net\/portal\/wp-content\/uploads\/2023\/07\/logo_ED.jpg","width":272,"height":52,"caption":"El Diario - Decano de la prensa nacional"},"image":{"@id":"https:\/\/www.eldiario.net\/portal\/#\/schema\/logo\/image\/"},"sameAs":["https:\/\/www.facebook.com\/eldiario.bolivia\/","https:\/\/x.com\/eldiario_net"]},{"@type":"Person","@id":"https:\/\/www.eldiario.net\/portal\/#\/schema\/person\/f46445640444750d7d753ccd04ae01b7","name":"Jeanette","image":{"@type":"ImageObject","inLanguage":"es","@id":"https:\/\/secure.gravatar.com\/avatar\/3ea2118a5f7dad2b7138b1187a6b7ee55f160b9968b66013c3a3ef39dd7e5798?s=96&d=mm&r=g","url":"https:\/\/secure.gravatar.com\/avatar\/3ea2118a5f7dad2b7138b1187a6b7ee55f160b9968b66013c3a3ef39dd7e5798?s=96&d=mm&r=g","contentUrl":"https:\/\/secure.gravatar.com\/avatar\/3ea2118a5f7dad2b7138b1187a6b7ee55f160b9968b66013c3a3ef39dd7e5798?s=96&d=mm&r=g","caption":"Jeanette"},"sameAs":["https:\/\/www.eldiario.net\/portal"],"url":"https:\/\/www.eldiario.net\/portal\/author\/jeanette\/"}]}},"_links":{"self":[{"href":"https:\/\/www.eldiario.net\/portal\/wp-json\/wp\/v2\/posts\/72550","targetHints":{"allow":["GET"]}}],"collection":[{"href":"https:\/\/www.eldiario.net\/portal\/wp-json\/wp\/v2\/posts"}],"about":[{"href":"https:\/\/www.eldiario.net\/portal\/wp-json\/wp\/v2\/types\/post"}],"author":[{"embeddable":true,"href":"https:\/\/www.eldiario.net\/portal\/wp-json\/wp\/v2\/users\/1"}],"replies":[{"embeddable":true,"href":"https:\/\/www.eldiario.net\/portal\/wp-json\/wp\/v2\/comments?post=72550"}],"version-history":[{"count":0,"href":"https:\/\/www.eldiario.net\/portal\/wp-json\/wp\/v2\/posts\/72550\/revisions"}],"wp:attachment":[{"href":"https:\/\/www.eldiario.net\/portal\/wp-json\/wp\/v2\/media?parent=72550"}],"wp:term":[{"taxonomy":"category","embeddable":true,"href":"https:\/\/www.eldiario.net\/portal\/wp-json\/wp\/v2\/categories?post=72550"},{"taxonomy":"post_tag","embeddable":true,"href":"https:\/\/www.eldiario.net\/portal\/wp-json\/wp\/v2\/tags?post=72550"}],"curies":[{"name":"wp","href":"https:\/\/api.w.org\/{rel}","templated":true}]}}