{"id":7254,"date":"2021-05-30T05:55:46","date_gmt":"2021-05-30T09:55:46","guid":{"rendered":"https:\/\/www.eldiario.net\/portal\/?p=7254"},"modified":"2021-05-30T05:55:46","modified_gmt":"2021-05-30T09:55:46","slug":"condena-por-atentado-a-casa-del-gobernador-de-chuquisaca","status":"publish","type":"post","link":"https:\/\/www.eldiario.net\/portal\/2021\/05\/30\/condena-por-atentado-a-casa-del-gobernador-de-chuquisaca\/","title":{"rendered":"Condena por atentado a casa del Gobernador de Chuquisaca"},"content":{"rendered":"<p>Los l\u00edderes pol\u00edticos a nivel nacional expresaron su solidaridad con el gobernador de Chuquisaca, Dami\u00e1n Condori, quien en las \u00faltimas horas sufri\u00f3 la quema de su vivienda por causas a\u00fan desconocidas. Exigen que las investigaciones del hecho den con los responsables del atentado.<br \/>\nLuego de conocida la noticia sobre el incendio de la casa del Gobernador de Chuquisaca, en circunstancias que a\u00fan no han sido esclarecidas por autoridades policiales y del Ministerio P\u00fablico, distintas personalidades del ambiente pol\u00edtico nacional expresaron muestras de solidaridad y pedidos de justicia por el hecho que fue calificado como un atentado.<br \/>\nDesde su cuenta de Twitter, el l\u00edder de oposici\u00f3n y jefe de la alianza Comunidad Ciudadana, Carlos Mesa Gisbert, conden\u00f3 el hecho y pidi\u00f3 que se lleven adelante todas las investigaciones correspondientes para dar con los responsables para evitar que queden en la impunidad.<br \/>\n\u201cRepudiamos la acci\u00f3n criminal contra la casa del gobernador Dami\u00e1n Condori y exigimos una investigaci\u00f3n urgente, transparente e id\u00f3nea para conocer m\u00f3viles y castigar a los autores materiales e intelectuales. Los ataques de este tipo sin excepci\u00f3n, no pueden quedar impunes\u201d, manifest\u00f3.<br \/>\nAl respecto, el expresidente Jorge Quiroga Ram\u00edrez reproch\u00f3 el ataque sufrido por Condori y su familia, calific\u00e1ndolo como un acto para intimidar a la autoridad recientemente posesionada, por lo que pidi\u00f3 cortar de ra\u00edz este tipo de acciones con sanciones ejemplares.<br \/>\n\u201cCondenamos el atentado en la casa del gobernador de Chuquisaca, Dami\u00e1n Condori, con quien nos solidarizamos. Autoridades deben investigar y castigar este delito intimidatorio, para cortar de ra\u00edz estas inaceptables acciones de violencia pol\u00edtica en Bolivia\u201d, expres\u00f3 Quiroga en redes sociales.<br \/>\nPor su parte, el gobernador del departamento de Santa Cruz, Luis Fernando Camacho, calific\u00f3 al hecho como un acto criminal y exigi\u00f3 dar con todos los responsables.<br \/>\n\u201cNuestra solidaridad con el gobernador Dami\u00e1n Condori por el criminal incendio de su casa. \u00c9l es uno de los j\u00f3venes l\u00edderes democr\u00e1ticos que supo vencer al masismo en Chuquisaca. Exigimos que se d\u00e9 con los responsables\u201d, dijo la autoridad departamental.<br \/>\nSimilar postura fue asumida por la alcaldesa de la ciudad de El Alto, Eva Copa, quien se solidariz\u00f3 con Condori y exigi\u00f3 que se castigue a los responsables.<br \/>\n\u201cDesde la ciudad de El Alto expreso mi solidaridad con el hermano gobernador de Chuquisaca, Dami\u00e1n Condori, y repudio ese atentado cobarde perpetrado contra de su hogar. Esperamos que este hecho no quede en la impunidad y se capture a los responsables\u201d, se\u00f1al\u00f3.<br \/>\nDesde el Gobierno, durante una conferencia de prensa, el ministro Eduardo del Castillo neg\u00f3 que el hecho se deba a un atentado en contra de la autoridad e inform\u00f3 que los primeros peritajes indican un cortocircuito como la causa del incendio.<\/p>\n","protected":false},"excerpt":{"rendered":"<p>Los l\u00edderes pol\u00edticos a nivel nacional expresaron su solidaridad con el gobernador de Chuquisaca, Dami\u00e1n Condori, quien en las \u00faltimas horas sufri\u00f3 la quema de su vivienda por causas a\u00fan desconocidas. Exigen que las investigaciones del hecho den con los responsables del atentado. Luego de conocida la noticia sobre el incendio de la casa del [&hellip;]<\/p>\n","protected":false},"author":1,"featured_media":7255,"comment_status":"closed","ping_status":"closed","sticky":false,"template":"","format":"standard","meta":{"_acf_changed":false,"footnotes":""},"categories":[14],"tags":[],"class_list":["post-7254","post","type-post","status-publish","format-standard","has-post-thumbnail","category-politica"],"acf":{"antetitulo":""},"yoast_head":"<!-- This site is optimized with the Yoast SEO plugin v28.3 - https:\/\/yoast.com\/product\/yoast-seo-wordpress\/ -->\n<title>Condena por atentado a casa del Gobernador de Chuquisaca - El Diario - Bolivia<\/title>\n<meta name=\"robots\" content=\"index, follow, max-snippet:-1, max-image-preview:large, max-video-preview:-1\" \/>\n<link rel=\"canonical\" href=\"https:\/\/www.eldiario.net\/portal\/2021\/05\/30\/condena-por-atentado-a-casa-del-gobernador-de-chuquisaca\/\" \/>\n<meta property=\"og:locale\" content=\"es_ES\" \/>\n<meta property=\"og:type\" content=\"article\" \/>\n<meta property=\"og:title\" content=\"Condena por atentado a casa del Gobernador de Chuquisaca - El Diario - Bolivia\" \/>\n<meta property=\"og:description\" content=\"Los l\u00edderes pol\u00edticos a nivel nacional expresaron su solidaridad con el gobernador de Chuquisaca, Dami\u00e1n Condori, quien en las \u00faltimas horas sufri\u00f3 la quema de su vivienda por causas a\u00fan desconocidas. Exigen que las investigaciones del hecho den con los responsables del atentado. Luego de conocida la noticia sobre el incendio de la casa del [&hellip;]\" \/>\n<meta property=\"og:url\" content=\"https:\/\/www.eldiario.net\/portal\/2021\/05\/30\/condena-por-atentado-a-casa-del-gobernador-de-chuquisaca\/\" \/>\n<meta property=\"og:site_name\" content=\"El Diario - Bolivia\" \/>\n<meta property=\"article:publisher\" content=\"https:\/\/www.facebook.com\/eldiario.bolivia\/\" \/>\n<meta property=\"article:published_time\" content=\"2021-05-30T09:55:46+00:00\" \/>\n<meta property=\"og:image\" content=\"https:\/\/www.eldiario.net\/portal\/wp-content\/uploads\/2021\/05\/Pol-290.jpg\" \/>\n\t<meta property=\"og:image:width\" content=\"720\" \/>\n\t<meta property=\"og:image:height\" content=\"960\" \/>\n\t<meta property=\"og:image:type\" content=\"image\/jpeg\" \/>\n<meta name=\"author\" content=\"Jeanette\" \/>\n<meta name=\"twitter:card\" content=\"summary_large_image\" \/>\n<meta name=\"twitter:creator\" content=\"@eldiario_net\" \/>\n<meta name=\"twitter:site\" content=\"@eldiario_net\" \/>\n<meta name=\"twitter:label1\" content=\"Escrito por\" \/>\n\t<meta name=\"twitter:data1\" content=\"Jeanette\" \/>\n\t<meta name=\"twitter:label2\" content=\"Tiempo de lectura\" \/>\n\t<meta name=\"twitter:data2\" content=\"2 minutos\" \/>\n<script type=\"application\/ld+json\" class=\"yoast-schema-graph\">{\"@context\":\"https:\\\/\\\/schema.org\",\"@graph\":[{\"@type\":\"Article\",\"@id\":\"https:\\\/\\\/www.eldiario.net\\\/portal\\\/2021\\\/05\\\/30\\\/condena-por-atentado-a-casa-del-gobernador-de-chuquisaca\\\/#article\",\"isPartOf\":{\"@id\":\"https:\\\/\\\/www.eldiario.net\\\/portal\\\/2021\\\/05\\\/30\\\/condena-por-atentado-a-casa-del-gobernador-de-chuquisaca\\\/\"},\"author\":{\"name\":\"Jeanette\",\"@id\":\"https:\\\/\\\/www.eldiario.net\\\/portal\\\/#\\\/schema\\\/person\\\/f46445640444750d7d753ccd04ae01b7\"},\"headline\":\"Condena por atentado a casa del Gobernador de Chuquisaca\",\"datePublished\":\"2021-05-30T09:55:46+00:00\",\"mainEntityOfPage\":{\"@id\":\"https:\\\/\\\/www.eldiario.net\\\/portal\\\/2021\\\/05\\\/30\\\/condena-por-atentado-a-casa-del-gobernador-de-chuquisaca\\\/\"},\"wordCount\":479,\"publisher\":{\"@id\":\"https:\\\/\\\/www.eldiario.net\\\/portal\\\/#organization\"},\"image\":{\"@id\":\"https:\\\/\\\/www.eldiario.net\\\/portal\\\/2021\\\/05\\\/30\\\/condena-por-atentado-a-casa-del-gobernador-de-chuquisaca\\\/#primaryimage\"},\"thumbnailUrl\":\"https:\\\/\\\/www.eldiario.net\\\/portal\\\/wp-content\\\/uploads\\\/2021\\\/05\\\/Pol-290.jpg\",\"articleSection\":[\"Pol\u00edtica\"],\"inLanguage\":\"es\"},{\"@type\":\"WebPage\",\"@id\":\"https:\\\/\\\/www.eldiario.net\\\/portal\\\/2021\\\/05\\\/30\\\/condena-por-atentado-a-casa-del-gobernador-de-chuquisaca\\\/\",\"url\":\"https:\\\/\\\/www.eldiario.net\\\/portal\\\/2021\\\/05\\\/30\\\/condena-por-atentado-a-casa-del-gobernador-de-chuquisaca\\\/\",\"name\":\"Condena por atentado a casa del Gobernador de Chuquisaca - El Diario - Bolivia\",\"isPartOf\":{\"@id\":\"https:\\\/\\\/www.eldiario.net\\\/portal\\\/#website\"},\"primaryImageOfPage\":{\"@id\":\"https:\\\/\\\/www.eldiario.net\\\/portal\\\/2021\\\/05\\\/30\\\/condena-por-atentado-a-casa-del-gobernador-de-chuquisaca\\\/#primaryimage\"},\"image\":{\"@id\":\"https:\\\/\\\/www.eldiario.net\\\/portal\\\/2021\\\/05\\\/30\\\/condena-por-atentado-a-casa-del-gobernador-de-chuquisaca\\\/#primaryimage\"},\"thumbnailUrl\":\"https:\\\/\\\/www.eldiario.net\\\/portal\\\/wp-content\\\/uploads\\\/2021\\\/05\\\/Pol-290.jpg\",\"datePublished\":\"2021-05-30T09:55:46+00:00\",\"breadcrumb\":{\"@id\":\"https:\\\/\\\/www.eldiario.net\\\/portal\\\/2021\\\/05\\\/30\\\/condena-por-atentado-a-casa-del-gobernador-de-chuquisaca\\\/#breadcrumb\"},\"inLanguage\":\"es\",\"potentialAction\":[{\"@type\":\"ReadAction\",\"target\":[\"https:\\\/\\\/www.eldiario.net\\\/portal\\\/2021\\\/05\\\/30\\\/condena-por-atentado-a-casa-del-gobernador-de-chuquisaca\\\/\"]}]},{\"@type\":\"ImageObject\",\"inLanguage\":\"es\",\"@id\":\"https:\\\/\\\/www.eldiario.net\\\/portal\\\/2021\\\/05\\\/30\\\/condena-por-atentado-a-casa-del-gobernador-de-chuquisaca\\\/#primaryimage\",\"url\":\"https:\\\/\\\/www.eldiario.net\\\/portal\\\/wp-content\\\/uploads\\\/2021\\\/05\\\/Pol-290.jpg\",\"contentUrl\":\"https:\\\/\\\/www.eldiario.net\\\/portal\\\/wp-content\\\/uploads\\\/2021\\\/05\\\/Pol-290.jpg\",\"width\":720,\"height\":960},{\"@type\":\"BreadcrumbList\",\"@id\":\"https:\\\/\\\/www.eldiario.net\\\/portal\\\/2021\\\/05\\\/30\\\/condena-por-atentado-a-casa-del-gobernador-de-chuquisaca\\\/#breadcrumb\",\"itemListElement\":[{\"@type\":\"ListItem\",\"position\":1,\"name\":\"Portada\",\"item\":\"https:\\\/\\\/www.eldiario.net\\\/portal\\\/\"},{\"@type\":\"ListItem\",\"position\":2,\"name\":\"Condena por atentado a casa del Gobernador de Chuquisaca\"}]},{\"@type\":\"WebSite\",\"@id\":\"https:\\\/\\\/www.eldiario.net\\\/portal\\\/#website\",\"url\":\"https:\\\/\\\/www.eldiario.net\\\/portal\\\/\",\"name\":\"El Diario - Decano de la prensa nacional\",\"description\":\"El Diario - Decano de la prensa nacional\",\"publisher\":{\"@id\":\"https:\\\/\\\/www.eldiario.net\\\/portal\\\/#organization\"},\"potentialAction\":[{\"@type\":\"SearchAction\",\"target\":{\"@type\":\"EntryPoint\",\"urlTemplate\":\"https:\\\/\\\/www.eldiario.net\\\/portal\\\/?s={search_term_string}\"},\"query-input\":{\"@type\":\"PropertyValueSpecification\",\"valueRequired\":true,\"valueName\":\"search_term_string\"}}],\"inLanguage\":\"es\"},{\"@type\":\"Organization\",\"@id\":\"https:\\\/\\\/www.eldiario.net\\\/portal\\\/#organization\",\"name\":\"El Diario - Decano de la prensa nacional\",\"url\":\"https:\\\/\\\/www.eldiario.net\\\/portal\\\/\",\"logo\":{\"@type\":\"ImageObject\",\"inLanguage\":\"es\",\"@id\":\"https:\\\/\\\/www.eldiario.net\\\/portal\\\/#\\\/schema\\\/logo\\\/image\\\/\",\"url\":\"https:\\\/\\\/www.eldiario.net\\\/portal\\\/wp-content\\\/uploads\\\/2023\\\/07\\\/logo_ED.jpg\",\"contentUrl\":\"https:\\\/\\\/www.eldiario.net\\\/portal\\\/wp-content\\\/uploads\\\/2023\\\/07\\\/logo_ED.jpg\",\"width\":272,\"height\":52,\"caption\":\"El Diario - Decano de la prensa nacional\"},\"image\":{\"@id\":\"https:\\\/\\\/www.eldiario.net\\\/portal\\\/#\\\/schema\\\/logo\\\/image\\\/\"},\"sameAs\":[\"https:\\\/\\\/www.facebook.com\\\/eldiario.bolivia\\\/\",\"https:\\\/\\\/x.com\\\/eldiario_net\"]},{\"@type\":\"Person\",\"@id\":\"https:\\\/\\\/www.eldiario.net\\\/portal\\\/#\\\/schema\\\/person\\\/f46445640444750d7d753ccd04ae01b7\",\"name\":\"Jeanette\",\"image\":{\"@type\":\"ImageObject\",\"inLanguage\":\"es\",\"@id\":\"https:\\\/\\\/secure.gravatar.com\\\/avatar\\\/3ea2118a5f7dad2b7138b1187a6b7ee55f160b9968b66013c3a3ef39dd7e5798?s=96&d=mm&r=g\",\"url\":\"https:\\\/\\\/secure.gravatar.com\\\/avatar\\\/3ea2118a5f7dad2b7138b1187a6b7ee55f160b9968b66013c3a3ef39dd7e5798?s=96&d=mm&r=g\",\"contentUrl\":\"https:\\\/\\\/secure.gravatar.com\\\/avatar\\\/3ea2118a5f7dad2b7138b1187a6b7ee55f160b9968b66013c3a3ef39dd7e5798?s=96&d=mm&r=g\",\"caption\":\"Jeanette\"},\"sameAs\":[\"https:\\\/\\\/www.eldiario.net\\\/portal\"],\"url\":\"https:\\\/\\\/www.eldiario.net\\\/portal\\\/author\\\/jeanette\\\/\"}]}<\/script>\n<!-- \/ Yoast SEO plugin. -->","yoast_head_json":{"title":"Condena por atentado a casa del Gobernador de Chuquisaca - El Diario - Bolivia","robots":{"index":"index","follow":"follow","max-snippet":"max-snippet:-1","max-image-preview":"max-image-preview:large","max-video-preview":"max-video-preview:-1"},"canonical":"https:\/\/www.eldiario.net\/portal\/2021\/05\/30\/condena-por-atentado-a-casa-del-gobernador-de-chuquisaca\/","og_locale":"es_ES","og_type":"article","og_title":"Condena por atentado a casa del Gobernador de Chuquisaca - El Diario - Bolivia","og_description":"Los l\u00edderes pol\u00edticos a nivel nacional expresaron su solidaridad con el gobernador de Chuquisaca, Dami\u00e1n Condori, quien en las \u00faltimas horas sufri\u00f3 la quema de su vivienda por causas a\u00fan desconocidas. Exigen que las investigaciones del hecho den con los responsables del atentado. Luego de conocida la noticia sobre el incendio de la casa del [&hellip;]","og_url":"https:\/\/www.eldiario.net\/portal\/2021\/05\/30\/condena-por-atentado-a-casa-del-gobernador-de-chuquisaca\/","og_site_name":"El Diario - Bolivia","article_publisher":"https:\/\/www.facebook.com\/eldiario.bolivia\/","article_published_time":"2021-05-30T09:55:46+00:00","og_image":[{"width":720,"height":960,"url":"https:\/\/www.eldiario.net\/portal\/wp-content\/uploads\/2021\/05\/Pol-290.jpg","type":"image\/jpeg"}],"author":"Jeanette","twitter_card":"summary_large_image","twitter_creator":"@eldiario_net","twitter_site":"@eldiario_net","twitter_misc":{"Escrito por":"Jeanette","Tiempo de lectura":"2 minutos"},"schema":{"@context":"https:\/\/schema.org","@graph":[{"@type":"Article","@id":"https:\/\/www.eldiario.net\/portal\/2021\/05\/30\/condena-por-atentado-a-casa-del-gobernador-de-chuquisaca\/#article","isPartOf":{"@id":"https:\/\/www.eldiario.net\/portal\/2021\/05\/30\/condena-por-atentado-a-casa-del-gobernador-de-chuquisaca\/"},"author":{"name":"Jeanette","@id":"https:\/\/www.eldiario.net\/portal\/#\/schema\/person\/f46445640444750d7d753ccd04ae01b7"},"headline":"Condena por atentado a casa del Gobernador de Chuquisaca","datePublished":"2021-05-30T09:55:46+00:00","mainEntityOfPage":{"@id":"https:\/\/www.eldiario.net\/portal\/2021\/05\/30\/condena-por-atentado-a-casa-del-gobernador-de-chuquisaca\/"},"wordCount":479,"publisher":{"@id":"https:\/\/www.eldiario.net\/portal\/#organization"},"image":{"@id":"https:\/\/www.eldiario.net\/portal\/2021\/05\/30\/condena-por-atentado-a-casa-del-gobernador-de-chuquisaca\/#primaryimage"},"thumbnailUrl":"https:\/\/www.eldiario.net\/portal\/wp-content\/uploads\/2021\/05\/Pol-290.jpg","articleSection":["Pol\u00edtica"],"inLanguage":"es"},{"@type":"WebPage","@id":"https:\/\/www.eldiario.net\/portal\/2021\/05\/30\/condena-por-atentado-a-casa-del-gobernador-de-chuquisaca\/","url":"https:\/\/www.eldiario.net\/portal\/2021\/05\/30\/condena-por-atentado-a-casa-del-gobernador-de-chuquisaca\/","name":"Condena por atentado a casa del Gobernador de Chuquisaca - El Diario - Bolivia","isPartOf":{"@id":"https:\/\/www.eldiario.net\/portal\/#website"},"primaryImageOfPage":{"@id":"https:\/\/www.eldiario.net\/portal\/2021\/05\/30\/condena-por-atentado-a-casa-del-gobernador-de-chuquisaca\/#primaryimage"},"image":{"@id":"https:\/\/www.eldiario.net\/portal\/2021\/05\/30\/condena-por-atentado-a-casa-del-gobernador-de-chuquisaca\/#primaryimage"},"thumbnailUrl":"https:\/\/www.eldiario.net\/portal\/wp-content\/uploads\/2021\/05\/Pol-290.jpg","datePublished":"2021-05-30T09:55:46+00:00","breadcrumb":{"@id":"https:\/\/www.eldiario.net\/portal\/2021\/05\/30\/condena-por-atentado-a-casa-del-gobernador-de-chuquisaca\/#breadcrumb"},"inLanguage":"es","potentialAction":[{"@type":"ReadAction","target":["https:\/\/www.eldiario.net\/portal\/2021\/05\/30\/condena-por-atentado-a-casa-del-gobernador-de-chuquisaca\/"]}]},{"@type":"ImageObject","inLanguage":"es","@id":"https:\/\/www.eldiario.net\/portal\/2021\/05\/30\/condena-por-atentado-a-casa-del-gobernador-de-chuquisaca\/#primaryimage","url":"https:\/\/www.eldiario.net\/portal\/wp-content\/uploads\/2021\/05\/Pol-290.jpg","contentUrl":"https:\/\/www.eldiario.net\/portal\/wp-content\/uploads\/2021\/05\/Pol-290.jpg","width":720,"height":960},{"@type":"BreadcrumbList","@id":"https:\/\/www.eldiario.net\/portal\/2021\/05\/30\/condena-por-atentado-a-casa-del-gobernador-de-chuquisaca\/#breadcrumb","itemListElement":[{"@type":"ListItem","position":1,"name":"Portada","item":"https:\/\/www.eldiario.net\/portal\/"},{"@type":"ListItem","position":2,"name":"Condena por atentado a casa del Gobernador de Chuquisaca"}]},{"@type":"WebSite","@id":"https:\/\/www.eldiario.net\/portal\/#website","url":"https:\/\/www.eldiario.net\/portal\/","name":"El Diario - Decano de la prensa nacional","description":"El Diario - Decano de la prensa nacional","publisher":{"@id":"https:\/\/www.eldiario.net\/portal\/#organization"},"potentialAction":[{"@type":"SearchAction","target":{"@type":"EntryPoint","urlTemplate":"https:\/\/www.eldiario.net\/portal\/?s={search_term_string}"},"query-input":{"@type":"PropertyValueSpecification","valueRequired":true,"valueName":"search_term_string"}}],"inLanguage":"es"},{"@type":"Organization","@id":"https:\/\/www.eldiario.net\/portal\/#organization","name":"El Diario - Decano de la prensa nacional","url":"https:\/\/www.eldiario.net\/portal\/","logo":{"@type":"ImageObject","inLanguage":"es","@id":"https:\/\/www.eldiario.net\/portal\/#\/schema\/logo\/image\/","url":"https:\/\/www.eldiario.net\/portal\/wp-content\/uploads\/2023\/07\/logo_ED.jpg","contentUrl":"https:\/\/www.eldiario.net\/portal\/wp-content\/uploads\/2023\/07\/logo_ED.jpg","width":272,"height":52,"caption":"El Diario - Decano de la prensa nacional"},"image":{"@id":"https:\/\/www.eldiario.net\/portal\/#\/schema\/logo\/image\/"},"sameAs":["https:\/\/www.facebook.com\/eldiario.bolivia\/","https:\/\/x.com\/eldiario_net"]},{"@type":"Person","@id":"https:\/\/www.eldiario.net\/portal\/#\/schema\/person\/f46445640444750d7d753ccd04ae01b7","name":"Jeanette","image":{"@type":"ImageObject","inLanguage":"es","@id":"https:\/\/secure.gravatar.com\/avatar\/3ea2118a5f7dad2b7138b1187a6b7ee55f160b9968b66013c3a3ef39dd7e5798?s=96&d=mm&r=g","url":"https:\/\/secure.gravatar.com\/avatar\/3ea2118a5f7dad2b7138b1187a6b7ee55f160b9968b66013c3a3ef39dd7e5798?s=96&d=mm&r=g","contentUrl":"https:\/\/secure.gravatar.com\/avatar\/3ea2118a5f7dad2b7138b1187a6b7ee55f160b9968b66013c3a3ef39dd7e5798?s=96&d=mm&r=g","caption":"Jeanette"},"sameAs":["https:\/\/www.eldiario.net\/portal"],"url":"https:\/\/www.eldiario.net\/portal\/author\/jeanette\/"}]}},"_links":{"self":[{"href":"https:\/\/www.eldiario.net\/portal\/wp-json\/wp\/v2\/posts\/7254","targetHints":{"allow":["GET"]}}],"collection":[{"href":"https:\/\/www.eldiario.net\/portal\/wp-json\/wp\/v2\/posts"}],"about":[{"href":"https:\/\/www.eldiario.net\/portal\/wp-json\/wp\/v2\/types\/post"}],"author":[{"embeddable":true,"href":"https:\/\/www.eldiario.net\/portal\/wp-json\/wp\/v2\/users\/1"}],"replies":[{"embeddable":true,"href":"https:\/\/www.eldiario.net\/portal\/wp-json\/wp\/v2\/comments?post=7254"}],"version-history":[{"count":0,"href":"https:\/\/www.eldiario.net\/portal\/wp-json\/wp\/v2\/posts\/7254\/revisions"}],"wp:featuredmedia":[{"embeddable":true,"href":"https:\/\/www.eldiario.net\/portal\/wp-json\/wp\/v2\/media\/7255"}],"wp:attachment":[{"href":"https:\/\/www.eldiario.net\/portal\/wp-json\/wp\/v2\/media?parent=7254"}],"wp:term":[{"taxonomy":"category","embeddable":true,"href":"https:\/\/www.eldiario.net\/portal\/wp-json\/wp\/v2\/categories?post=7254"},{"taxonomy":"post_tag","embeddable":true,"href":"https:\/\/www.eldiario.net\/portal\/wp-json\/wp\/v2\/tags?post=7254"}],"curies":[{"name":"wp","href":"https:\/\/api.w.org\/{rel}","templated":true}]}}