{"id":7252,"date":"2021-05-30T05:54:37","date_gmt":"2021-05-30T09:54:37","guid":{"rendered":"https:\/\/www.eldiario.net\/portal\/?p=7252"},"modified":"2021-05-30T05:54:37","modified_gmt":"2021-05-30T09:54:37","slug":"anuncian-llegada-de-34-toneladas-de-oxigeno-provenientes-de-chile","status":"publish","type":"post","link":"https:\/\/www.eldiario.net\/portal\/2021\/05\/30\/anuncian-llegada-de-34-toneladas-de-oxigeno-provenientes-de-chile\/","title":{"rendered":"Anuncian llegada de 34 toneladas  de ox\u00edgeno provenientes de Chile"},"content":{"rendered":"<p>Ante la escasez de ox\u00edgeno medicinal en varios centros de atenci\u00f3n m\u00e9dica del pa\u00eds y debido al recrudecimiento de casos positivos de covid-19 que requieren de cuidados intensivos, el Gobierno anunci\u00f3 la llegada de 34 toneladas de este insumo provenientes de la Rep\u00fablica de Chile, y se espera para las siguientes horas la llegada de un lote mayor.<br \/>\nMediante su cuenta de Twitter, el presidente constitucional del Estado, Luis Arce Catacora, fue el encargado de informar sobre este arribo y adelant\u00f3 que en las pr\u00f3ximas horas se espera una cantidad a\u00fan mayor para la atenci\u00f3n de la poblaci\u00f3n que requiera este insumo.<br \/>\n\u201cComunicamos al pueblo boliviano que llegaron 34 toneladas de ox\u00edgeno procedentes de Chile, para atender a los pacientes de los hospitales del pa\u00eds. En las pr\u00f3ximas horas esperamos otras 51 toneladas de ox\u00edgeno. La salud es nuestra prioridad\u201d, comparti\u00f3 Arce, desde su cuenta de Twitter.<br \/>\nEl viernes pasado, desde la Canciller\u00eda se inform\u00f3 sobre otra gesti\u00f3n para el ingreso al pa\u00eds de ox\u00edgeno medicinal proveniente de Brasil, producto de gestiones con el pa\u00eds vecino.<br \/>\nEl viceministro de comercio exterior, Benjam\u00edn Blanco, inform\u00f3 que la negociaci\u00f3n permiti\u00f3 la liberaci\u00f3n de 320 toneladas para la importaci\u00f3n a territorio nacional.<br \/>\n\u201cInformamos que a partir de gestiones diplom\u00e1ticas del Ministerio de Relaciones Exteriores de Bolivia se ha liberado, por razones humanitarias, la exportaci\u00f3n de 320 toneladas de ox\u00edgeno medicinal desde Brasil para Bolivia. Valoramos la solidaridad del hermano pa\u00eds, agradecemos a la Agencia Nacional de Vigilancia Sanitaria por la agilidad y apoyo\u201d, indic\u00f3 la autoridad.<\/p>\n","protected":false},"excerpt":{"rendered":"<p>Ante la escasez de ox\u00edgeno medicinal en varios centros de atenci\u00f3n m\u00e9dica del pa\u00eds y debido al recrudecimiento de casos positivos de covid-19 que requieren de cuidados intensivos, el Gobierno anunci\u00f3 la llegada de 34 toneladas de este insumo provenientes de la Rep\u00fablica de Chile, y se espera para las siguientes horas la llegada de [&hellip;]<\/p>\n","protected":false},"author":1,"featured_media":0,"comment_status":"closed","ping_status":"closed","sticky":false,"template":"","format":"standard","meta":{"_acf_changed":false,"footnotes":""},"categories":[14],"tags":[],"class_list":["post-7252","post","type-post","status-publish","format-standard","category-politica"],"acf":{"antetitulo":""},"yoast_head":"<!-- This site is optimized with the Yoast SEO plugin v28.3 - https:\/\/yoast.com\/product\/yoast-seo-wordpress\/ -->\n<title>Anuncian llegada de 34 toneladas de ox\u00edgeno provenientes de Chile - El Diario - Bolivia<\/title>\n<meta name=\"robots\" content=\"index, follow, max-snippet:-1, max-image-preview:large, max-video-preview:-1\" \/>\n<link rel=\"canonical\" href=\"https:\/\/www.eldiario.net\/portal\/2021\/05\/30\/anuncian-llegada-de-34-toneladas-de-oxigeno-provenientes-de-chile\/\" \/>\n<meta property=\"og:locale\" content=\"es_ES\" \/>\n<meta property=\"og:type\" content=\"article\" \/>\n<meta property=\"og:title\" content=\"Anuncian llegada de 34 toneladas de ox\u00edgeno provenientes de Chile - El Diario - Bolivia\" \/>\n<meta property=\"og:description\" content=\"Ante la escasez de ox\u00edgeno medicinal en varios centros de atenci\u00f3n m\u00e9dica del pa\u00eds y debido al recrudecimiento de casos positivos de covid-19 que requieren de cuidados intensivos, el Gobierno anunci\u00f3 la llegada de 34 toneladas de este insumo provenientes de la Rep\u00fablica de Chile, y se espera para las siguientes horas la llegada de [&hellip;]\" \/>\n<meta property=\"og:url\" content=\"https:\/\/www.eldiario.net\/portal\/2021\/05\/30\/anuncian-llegada-de-34-toneladas-de-oxigeno-provenientes-de-chile\/\" \/>\n<meta property=\"og:site_name\" content=\"El Diario - Bolivia\" \/>\n<meta property=\"article:publisher\" content=\"https:\/\/www.facebook.com\/eldiario.bolivia\/\" \/>\n<meta property=\"article:published_time\" content=\"2021-05-30T09:54:37+00:00\" \/>\n<meta name=\"author\" content=\"Jeanette\" \/>\n<meta name=\"twitter:card\" content=\"summary_large_image\" \/>\n<meta name=\"twitter:creator\" content=\"@eldiario_net\" \/>\n<meta name=\"twitter:site\" content=\"@eldiario_net\" \/>\n<meta name=\"twitter:label1\" content=\"Escrito por\" \/>\n\t<meta name=\"twitter:data1\" content=\"Jeanette\" \/>\n\t<meta name=\"twitter:label2\" content=\"Tiempo de lectura\" \/>\n\t<meta name=\"twitter:data2\" content=\"2 minutos\" \/>\n<script type=\"application\/ld+json\" class=\"yoast-schema-graph\">{\"@context\":\"https:\\\/\\\/schema.org\",\"@graph\":[{\"@type\":\"Article\",\"@id\":\"https:\\\/\\\/www.eldiario.net\\\/portal\\\/2021\\\/05\\\/30\\\/anuncian-llegada-de-34-toneladas-de-oxigeno-provenientes-de-chile\\\/#article\",\"isPartOf\":{\"@id\":\"https:\\\/\\\/www.eldiario.net\\\/portal\\\/2021\\\/05\\\/30\\\/anuncian-llegada-de-34-toneladas-de-oxigeno-provenientes-de-chile\\\/\"},\"author\":{\"name\":\"Jeanette\",\"@id\":\"https:\\\/\\\/www.eldiario.net\\\/portal\\\/#\\\/schema\\\/person\\\/f46445640444750d7d753ccd04ae01b7\"},\"headline\":\"Anuncian llegada de 34 toneladas de ox\u00edgeno provenientes de Chile\",\"datePublished\":\"2021-05-30T09:54:37+00:00\",\"mainEntityOfPage\":{\"@id\":\"https:\\\/\\\/www.eldiario.net\\\/portal\\\/2021\\\/05\\\/30\\\/anuncian-llegada-de-34-toneladas-de-oxigeno-provenientes-de-chile\\\/\"},\"wordCount\":284,\"publisher\":{\"@id\":\"https:\\\/\\\/www.eldiario.net\\\/portal\\\/#organization\"},\"articleSection\":[\"Pol\u00edtica\"],\"inLanguage\":\"es\"},{\"@type\":\"WebPage\",\"@id\":\"https:\\\/\\\/www.eldiario.net\\\/portal\\\/2021\\\/05\\\/30\\\/anuncian-llegada-de-34-toneladas-de-oxigeno-provenientes-de-chile\\\/\",\"url\":\"https:\\\/\\\/www.eldiario.net\\\/portal\\\/2021\\\/05\\\/30\\\/anuncian-llegada-de-34-toneladas-de-oxigeno-provenientes-de-chile\\\/\",\"name\":\"Anuncian llegada de 34 toneladas de ox\u00edgeno provenientes de Chile - El Diario - Bolivia\",\"isPartOf\":{\"@id\":\"https:\\\/\\\/www.eldiario.net\\\/portal\\\/#website\"},\"datePublished\":\"2021-05-30T09:54:37+00:00\",\"breadcrumb\":{\"@id\":\"https:\\\/\\\/www.eldiario.net\\\/portal\\\/2021\\\/05\\\/30\\\/anuncian-llegada-de-34-toneladas-de-oxigeno-provenientes-de-chile\\\/#breadcrumb\"},\"inLanguage\":\"es\",\"potentialAction\":[{\"@type\":\"ReadAction\",\"target\":[\"https:\\\/\\\/www.eldiario.net\\\/portal\\\/2021\\\/05\\\/30\\\/anuncian-llegada-de-34-toneladas-de-oxigeno-provenientes-de-chile\\\/\"]}]},{\"@type\":\"BreadcrumbList\",\"@id\":\"https:\\\/\\\/www.eldiario.net\\\/portal\\\/2021\\\/05\\\/30\\\/anuncian-llegada-de-34-toneladas-de-oxigeno-provenientes-de-chile\\\/#breadcrumb\",\"itemListElement\":[{\"@type\":\"ListItem\",\"position\":1,\"name\":\"Portada\",\"item\":\"https:\\\/\\\/www.eldiario.net\\\/portal\\\/\"},{\"@type\":\"ListItem\",\"position\":2,\"name\":\"Anuncian llegada de 34 toneladas de ox\u00edgeno provenientes de Chile\"}]},{\"@type\":\"WebSite\",\"@id\":\"https:\\\/\\\/www.eldiario.net\\\/portal\\\/#website\",\"url\":\"https:\\\/\\\/www.eldiario.net\\\/portal\\\/\",\"name\":\"El Diario - Decano de la prensa nacional\",\"description\":\"El Diario - Decano de la prensa nacional\",\"publisher\":{\"@id\":\"https:\\\/\\\/www.eldiario.net\\\/portal\\\/#organization\"},\"potentialAction\":[{\"@type\":\"SearchAction\",\"target\":{\"@type\":\"EntryPoint\",\"urlTemplate\":\"https:\\\/\\\/www.eldiario.net\\\/portal\\\/?s={search_term_string}\"},\"query-input\":{\"@type\":\"PropertyValueSpecification\",\"valueRequired\":true,\"valueName\":\"search_term_string\"}}],\"inLanguage\":\"es\"},{\"@type\":\"Organization\",\"@id\":\"https:\\\/\\\/www.eldiario.net\\\/portal\\\/#organization\",\"name\":\"El Diario - Decano de la prensa nacional\",\"url\":\"https:\\\/\\\/www.eldiario.net\\\/portal\\\/\",\"logo\":{\"@type\":\"ImageObject\",\"inLanguage\":\"es\",\"@id\":\"https:\\\/\\\/www.eldiario.net\\\/portal\\\/#\\\/schema\\\/logo\\\/image\\\/\",\"url\":\"https:\\\/\\\/www.eldiario.net\\\/portal\\\/wp-content\\\/uploads\\\/2023\\\/07\\\/logo_ED.jpg\",\"contentUrl\":\"https:\\\/\\\/www.eldiario.net\\\/portal\\\/wp-content\\\/uploads\\\/2023\\\/07\\\/logo_ED.jpg\",\"width\":272,\"height\":52,\"caption\":\"El Diario - Decano de la prensa nacional\"},\"image\":{\"@id\":\"https:\\\/\\\/www.eldiario.net\\\/portal\\\/#\\\/schema\\\/logo\\\/image\\\/\"},\"sameAs\":[\"https:\\\/\\\/www.facebook.com\\\/eldiario.bolivia\\\/\",\"https:\\\/\\\/x.com\\\/eldiario_net\"]},{\"@type\":\"Person\",\"@id\":\"https:\\\/\\\/www.eldiario.net\\\/portal\\\/#\\\/schema\\\/person\\\/f46445640444750d7d753ccd04ae01b7\",\"name\":\"Jeanette\",\"image\":{\"@type\":\"ImageObject\",\"inLanguage\":\"es\",\"@id\":\"https:\\\/\\\/secure.gravatar.com\\\/avatar\\\/3ea2118a5f7dad2b7138b1187a6b7ee55f160b9968b66013c3a3ef39dd7e5798?s=96&d=mm&r=g\",\"url\":\"https:\\\/\\\/secure.gravatar.com\\\/avatar\\\/3ea2118a5f7dad2b7138b1187a6b7ee55f160b9968b66013c3a3ef39dd7e5798?s=96&d=mm&r=g\",\"contentUrl\":\"https:\\\/\\\/secure.gravatar.com\\\/avatar\\\/3ea2118a5f7dad2b7138b1187a6b7ee55f160b9968b66013c3a3ef39dd7e5798?s=96&d=mm&r=g\",\"caption\":\"Jeanette\"},\"sameAs\":[\"https:\\\/\\\/www.eldiario.net\\\/portal\"],\"url\":\"https:\\\/\\\/www.eldiario.net\\\/portal\\\/author\\\/jeanette\\\/\"}]}<\/script>\n<!-- \/ Yoast SEO plugin. -->","yoast_head_json":{"title":"Anuncian llegada de 34 toneladas de ox\u00edgeno provenientes de Chile - El Diario - Bolivia","robots":{"index":"index","follow":"follow","max-snippet":"max-snippet:-1","max-image-preview":"max-image-preview:large","max-video-preview":"max-video-preview:-1"},"canonical":"https:\/\/www.eldiario.net\/portal\/2021\/05\/30\/anuncian-llegada-de-34-toneladas-de-oxigeno-provenientes-de-chile\/","og_locale":"es_ES","og_type":"article","og_title":"Anuncian llegada de 34 toneladas de ox\u00edgeno provenientes de Chile - El Diario - Bolivia","og_description":"Ante la escasez de ox\u00edgeno medicinal en varios centros de atenci\u00f3n m\u00e9dica del pa\u00eds y debido al recrudecimiento de casos positivos de covid-19 que requieren de cuidados intensivos, el Gobierno anunci\u00f3 la llegada de 34 toneladas de este insumo provenientes de la Rep\u00fablica de Chile, y se espera para las siguientes horas la llegada de [&hellip;]","og_url":"https:\/\/www.eldiario.net\/portal\/2021\/05\/30\/anuncian-llegada-de-34-toneladas-de-oxigeno-provenientes-de-chile\/","og_site_name":"El Diario - Bolivia","article_publisher":"https:\/\/www.facebook.com\/eldiario.bolivia\/","article_published_time":"2021-05-30T09:54:37+00:00","author":"Jeanette","twitter_card":"summary_large_image","twitter_creator":"@eldiario_net","twitter_site":"@eldiario_net","twitter_misc":{"Escrito por":"Jeanette","Tiempo de lectura":"2 minutos"},"schema":{"@context":"https:\/\/schema.org","@graph":[{"@type":"Article","@id":"https:\/\/www.eldiario.net\/portal\/2021\/05\/30\/anuncian-llegada-de-34-toneladas-de-oxigeno-provenientes-de-chile\/#article","isPartOf":{"@id":"https:\/\/www.eldiario.net\/portal\/2021\/05\/30\/anuncian-llegada-de-34-toneladas-de-oxigeno-provenientes-de-chile\/"},"author":{"name":"Jeanette","@id":"https:\/\/www.eldiario.net\/portal\/#\/schema\/person\/f46445640444750d7d753ccd04ae01b7"},"headline":"Anuncian llegada de 34 toneladas de ox\u00edgeno provenientes de Chile","datePublished":"2021-05-30T09:54:37+00:00","mainEntityOfPage":{"@id":"https:\/\/www.eldiario.net\/portal\/2021\/05\/30\/anuncian-llegada-de-34-toneladas-de-oxigeno-provenientes-de-chile\/"},"wordCount":284,"publisher":{"@id":"https:\/\/www.eldiario.net\/portal\/#organization"},"articleSection":["Pol\u00edtica"],"inLanguage":"es"},{"@type":"WebPage","@id":"https:\/\/www.eldiario.net\/portal\/2021\/05\/30\/anuncian-llegada-de-34-toneladas-de-oxigeno-provenientes-de-chile\/","url":"https:\/\/www.eldiario.net\/portal\/2021\/05\/30\/anuncian-llegada-de-34-toneladas-de-oxigeno-provenientes-de-chile\/","name":"Anuncian llegada de 34 toneladas de ox\u00edgeno provenientes de Chile - El Diario - Bolivia","isPartOf":{"@id":"https:\/\/www.eldiario.net\/portal\/#website"},"datePublished":"2021-05-30T09:54:37+00:00","breadcrumb":{"@id":"https:\/\/www.eldiario.net\/portal\/2021\/05\/30\/anuncian-llegada-de-34-toneladas-de-oxigeno-provenientes-de-chile\/#breadcrumb"},"inLanguage":"es","potentialAction":[{"@type":"ReadAction","target":["https:\/\/www.eldiario.net\/portal\/2021\/05\/30\/anuncian-llegada-de-34-toneladas-de-oxigeno-provenientes-de-chile\/"]}]},{"@type":"BreadcrumbList","@id":"https:\/\/www.eldiario.net\/portal\/2021\/05\/30\/anuncian-llegada-de-34-toneladas-de-oxigeno-provenientes-de-chile\/#breadcrumb","itemListElement":[{"@type":"ListItem","position":1,"name":"Portada","item":"https:\/\/www.eldiario.net\/portal\/"},{"@type":"ListItem","position":2,"name":"Anuncian llegada de 34 toneladas de ox\u00edgeno provenientes de Chile"}]},{"@type":"WebSite","@id":"https:\/\/www.eldiario.net\/portal\/#website","url":"https:\/\/www.eldiario.net\/portal\/","name":"El Diario - Decano de la prensa nacional","description":"El Diario - Decano de la prensa nacional","publisher":{"@id":"https:\/\/www.eldiario.net\/portal\/#organization"},"potentialAction":[{"@type":"SearchAction","target":{"@type":"EntryPoint","urlTemplate":"https:\/\/www.eldiario.net\/portal\/?s={search_term_string}"},"query-input":{"@type":"PropertyValueSpecification","valueRequired":true,"valueName":"search_term_string"}}],"inLanguage":"es"},{"@type":"Organization","@id":"https:\/\/www.eldiario.net\/portal\/#organization","name":"El Diario - Decano de la prensa nacional","url":"https:\/\/www.eldiario.net\/portal\/","logo":{"@type":"ImageObject","inLanguage":"es","@id":"https:\/\/www.eldiario.net\/portal\/#\/schema\/logo\/image\/","url":"https:\/\/www.eldiario.net\/portal\/wp-content\/uploads\/2023\/07\/logo_ED.jpg","contentUrl":"https:\/\/www.eldiario.net\/portal\/wp-content\/uploads\/2023\/07\/logo_ED.jpg","width":272,"height":52,"caption":"El Diario - Decano de la prensa nacional"},"image":{"@id":"https:\/\/www.eldiario.net\/portal\/#\/schema\/logo\/image\/"},"sameAs":["https:\/\/www.facebook.com\/eldiario.bolivia\/","https:\/\/x.com\/eldiario_net"]},{"@type":"Person","@id":"https:\/\/www.eldiario.net\/portal\/#\/schema\/person\/f46445640444750d7d753ccd04ae01b7","name":"Jeanette","image":{"@type":"ImageObject","inLanguage":"es","@id":"https:\/\/secure.gravatar.com\/avatar\/3ea2118a5f7dad2b7138b1187a6b7ee55f160b9968b66013c3a3ef39dd7e5798?s=96&d=mm&r=g","url":"https:\/\/secure.gravatar.com\/avatar\/3ea2118a5f7dad2b7138b1187a6b7ee55f160b9968b66013c3a3ef39dd7e5798?s=96&d=mm&r=g","contentUrl":"https:\/\/secure.gravatar.com\/avatar\/3ea2118a5f7dad2b7138b1187a6b7ee55f160b9968b66013c3a3ef39dd7e5798?s=96&d=mm&r=g","caption":"Jeanette"},"sameAs":["https:\/\/www.eldiario.net\/portal"],"url":"https:\/\/www.eldiario.net\/portal\/author\/jeanette\/"}]}},"_links":{"self":[{"href":"https:\/\/www.eldiario.net\/portal\/wp-json\/wp\/v2\/posts\/7252","targetHints":{"allow":["GET"]}}],"collection":[{"href":"https:\/\/www.eldiario.net\/portal\/wp-json\/wp\/v2\/posts"}],"about":[{"href":"https:\/\/www.eldiario.net\/portal\/wp-json\/wp\/v2\/types\/post"}],"author":[{"embeddable":true,"href":"https:\/\/www.eldiario.net\/portal\/wp-json\/wp\/v2\/users\/1"}],"replies":[{"embeddable":true,"href":"https:\/\/www.eldiario.net\/portal\/wp-json\/wp\/v2\/comments?post=7252"}],"version-history":[{"count":0,"href":"https:\/\/www.eldiario.net\/portal\/wp-json\/wp\/v2\/posts\/7252\/revisions"}],"wp:attachment":[{"href":"https:\/\/www.eldiario.net\/portal\/wp-json\/wp\/v2\/media?parent=7252"}],"wp:term":[{"taxonomy":"category","embeddable":true,"href":"https:\/\/www.eldiario.net\/portal\/wp-json\/wp\/v2\/categories?post=7252"},{"taxonomy":"post_tag","embeddable":true,"href":"https:\/\/www.eldiario.net\/portal\/wp-json\/wp\/v2\/tags?post=7252"}],"curies":[{"name":"wp","href":"https:\/\/api.w.org\/{rel}","templated":true}]}}