{"id":7250,"date":"2021-05-30T05:54:02","date_gmt":"2021-05-30T09:54:02","guid":{"rendered":"https:\/\/www.eldiario.net\/portal\/?p=7250"},"modified":"2021-05-30T05:54:02","modified_gmt":"2021-05-30T09:54:02","slug":"alcalde-arias-denuncia-reinicio-de-persecucion-politica-en-su-contra","status":"publish","type":"post","link":"https:\/\/www.eldiario.net\/portal\/2021\/05\/30\/alcalde-arias-denuncia-reinicio-de-persecucion-politica-en-su-contra\/","title":{"rendered":"Alcalde Arias denuncia reinicio de persecuci\u00f3n pol\u00edtica en su contra"},"content":{"rendered":"<p>Tras un nuevo requerimiento judicial para presentarse a brindar declaraciones sobre denuncias por presuntos nombramientos ilegales durante su gesti\u00f3n al frente del Ministerio de Obras P\u00fablicas, el alcalde del municipio de La Paz, Iv\u00e1n Arias Dur\u00e1n, denunci\u00f3 que estas citaciones son parte de una persecuci\u00f3n pol\u00edtica en su contra por parte del Gobierno.<br \/>\nEl burgomaestre denunci\u00f3 que esta citaci\u00f3n programada para el d\u00eda lunes, es parte de la persecuci\u00f3n pol\u00edtica, cuya finalidad es ponerle obst\u00e1culos a La Paz, y de ponerle obst\u00e1culo a su alcalde, en momentos en que se trabaja en la lucha contra la pandemia del coronavirus y contener la agresiva tercera ola con m\u00e1s contagios y fallecidos.<br \/>\n\u201cYo voy a estar el lunes, pero realmente todo es ponerles obst\u00e1culos a La Paz, ponerle obst\u00e1culo a su alcalde para que la ciudad no avance\u201d, manifest\u00f3 la autoridad.<br \/>\nSe inform\u00f3 que Arias fue citado para este lunes por el Ministerio P\u00fablico a una audiencia por el presunto caso de nombramientos ilegales cuando era Ministro de Obras P\u00fablicas, durante el gobierno transitorio en el a\u00f1o 2020.<br \/>\nAdelant\u00f3 que se presentar\u00e1 al requerimiento de la justicia y continuar\u00e1 trabajando en beneficio de la ciudadan\u00eda que lo respaldo para dirigir a la ciudad desde la Alcald\u00eda.<\/p>\n","protected":false},"excerpt":{"rendered":"<p>Tras un nuevo requerimiento judicial para presentarse a brindar declaraciones sobre denuncias por presuntos nombramientos ilegales durante su gesti\u00f3n al frente del Ministerio de Obras P\u00fablicas, el alcalde del municipio de La Paz, Iv\u00e1n Arias Dur\u00e1n, denunci\u00f3 que estas citaciones son parte de una persecuci\u00f3n pol\u00edtica en su contra por parte del Gobierno. El burgomaestre [&hellip;]<\/p>\n","protected":false},"author":1,"featured_media":0,"comment_status":"closed","ping_status":"closed","sticky":false,"template":"","format":"standard","meta":{"_acf_changed":false,"footnotes":""},"categories":[14],"tags":[],"class_list":["post-7250","post","type-post","status-publish","format-standard","category-politica"],"acf":{"antetitulo":""},"yoast_head":"<!-- This site is optimized with the Yoast SEO plugin v28.3 - https:\/\/yoast.com\/product\/yoast-seo-wordpress\/ -->\n<title>Alcalde Arias denuncia reinicio de persecuci\u00f3n pol\u00edtica en su contra - El Diario - Bolivia<\/title>\n<meta name=\"robots\" content=\"index, follow, max-snippet:-1, max-image-preview:large, max-video-preview:-1\" \/>\n<link rel=\"canonical\" href=\"https:\/\/www.eldiario.net\/portal\/2021\/05\/30\/alcalde-arias-denuncia-reinicio-de-persecucion-politica-en-su-contra\/\" \/>\n<meta property=\"og:locale\" content=\"es_ES\" \/>\n<meta property=\"og:type\" content=\"article\" \/>\n<meta property=\"og:title\" content=\"Alcalde Arias denuncia reinicio de persecuci\u00f3n pol\u00edtica en su contra - El Diario - Bolivia\" \/>\n<meta property=\"og:description\" content=\"Tras un nuevo requerimiento judicial para presentarse a brindar declaraciones sobre denuncias por presuntos nombramientos ilegales durante su gesti\u00f3n al frente del Ministerio de Obras P\u00fablicas, el alcalde del municipio de La Paz, Iv\u00e1n Arias Dur\u00e1n, denunci\u00f3 que estas citaciones son parte de una persecuci\u00f3n pol\u00edtica en su contra por parte del Gobierno. El burgomaestre [&hellip;]\" \/>\n<meta property=\"og:url\" content=\"https:\/\/www.eldiario.net\/portal\/2021\/05\/30\/alcalde-arias-denuncia-reinicio-de-persecucion-politica-en-su-contra\/\" \/>\n<meta property=\"og:site_name\" content=\"El Diario - Bolivia\" \/>\n<meta property=\"article:publisher\" content=\"https:\/\/www.facebook.com\/eldiario.bolivia\/\" \/>\n<meta property=\"article:published_time\" content=\"2021-05-30T09:54:02+00:00\" \/>\n<meta name=\"author\" content=\"Jeanette\" \/>\n<meta name=\"twitter:card\" content=\"summary_large_image\" \/>\n<meta name=\"twitter:creator\" content=\"@eldiario_net\" \/>\n<meta name=\"twitter:site\" content=\"@eldiario_net\" \/>\n<meta name=\"twitter:label1\" content=\"Escrito por\" \/>\n\t<meta name=\"twitter:data1\" content=\"Jeanette\" \/>\n\t<meta name=\"twitter:label2\" content=\"Tiempo de lectura\" \/>\n\t<meta name=\"twitter:data2\" content=\"1 minuto\" \/>\n<script type=\"application\/ld+json\" class=\"yoast-schema-graph\">{\"@context\":\"https:\\\/\\\/schema.org\",\"@graph\":[{\"@type\":\"Article\",\"@id\":\"https:\\\/\\\/www.eldiario.net\\\/portal\\\/2021\\\/05\\\/30\\\/alcalde-arias-denuncia-reinicio-de-persecucion-politica-en-su-contra\\\/#article\",\"isPartOf\":{\"@id\":\"https:\\\/\\\/www.eldiario.net\\\/portal\\\/2021\\\/05\\\/30\\\/alcalde-arias-denuncia-reinicio-de-persecucion-politica-en-su-contra\\\/\"},\"author\":{\"name\":\"Jeanette\",\"@id\":\"https:\\\/\\\/www.eldiario.net\\\/portal\\\/#\\\/schema\\\/person\\\/f46445640444750d7d753ccd04ae01b7\"},\"headline\":\"Alcalde Arias denuncia reinicio de persecuci\u00f3n pol\u00edtica en su contra\",\"datePublished\":\"2021-05-30T09:54:02+00:00\",\"mainEntityOfPage\":{\"@id\":\"https:\\\/\\\/www.eldiario.net\\\/portal\\\/2021\\\/05\\\/30\\\/alcalde-arias-denuncia-reinicio-de-persecucion-politica-en-su-contra\\\/\"},\"wordCount\":235,\"publisher\":{\"@id\":\"https:\\\/\\\/www.eldiario.net\\\/portal\\\/#organization\"},\"articleSection\":[\"Pol\u00edtica\"],\"inLanguage\":\"es\"},{\"@type\":\"WebPage\",\"@id\":\"https:\\\/\\\/www.eldiario.net\\\/portal\\\/2021\\\/05\\\/30\\\/alcalde-arias-denuncia-reinicio-de-persecucion-politica-en-su-contra\\\/\",\"url\":\"https:\\\/\\\/www.eldiario.net\\\/portal\\\/2021\\\/05\\\/30\\\/alcalde-arias-denuncia-reinicio-de-persecucion-politica-en-su-contra\\\/\",\"name\":\"Alcalde Arias denuncia reinicio de persecuci\u00f3n pol\u00edtica en su contra - El Diario - Bolivia\",\"isPartOf\":{\"@id\":\"https:\\\/\\\/www.eldiario.net\\\/portal\\\/#website\"},\"datePublished\":\"2021-05-30T09:54:02+00:00\",\"breadcrumb\":{\"@id\":\"https:\\\/\\\/www.eldiario.net\\\/portal\\\/2021\\\/05\\\/30\\\/alcalde-arias-denuncia-reinicio-de-persecucion-politica-en-su-contra\\\/#breadcrumb\"},\"inLanguage\":\"es\",\"potentialAction\":[{\"@type\":\"ReadAction\",\"target\":[\"https:\\\/\\\/www.eldiario.net\\\/portal\\\/2021\\\/05\\\/30\\\/alcalde-arias-denuncia-reinicio-de-persecucion-politica-en-su-contra\\\/\"]}]},{\"@type\":\"BreadcrumbList\",\"@id\":\"https:\\\/\\\/www.eldiario.net\\\/portal\\\/2021\\\/05\\\/30\\\/alcalde-arias-denuncia-reinicio-de-persecucion-politica-en-su-contra\\\/#breadcrumb\",\"itemListElement\":[{\"@type\":\"ListItem\",\"position\":1,\"name\":\"Portada\",\"item\":\"https:\\\/\\\/www.eldiario.net\\\/portal\\\/\"},{\"@type\":\"ListItem\",\"position\":2,\"name\":\"Alcalde Arias denuncia reinicio de persecuci\u00f3n pol\u00edtica en su contra\"}]},{\"@type\":\"WebSite\",\"@id\":\"https:\\\/\\\/www.eldiario.net\\\/portal\\\/#website\",\"url\":\"https:\\\/\\\/www.eldiario.net\\\/portal\\\/\",\"name\":\"El Diario - Decano de la prensa nacional\",\"description\":\"El Diario - Decano de la prensa nacional\",\"publisher\":{\"@id\":\"https:\\\/\\\/www.eldiario.net\\\/portal\\\/#organization\"},\"potentialAction\":[{\"@type\":\"SearchAction\",\"target\":{\"@type\":\"EntryPoint\",\"urlTemplate\":\"https:\\\/\\\/www.eldiario.net\\\/portal\\\/?s={search_term_string}\"},\"query-input\":{\"@type\":\"PropertyValueSpecification\",\"valueRequired\":true,\"valueName\":\"search_term_string\"}}],\"inLanguage\":\"es\"},{\"@type\":\"Organization\",\"@id\":\"https:\\\/\\\/www.eldiario.net\\\/portal\\\/#organization\",\"name\":\"El Diario - Decano de la prensa nacional\",\"url\":\"https:\\\/\\\/www.eldiario.net\\\/portal\\\/\",\"logo\":{\"@type\":\"ImageObject\",\"inLanguage\":\"es\",\"@id\":\"https:\\\/\\\/www.eldiario.net\\\/portal\\\/#\\\/schema\\\/logo\\\/image\\\/\",\"url\":\"https:\\\/\\\/www.eldiario.net\\\/portal\\\/wp-content\\\/uploads\\\/2023\\\/07\\\/logo_ED.jpg\",\"contentUrl\":\"https:\\\/\\\/www.eldiario.net\\\/portal\\\/wp-content\\\/uploads\\\/2023\\\/07\\\/logo_ED.jpg\",\"width\":272,\"height\":52,\"caption\":\"El Diario - Decano de la prensa nacional\"},\"image\":{\"@id\":\"https:\\\/\\\/www.eldiario.net\\\/portal\\\/#\\\/schema\\\/logo\\\/image\\\/\"},\"sameAs\":[\"https:\\\/\\\/www.facebook.com\\\/eldiario.bolivia\\\/\",\"https:\\\/\\\/x.com\\\/eldiario_net\"]},{\"@type\":\"Person\",\"@id\":\"https:\\\/\\\/www.eldiario.net\\\/portal\\\/#\\\/schema\\\/person\\\/f46445640444750d7d753ccd04ae01b7\",\"name\":\"Jeanette\",\"image\":{\"@type\":\"ImageObject\",\"inLanguage\":\"es\",\"@id\":\"https:\\\/\\\/secure.gravatar.com\\\/avatar\\\/3ea2118a5f7dad2b7138b1187a6b7ee55f160b9968b66013c3a3ef39dd7e5798?s=96&d=mm&r=g\",\"url\":\"https:\\\/\\\/secure.gravatar.com\\\/avatar\\\/3ea2118a5f7dad2b7138b1187a6b7ee55f160b9968b66013c3a3ef39dd7e5798?s=96&d=mm&r=g\",\"contentUrl\":\"https:\\\/\\\/secure.gravatar.com\\\/avatar\\\/3ea2118a5f7dad2b7138b1187a6b7ee55f160b9968b66013c3a3ef39dd7e5798?s=96&d=mm&r=g\",\"caption\":\"Jeanette\"},\"sameAs\":[\"https:\\\/\\\/www.eldiario.net\\\/portal\"],\"url\":\"https:\\\/\\\/www.eldiario.net\\\/portal\\\/author\\\/jeanette\\\/\"}]}<\/script>\n<!-- \/ Yoast SEO plugin. -->","yoast_head_json":{"title":"Alcalde Arias denuncia reinicio de persecuci\u00f3n pol\u00edtica en su contra - El Diario - Bolivia","robots":{"index":"index","follow":"follow","max-snippet":"max-snippet:-1","max-image-preview":"max-image-preview:large","max-video-preview":"max-video-preview:-1"},"canonical":"https:\/\/www.eldiario.net\/portal\/2021\/05\/30\/alcalde-arias-denuncia-reinicio-de-persecucion-politica-en-su-contra\/","og_locale":"es_ES","og_type":"article","og_title":"Alcalde Arias denuncia reinicio de persecuci\u00f3n pol\u00edtica en su contra - El Diario - Bolivia","og_description":"Tras un nuevo requerimiento judicial para presentarse a brindar declaraciones sobre denuncias por presuntos nombramientos ilegales durante su gesti\u00f3n al frente del Ministerio de Obras P\u00fablicas, el alcalde del municipio de La Paz, Iv\u00e1n Arias Dur\u00e1n, denunci\u00f3 que estas citaciones son parte de una persecuci\u00f3n pol\u00edtica en su contra por parte del Gobierno. El burgomaestre [&hellip;]","og_url":"https:\/\/www.eldiario.net\/portal\/2021\/05\/30\/alcalde-arias-denuncia-reinicio-de-persecucion-politica-en-su-contra\/","og_site_name":"El Diario - Bolivia","article_publisher":"https:\/\/www.facebook.com\/eldiario.bolivia\/","article_published_time":"2021-05-30T09:54:02+00:00","author":"Jeanette","twitter_card":"summary_large_image","twitter_creator":"@eldiario_net","twitter_site":"@eldiario_net","twitter_misc":{"Escrito por":"Jeanette","Tiempo de lectura":"1 minuto"},"schema":{"@context":"https:\/\/schema.org","@graph":[{"@type":"Article","@id":"https:\/\/www.eldiario.net\/portal\/2021\/05\/30\/alcalde-arias-denuncia-reinicio-de-persecucion-politica-en-su-contra\/#article","isPartOf":{"@id":"https:\/\/www.eldiario.net\/portal\/2021\/05\/30\/alcalde-arias-denuncia-reinicio-de-persecucion-politica-en-su-contra\/"},"author":{"name":"Jeanette","@id":"https:\/\/www.eldiario.net\/portal\/#\/schema\/person\/f46445640444750d7d753ccd04ae01b7"},"headline":"Alcalde Arias denuncia reinicio de persecuci\u00f3n pol\u00edtica en su contra","datePublished":"2021-05-30T09:54:02+00:00","mainEntityOfPage":{"@id":"https:\/\/www.eldiario.net\/portal\/2021\/05\/30\/alcalde-arias-denuncia-reinicio-de-persecucion-politica-en-su-contra\/"},"wordCount":235,"publisher":{"@id":"https:\/\/www.eldiario.net\/portal\/#organization"},"articleSection":["Pol\u00edtica"],"inLanguage":"es"},{"@type":"WebPage","@id":"https:\/\/www.eldiario.net\/portal\/2021\/05\/30\/alcalde-arias-denuncia-reinicio-de-persecucion-politica-en-su-contra\/","url":"https:\/\/www.eldiario.net\/portal\/2021\/05\/30\/alcalde-arias-denuncia-reinicio-de-persecucion-politica-en-su-contra\/","name":"Alcalde Arias denuncia reinicio de persecuci\u00f3n pol\u00edtica en su contra - El Diario - Bolivia","isPartOf":{"@id":"https:\/\/www.eldiario.net\/portal\/#website"},"datePublished":"2021-05-30T09:54:02+00:00","breadcrumb":{"@id":"https:\/\/www.eldiario.net\/portal\/2021\/05\/30\/alcalde-arias-denuncia-reinicio-de-persecucion-politica-en-su-contra\/#breadcrumb"},"inLanguage":"es","potentialAction":[{"@type":"ReadAction","target":["https:\/\/www.eldiario.net\/portal\/2021\/05\/30\/alcalde-arias-denuncia-reinicio-de-persecucion-politica-en-su-contra\/"]}]},{"@type":"BreadcrumbList","@id":"https:\/\/www.eldiario.net\/portal\/2021\/05\/30\/alcalde-arias-denuncia-reinicio-de-persecucion-politica-en-su-contra\/#breadcrumb","itemListElement":[{"@type":"ListItem","position":1,"name":"Portada","item":"https:\/\/www.eldiario.net\/portal\/"},{"@type":"ListItem","position":2,"name":"Alcalde Arias denuncia reinicio de persecuci\u00f3n pol\u00edtica en su contra"}]},{"@type":"WebSite","@id":"https:\/\/www.eldiario.net\/portal\/#website","url":"https:\/\/www.eldiario.net\/portal\/","name":"El Diario - Decano de la prensa nacional","description":"El Diario - Decano de la prensa nacional","publisher":{"@id":"https:\/\/www.eldiario.net\/portal\/#organization"},"potentialAction":[{"@type":"SearchAction","target":{"@type":"EntryPoint","urlTemplate":"https:\/\/www.eldiario.net\/portal\/?s={search_term_string}"},"query-input":{"@type":"PropertyValueSpecification","valueRequired":true,"valueName":"search_term_string"}}],"inLanguage":"es"},{"@type":"Organization","@id":"https:\/\/www.eldiario.net\/portal\/#organization","name":"El Diario - Decano de la prensa nacional","url":"https:\/\/www.eldiario.net\/portal\/","logo":{"@type":"ImageObject","inLanguage":"es","@id":"https:\/\/www.eldiario.net\/portal\/#\/schema\/logo\/image\/","url":"https:\/\/www.eldiario.net\/portal\/wp-content\/uploads\/2023\/07\/logo_ED.jpg","contentUrl":"https:\/\/www.eldiario.net\/portal\/wp-content\/uploads\/2023\/07\/logo_ED.jpg","width":272,"height":52,"caption":"El Diario - Decano de la prensa nacional"},"image":{"@id":"https:\/\/www.eldiario.net\/portal\/#\/schema\/logo\/image\/"},"sameAs":["https:\/\/www.facebook.com\/eldiario.bolivia\/","https:\/\/x.com\/eldiario_net"]},{"@type":"Person","@id":"https:\/\/www.eldiario.net\/portal\/#\/schema\/person\/f46445640444750d7d753ccd04ae01b7","name":"Jeanette","image":{"@type":"ImageObject","inLanguage":"es","@id":"https:\/\/secure.gravatar.com\/avatar\/3ea2118a5f7dad2b7138b1187a6b7ee55f160b9968b66013c3a3ef39dd7e5798?s=96&d=mm&r=g","url":"https:\/\/secure.gravatar.com\/avatar\/3ea2118a5f7dad2b7138b1187a6b7ee55f160b9968b66013c3a3ef39dd7e5798?s=96&d=mm&r=g","contentUrl":"https:\/\/secure.gravatar.com\/avatar\/3ea2118a5f7dad2b7138b1187a6b7ee55f160b9968b66013c3a3ef39dd7e5798?s=96&d=mm&r=g","caption":"Jeanette"},"sameAs":["https:\/\/www.eldiario.net\/portal"],"url":"https:\/\/www.eldiario.net\/portal\/author\/jeanette\/"}]}},"_links":{"self":[{"href":"https:\/\/www.eldiario.net\/portal\/wp-json\/wp\/v2\/posts\/7250","targetHints":{"allow":["GET"]}}],"collection":[{"href":"https:\/\/www.eldiario.net\/portal\/wp-json\/wp\/v2\/posts"}],"about":[{"href":"https:\/\/www.eldiario.net\/portal\/wp-json\/wp\/v2\/types\/post"}],"author":[{"embeddable":true,"href":"https:\/\/www.eldiario.net\/portal\/wp-json\/wp\/v2\/users\/1"}],"replies":[{"embeddable":true,"href":"https:\/\/www.eldiario.net\/portal\/wp-json\/wp\/v2\/comments?post=7250"}],"version-history":[{"count":0,"href":"https:\/\/www.eldiario.net\/portal\/wp-json\/wp\/v2\/posts\/7250\/revisions"}],"wp:attachment":[{"href":"https:\/\/www.eldiario.net\/portal\/wp-json\/wp\/v2\/media?parent=7250"}],"wp:term":[{"taxonomy":"category","embeddable":true,"href":"https:\/\/www.eldiario.net\/portal\/wp-json\/wp\/v2\/categories?post=7250"},{"taxonomy":"post_tag","embeddable":true,"href":"https:\/\/www.eldiario.net\/portal\/wp-json\/wp\/v2\/tags?post=7250"}],"curies":[{"name":"wp","href":"https:\/\/api.w.org\/{rel}","templated":true}]}}