{"id":7248,"date":"2021-05-30T05:52:32","date_gmt":"2021-05-30T09:52:32","guid":{"rendered":"https:\/\/www.eldiario.net\/portal\/?p=7248"},"modified":"2021-05-30T05:52:32","modified_gmt":"2021-05-30T09:52:32","slug":"covid-los-covidiotas-y-los-impostores","status":"publish","type":"post","link":"https:\/\/www.eldiario.net\/portal\/2021\/05\/30\/covid-los-covidiotas-y-los-impostores\/","title":{"rendered":"Covid, los covidiotas y los impostores"},"content":{"rendered":"<p><span class=\"dropcap \" style=\"background-color: #ffffff; color: #000000; border-color: #ffffff;\">E<\/span>n descontrolado ascenso de la tercera ola de contagios del covid-19, Bolivia est\u00e1 sufriendo los devastadores \u00edndices de nuevos contagiados y el n\u00famero de muertos sube dram\u00e1ticamente por d\u00eda. Las proyecciones para los siguientes meses, son mucho m\u00e1s que desalentadoras ante las previsiones de que llegaremos incluso a una sexta ola.<br \/>\nSi eso ocurre, puedo casi adivinar las expresiones autocomplacientes de nuestras autoridades gubernamentales, quienes, ante el fin de la maldici\u00f3n, triunfantes dir\u00e1n que hemos vencido a la pandemia, sin imponer confinamientos innecesarios o multas a quienes por ignorancia o por consigna, todav\u00eda no creen en la gravedad del asunto.<br \/>\nHoy, Bolivia vive momentos de zozobra y de dolor ante la falta de medicamentos imprescindibles para las UTI. Hay una inocultable falta de vacunas, m\u00e1s all\u00e1 de un gran n\u00famero de covidiotas que rechazan la inoculaci\u00f3n alentados, desde hace por lo menos un a\u00f1o, en que pros\u00e9litos masistas adoctrinaron con que esto se cura comiendo chu\u00f1o. El futuro inmediato es innegablemente espeluznante porque el presente ya es tenebroso; y es que ni siquiera el propio gobierno tiene certeza de que existan vacunas para las segundas dosis, y el tiempo complota.<br \/>\nCuando uno se pone a pensar en pa\u00edses como Estados Unidos, Alemania o Espa\u00f1a, y la desescalada en las infecciones virales, inmediatamente se llega a la conclusi\u00f3n fundada de que el alto ritmo en los procesos de vacunaci\u00f3n est\u00e1 dando sus resultados, pero tambi\u00e9n las rigurosas cuarentenas a que se han sometido, aun sabiendo que sus poderosas econom\u00edas han de sufrir un menoscabo que de cualquier forma no puede anteponerse al tesoro inapreciable de la vida.<br \/>\nEn Bolivia, pa\u00eds donde ser\u00eda insulso ocultar el odio que de facciones masistas existe por todo lo que no sea salido de lo profundo de la tierra o de inveterados ancestros, haciendo abstracci\u00f3n de que los indios y mestizos alto peruanos amaban a la madre patria a decir de Gabriel Ren\u00e9 Moreno, o no se tenga apellido aimara o quechua, los razonamientos y formas de ver la realidad son merecedores de estudios sociol\u00f3gicos. Las cifras aumentan inconteniblemente en los contagios y muertes por efectos de la pandemia, pero para el gobierno, todo est\u00e1 absolutamente controlado e inmejorablemente manejado. Todos los d\u00edas o\u00edmos gemidos clamando provisi\u00f3n de medicamentos, ox\u00edgeno o camas de terapia intensiva, pero para el Ministro de Salud, nada falta. Nuestro hermano Presidente est\u00e1 haciendo una gesti\u00f3n impecable en este tema, sostienen los mismos que desde hace quince a\u00f1os vienen desangrando las arcas del Estado y vociferando bizantinas querellas contra el imperio.<br \/>\nEs insostenible, en consecuencia, que las buenas relaciones del gobierno con sus similares de algunos otros pa\u00edses, est\u00e9n posibilitando la dotaci\u00f3n de vacunas, cuando una gran parte de ellas, provienen del mecanismo Covax del que los gobiernos \u201cimperialistas\u201d son los principales contribuyentes.<br \/>\nLas zalameras aclamaciones de bartolinas, cocaleros, una bancada parlamentaria rendida, algunos gremios obreros y de algunos intelectuales que sacan buena tajada haciendo turnos en los principales cargos del poder pol\u00edtico, a estas alturas del reciente gobierno no son m\u00e1s que el rasgo inconfundible de catorce a\u00f1os anteriores de imposturas y de enanas pasiones, hoy bailando morenada en tanto los muertos ya se cuentan por m\u00e1s de cien al final de cada jornada.<br \/>\nNi siquiera hay lugar a sanciones para ese ej\u00e9rcito de covidiotas a que el mismo MAS contribuy\u00f3 en su formaci\u00f3n. Andamos mal, un pueblo inculto e inconsciente parece ser merecedor de un gobierno negligente que columbra una Bolivia de ensue\u00f1o, distante de la que llora sus muertos, de la que no tiene posibilidad de comprar uno solo de los medicamentos, de la que ya no puede respirar m\u00e1s porque se est\u00e1 difundiendo una novela ambientada en el pa\u00eds de las maravillas, gobernada por \u201cel mejor presidente\u201d de la historia primero y despu\u00e9s por el autor del \u201cmilagro econ\u00f3mico\u201d. \u00a1Pobre Bolivia!<\/p>\n<p>Augusto Vera Riveros, es jurista y escritor.<\/p>\n","protected":false},"excerpt":{"rendered":"<p>En descontrolado ascenso de la tercera ola de contagios del covid-19, Bolivia est\u00e1 sufriendo los devastadores \u00edndices de nuevos contagiados y el n\u00famero de muertos sube dram\u00e1ticamente por d\u00eda. Las proyecciones para los siguientes meses, son mucho m\u00e1s que desalentadoras ante las previsiones de que llegaremos incluso a una sexta ola. Si eso ocurre, puedo [&hellip;]<\/p>\n","protected":false},"author":1,"featured_media":2909,"comment_status":"closed","ping_status":"closed","sticky":false,"template":"","format":"standard","meta":{"_acf_changed":false,"footnotes":""},"categories":[9],"tags":[],"class_list":["post-7248","post","type-post","status-publish","format-standard","has-post-thumbnail","category-opinion"],"acf":{"antetitulo":""},"yoast_head":"<!-- This site is optimized with the Yoast SEO plugin v28.3 - https:\/\/yoast.com\/product\/yoast-seo-wordpress\/ -->\n<title>Covid, los covidiotas y los impostores - El Diario - Bolivia<\/title>\n<meta name=\"robots\" content=\"index, follow, max-snippet:-1, max-image-preview:large, max-video-preview:-1\" \/>\n<link rel=\"canonical\" href=\"https:\/\/www.eldiario.net\/portal\/2021\/05\/30\/covid-los-covidiotas-y-los-impostores\/\" \/>\n<meta property=\"og:locale\" content=\"es_ES\" \/>\n<meta property=\"og:type\" content=\"article\" \/>\n<meta property=\"og:title\" content=\"Covid, los covidiotas y los impostores - El Diario - Bolivia\" \/>\n<meta property=\"og:description\" content=\"En descontrolado ascenso de la tercera ola de contagios del covid-19, Bolivia est\u00e1 sufriendo los devastadores \u00edndices de nuevos contagiados y el n\u00famero de muertos sube dram\u00e1ticamente por d\u00eda. Las proyecciones para los siguientes meses, son mucho m\u00e1s que desalentadoras ante las previsiones de que llegaremos incluso a una sexta ola. Si eso ocurre, puedo [&hellip;]\" \/>\n<meta property=\"og:url\" content=\"https:\/\/www.eldiario.net\/portal\/2021\/05\/30\/covid-los-covidiotas-y-los-impostores\/\" \/>\n<meta property=\"og:site_name\" content=\"El Diario - Bolivia\" \/>\n<meta property=\"article:publisher\" content=\"https:\/\/www.facebook.com\/eldiario.bolivia\/\" \/>\n<meta property=\"article:published_time\" content=\"2021-05-30T09:52:32+00:00\" \/>\n<meta property=\"og:image\" content=\"https:\/\/www.eldiario.net\/portal\/wp-content\/uploads\/2021\/05\/Augusto-Vera-Riveros.jpg\" \/>\n\t<meta property=\"og:image:width\" content=\"1200\" \/>\n\t<meta property=\"og:image:height\" content=\"628\" \/>\n\t<meta property=\"og:image:type\" content=\"image\/jpeg\" \/>\n<meta name=\"author\" content=\"Jeanette\" \/>\n<meta name=\"twitter:card\" content=\"summary_large_image\" \/>\n<meta name=\"twitter:creator\" content=\"@eldiario_net\" \/>\n<meta name=\"twitter:site\" content=\"@eldiario_net\" \/>\n<meta name=\"twitter:label1\" content=\"Escrito por\" \/>\n\t<meta name=\"twitter:data1\" content=\"Jeanette\" \/>\n\t<meta name=\"twitter:label2\" content=\"Tiempo de lectura\" \/>\n\t<meta name=\"twitter:data2\" content=\"3 minutos\" \/>\n<script type=\"application\/ld+json\" class=\"yoast-schema-graph\">{\"@context\":\"https:\\\/\\\/schema.org\",\"@graph\":[{\"@type\":\"Article\",\"@id\":\"https:\\\/\\\/www.eldiario.net\\\/portal\\\/2021\\\/05\\\/30\\\/covid-los-covidiotas-y-los-impostores\\\/#article\",\"isPartOf\":{\"@id\":\"https:\\\/\\\/www.eldiario.net\\\/portal\\\/2021\\\/05\\\/30\\\/covid-los-covidiotas-y-los-impostores\\\/\"},\"author\":{\"name\":\"Jeanette\",\"@id\":\"https:\\\/\\\/www.eldiario.net\\\/portal\\\/#\\\/schema\\\/person\\\/f46445640444750d7d753ccd04ae01b7\"},\"headline\":\"Covid, los covidiotas y los impostores\",\"datePublished\":\"2021-05-30T09:52:32+00:00\",\"mainEntityOfPage\":{\"@id\":\"https:\\\/\\\/www.eldiario.net\\\/portal\\\/2021\\\/05\\\/30\\\/covid-los-covidiotas-y-los-impostores\\\/\"},\"wordCount\":689,\"publisher\":{\"@id\":\"https:\\\/\\\/www.eldiario.net\\\/portal\\\/#organization\"},\"image\":{\"@id\":\"https:\\\/\\\/www.eldiario.net\\\/portal\\\/2021\\\/05\\\/30\\\/covid-los-covidiotas-y-los-impostores\\\/#primaryimage\"},\"thumbnailUrl\":\"https:\\\/\\\/www.eldiario.net\\\/portal\\\/wp-content\\\/uploads\\\/2021\\\/05\\\/Augusto-Vera-Riveros.jpg\",\"articleSection\":[\"Opini\u00f3n\"],\"inLanguage\":\"es\"},{\"@type\":\"WebPage\",\"@id\":\"https:\\\/\\\/www.eldiario.net\\\/portal\\\/2021\\\/05\\\/30\\\/covid-los-covidiotas-y-los-impostores\\\/\",\"url\":\"https:\\\/\\\/www.eldiario.net\\\/portal\\\/2021\\\/05\\\/30\\\/covid-los-covidiotas-y-los-impostores\\\/\",\"name\":\"Covid, los covidiotas y los impostores - El Diario - Bolivia\",\"isPartOf\":{\"@id\":\"https:\\\/\\\/www.eldiario.net\\\/portal\\\/#website\"},\"primaryImageOfPage\":{\"@id\":\"https:\\\/\\\/www.eldiario.net\\\/portal\\\/2021\\\/05\\\/30\\\/covid-los-covidiotas-y-los-impostores\\\/#primaryimage\"},\"image\":{\"@id\":\"https:\\\/\\\/www.eldiario.net\\\/portal\\\/2021\\\/05\\\/30\\\/covid-los-covidiotas-y-los-impostores\\\/#primaryimage\"},\"thumbnailUrl\":\"https:\\\/\\\/www.eldiario.net\\\/portal\\\/wp-content\\\/uploads\\\/2021\\\/05\\\/Augusto-Vera-Riveros.jpg\",\"datePublished\":\"2021-05-30T09:52:32+00:00\",\"breadcrumb\":{\"@id\":\"https:\\\/\\\/www.eldiario.net\\\/portal\\\/2021\\\/05\\\/30\\\/covid-los-covidiotas-y-los-impostores\\\/#breadcrumb\"},\"inLanguage\":\"es\",\"potentialAction\":[{\"@type\":\"ReadAction\",\"target\":[\"https:\\\/\\\/www.eldiario.net\\\/portal\\\/2021\\\/05\\\/30\\\/covid-los-covidiotas-y-los-impostores\\\/\"]}]},{\"@type\":\"ImageObject\",\"inLanguage\":\"es\",\"@id\":\"https:\\\/\\\/www.eldiario.net\\\/portal\\\/2021\\\/05\\\/30\\\/covid-los-covidiotas-y-los-impostores\\\/#primaryimage\",\"url\":\"https:\\\/\\\/www.eldiario.net\\\/portal\\\/wp-content\\\/uploads\\\/2021\\\/05\\\/Augusto-Vera-Riveros.jpg\",\"contentUrl\":\"https:\\\/\\\/www.eldiario.net\\\/portal\\\/wp-content\\\/uploads\\\/2021\\\/05\\\/Augusto-Vera-Riveros.jpg\",\"width\":1200,\"height\":628,\"caption\":\"Augusto Vera Riveros\"},{\"@type\":\"BreadcrumbList\",\"@id\":\"https:\\\/\\\/www.eldiario.net\\\/portal\\\/2021\\\/05\\\/30\\\/covid-los-covidiotas-y-los-impostores\\\/#breadcrumb\",\"itemListElement\":[{\"@type\":\"ListItem\",\"position\":1,\"name\":\"Portada\",\"item\":\"https:\\\/\\\/www.eldiario.net\\\/portal\\\/\"},{\"@type\":\"ListItem\",\"position\":2,\"name\":\"Covid, los covidiotas y los impostores\"}]},{\"@type\":\"WebSite\",\"@id\":\"https:\\\/\\\/www.eldiario.net\\\/portal\\\/#website\",\"url\":\"https:\\\/\\\/www.eldiario.net\\\/portal\\\/\",\"name\":\"El Diario - Decano de la prensa nacional\",\"description\":\"El Diario - Decano de la prensa nacional\",\"publisher\":{\"@id\":\"https:\\\/\\\/www.eldiario.net\\\/portal\\\/#organization\"},\"potentialAction\":[{\"@type\":\"SearchAction\",\"target\":{\"@type\":\"EntryPoint\",\"urlTemplate\":\"https:\\\/\\\/www.eldiario.net\\\/portal\\\/?s={search_term_string}\"},\"query-input\":{\"@type\":\"PropertyValueSpecification\",\"valueRequired\":true,\"valueName\":\"search_term_string\"}}],\"inLanguage\":\"es\"},{\"@type\":\"Organization\",\"@id\":\"https:\\\/\\\/www.eldiario.net\\\/portal\\\/#organization\",\"name\":\"El Diario - Decano de la prensa nacional\",\"url\":\"https:\\\/\\\/www.eldiario.net\\\/portal\\\/\",\"logo\":{\"@type\":\"ImageObject\",\"inLanguage\":\"es\",\"@id\":\"https:\\\/\\\/www.eldiario.net\\\/portal\\\/#\\\/schema\\\/logo\\\/image\\\/\",\"url\":\"https:\\\/\\\/www.eldiario.net\\\/portal\\\/wp-content\\\/uploads\\\/2023\\\/07\\\/logo_ED.jpg\",\"contentUrl\":\"https:\\\/\\\/www.eldiario.net\\\/portal\\\/wp-content\\\/uploads\\\/2023\\\/07\\\/logo_ED.jpg\",\"width\":272,\"height\":52,\"caption\":\"El Diario - Decano de la prensa nacional\"},\"image\":{\"@id\":\"https:\\\/\\\/www.eldiario.net\\\/portal\\\/#\\\/schema\\\/logo\\\/image\\\/\"},\"sameAs\":[\"https:\\\/\\\/www.facebook.com\\\/eldiario.bolivia\\\/\",\"https:\\\/\\\/x.com\\\/eldiario_net\"]},{\"@type\":\"Person\",\"@id\":\"https:\\\/\\\/www.eldiario.net\\\/portal\\\/#\\\/schema\\\/person\\\/f46445640444750d7d753ccd04ae01b7\",\"name\":\"Jeanette\",\"image\":{\"@type\":\"ImageObject\",\"inLanguage\":\"es\",\"@id\":\"https:\\\/\\\/secure.gravatar.com\\\/avatar\\\/3ea2118a5f7dad2b7138b1187a6b7ee55f160b9968b66013c3a3ef39dd7e5798?s=96&d=mm&r=g\",\"url\":\"https:\\\/\\\/secure.gravatar.com\\\/avatar\\\/3ea2118a5f7dad2b7138b1187a6b7ee55f160b9968b66013c3a3ef39dd7e5798?s=96&d=mm&r=g\",\"contentUrl\":\"https:\\\/\\\/secure.gravatar.com\\\/avatar\\\/3ea2118a5f7dad2b7138b1187a6b7ee55f160b9968b66013c3a3ef39dd7e5798?s=96&d=mm&r=g\",\"caption\":\"Jeanette\"},\"sameAs\":[\"https:\\\/\\\/www.eldiario.net\\\/portal\"],\"url\":\"https:\\\/\\\/www.eldiario.net\\\/portal\\\/author\\\/jeanette\\\/\"}]}<\/script>\n<!-- \/ Yoast SEO plugin. -->","yoast_head_json":{"title":"Covid, los covidiotas y los impostores - El Diario - Bolivia","robots":{"index":"index","follow":"follow","max-snippet":"max-snippet:-1","max-image-preview":"max-image-preview:large","max-video-preview":"max-video-preview:-1"},"canonical":"https:\/\/www.eldiario.net\/portal\/2021\/05\/30\/covid-los-covidiotas-y-los-impostores\/","og_locale":"es_ES","og_type":"article","og_title":"Covid, los covidiotas y los impostores - El Diario - Bolivia","og_description":"En descontrolado ascenso de la tercera ola de contagios del covid-19, Bolivia est\u00e1 sufriendo los devastadores \u00edndices de nuevos contagiados y el n\u00famero de muertos sube dram\u00e1ticamente por d\u00eda. Las proyecciones para los siguientes meses, son mucho m\u00e1s que desalentadoras ante las previsiones de que llegaremos incluso a una sexta ola. Si eso ocurre, puedo [&hellip;]","og_url":"https:\/\/www.eldiario.net\/portal\/2021\/05\/30\/covid-los-covidiotas-y-los-impostores\/","og_site_name":"El Diario - Bolivia","article_publisher":"https:\/\/www.facebook.com\/eldiario.bolivia\/","article_published_time":"2021-05-30T09:52:32+00:00","og_image":[{"width":1200,"height":628,"url":"https:\/\/www.eldiario.net\/portal\/wp-content\/uploads\/2021\/05\/Augusto-Vera-Riveros.jpg","type":"image\/jpeg"}],"author":"Jeanette","twitter_card":"summary_large_image","twitter_creator":"@eldiario_net","twitter_site":"@eldiario_net","twitter_misc":{"Escrito por":"Jeanette","Tiempo de lectura":"3 minutos"},"schema":{"@context":"https:\/\/schema.org","@graph":[{"@type":"Article","@id":"https:\/\/www.eldiario.net\/portal\/2021\/05\/30\/covid-los-covidiotas-y-los-impostores\/#article","isPartOf":{"@id":"https:\/\/www.eldiario.net\/portal\/2021\/05\/30\/covid-los-covidiotas-y-los-impostores\/"},"author":{"name":"Jeanette","@id":"https:\/\/www.eldiario.net\/portal\/#\/schema\/person\/f46445640444750d7d753ccd04ae01b7"},"headline":"Covid, los covidiotas y los impostores","datePublished":"2021-05-30T09:52:32+00:00","mainEntityOfPage":{"@id":"https:\/\/www.eldiario.net\/portal\/2021\/05\/30\/covid-los-covidiotas-y-los-impostores\/"},"wordCount":689,"publisher":{"@id":"https:\/\/www.eldiario.net\/portal\/#organization"},"image":{"@id":"https:\/\/www.eldiario.net\/portal\/2021\/05\/30\/covid-los-covidiotas-y-los-impostores\/#primaryimage"},"thumbnailUrl":"https:\/\/www.eldiario.net\/portal\/wp-content\/uploads\/2021\/05\/Augusto-Vera-Riveros.jpg","articleSection":["Opini\u00f3n"],"inLanguage":"es"},{"@type":"WebPage","@id":"https:\/\/www.eldiario.net\/portal\/2021\/05\/30\/covid-los-covidiotas-y-los-impostores\/","url":"https:\/\/www.eldiario.net\/portal\/2021\/05\/30\/covid-los-covidiotas-y-los-impostores\/","name":"Covid, los covidiotas y los impostores - El Diario - Bolivia","isPartOf":{"@id":"https:\/\/www.eldiario.net\/portal\/#website"},"primaryImageOfPage":{"@id":"https:\/\/www.eldiario.net\/portal\/2021\/05\/30\/covid-los-covidiotas-y-los-impostores\/#primaryimage"},"image":{"@id":"https:\/\/www.eldiario.net\/portal\/2021\/05\/30\/covid-los-covidiotas-y-los-impostores\/#primaryimage"},"thumbnailUrl":"https:\/\/www.eldiario.net\/portal\/wp-content\/uploads\/2021\/05\/Augusto-Vera-Riveros.jpg","datePublished":"2021-05-30T09:52:32+00:00","breadcrumb":{"@id":"https:\/\/www.eldiario.net\/portal\/2021\/05\/30\/covid-los-covidiotas-y-los-impostores\/#breadcrumb"},"inLanguage":"es","potentialAction":[{"@type":"ReadAction","target":["https:\/\/www.eldiario.net\/portal\/2021\/05\/30\/covid-los-covidiotas-y-los-impostores\/"]}]},{"@type":"ImageObject","inLanguage":"es","@id":"https:\/\/www.eldiario.net\/portal\/2021\/05\/30\/covid-los-covidiotas-y-los-impostores\/#primaryimage","url":"https:\/\/www.eldiario.net\/portal\/wp-content\/uploads\/2021\/05\/Augusto-Vera-Riveros.jpg","contentUrl":"https:\/\/www.eldiario.net\/portal\/wp-content\/uploads\/2021\/05\/Augusto-Vera-Riveros.jpg","width":1200,"height":628,"caption":"Augusto Vera Riveros"},{"@type":"BreadcrumbList","@id":"https:\/\/www.eldiario.net\/portal\/2021\/05\/30\/covid-los-covidiotas-y-los-impostores\/#breadcrumb","itemListElement":[{"@type":"ListItem","position":1,"name":"Portada","item":"https:\/\/www.eldiario.net\/portal\/"},{"@type":"ListItem","position":2,"name":"Covid, los covidiotas y los impostores"}]},{"@type":"WebSite","@id":"https:\/\/www.eldiario.net\/portal\/#website","url":"https:\/\/www.eldiario.net\/portal\/","name":"El Diario - Decano de la prensa nacional","description":"El Diario - Decano de la prensa nacional","publisher":{"@id":"https:\/\/www.eldiario.net\/portal\/#organization"},"potentialAction":[{"@type":"SearchAction","target":{"@type":"EntryPoint","urlTemplate":"https:\/\/www.eldiario.net\/portal\/?s={search_term_string}"},"query-input":{"@type":"PropertyValueSpecification","valueRequired":true,"valueName":"search_term_string"}}],"inLanguage":"es"},{"@type":"Organization","@id":"https:\/\/www.eldiario.net\/portal\/#organization","name":"El Diario - Decano de la prensa nacional","url":"https:\/\/www.eldiario.net\/portal\/","logo":{"@type":"ImageObject","inLanguage":"es","@id":"https:\/\/www.eldiario.net\/portal\/#\/schema\/logo\/image\/","url":"https:\/\/www.eldiario.net\/portal\/wp-content\/uploads\/2023\/07\/logo_ED.jpg","contentUrl":"https:\/\/www.eldiario.net\/portal\/wp-content\/uploads\/2023\/07\/logo_ED.jpg","width":272,"height":52,"caption":"El Diario - Decano de la prensa nacional"},"image":{"@id":"https:\/\/www.eldiario.net\/portal\/#\/schema\/logo\/image\/"},"sameAs":["https:\/\/www.facebook.com\/eldiario.bolivia\/","https:\/\/x.com\/eldiario_net"]},{"@type":"Person","@id":"https:\/\/www.eldiario.net\/portal\/#\/schema\/person\/f46445640444750d7d753ccd04ae01b7","name":"Jeanette","image":{"@type":"ImageObject","inLanguage":"es","@id":"https:\/\/secure.gravatar.com\/avatar\/3ea2118a5f7dad2b7138b1187a6b7ee55f160b9968b66013c3a3ef39dd7e5798?s=96&d=mm&r=g","url":"https:\/\/secure.gravatar.com\/avatar\/3ea2118a5f7dad2b7138b1187a6b7ee55f160b9968b66013c3a3ef39dd7e5798?s=96&d=mm&r=g","contentUrl":"https:\/\/secure.gravatar.com\/avatar\/3ea2118a5f7dad2b7138b1187a6b7ee55f160b9968b66013c3a3ef39dd7e5798?s=96&d=mm&r=g","caption":"Jeanette"},"sameAs":["https:\/\/www.eldiario.net\/portal"],"url":"https:\/\/www.eldiario.net\/portal\/author\/jeanette\/"}]}},"_links":{"self":[{"href":"https:\/\/www.eldiario.net\/portal\/wp-json\/wp\/v2\/posts\/7248","targetHints":{"allow":["GET"]}}],"collection":[{"href":"https:\/\/www.eldiario.net\/portal\/wp-json\/wp\/v2\/posts"}],"about":[{"href":"https:\/\/www.eldiario.net\/portal\/wp-json\/wp\/v2\/types\/post"}],"author":[{"embeddable":true,"href":"https:\/\/www.eldiario.net\/portal\/wp-json\/wp\/v2\/users\/1"}],"replies":[{"embeddable":true,"href":"https:\/\/www.eldiario.net\/portal\/wp-json\/wp\/v2\/comments?post=7248"}],"version-history":[{"count":0,"href":"https:\/\/www.eldiario.net\/portal\/wp-json\/wp\/v2\/posts\/7248\/revisions"}],"wp:featuredmedia":[{"embeddable":true,"href":"https:\/\/www.eldiario.net\/portal\/wp-json\/wp\/v2\/media\/2909"}],"wp:attachment":[{"href":"https:\/\/www.eldiario.net\/portal\/wp-json\/wp\/v2\/media?parent=7248"}],"wp:term":[{"taxonomy":"category","embeddable":true,"href":"https:\/\/www.eldiario.net\/portal\/wp-json\/wp\/v2\/categories?post=7248"},{"taxonomy":"post_tag","embeddable":true,"href":"https:\/\/www.eldiario.net\/portal\/wp-json\/wp\/v2\/tags?post=7248"}],"curies":[{"name":"wp","href":"https:\/\/api.w.org\/{rel}","templated":true}]}}