{"id":7246,"date":"2021-05-30T05:51:32","date_gmt":"2021-05-30T09:51:32","guid":{"rendered":"https:\/\/www.eldiario.net\/portal\/?p=7246"},"modified":"2021-05-30T05:51:32","modified_gmt":"2021-05-30T09:51:32","slug":"transporte-ferroviario-al-puerto-de-arica","status":"publish","type":"post","link":"https:\/\/www.eldiario.net\/portal\/2021\/05\/30\/transporte-ferroviario-al-puerto-de-arica\/","title":{"rendered":"Transporte ferroviario al puerto de Arica"},"content":{"rendered":"<p>La Empresa Ferroviaria Andina, que opera la red ferroviaria occidental, realiz\u00f3 una prueba t\u00e9cnica de transporte de carga desde el puerto de Arica, con el objeto de reanudar las operaciones ferroviarias en el ferrocarril Arica \u2013 Viacha. El transporte pesado nacional e internacional realiz\u00f3 un bloqueo en las carreteras de los departamentos de Santa Cruz, Cochabamba, Oruro y La Paz en rechazo a la reanudaci\u00f3n de las operaciones en dicho ferrocarril. El Gobierno accedi\u00f3 a la petici\u00f3n de los transportistas y la posibilidad de que se reanuden las operaciones en este hist\u00f3rico ferrocarril ha sido cancelada.<br \/>\nArica ha sido desde la colonia el puerto que ha servido a Bolivia. Actualmente es el principal puerto de entrada de las importaciones bolivianas, cerca del 80 % de la carga que maneja el puerto es boliviana. El ferrocarril La Paz \u2013 Arica fue construido por Chile como compensaci\u00f3n a la p\u00e9rdida del Departamento de Litoral, su construcci\u00f3n comenz\u00f3 en 1906 y se termin\u00f3 en 1913. Hasta 1997 ofreci\u00f3 servicios de carga y pasajeros, bajo la administraci\u00f3n del Gobierno de Chile en el tramo chileno y el Gobierno Boliviano en el tramo Chara\u00f1a \u2013 La Paz. En 1997 el tramo Arica \u2013 Visviri fue dado en concesi\u00f3n a la empresa chilena Administradora del Ferrocarril Arica \u2013 La Paz S.A. En 2001 una fuerte tormenta destruy\u00f3 los rieles construidos sobre las m\u00e1rgenes del r\u00edo Lluta y el servicio nunca m\u00e1s fue restituido. En noviembre de 2006 la empresa se declar\u00f3 en quiebra. En consecuencia, la conexi\u00f3n del Puerto de Arica con Bolivia se hace solamente mediante carretera, a trav\u00e9s de Tambo Quemado.<br \/>\nLa acci\u00f3n de los transportistas y la decisi\u00f3n del Gobierno de suspender las potenciales operaciones ferroviarias al puerto de Arica, priva a la econom\u00eda de un medio de transporte econ\u00f3mico, que est\u00e1 disponible y debe ser utilizado. Para cierto tipo de cargas el tren es m\u00e1s econ\u00f3mico que el cami\u00f3n. En el tramo chileno (Visviri \u2013 \u00c1rica) donde la l\u00ednea ferroviaria tiene fuertes pendientes, el tren puede transportar la carga de muchos camiones. La Empresa Ferroviaria Andina transporta los minerales que produce la mina San Crist\u00f3bal hasta el puerto de Antofagasta, hacerlo en camiones ser\u00eda sumamente anti econ\u00f3mico. La Empresa Ferroviaria Oriental transporta la soya y sus productos que son producidos en el departamento de Santa Cruz hasta los puertos fluviales del Canal Tamengo, donde la carga encuentra un medio de transporte, que es m\u00e1s barato que el ferrocarril, que es el transporte fluvial, que la lleva a puertos mar\u00edtimos de la desembocadura del R\u00edo de la Plata, donde es transferida a barcos mar\u00edtimos, para llevarla a su destino final en Colombia y Ecuador.<br \/>\nEl transporte carretero tiene una importante funci\u00f3n en la econom\u00eda del pa\u00eds y en su comercio exterior. En el rubro de las exportaciones es importante para el transporte de mercanc\u00edas al puerto de Arica y tambi\u00e9n a los puertos de Iquique y Matarani y a las rep\u00fablicas Argentina y del Paraguay. En el rubro de las importaciones, el transporte carretero trae el 85 % de las mercanc\u00edas de importaci\u00f3n. Su ventaja m\u00e1s importante sobre otros medios de transporte es que provee un servicio de transporte de puerta a puerta, es ventajoso para cargas de vol\u00famenes limitados que tienen or\u00edgenes y destinos dispersos, de hecho, es el medio de transporte que se encarga de transportar las cargas que se mueven internamente dentro del pa\u00eds.<br \/>\nLa reanudaci\u00f3n de operaciones del ferrocarril Viacha\u2013Arica no le quitar\u00e1 al transporte carretero el predominio del transporte de carga al puerto de Arica, en cambio mejorar\u00e1 la competitividad del comercio exterior, en especial de las ciudades de Oruro, Viacha, El Alto y La Paz y de todo el pa\u00eds, ya que las empresas ferroviarias bolivianas est\u00e1n ofreciendo servicios de transporte puerta a puerta, en combinaci\u00f3n con los transporte carretero y fluvial.<br \/>\nLa pol\u00edtica econ\u00f3mica del pa\u00eds no puede dictarse desde las carreteras, para favorecer a sectores que tienen una fuerte capacidad de presi\u00f3n. La pol\u00edtica econ\u00f3mica debe dise\u00f1arse en funci\u00f3n de los m\u00e1s altos intereses del pa\u00eds en su conjunto.<\/p>\n<p>Oscar Espinosa Garc\u00eda es ingeniero civil.<\/p>\n","protected":false},"excerpt":{"rendered":"<p>La Empresa Ferroviaria Andina, que opera la red ferroviaria occidental, realiz\u00f3 una prueba t\u00e9cnica de transporte de carga desde el puerto de Arica, con el objeto de reanudar las operaciones ferroviarias en el ferrocarril Arica \u2013 Viacha. El transporte pesado nacional e internacional realiz\u00f3 un bloqueo en las carreteras de los departamentos de Santa Cruz, [&hellip;]<\/p>\n","protected":false},"author":1,"featured_media":0,"comment_status":"closed","ping_status":"closed","sticky":false,"template":"","format":"standard","meta":{"_acf_changed":false,"footnotes":""},"categories":[9],"tags":[],"class_list":["post-7246","post","type-post","status-publish","format-standard","category-opinion"],"acf":{"antetitulo":""},"yoast_head":"<!-- This site is optimized with the Yoast SEO plugin v28.3 - https:\/\/yoast.com\/product\/yoast-seo-wordpress\/ -->\n<title>Transporte ferroviario al puerto de Arica - El Diario - Bolivia<\/title>\n<meta name=\"robots\" content=\"index, follow, max-snippet:-1, max-image-preview:large, max-video-preview:-1\" \/>\n<link rel=\"canonical\" href=\"https:\/\/www.eldiario.net\/portal\/2021\/05\/30\/transporte-ferroviario-al-puerto-de-arica\/\" \/>\n<meta property=\"og:locale\" content=\"es_ES\" \/>\n<meta property=\"og:type\" content=\"article\" \/>\n<meta property=\"og:title\" content=\"Transporte ferroviario al puerto de Arica - El Diario - Bolivia\" \/>\n<meta property=\"og:description\" content=\"La Empresa Ferroviaria Andina, que opera la red ferroviaria occidental, realiz\u00f3 una prueba t\u00e9cnica de transporte de carga desde el puerto de Arica, con el objeto de reanudar las operaciones ferroviarias en el ferrocarril Arica \u2013 Viacha. El transporte pesado nacional e internacional realiz\u00f3 un bloqueo en las carreteras de los departamentos de Santa Cruz, [&hellip;]\" \/>\n<meta property=\"og:url\" content=\"https:\/\/www.eldiario.net\/portal\/2021\/05\/30\/transporte-ferroviario-al-puerto-de-arica\/\" \/>\n<meta property=\"og:site_name\" content=\"El Diario - Bolivia\" \/>\n<meta property=\"article:publisher\" content=\"https:\/\/www.facebook.com\/eldiario.bolivia\/\" \/>\n<meta property=\"article:published_time\" content=\"2021-05-30T09:51:32+00:00\" \/>\n<meta name=\"author\" content=\"Jeanette\" \/>\n<meta name=\"twitter:card\" content=\"summary_large_image\" \/>\n<meta name=\"twitter:creator\" content=\"@eldiario_net\" \/>\n<meta name=\"twitter:site\" content=\"@eldiario_net\" \/>\n<meta name=\"twitter:label1\" content=\"Escrito por\" \/>\n\t<meta name=\"twitter:data1\" content=\"Jeanette\" \/>\n\t<meta name=\"twitter:label2\" content=\"Tiempo de lectura\" \/>\n\t<meta name=\"twitter:data2\" content=\"3 minutos\" \/>\n<script type=\"application\/ld+json\" class=\"yoast-schema-graph\">{\"@context\":\"https:\\\/\\\/schema.org\",\"@graph\":[{\"@type\":\"Article\",\"@id\":\"https:\\\/\\\/www.eldiario.net\\\/portal\\\/2021\\\/05\\\/30\\\/transporte-ferroviario-al-puerto-de-arica\\\/#article\",\"isPartOf\":{\"@id\":\"https:\\\/\\\/www.eldiario.net\\\/portal\\\/2021\\\/05\\\/30\\\/transporte-ferroviario-al-puerto-de-arica\\\/\"},\"author\":{\"name\":\"Jeanette\",\"@id\":\"https:\\\/\\\/www.eldiario.net\\\/portal\\\/#\\\/schema\\\/person\\\/f46445640444750d7d753ccd04ae01b7\"},\"headline\":\"Transporte ferroviario al puerto de Arica\",\"datePublished\":\"2021-05-30T09:51:32+00:00\",\"mainEntityOfPage\":{\"@id\":\"https:\\\/\\\/www.eldiario.net\\\/portal\\\/2021\\\/05\\\/30\\\/transporte-ferroviario-al-puerto-de-arica\\\/\"},\"wordCount\":729,\"publisher\":{\"@id\":\"https:\\\/\\\/www.eldiario.net\\\/portal\\\/#organization\"},\"articleSection\":[\"Opini\u00f3n\"],\"inLanguage\":\"es\"},{\"@type\":\"WebPage\",\"@id\":\"https:\\\/\\\/www.eldiario.net\\\/portal\\\/2021\\\/05\\\/30\\\/transporte-ferroviario-al-puerto-de-arica\\\/\",\"url\":\"https:\\\/\\\/www.eldiario.net\\\/portal\\\/2021\\\/05\\\/30\\\/transporte-ferroviario-al-puerto-de-arica\\\/\",\"name\":\"Transporte ferroviario al puerto de Arica - El Diario - Bolivia\",\"isPartOf\":{\"@id\":\"https:\\\/\\\/www.eldiario.net\\\/portal\\\/#website\"},\"datePublished\":\"2021-05-30T09:51:32+00:00\",\"breadcrumb\":{\"@id\":\"https:\\\/\\\/www.eldiario.net\\\/portal\\\/2021\\\/05\\\/30\\\/transporte-ferroviario-al-puerto-de-arica\\\/#breadcrumb\"},\"inLanguage\":\"es\",\"potentialAction\":[{\"@type\":\"ReadAction\",\"target\":[\"https:\\\/\\\/www.eldiario.net\\\/portal\\\/2021\\\/05\\\/30\\\/transporte-ferroviario-al-puerto-de-arica\\\/\"]}]},{\"@type\":\"BreadcrumbList\",\"@id\":\"https:\\\/\\\/www.eldiario.net\\\/portal\\\/2021\\\/05\\\/30\\\/transporte-ferroviario-al-puerto-de-arica\\\/#breadcrumb\",\"itemListElement\":[{\"@type\":\"ListItem\",\"position\":1,\"name\":\"Portada\",\"item\":\"https:\\\/\\\/www.eldiario.net\\\/portal\\\/\"},{\"@type\":\"ListItem\",\"position\":2,\"name\":\"Transporte ferroviario al puerto de Arica\"}]},{\"@type\":\"WebSite\",\"@id\":\"https:\\\/\\\/www.eldiario.net\\\/portal\\\/#website\",\"url\":\"https:\\\/\\\/www.eldiario.net\\\/portal\\\/\",\"name\":\"El Diario - Decano de la prensa nacional\",\"description\":\"El Diario - Decano de la prensa nacional\",\"publisher\":{\"@id\":\"https:\\\/\\\/www.eldiario.net\\\/portal\\\/#organization\"},\"potentialAction\":[{\"@type\":\"SearchAction\",\"target\":{\"@type\":\"EntryPoint\",\"urlTemplate\":\"https:\\\/\\\/www.eldiario.net\\\/portal\\\/?s={search_term_string}\"},\"query-input\":{\"@type\":\"PropertyValueSpecification\",\"valueRequired\":true,\"valueName\":\"search_term_string\"}}],\"inLanguage\":\"es\"},{\"@type\":\"Organization\",\"@id\":\"https:\\\/\\\/www.eldiario.net\\\/portal\\\/#organization\",\"name\":\"El Diario - Decano de la prensa nacional\",\"url\":\"https:\\\/\\\/www.eldiario.net\\\/portal\\\/\",\"logo\":{\"@type\":\"ImageObject\",\"inLanguage\":\"es\",\"@id\":\"https:\\\/\\\/www.eldiario.net\\\/portal\\\/#\\\/schema\\\/logo\\\/image\\\/\",\"url\":\"https:\\\/\\\/www.eldiario.net\\\/portal\\\/wp-content\\\/uploads\\\/2023\\\/07\\\/logo_ED.jpg\",\"contentUrl\":\"https:\\\/\\\/www.eldiario.net\\\/portal\\\/wp-content\\\/uploads\\\/2023\\\/07\\\/logo_ED.jpg\",\"width\":272,\"height\":52,\"caption\":\"El Diario - Decano de la prensa nacional\"},\"image\":{\"@id\":\"https:\\\/\\\/www.eldiario.net\\\/portal\\\/#\\\/schema\\\/logo\\\/image\\\/\"},\"sameAs\":[\"https:\\\/\\\/www.facebook.com\\\/eldiario.bolivia\\\/\",\"https:\\\/\\\/x.com\\\/eldiario_net\"]},{\"@type\":\"Person\",\"@id\":\"https:\\\/\\\/www.eldiario.net\\\/portal\\\/#\\\/schema\\\/person\\\/f46445640444750d7d753ccd04ae01b7\",\"name\":\"Jeanette\",\"image\":{\"@type\":\"ImageObject\",\"inLanguage\":\"es\",\"@id\":\"https:\\\/\\\/secure.gravatar.com\\\/avatar\\\/3ea2118a5f7dad2b7138b1187a6b7ee55f160b9968b66013c3a3ef39dd7e5798?s=96&d=mm&r=g\",\"url\":\"https:\\\/\\\/secure.gravatar.com\\\/avatar\\\/3ea2118a5f7dad2b7138b1187a6b7ee55f160b9968b66013c3a3ef39dd7e5798?s=96&d=mm&r=g\",\"contentUrl\":\"https:\\\/\\\/secure.gravatar.com\\\/avatar\\\/3ea2118a5f7dad2b7138b1187a6b7ee55f160b9968b66013c3a3ef39dd7e5798?s=96&d=mm&r=g\",\"caption\":\"Jeanette\"},\"sameAs\":[\"https:\\\/\\\/www.eldiario.net\\\/portal\"],\"url\":\"https:\\\/\\\/www.eldiario.net\\\/portal\\\/author\\\/jeanette\\\/\"}]}<\/script>\n<!-- \/ Yoast SEO plugin. -->","yoast_head_json":{"title":"Transporte ferroviario al puerto de Arica - El Diario - Bolivia","robots":{"index":"index","follow":"follow","max-snippet":"max-snippet:-1","max-image-preview":"max-image-preview:large","max-video-preview":"max-video-preview:-1"},"canonical":"https:\/\/www.eldiario.net\/portal\/2021\/05\/30\/transporte-ferroviario-al-puerto-de-arica\/","og_locale":"es_ES","og_type":"article","og_title":"Transporte ferroviario al puerto de Arica - El Diario - Bolivia","og_description":"La Empresa Ferroviaria Andina, que opera la red ferroviaria occidental, realiz\u00f3 una prueba t\u00e9cnica de transporte de carga desde el puerto de Arica, con el objeto de reanudar las operaciones ferroviarias en el ferrocarril Arica \u2013 Viacha. El transporte pesado nacional e internacional realiz\u00f3 un bloqueo en las carreteras de los departamentos de Santa Cruz, [&hellip;]","og_url":"https:\/\/www.eldiario.net\/portal\/2021\/05\/30\/transporte-ferroviario-al-puerto-de-arica\/","og_site_name":"El Diario - Bolivia","article_publisher":"https:\/\/www.facebook.com\/eldiario.bolivia\/","article_published_time":"2021-05-30T09:51:32+00:00","author":"Jeanette","twitter_card":"summary_large_image","twitter_creator":"@eldiario_net","twitter_site":"@eldiario_net","twitter_misc":{"Escrito por":"Jeanette","Tiempo de lectura":"3 minutos"},"schema":{"@context":"https:\/\/schema.org","@graph":[{"@type":"Article","@id":"https:\/\/www.eldiario.net\/portal\/2021\/05\/30\/transporte-ferroviario-al-puerto-de-arica\/#article","isPartOf":{"@id":"https:\/\/www.eldiario.net\/portal\/2021\/05\/30\/transporte-ferroviario-al-puerto-de-arica\/"},"author":{"name":"Jeanette","@id":"https:\/\/www.eldiario.net\/portal\/#\/schema\/person\/f46445640444750d7d753ccd04ae01b7"},"headline":"Transporte ferroviario al puerto de Arica","datePublished":"2021-05-30T09:51:32+00:00","mainEntityOfPage":{"@id":"https:\/\/www.eldiario.net\/portal\/2021\/05\/30\/transporte-ferroviario-al-puerto-de-arica\/"},"wordCount":729,"publisher":{"@id":"https:\/\/www.eldiario.net\/portal\/#organization"},"articleSection":["Opini\u00f3n"],"inLanguage":"es"},{"@type":"WebPage","@id":"https:\/\/www.eldiario.net\/portal\/2021\/05\/30\/transporte-ferroviario-al-puerto-de-arica\/","url":"https:\/\/www.eldiario.net\/portal\/2021\/05\/30\/transporte-ferroviario-al-puerto-de-arica\/","name":"Transporte ferroviario al puerto de Arica - El Diario - Bolivia","isPartOf":{"@id":"https:\/\/www.eldiario.net\/portal\/#website"},"datePublished":"2021-05-30T09:51:32+00:00","breadcrumb":{"@id":"https:\/\/www.eldiario.net\/portal\/2021\/05\/30\/transporte-ferroviario-al-puerto-de-arica\/#breadcrumb"},"inLanguage":"es","potentialAction":[{"@type":"ReadAction","target":["https:\/\/www.eldiario.net\/portal\/2021\/05\/30\/transporte-ferroviario-al-puerto-de-arica\/"]}]},{"@type":"BreadcrumbList","@id":"https:\/\/www.eldiario.net\/portal\/2021\/05\/30\/transporte-ferroviario-al-puerto-de-arica\/#breadcrumb","itemListElement":[{"@type":"ListItem","position":1,"name":"Portada","item":"https:\/\/www.eldiario.net\/portal\/"},{"@type":"ListItem","position":2,"name":"Transporte ferroviario al puerto de Arica"}]},{"@type":"WebSite","@id":"https:\/\/www.eldiario.net\/portal\/#website","url":"https:\/\/www.eldiario.net\/portal\/","name":"El Diario - Decano de la prensa nacional","description":"El Diario - Decano de la prensa nacional","publisher":{"@id":"https:\/\/www.eldiario.net\/portal\/#organization"},"potentialAction":[{"@type":"SearchAction","target":{"@type":"EntryPoint","urlTemplate":"https:\/\/www.eldiario.net\/portal\/?s={search_term_string}"},"query-input":{"@type":"PropertyValueSpecification","valueRequired":true,"valueName":"search_term_string"}}],"inLanguage":"es"},{"@type":"Organization","@id":"https:\/\/www.eldiario.net\/portal\/#organization","name":"El Diario - Decano de la prensa nacional","url":"https:\/\/www.eldiario.net\/portal\/","logo":{"@type":"ImageObject","inLanguage":"es","@id":"https:\/\/www.eldiario.net\/portal\/#\/schema\/logo\/image\/","url":"https:\/\/www.eldiario.net\/portal\/wp-content\/uploads\/2023\/07\/logo_ED.jpg","contentUrl":"https:\/\/www.eldiario.net\/portal\/wp-content\/uploads\/2023\/07\/logo_ED.jpg","width":272,"height":52,"caption":"El Diario - Decano de la prensa nacional"},"image":{"@id":"https:\/\/www.eldiario.net\/portal\/#\/schema\/logo\/image\/"},"sameAs":["https:\/\/www.facebook.com\/eldiario.bolivia\/","https:\/\/x.com\/eldiario_net"]},{"@type":"Person","@id":"https:\/\/www.eldiario.net\/portal\/#\/schema\/person\/f46445640444750d7d753ccd04ae01b7","name":"Jeanette","image":{"@type":"ImageObject","inLanguage":"es","@id":"https:\/\/secure.gravatar.com\/avatar\/3ea2118a5f7dad2b7138b1187a6b7ee55f160b9968b66013c3a3ef39dd7e5798?s=96&d=mm&r=g","url":"https:\/\/secure.gravatar.com\/avatar\/3ea2118a5f7dad2b7138b1187a6b7ee55f160b9968b66013c3a3ef39dd7e5798?s=96&d=mm&r=g","contentUrl":"https:\/\/secure.gravatar.com\/avatar\/3ea2118a5f7dad2b7138b1187a6b7ee55f160b9968b66013c3a3ef39dd7e5798?s=96&d=mm&r=g","caption":"Jeanette"},"sameAs":["https:\/\/www.eldiario.net\/portal"],"url":"https:\/\/www.eldiario.net\/portal\/author\/jeanette\/"}]}},"_links":{"self":[{"href":"https:\/\/www.eldiario.net\/portal\/wp-json\/wp\/v2\/posts\/7246","targetHints":{"allow":["GET"]}}],"collection":[{"href":"https:\/\/www.eldiario.net\/portal\/wp-json\/wp\/v2\/posts"}],"about":[{"href":"https:\/\/www.eldiario.net\/portal\/wp-json\/wp\/v2\/types\/post"}],"author":[{"embeddable":true,"href":"https:\/\/www.eldiario.net\/portal\/wp-json\/wp\/v2\/users\/1"}],"replies":[{"embeddable":true,"href":"https:\/\/www.eldiario.net\/portal\/wp-json\/wp\/v2\/comments?post=7246"}],"version-history":[{"count":0,"href":"https:\/\/www.eldiario.net\/portal\/wp-json\/wp\/v2\/posts\/7246\/revisions"}],"wp:attachment":[{"href":"https:\/\/www.eldiario.net\/portal\/wp-json\/wp\/v2\/media?parent=7246"}],"wp:term":[{"taxonomy":"category","embeddable":true,"href":"https:\/\/www.eldiario.net\/portal\/wp-json\/wp\/v2\/categories?post=7246"},{"taxonomy":"post_tag","embeddable":true,"href":"https:\/\/www.eldiario.net\/portal\/wp-json\/wp\/v2\/tags?post=7246"}],"curies":[{"name":"wp","href":"https:\/\/api.w.org\/{rel}","templated":true}]}}