{"id":7240,"date":"2021-05-30T05:47:49","date_gmt":"2021-05-30T09:47:49","guid":{"rendered":"https:\/\/www.eldiario.net\/portal\/?p=7240"},"modified":"2021-05-30T05:47:49","modified_gmt":"2021-05-30T09:47:49","slug":"tras-murillo-el-suspenso","status":"publish","type":"post","link":"https:\/\/www.eldiario.net\/portal\/2021\/05\/30\/tras-murillo-el-suspenso\/","title":{"rendered":"Tras Murillo, el suspenso"},"content":{"rendered":"<p>El anterior ministro de gobierno boliviano que hizo un esc\u00e1ndalo tan grande como ahora Arturo Murillo se llamaba Antonio Arguedas Mendieta. En 1967 viaj\u00f3 por tres continentes llevando consigo el diario del Che Guevara despu\u00e9s de haber ocultado en su casa las manos amputadas del guerrillero.<br \/>\nLe falta mucho a Murillo para igualar la espectacularidad del caso Arguedas: solamente viaj\u00f3 a Estados Unidos despu\u00e9s de haber sido ministro de Jeanine A\u00f1ez llevando consigo, amputado, el prestigio del gobierno de transici\u00f3n. Hab\u00eda cometido un hecho de corrupci\u00f3n por unos 2 millones de d\u00f3lares, seg\u00fan lo sabe el FBI de Estados Unidos, donde est\u00e1 preso.<br \/>\nRobar 2 millones de d\u00f3lares despu\u00e9s de que el MAS hab\u00eda hecho el m\u00e1s grande fest\u00edn del pillaje de la historia de Bolivia por miles de millones es, adem\u00e1s de una tontera, un rid\u00edculo que, sin embargo, no sirve para exculparlo. Se dice que podr\u00eda tener una condena de 20 a\u00f1os por lavado de dinero, aunque tambi\u00e9n se dice que podr\u00eda pagar una fianza y salir en libertad, e incluso tener su \u00abgreen card\u00bb. Pero esto no sirve para mitigar la decepci\u00f3n que sienten muchos bolivianos.<br \/>\nLo cierto es que, con este operativo, el FBI muestra que hizo una revisi\u00f3n de todo lo hecho en Bolivia desde el 12 de noviembre de 2019 hasta ahora que hubiera afectado a Estados Unidos por parte de funcionarios bolivianos.<br \/>\nEl festejo del masismo no ha sido muy grande porque sus dirigentes sospechan que quiz\u00e1 ahora el FBI comience a mostrar, con acusaciones y capturas, cu\u00e1nto sabe de los hechos ilegales cometidos por funcionarios bolivianos antes del 12 de noviembre de 2019.<br \/>\nEl mensaje dir\u00eda as\u00ed: para que nadie diga que el FBI tiene antipat\u00edas pol\u00edticas, aqu\u00ed va una operaci\u00f3n que lleva a la c\u00e1rcel a un funcionario de un gobierno que no formaba parte del \u00abeje de las autocracias\u00bb. Y ahora viene el vendaval de acusaciones contra los que gobernaron antes de esa fecha.<br \/>\nEs decir que podr\u00eda ser el momento en que otros corruptos, de otras preferencias pol\u00edticas, pongan sus barbas a remojar, si las tuvieren. Ag\u00e1rrate, Catalina.<br \/>\nEsto quiz\u00e1 parezca una expresi\u00f3n de deseos, pero podr\u00eda darse.<br \/>\nPor el momento, sigue quedando sin m\u00e1cula el prestigio de la m\u00e1s grande gesta revolucionaria que vivi\u00f3 Bolivia entre el 20 de octubre y el 11 de noviembre de 2019. El derrocamiento de un dictador corrupto y degenerado, adem\u00e1s de su cobarde fuga, es el mayor motivo de orgullo de todos los bolivianos.<\/p>\n<p>Siglo21bolivia.com<\/p>\n","protected":false},"excerpt":{"rendered":"<p>El anterior ministro de gobierno boliviano que hizo un esc\u00e1ndalo tan grande como ahora Arturo Murillo se llamaba Antonio Arguedas Mendieta. En 1967 viaj\u00f3 por tres continentes llevando consigo el diario del Che Guevara despu\u00e9s de haber ocultado en su casa las manos amputadas del guerrillero. Le falta mucho a Murillo para igualar la espectacularidad [&hellip;]<\/p>\n","protected":false},"author":1,"featured_media":5748,"comment_status":"closed","ping_status":"closed","sticky":false,"template":"","format":"standard","meta":{"_acf_changed":false,"footnotes":""},"categories":[9],"tags":[],"class_list":["post-7240","post","type-post","status-publish","format-standard","has-post-thumbnail","category-opinion"],"acf":{"antetitulo":""},"yoast_head":"<!-- This site is optimized with the Yoast SEO plugin v28.4 - https:\/\/yoast.com\/product\/yoast-seo-wordpress\/ -->\n<title>Tras Murillo, el suspenso - El Diario - Bolivia<\/title>\n<meta name=\"robots\" content=\"index, follow, max-snippet:-1, max-image-preview:large, max-video-preview:-1\" \/>\n<link rel=\"canonical\" href=\"https:\/\/www.eldiario.net\/portal\/2021\/05\/30\/tras-murillo-el-suspenso\/\" \/>\n<meta property=\"og:locale\" content=\"es_ES\" \/>\n<meta property=\"og:type\" content=\"article\" \/>\n<meta property=\"og:title\" content=\"Tras Murillo, el suspenso - El Diario - Bolivia\" \/>\n<meta property=\"og:description\" content=\"El anterior ministro de gobierno boliviano que hizo un esc\u00e1ndalo tan grande como ahora Arturo Murillo se llamaba Antonio Arguedas Mendieta. En 1967 viaj\u00f3 por tres continentes llevando consigo el diario del Che Guevara despu\u00e9s de haber ocultado en su casa las manos amputadas del guerrillero. Le falta mucho a Murillo para igualar la espectacularidad [&hellip;]\" \/>\n<meta property=\"og:url\" content=\"https:\/\/www.eldiario.net\/portal\/2021\/05\/30\/tras-murillo-el-suspenso\/\" \/>\n<meta property=\"og:site_name\" content=\"El Diario - Bolivia\" \/>\n<meta property=\"article:publisher\" content=\"https:\/\/www.facebook.com\/eldiario.bolivia\/\" \/>\n<meta property=\"article:published_time\" content=\"2021-05-30T09:47:49+00:00\" \/>\n<meta name=\"author\" content=\"Jeanette\" \/>\n<meta name=\"twitter:card\" content=\"summary_large_image\" \/>\n<meta name=\"twitter:creator\" content=\"@eldiario_net\" \/>\n<meta name=\"twitter:site\" content=\"@eldiario_net\" \/>\n<meta name=\"twitter:label1\" content=\"Escrito por\" \/>\n\t<meta name=\"twitter:data1\" content=\"Jeanette\" \/>\n\t<meta name=\"twitter:label2\" content=\"Tiempo de lectura\" \/>\n\t<meta name=\"twitter:data2\" content=\"2 minutos\" \/>\n<script type=\"application\/ld+json\" class=\"yoast-schema-graph\">{\"@context\":\"https:\\\/\\\/schema.org\",\"@graph\":[{\"@type\":\"Article\",\"@id\":\"https:\\\/\\\/www.eldiario.net\\\/portal\\\/2021\\\/05\\\/30\\\/tras-murillo-el-suspenso\\\/#article\",\"isPartOf\":{\"@id\":\"https:\\\/\\\/www.eldiario.net\\\/portal\\\/2021\\\/05\\\/30\\\/tras-murillo-el-suspenso\\\/\"},\"author\":{\"name\":\"Jeanette\",\"@id\":\"https:\\\/\\\/www.eldiario.net\\\/portal\\\/#\\\/schema\\\/person\\\/2c57cf2b7a7ae032e449e4c9b1019eac\"},\"headline\":\"Tras Murillo, el suspenso\",\"datePublished\":\"2021-05-30T09:47:49+00:00\",\"mainEntityOfPage\":{\"@id\":\"https:\\\/\\\/www.eldiario.net\\\/portal\\\/2021\\\/05\\\/30\\\/tras-murillo-el-suspenso\\\/\"},\"wordCount\":444,\"publisher\":{\"@id\":\"https:\\\/\\\/www.eldiario.net\\\/portal\\\/#organization\"},\"image\":{\"@id\":\"https:\\\/\\\/www.eldiario.net\\\/portal\\\/2021\\\/05\\\/30\\\/tras-murillo-el-suspenso\\\/#primaryimage\"},\"thumbnailUrl\":\"\",\"articleSection\":[\"Opini\u00f3n\"],\"inLanguage\":\"es\"},{\"@type\":\"WebPage\",\"@id\":\"https:\\\/\\\/www.eldiario.net\\\/portal\\\/2021\\\/05\\\/30\\\/tras-murillo-el-suspenso\\\/\",\"url\":\"https:\\\/\\\/www.eldiario.net\\\/portal\\\/2021\\\/05\\\/30\\\/tras-murillo-el-suspenso\\\/\",\"name\":\"Tras Murillo, el suspenso - El Diario - Bolivia\",\"isPartOf\":{\"@id\":\"https:\\\/\\\/www.eldiario.net\\\/portal\\\/#website\"},\"primaryImageOfPage\":{\"@id\":\"https:\\\/\\\/www.eldiario.net\\\/portal\\\/2021\\\/05\\\/30\\\/tras-murillo-el-suspenso\\\/#primaryimage\"},\"image\":{\"@id\":\"https:\\\/\\\/www.eldiario.net\\\/portal\\\/2021\\\/05\\\/30\\\/tras-murillo-el-suspenso\\\/#primaryimage\"},\"thumbnailUrl\":\"\",\"datePublished\":\"2021-05-30T09:47:49+00:00\",\"breadcrumb\":{\"@id\":\"https:\\\/\\\/www.eldiario.net\\\/portal\\\/2021\\\/05\\\/30\\\/tras-murillo-el-suspenso\\\/#breadcrumb\"},\"inLanguage\":\"es\",\"potentialAction\":[{\"@type\":\"ReadAction\",\"target\":[\"https:\\\/\\\/www.eldiario.net\\\/portal\\\/2021\\\/05\\\/30\\\/tras-murillo-el-suspenso\\\/\"]}]},{\"@type\":\"ImageObject\",\"inLanguage\":\"es\",\"@id\":\"https:\\\/\\\/www.eldiario.net\\\/portal\\\/2021\\\/05\\\/30\\\/tras-murillo-el-suspenso\\\/#primaryimage\",\"url\":\"\",\"contentUrl\":\"\"},{\"@type\":\"BreadcrumbList\",\"@id\":\"https:\\\/\\\/www.eldiario.net\\\/portal\\\/2021\\\/05\\\/30\\\/tras-murillo-el-suspenso\\\/#breadcrumb\",\"itemListElement\":[{\"@type\":\"ListItem\",\"position\":1,\"name\":\"Portada\",\"item\":\"https:\\\/\\\/www.eldiario.net\\\/portal\\\/\"},{\"@type\":\"ListItem\",\"position\":2,\"name\":\"Tras Murillo, el suspenso\"}]},{\"@type\":\"WebSite\",\"@id\":\"https:\\\/\\\/www.eldiario.net\\\/portal\\\/#website\",\"url\":\"https:\\\/\\\/www.eldiario.net\\\/portal\\\/\",\"name\":\"El Diario - Decano de la prensa nacional\",\"description\":\"El Diario - Decano de la prensa nacional\",\"publisher\":{\"@id\":\"https:\\\/\\\/www.eldiario.net\\\/portal\\\/#organization\"},\"potentialAction\":[{\"@type\":\"SearchAction\",\"target\":{\"@type\":\"EntryPoint\",\"urlTemplate\":\"https:\\\/\\\/www.eldiario.net\\\/portal\\\/?s={search_term_string}\"},\"query-input\":{\"@type\":\"PropertyValueSpecification\",\"valueRequired\":true,\"valueName\":\"search_term_string\"}}],\"inLanguage\":\"es\"},{\"@type\":\"Organization\",\"@id\":\"https:\\\/\\\/www.eldiario.net\\\/portal\\\/#organization\",\"name\":\"El Diario - Decano de la prensa nacional\",\"url\":\"https:\\\/\\\/www.eldiario.net\\\/portal\\\/\",\"logo\":{\"@type\":\"ImageObject\",\"inLanguage\":\"es\",\"@id\":\"https:\\\/\\\/www.eldiario.net\\\/portal\\\/#\\\/schema\\\/logo\\\/image\\\/\",\"url\":\"https:\\\/\\\/www.eldiario.net\\\/portal\\\/wp-content\\\/uploads\\\/2023\\\/07\\\/logo_ED.jpg\",\"contentUrl\":\"https:\\\/\\\/www.eldiario.net\\\/portal\\\/wp-content\\\/uploads\\\/2023\\\/07\\\/logo_ED.jpg\",\"width\":272,\"height\":52,\"caption\":\"El Diario - Decano de la prensa nacional\"},\"image\":{\"@id\":\"https:\\\/\\\/www.eldiario.net\\\/portal\\\/#\\\/schema\\\/logo\\\/image\\\/\"},\"sameAs\":[\"https:\\\/\\\/www.facebook.com\\\/eldiario.bolivia\\\/\",\"https:\\\/\\\/x.com\\\/eldiario_net\"]},{\"@type\":\"Person\",\"@id\":\"https:\\\/\\\/www.eldiario.net\\\/portal\\\/#\\\/schema\\\/person\\\/2c57cf2b7a7ae032e449e4c9b1019eac\",\"name\":\"Jeanette\",\"image\":{\"@type\":\"ImageObject\",\"inLanguage\":\"es\",\"@id\":\"https:\\\/\\\/secure.gravatar.com\\\/avatar\\\/3ea2118a5f7dad2b7138b1187a6b7ee55f160b9968b66013c3a3ef39dd7e5798?s=96&d=mm&r=g\",\"url\":\"https:\\\/\\\/secure.gravatar.com\\\/avatar\\\/3ea2118a5f7dad2b7138b1187a6b7ee55f160b9968b66013c3a3ef39dd7e5798?s=96&d=mm&r=g\",\"contentUrl\":\"https:\\\/\\\/secure.gravatar.com\\\/avatar\\\/3ea2118a5f7dad2b7138b1187a6b7ee55f160b9968b66013c3a3ef39dd7e5798?s=96&d=mm&r=g\",\"caption\":\"Jeanette\"},\"sameAs\":[\"https:\\\/\\\/www.eldiario.net\\\/portal\"],\"url\":\"https:\\\/\\\/www.eldiario.net\\\/portal\\\/author\\\/jeanette\\\/\"}]}<\/script>\n<!-- \/ Yoast SEO plugin. -->","yoast_head_json":{"title":"Tras Murillo, el suspenso - El Diario - Bolivia","robots":{"index":"index","follow":"follow","max-snippet":"max-snippet:-1","max-image-preview":"max-image-preview:large","max-video-preview":"max-video-preview:-1"},"canonical":"https:\/\/www.eldiario.net\/portal\/2021\/05\/30\/tras-murillo-el-suspenso\/","og_locale":"es_ES","og_type":"article","og_title":"Tras Murillo, el suspenso - El Diario - Bolivia","og_description":"El anterior ministro de gobierno boliviano que hizo un esc\u00e1ndalo tan grande como ahora Arturo Murillo se llamaba Antonio Arguedas Mendieta. En 1967 viaj\u00f3 por tres continentes llevando consigo el diario del Che Guevara despu\u00e9s de haber ocultado en su casa las manos amputadas del guerrillero. Le falta mucho a Murillo para igualar la espectacularidad [&hellip;]","og_url":"https:\/\/www.eldiario.net\/portal\/2021\/05\/30\/tras-murillo-el-suspenso\/","og_site_name":"El Diario - Bolivia","article_publisher":"https:\/\/www.facebook.com\/eldiario.bolivia\/","article_published_time":"2021-05-30T09:47:49+00:00","author":"Jeanette","twitter_card":"summary_large_image","twitter_creator":"@eldiario_net","twitter_site":"@eldiario_net","twitter_misc":{"Escrito por":"Jeanette","Tiempo de lectura":"2 minutos"},"schema":{"@context":"https:\/\/schema.org","@graph":[{"@type":"Article","@id":"https:\/\/www.eldiario.net\/portal\/2021\/05\/30\/tras-murillo-el-suspenso\/#article","isPartOf":{"@id":"https:\/\/www.eldiario.net\/portal\/2021\/05\/30\/tras-murillo-el-suspenso\/"},"author":{"name":"Jeanette","@id":"https:\/\/www.eldiario.net\/portal\/#\/schema\/person\/2c57cf2b7a7ae032e449e4c9b1019eac"},"headline":"Tras Murillo, el suspenso","datePublished":"2021-05-30T09:47:49+00:00","mainEntityOfPage":{"@id":"https:\/\/www.eldiario.net\/portal\/2021\/05\/30\/tras-murillo-el-suspenso\/"},"wordCount":444,"publisher":{"@id":"https:\/\/www.eldiario.net\/portal\/#organization"},"image":{"@id":"https:\/\/www.eldiario.net\/portal\/2021\/05\/30\/tras-murillo-el-suspenso\/#primaryimage"},"thumbnailUrl":"","articleSection":["Opini\u00f3n"],"inLanguage":"es"},{"@type":"WebPage","@id":"https:\/\/www.eldiario.net\/portal\/2021\/05\/30\/tras-murillo-el-suspenso\/","url":"https:\/\/www.eldiario.net\/portal\/2021\/05\/30\/tras-murillo-el-suspenso\/","name":"Tras Murillo, el suspenso - El Diario - Bolivia","isPartOf":{"@id":"https:\/\/www.eldiario.net\/portal\/#website"},"primaryImageOfPage":{"@id":"https:\/\/www.eldiario.net\/portal\/2021\/05\/30\/tras-murillo-el-suspenso\/#primaryimage"},"image":{"@id":"https:\/\/www.eldiario.net\/portal\/2021\/05\/30\/tras-murillo-el-suspenso\/#primaryimage"},"thumbnailUrl":"","datePublished":"2021-05-30T09:47:49+00:00","breadcrumb":{"@id":"https:\/\/www.eldiario.net\/portal\/2021\/05\/30\/tras-murillo-el-suspenso\/#breadcrumb"},"inLanguage":"es","potentialAction":[{"@type":"ReadAction","target":["https:\/\/www.eldiario.net\/portal\/2021\/05\/30\/tras-murillo-el-suspenso\/"]}]},{"@type":"ImageObject","inLanguage":"es","@id":"https:\/\/www.eldiario.net\/portal\/2021\/05\/30\/tras-murillo-el-suspenso\/#primaryimage","url":"","contentUrl":""},{"@type":"BreadcrumbList","@id":"https:\/\/www.eldiario.net\/portal\/2021\/05\/30\/tras-murillo-el-suspenso\/#breadcrumb","itemListElement":[{"@type":"ListItem","position":1,"name":"Portada","item":"https:\/\/www.eldiario.net\/portal\/"},{"@type":"ListItem","position":2,"name":"Tras Murillo, el suspenso"}]},{"@type":"WebSite","@id":"https:\/\/www.eldiario.net\/portal\/#website","url":"https:\/\/www.eldiario.net\/portal\/","name":"El Diario - Decano de la prensa nacional","description":"El Diario - Decano de la prensa nacional","publisher":{"@id":"https:\/\/www.eldiario.net\/portal\/#organization"},"potentialAction":[{"@type":"SearchAction","target":{"@type":"EntryPoint","urlTemplate":"https:\/\/www.eldiario.net\/portal\/?s={search_term_string}"},"query-input":{"@type":"PropertyValueSpecification","valueRequired":true,"valueName":"search_term_string"}}],"inLanguage":"es"},{"@type":"Organization","@id":"https:\/\/www.eldiario.net\/portal\/#organization","name":"El Diario - Decano de la prensa nacional","url":"https:\/\/www.eldiario.net\/portal\/","logo":{"@type":"ImageObject","inLanguage":"es","@id":"https:\/\/www.eldiario.net\/portal\/#\/schema\/logo\/image\/","url":"https:\/\/www.eldiario.net\/portal\/wp-content\/uploads\/2023\/07\/logo_ED.jpg","contentUrl":"https:\/\/www.eldiario.net\/portal\/wp-content\/uploads\/2023\/07\/logo_ED.jpg","width":272,"height":52,"caption":"El Diario - Decano de la prensa nacional"},"image":{"@id":"https:\/\/www.eldiario.net\/portal\/#\/schema\/logo\/image\/"},"sameAs":["https:\/\/www.facebook.com\/eldiario.bolivia\/","https:\/\/x.com\/eldiario_net"]},{"@type":"Person","@id":"https:\/\/www.eldiario.net\/portal\/#\/schema\/person\/2c57cf2b7a7ae032e449e4c9b1019eac","name":"Jeanette","image":{"@type":"ImageObject","inLanguage":"es","@id":"https:\/\/secure.gravatar.com\/avatar\/3ea2118a5f7dad2b7138b1187a6b7ee55f160b9968b66013c3a3ef39dd7e5798?s=96&d=mm&r=g","url":"https:\/\/secure.gravatar.com\/avatar\/3ea2118a5f7dad2b7138b1187a6b7ee55f160b9968b66013c3a3ef39dd7e5798?s=96&d=mm&r=g","contentUrl":"https:\/\/secure.gravatar.com\/avatar\/3ea2118a5f7dad2b7138b1187a6b7ee55f160b9968b66013c3a3ef39dd7e5798?s=96&d=mm&r=g","caption":"Jeanette"},"sameAs":["https:\/\/www.eldiario.net\/portal"],"url":"https:\/\/www.eldiario.net\/portal\/author\/jeanette\/"}]}},"_links":{"self":[{"href":"https:\/\/www.eldiario.net\/portal\/wp-json\/wp\/v2\/posts\/7240","targetHints":{"allow":["GET"]}}],"collection":[{"href":"https:\/\/www.eldiario.net\/portal\/wp-json\/wp\/v2\/posts"}],"about":[{"href":"https:\/\/www.eldiario.net\/portal\/wp-json\/wp\/v2\/types\/post"}],"author":[{"embeddable":true,"href":"https:\/\/www.eldiario.net\/portal\/wp-json\/wp\/v2\/users\/1"}],"replies":[{"embeddable":true,"href":"https:\/\/www.eldiario.net\/portal\/wp-json\/wp\/v2\/comments?post=7240"}],"version-history":[{"count":0,"href":"https:\/\/www.eldiario.net\/portal\/wp-json\/wp\/v2\/posts\/7240\/revisions"}],"wp:attachment":[{"href":"https:\/\/www.eldiario.net\/portal\/wp-json\/wp\/v2\/media?parent=7240"}],"wp:term":[{"taxonomy":"category","embeddable":true,"href":"https:\/\/www.eldiario.net\/portal\/wp-json\/wp\/v2\/categories?post=7240"},{"taxonomy":"post_tag","embeddable":true,"href":"https:\/\/www.eldiario.net\/portal\/wp-json\/wp\/v2\/tags?post=7240"}],"curies":[{"name":"wp","href":"https:\/\/api.w.org\/{rel}","templated":true}]}}