{"id":72214,"date":"2022-03-26T05:52:25","date_gmt":"2022-03-26T09:52:25","guid":{"rendered":"https:\/\/www.eldiario.net\/portal\/?p=72214"},"modified":"2022-03-26T05:52:25","modified_gmt":"2022-03-26T09:52:25","slug":"por-jurisprudencia-anez-debe-ser-juzgada-en-caso-de-corte","status":"publish","type":"post","link":"https:\/\/www.eldiario.net\/portal\/2022\/03\/26\/por-jurisprudencia-anez-debe-ser-juzgada-en-caso-de-corte\/","title":{"rendered":"Por jurisprudencia, A\u00f1ez debe  ser juzgada en caso de corte"},"content":{"rendered":"<p>El Tribunal Constitucional Plurinacional (TCP) determin\u00f3 mediante un auto constitucional que una Sala Penal de La Paz sea la instancia que decida si procesa a Jeanine A\u00f1ez en la v\u00eda ordinaria o remita el caso a la Asamblea Legislativa, por un presunto nombramiento ilegal en la Empresa Boliviana de Alimentos (EBA). El abogado constitucionalista, Gonzalo Hidalgo, record\u00f3 que existe jurisprudencia para procesar a la expresidenta en un juicio de responsabilidades.<br \/>\nEl Ministerio de Justicia confirm\u00f3 ayer que el TCP, a trav\u00e9s del Auto Constitucional 0440\/2021-CA, rechaz\u00f3 la Acci\u00f3n de Inconstitucionalidad Concreta promovida por la Sala Penal Cuarta del Tribunal Departamental de Justicia de La Paz, que solicit\u00f3 esclarecer si la Ley 044 de Juicio de Responsabilidades para Presidente o Vicepresidente del Estado, se aplica a gobernantes que \u201cno siguieron el procedimiento establecido en el texto constitucional\u201d para llegar al cargo.<br \/>\nSeg\u00fan el Auto Constitucional, \u201clas autoridades que promueven la acci\u00f3n normativa (de inconstitucionalidad concreta)\u201d tienen la labor exclusiva de \u201cinterpretar la legalidad ordinaria y establecer a qui\u00e9n ampara la norma cuestionada\u201d.<br \/>\n\u201cCon el Auto Constitucional del TCP, ser\u00e1 la Sala Penal Cuarta del Tribunal Departamental de Justicia que asuma la decisi\u00f3n de ratificar o revertir la competencia del juzgado ordinario que conoce el proceso por el delito de designaci\u00f3n ilegal. Esta atribuci\u00f3n est\u00e1 reconocida en el art\u00edculo 58 de la Ley No 025 del \u00d3rgano Judicial\u201d, se lee en parte de la nota de prensa de Justicia.<br \/>\nJURISPRUDENCIA<br \/>\nEn febrero de 2021, un juez de Sucre decidi\u00f3 que los exmagistrados del TCP, que avalaron la \u00faltima repostulaci\u00f3n de Evo Morales, sean juzgados en la v\u00eda del juicio de responsabilidades en la Asamblea Legislativa con mayor\u00eda del Movimiento al Socialismo (MAS), evitando as\u00ed que sean procesados por la v\u00eda ordinaria.<br \/>\nLa decisi\u00f3n fue tomada por el Juez Anticorrupci\u00f3n N\u00b0 2 de Sucre, por un incidente presentado por dos exmagistrados (denunciados por el abogado Williams Bascop\u00e9) quienes solicitaron ser juzgados por la Asamblea Legislativa y no la justicia ordinaria.<br \/>\nEn la oportunidad, el juez Emilio Colque argument\u00f3 que, de acuerdo con la norma, es atribuci\u00f3n privativa de la Asamblea Legislativa el juzgar a las altas autoridades del \u00d3rgano Judicial, por hechos que hayan cometido en el ejercicio de sus funciones, por lo cual remiti\u00f3 el caso a la C\u00e1mara de Diputados.<br \/>\nEn ese marco, el constitucionalista Hidalgo manifest\u00f3 que lo que ya ha realizado la justicia ordinaria, en este caso un juzgado de Sucre, se constituye en jurisprudencia.<br \/>\nAsimismo record\u00f3 que A\u00f1ez fue presidenta en una sucesi\u00f3n constitucional, reconocida por el TCP a trav\u00e9s de la Resoluci\u00f3n 001\/2020, con la que declara constitucional la pr\u00f3rroga de mandato de autoridades nacionales y subnacionales.<\/p>\n<p>LEY 044<br \/>\n\u201cPara m\u00ed, A\u00f1ez deber\u00eda ser procesada por la Ley 044 (Ley para el juzgamiento de la Presidenta o Presidente y\/o de la Vicepresidenta o Vicepresidente, de altas autoridades del Tribunal Supremo de Justicia, Tribunal Agroambiental, Consejo de la Magistratura, Tribunal Constitucional Plurinacional y del Ministerio P\u00fablico), porque si es que ellos piensan que hubo golpe y que no fue presidenta, entonces no deber\u00eda haber elecciones\u201d, dijo.<br \/>\nRecord\u00f3 que cuando A\u00f1ez asumi\u00f3 el mando hab\u00eda un vac\u00edo de poder y una situaci\u00f3n muy fr\u00e1gil en el pa\u00eds por la convulsi\u00f3n que hab\u00eda, principalmente en la ciudad de La Paz, donde las hordas hab\u00edan tomado hasta las instalaciones policiales y amenazaban con una guerra civil.<br \/>\n\u201cNo hay ning\u00fan instrumento jur\u00eddico que haya declarado que la se\u00f1ora A\u00f1ez ha sido una presidenta inconstitucional o de facto, caso contrario, deber\u00edan anularse todos los actos que hizo, incluso las elecciones generales. Si consideran que hubo un nombramiento ilegal en EBA, se la deber\u00eda procesar por la v\u00eda que est\u00e1 establecida en la Ley 044\u201d, dijo.<\/p>\n<p>ABERRANTE<br \/>\nEn criterio del abogado Eusebio Vera, el auto del TCP es un atentado a la justicia boliviana que puede tener consecuencias graves.<br \/>\n\u201cNo entiendo cu\u00e1l es la finalidad o qu\u00e9 persigue el TCP con este tipo de resoluciones o autos constitucionales, lo \u00fanico que est\u00e1 logrando es generar un caos jur\u00eddico y esto puede tener tremendas consecuencias. \u00bfPretenden generar un caos jur\u00eddico?, cuando el TCP deber\u00eda ser la primera instituci\u00f3n que vele por la seguridad jur\u00eddica tanto del Estado como de su sociedad pero con los \u00faltimos autos y resoluciones lo \u00fanico que est\u00e1 generando es un caos\u201d, advirti\u00f3.<br \/>\nApunt\u00f3 que dentro de un Estado constitucional de derecho, no se diferencia a los presidentes por sucesi\u00f3n constitucional o elegidos por voto, porque ambos tienen la finalidad de constituirse en un dignatario de un Estado y al hacerlo, todos sus actos son iguales.<br \/>\n\u201cNo puede haber diferencias en la administraci\u00f3n de un Estado porque los presidentes elegidos mediante sucesi\u00f3n constitucional o sufragio tienen un mismo fin, intentar diferenciar los actos de los presidentes es una aberraci\u00f3n, ya que es querer limitar competencias\u201d, apunt\u00f3.<\/p>\n<div id='gallery-1' class='gallery galleryid-72214 gallery-columns-3 gallery-size-medium'><figure class='gallery-item'>\n\t\t\t<div class='gallery-icon landscape'>\n\t\t\t\t<a href='https:\/\/www.eldiario.net\/portal\/2022\/03\/26\/por-jurisprudencia-anez-debe-ser-juzgada-en-caso-de-corte\/vera-17\/'><img loading=\"lazy\" decoding=\"async\" width=\"300\" height=\"267\" src=\"https:\/\/www.eldiario.net\/portal\/wp-content\/uploads\/2022\/03\/VERA-300x267.jpg\" class=\"attachment-medium size-medium\" alt=\"\" aria-describedby=\"gallery-1-72217\" srcset=\"https:\/\/www.eldiario.net\/portal\/wp-content\/uploads\/2022\/03\/VERA-300x267.jpg 300w, https:\/\/www.eldiario.net\/portal\/wp-content\/uploads\/2022\/03\/VERA-768x683.jpg 768w, https:\/\/www.eldiario.net\/portal\/wp-content\/uploads\/2022\/03\/VERA-696x619.jpg 696w, https:\/\/www.eldiario.net\/portal\/wp-content\/uploads\/2022\/03\/VERA.jpg 1000w\" sizes=\"auto, (max-width: 300px) 100vw, 300px\" \/><\/a>\n\t\t\t<\/div>\n\t\t\t\t<figcaption class='wp-caption-text gallery-caption' id='gallery-1-72217'>\n\t\t\t\tEUSEBIO VERA, ABOGADO.\n\t\t\t\t<\/figcaption><\/figure>\n\t\t<\/div>\n\n","protected":false},"excerpt":{"rendered":"<p>El Tribunal Constitucional Plurinacional (TCP) determin\u00f3 mediante un auto constitucional que una Sala Penal de La Paz sea la instancia que decida si procesa a Jeanine A\u00f1ez en la v\u00eda ordinaria o remita el caso a la Asamblea Legislativa, por un presunto nombramiento ilegal en la Empresa Boliviana de Alimentos (EBA). El abogado constitucionalista, Gonzalo [&hellip;]<\/p>\n","protected":false},"author":1,"featured_media":72215,"comment_status":"closed","ping_status":"closed","sticky":false,"template":"","format":"standard","meta":{"_acf_changed":false,"footnotes":""},"categories":[39],"tags":[],"class_list":["post-72214","post","type-post","status-publish","format-standard","has-post-thumbnail","category-sociedad"],"acf":{"antetitulo":""},"yoast_head":"<!-- This site is optimized with the Yoast SEO plugin v28.3 - https:\/\/yoast.com\/product\/yoast-seo-wordpress\/ -->\n<title>Por jurisprudencia, A\u00f1ez debe ser juzgada en caso de corte - El Diario - Bolivia<\/title>\n<meta name=\"robots\" content=\"index, follow, max-snippet:-1, max-image-preview:large, max-video-preview:-1\" \/>\n<link rel=\"canonical\" href=\"https:\/\/www.eldiario.net\/portal\/2022\/03\/26\/por-jurisprudencia-anez-debe-ser-juzgada-en-caso-de-corte\/\" \/>\n<meta property=\"og:locale\" content=\"es_ES\" \/>\n<meta property=\"og:type\" content=\"article\" \/>\n<meta property=\"og:title\" content=\"Por jurisprudencia, A\u00f1ez debe ser juzgada en caso de corte - El Diario - Bolivia\" \/>\n<meta property=\"og:description\" content=\"El Tribunal Constitucional Plurinacional (TCP) determin\u00f3 mediante un auto constitucional que una Sala Penal de La Paz sea la instancia que decida si procesa a Jeanine A\u00f1ez en la v\u00eda ordinaria o remita el caso a la Asamblea Legislativa, por un presunto nombramiento ilegal en la Empresa Boliviana de Alimentos (EBA). El abogado constitucionalista, Gonzalo [&hellip;]\" \/>\n<meta property=\"og:url\" content=\"https:\/\/www.eldiario.net\/portal\/2022\/03\/26\/por-jurisprudencia-anez-debe-ser-juzgada-en-caso-de-corte\/\" \/>\n<meta property=\"og:site_name\" content=\"El Diario - Bolivia\" \/>\n<meta property=\"article:publisher\" content=\"https:\/\/www.facebook.com\/eldiario.bolivia\/\" \/>\n<meta property=\"article:published_time\" content=\"2022-03-26T09:52:25+00:00\" \/>\n<meta name=\"author\" content=\"Jeanette\" \/>\n<meta name=\"twitter:card\" content=\"summary_large_image\" \/>\n<meta name=\"twitter:creator\" content=\"@eldiario_net\" \/>\n<meta name=\"twitter:site\" content=\"@eldiario_net\" \/>\n<meta name=\"twitter:label1\" content=\"Escrito por\" \/>\n\t<meta name=\"twitter:data1\" content=\"Jeanette\" \/>\n\t<meta name=\"twitter:label2\" content=\"Tiempo de lectura\" \/>\n\t<meta name=\"twitter:data2\" content=\"4 minutos\" \/>\n<script type=\"application\/ld+json\" class=\"yoast-schema-graph\">{\"@context\":\"https:\\\/\\\/schema.org\",\"@graph\":[{\"@type\":\"Article\",\"@id\":\"https:\\\/\\\/www.eldiario.net\\\/portal\\\/2022\\\/03\\\/26\\\/por-jurisprudencia-anez-debe-ser-juzgada-en-caso-de-corte\\\/#article\",\"isPartOf\":{\"@id\":\"https:\\\/\\\/www.eldiario.net\\\/portal\\\/2022\\\/03\\\/26\\\/por-jurisprudencia-anez-debe-ser-juzgada-en-caso-de-corte\\\/\"},\"author\":{\"name\":\"Jeanette\",\"@id\":\"https:\\\/\\\/www.eldiario.net\\\/portal\\\/#\\\/schema\\\/person\\\/f46445640444750d7d753ccd04ae01b7\"},\"headline\":\"Por jurisprudencia, A\u00f1ez debe ser juzgada en caso de corte\",\"datePublished\":\"2022-03-26T09:52:25+00:00\",\"mainEntityOfPage\":{\"@id\":\"https:\\\/\\\/www.eldiario.net\\\/portal\\\/2022\\\/03\\\/26\\\/por-jurisprudencia-anez-debe-ser-juzgada-en-caso-de-corte\\\/\"},\"wordCount\":856,\"publisher\":{\"@id\":\"https:\\\/\\\/www.eldiario.net\\\/portal\\\/#organization\"},\"image\":{\"@id\":\"https:\\\/\\\/www.eldiario.net\\\/portal\\\/2022\\\/03\\\/26\\\/por-jurisprudencia-anez-debe-ser-juzgada-en-caso-de-corte\\\/#primaryimage\"},\"thumbnailUrl\":\"\",\"articleSection\":[\"Sociedad - Seguridad\"],\"inLanguage\":\"es\"},{\"@type\":\"WebPage\",\"@id\":\"https:\\\/\\\/www.eldiario.net\\\/portal\\\/2022\\\/03\\\/26\\\/por-jurisprudencia-anez-debe-ser-juzgada-en-caso-de-corte\\\/\",\"url\":\"https:\\\/\\\/www.eldiario.net\\\/portal\\\/2022\\\/03\\\/26\\\/por-jurisprudencia-anez-debe-ser-juzgada-en-caso-de-corte\\\/\",\"name\":\"Por jurisprudencia, A\u00f1ez debe ser juzgada en caso de corte - El Diario - Bolivia\",\"isPartOf\":{\"@id\":\"https:\\\/\\\/www.eldiario.net\\\/portal\\\/#website\"},\"primaryImageOfPage\":{\"@id\":\"https:\\\/\\\/www.eldiario.net\\\/portal\\\/2022\\\/03\\\/26\\\/por-jurisprudencia-anez-debe-ser-juzgada-en-caso-de-corte\\\/#primaryimage\"},\"image\":{\"@id\":\"https:\\\/\\\/www.eldiario.net\\\/portal\\\/2022\\\/03\\\/26\\\/por-jurisprudencia-anez-debe-ser-juzgada-en-caso-de-corte\\\/#primaryimage\"},\"thumbnailUrl\":\"\",\"datePublished\":\"2022-03-26T09:52:25+00:00\",\"breadcrumb\":{\"@id\":\"https:\\\/\\\/www.eldiario.net\\\/portal\\\/2022\\\/03\\\/26\\\/por-jurisprudencia-anez-debe-ser-juzgada-en-caso-de-corte\\\/#breadcrumb\"},\"inLanguage\":\"es\",\"potentialAction\":[{\"@type\":\"ReadAction\",\"target\":[\"https:\\\/\\\/www.eldiario.net\\\/portal\\\/2022\\\/03\\\/26\\\/por-jurisprudencia-anez-debe-ser-juzgada-en-caso-de-corte\\\/\"]}]},{\"@type\":\"ImageObject\",\"inLanguage\":\"es\",\"@id\":\"https:\\\/\\\/www.eldiario.net\\\/portal\\\/2022\\\/03\\\/26\\\/por-jurisprudencia-anez-debe-ser-juzgada-en-caso-de-corte\\\/#primaryimage\",\"url\":\"\",\"contentUrl\":\"\"},{\"@type\":\"BreadcrumbList\",\"@id\":\"https:\\\/\\\/www.eldiario.net\\\/portal\\\/2022\\\/03\\\/26\\\/por-jurisprudencia-anez-debe-ser-juzgada-en-caso-de-corte\\\/#breadcrumb\",\"itemListElement\":[{\"@type\":\"ListItem\",\"position\":1,\"name\":\"Portada\",\"item\":\"https:\\\/\\\/www.eldiario.net\\\/portal\\\/\"},{\"@type\":\"ListItem\",\"position\":2,\"name\":\"Por jurisprudencia, A\u00f1ez debe ser juzgada en caso de corte\"}]},{\"@type\":\"WebSite\",\"@id\":\"https:\\\/\\\/www.eldiario.net\\\/portal\\\/#website\",\"url\":\"https:\\\/\\\/www.eldiario.net\\\/portal\\\/\",\"name\":\"El Diario - Decano de la prensa nacional\",\"description\":\"El Diario - Decano de la prensa nacional\",\"publisher\":{\"@id\":\"https:\\\/\\\/www.eldiario.net\\\/portal\\\/#organization\"},\"potentialAction\":[{\"@type\":\"SearchAction\",\"target\":{\"@type\":\"EntryPoint\",\"urlTemplate\":\"https:\\\/\\\/www.eldiario.net\\\/portal\\\/?s={search_term_string}\"},\"query-input\":{\"@type\":\"PropertyValueSpecification\",\"valueRequired\":true,\"valueName\":\"search_term_string\"}}],\"inLanguage\":\"es\"},{\"@type\":\"Organization\",\"@id\":\"https:\\\/\\\/www.eldiario.net\\\/portal\\\/#organization\",\"name\":\"El Diario - Decano de la prensa nacional\",\"url\":\"https:\\\/\\\/www.eldiario.net\\\/portal\\\/\",\"logo\":{\"@type\":\"ImageObject\",\"inLanguage\":\"es\",\"@id\":\"https:\\\/\\\/www.eldiario.net\\\/portal\\\/#\\\/schema\\\/logo\\\/image\\\/\",\"url\":\"https:\\\/\\\/www.eldiario.net\\\/portal\\\/wp-content\\\/uploads\\\/2023\\\/07\\\/logo_ED.jpg\",\"contentUrl\":\"https:\\\/\\\/www.eldiario.net\\\/portal\\\/wp-content\\\/uploads\\\/2023\\\/07\\\/logo_ED.jpg\",\"width\":272,\"height\":52,\"caption\":\"El Diario - Decano de la prensa nacional\"},\"image\":{\"@id\":\"https:\\\/\\\/www.eldiario.net\\\/portal\\\/#\\\/schema\\\/logo\\\/image\\\/\"},\"sameAs\":[\"https:\\\/\\\/www.facebook.com\\\/eldiario.bolivia\\\/\",\"https:\\\/\\\/x.com\\\/eldiario_net\"]},{\"@type\":\"Person\",\"@id\":\"https:\\\/\\\/www.eldiario.net\\\/portal\\\/#\\\/schema\\\/person\\\/f46445640444750d7d753ccd04ae01b7\",\"name\":\"Jeanette\",\"image\":{\"@type\":\"ImageObject\",\"inLanguage\":\"es\",\"@id\":\"https:\\\/\\\/secure.gravatar.com\\\/avatar\\\/3ea2118a5f7dad2b7138b1187a6b7ee55f160b9968b66013c3a3ef39dd7e5798?s=96&d=mm&r=g\",\"url\":\"https:\\\/\\\/secure.gravatar.com\\\/avatar\\\/3ea2118a5f7dad2b7138b1187a6b7ee55f160b9968b66013c3a3ef39dd7e5798?s=96&d=mm&r=g\",\"contentUrl\":\"https:\\\/\\\/secure.gravatar.com\\\/avatar\\\/3ea2118a5f7dad2b7138b1187a6b7ee55f160b9968b66013c3a3ef39dd7e5798?s=96&d=mm&r=g\",\"caption\":\"Jeanette\"},\"sameAs\":[\"https:\\\/\\\/www.eldiario.net\\\/portal\"],\"url\":\"https:\\\/\\\/www.eldiario.net\\\/portal\\\/author\\\/jeanette\\\/\"}]}<\/script>\n<!-- \/ Yoast SEO plugin. -->","yoast_head_json":{"title":"Por jurisprudencia, A\u00f1ez debe ser juzgada en caso de corte - El Diario - Bolivia","robots":{"index":"index","follow":"follow","max-snippet":"max-snippet:-1","max-image-preview":"max-image-preview:large","max-video-preview":"max-video-preview:-1"},"canonical":"https:\/\/www.eldiario.net\/portal\/2022\/03\/26\/por-jurisprudencia-anez-debe-ser-juzgada-en-caso-de-corte\/","og_locale":"es_ES","og_type":"article","og_title":"Por jurisprudencia, A\u00f1ez debe ser juzgada en caso de corte - El Diario - Bolivia","og_description":"El Tribunal Constitucional Plurinacional (TCP) determin\u00f3 mediante un auto constitucional que una Sala Penal de La Paz sea la instancia que decida si procesa a Jeanine A\u00f1ez en la v\u00eda ordinaria o remita el caso a la Asamblea Legislativa, por un presunto nombramiento ilegal en la Empresa Boliviana de Alimentos (EBA). El abogado constitucionalista, Gonzalo [&hellip;]","og_url":"https:\/\/www.eldiario.net\/portal\/2022\/03\/26\/por-jurisprudencia-anez-debe-ser-juzgada-en-caso-de-corte\/","og_site_name":"El Diario - Bolivia","article_publisher":"https:\/\/www.facebook.com\/eldiario.bolivia\/","article_published_time":"2022-03-26T09:52:25+00:00","author":"Jeanette","twitter_card":"summary_large_image","twitter_creator":"@eldiario_net","twitter_site":"@eldiario_net","twitter_misc":{"Escrito por":"Jeanette","Tiempo de lectura":"4 minutos"},"schema":{"@context":"https:\/\/schema.org","@graph":[{"@type":"Article","@id":"https:\/\/www.eldiario.net\/portal\/2022\/03\/26\/por-jurisprudencia-anez-debe-ser-juzgada-en-caso-de-corte\/#article","isPartOf":{"@id":"https:\/\/www.eldiario.net\/portal\/2022\/03\/26\/por-jurisprudencia-anez-debe-ser-juzgada-en-caso-de-corte\/"},"author":{"name":"Jeanette","@id":"https:\/\/www.eldiario.net\/portal\/#\/schema\/person\/f46445640444750d7d753ccd04ae01b7"},"headline":"Por jurisprudencia, A\u00f1ez debe ser juzgada en caso de corte","datePublished":"2022-03-26T09:52:25+00:00","mainEntityOfPage":{"@id":"https:\/\/www.eldiario.net\/portal\/2022\/03\/26\/por-jurisprudencia-anez-debe-ser-juzgada-en-caso-de-corte\/"},"wordCount":856,"publisher":{"@id":"https:\/\/www.eldiario.net\/portal\/#organization"},"image":{"@id":"https:\/\/www.eldiario.net\/portal\/2022\/03\/26\/por-jurisprudencia-anez-debe-ser-juzgada-en-caso-de-corte\/#primaryimage"},"thumbnailUrl":"","articleSection":["Sociedad - Seguridad"],"inLanguage":"es"},{"@type":"WebPage","@id":"https:\/\/www.eldiario.net\/portal\/2022\/03\/26\/por-jurisprudencia-anez-debe-ser-juzgada-en-caso-de-corte\/","url":"https:\/\/www.eldiario.net\/portal\/2022\/03\/26\/por-jurisprudencia-anez-debe-ser-juzgada-en-caso-de-corte\/","name":"Por jurisprudencia, A\u00f1ez debe ser juzgada en caso de corte - El Diario - Bolivia","isPartOf":{"@id":"https:\/\/www.eldiario.net\/portal\/#website"},"primaryImageOfPage":{"@id":"https:\/\/www.eldiario.net\/portal\/2022\/03\/26\/por-jurisprudencia-anez-debe-ser-juzgada-en-caso-de-corte\/#primaryimage"},"image":{"@id":"https:\/\/www.eldiario.net\/portal\/2022\/03\/26\/por-jurisprudencia-anez-debe-ser-juzgada-en-caso-de-corte\/#primaryimage"},"thumbnailUrl":"","datePublished":"2022-03-26T09:52:25+00:00","breadcrumb":{"@id":"https:\/\/www.eldiario.net\/portal\/2022\/03\/26\/por-jurisprudencia-anez-debe-ser-juzgada-en-caso-de-corte\/#breadcrumb"},"inLanguage":"es","potentialAction":[{"@type":"ReadAction","target":["https:\/\/www.eldiario.net\/portal\/2022\/03\/26\/por-jurisprudencia-anez-debe-ser-juzgada-en-caso-de-corte\/"]}]},{"@type":"ImageObject","inLanguage":"es","@id":"https:\/\/www.eldiario.net\/portal\/2022\/03\/26\/por-jurisprudencia-anez-debe-ser-juzgada-en-caso-de-corte\/#primaryimage","url":"","contentUrl":""},{"@type":"BreadcrumbList","@id":"https:\/\/www.eldiario.net\/portal\/2022\/03\/26\/por-jurisprudencia-anez-debe-ser-juzgada-en-caso-de-corte\/#breadcrumb","itemListElement":[{"@type":"ListItem","position":1,"name":"Portada","item":"https:\/\/www.eldiario.net\/portal\/"},{"@type":"ListItem","position":2,"name":"Por jurisprudencia, A\u00f1ez debe ser juzgada en caso de corte"}]},{"@type":"WebSite","@id":"https:\/\/www.eldiario.net\/portal\/#website","url":"https:\/\/www.eldiario.net\/portal\/","name":"El Diario - Decano de la prensa nacional","description":"El Diario - Decano de la prensa nacional","publisher":{"@id":"https:\/\/www.eldiario.net\/portal\/#organization"},"potentialAction":[{"@type":"SearchAction","target":{"@type":"EntryPoint","urlTemplate":"https:\/\/www.eldiario.net\/portal\/?s={search_term_string}"},"query-input":{"@type":"PropertyValueSpecification","valueRequired":true,"valueName":"search_term_string"}}],"inLanguage":"es"},{"@type":"Organization","@id":"https:\/\/www.eldiario.net\/portal\/#organization","name":"El Diario - Decano de la prensa nacional","url":"https:\/\/www.eldiario.net\/portal\/","logo":{"@type":"ImageObject","inLanguage":"es","@id":"https:\/\/www.eldiario.net\/portal\/#\/schema\/logo\/image\/","url":"https:\/\/www.eldiario.net\/portal\/wp-content\/uploads\/2023\/07\/logo_ED.jpg","contentUrl":"https:\/\/www.eldiario.net\/portal\/wp-content\/uploads\/2023\/07\/logo_ED.jpg","width":272,"height":52,"caption":"El Diario - Decano de la prensa nacional"},"image":{"@id":"https:\/\/www.eldiario.net\/portal\/#\/schema\/logo\/image\/"},"sameAs":["https:\/\/www.facebook.com\/eldiario.bolivia\/","https:\/\/x.com\/eldiario_net"]},{"@type":"Person","@id":"https:\/\/www.eldiario.net\/portal\/#\/schema\/person\/f46445640444750d7d753ccd04ae01b7","name":"Jeanette","image":{"@type":"ImageObject","inLanguage":"es","@id":"https:\/\/secure.gravatar.com\/avatar\/3ea2118a5f7dad2b7138b1187a6b7ee55f160b9968b66013c3a3ef39dd7e5798?s=96&d=mm&r=g","url":"https:\/\/secure.gravatar.com\/avatar\/3ea2118a5f7dad2b7138b1187a6b7ee55f160b9968b66013c3a3ef39dd7e5798?s=96&d=mm&r=g","contentUrl":"https:\/\/secure.gravatar.com\/avatar\/3ea2118a5f7dad2b7138b1187a6b7ee55f160b9968b66013c3a3ef39dd7e5798?s=96&d=mm&r=g","caption":"Jeanette"},"sameAs":["https:\/\/www.eldiario.net\/portal"],"url":"https:\/\/www.eldiario.net\/portal\/author\/jeanette\/"}]}},"_links":{"self":[{"href":"https:\/\/www.eldiario.net\/portal\/wp-json\/wp\/v2\/posts\/72214","targetHints":{"allow":["GET"]}}],"collection":[{"href":"https:\/\/www.eldiario.net\/portal\/wp-json\/wp\/v2\/posts"}],"about":[{"href":"https:\/\/www.eldiario.net\/portal\/wp-json\/wp\/v2\/types\/post"}],"author":[{"embeddable":true,"href":"https:\/\/www.eldiario.net\/portal\/wp-json\/wp\/v2\/users\/1"}],"replies":[{"embeddable":true,"href":"https:\/\/www.eldiario.net\/portal\/wp-json\/wp\/v2\/comments?post=72214"}],"version-history":[{"count":0,"href":"https:\/\/www.eldiario.net\/portal\/wp-json\/wp\/v2\/posts\/72214\/revisions"}],"wp:attachment":[{"href":"https:\/\/www.eldiario.net\/portal\/wp-json\/wp\/v2\/media?parent=72214"}],"wp:term":[{"taxonomy":"category","embeddable":true,"href":"https:\/\/www.eldiario.net\/portal\/wp-json\/wp\/v2\/categories?post=72214"},{"taxonomy":"post_tag","embeddable":true,"href":"https:\/\/www.eldiario.net\/portal\/wp-json\/wp\/v2\/tags?post=72214"}],"curies":[{"name":"wp","href":"https:\/\/api.w.org\/{rel}","templated":true}]}}